{"id":323479,"date":"2024-02-29T13:15:47","date_gmt":"2024-02-29T16:15:47","guid":{"rendered":"https:\/\/www.notibras.com\/site\/?p=323479"},"modified":"2024-02-29T16:17:31","modified_gmt":"2024-02-29T19:17:31","slug":"cerrado-perde-em-um-mes-area-do-tamanho-de-maceio","status":"publish","type":"post","link":"https:\/\/www.notibras.com\/site\/cerrado-perde-em-um-mes-area-do-tamanho-de-maceio\/","title":{"rendered":"Cerrado perde em um m\u00eas \u00e1rea do tamanho de Macei\u00f3"},"content":{"rendered":"<p>O Cerrado brasileiro perdeu no primeiro m\u00eas do ano uma \u00e1rea equivalente \u00e0 do munic\u00edpio de Macei\u00f3, capital de Alagoas. Foram desmatados cerca de 51 mil hectares de vegeta\u00e7\u00e3o nativa no per\u00edodo, uma m\u00e9dia de 1,6 mil campos de futebol derrubados por dia no bioma.<\/p>\n<p>A \u00e1rea pode ser ainda maior uma vez que, nessa \u00e9poca do ano, \u00e9 grande a quantidade de nuvens, o que reduz a capacidade de os sat\u00e9lites detectarem a supress\u00e3o da vegeta\u00e7\u00e3o. Os dados divulgados nesta quinta-feira (29) s\u00e3o do Sistema de Alerta de Desmatamento do Cerrado (SAD), desenvolvido pelo Instituto de Pesquisa Ambiental da Amaz\u00f4nia (Ipam).<\/p>\n<p>Quando comparado com janeiro de 2023, houve um crescimento de 10% no desmatamento. Por\u00e9m, em rela\u00e7\u00e3o ao m\u00eas anterior, dezembro de 2023, houve uma queda do desmatamento de 48%. Al\u00e9m disso, janeiro deste ano foi o m\u00eas com o menor desmatamento dos \u00faltimos 11 meses.<\/p>\n<p>O ge\u00f3grafo e diretor do Instituto Cerrados, Yuri Salmona, defende que o mais adequado, para se analisar a tend\u00eancia do desmatamento, \u00e9 sempre comparar um m\u00eas com o mesmo m\u00eas dos anos anteriores (janeiro com janeiro), e n\u00e3o os meses consecutivos (janeiro com dezembro).<\/p>\n<p>\u201cVoc\u00ea vai ver que o desmatamento continua crescendo, 50 [mil hectares] contra 46 [mil hectares]. Ent\u00e3o, eu n\u00e3o vejo redu\u00e7\u00e3o do desmatamento. A gente tem que lembrar que o desmatamento do ano passado foi recorde, ou seja, \u00e9 uma crescente muito forte e que o desmatamento dos \u00faltimos cinco anos \u00e9 uma crescente\u201d, destacou.<\/p>\n<p>O especialista concluiu que o dado \u00e9 muito preocupante e indica que as secretarias de Meio Ambiente dos estados continuam dando autoriza\u00e7\u00e3o de desmatamento com baixos crit\u00e9rios de monitoramento e transpar\u00eancia.<\/p>\n<p>\u201cAs a\u00e7\u00f5es de combate ao desmatamento, as autoriza\u00e7\u00f5es de supress\u00e3o de vegeta\u00e7\u00e3o, todas as pol\u00edticas p\u00fablicas em torno disso ainda est\u00e3o se recompondo e ainda n\u00e3o est\u00e3o na escala necess\u00e1ria para poder fazer acontecer [a redu\u00e7\u00e3o do desmatamento]\u201d, completou o ge\u00f3grafo.<\/p>\n<p>A coordenadora do SAD Cerrado do Ipam, Fernanda Ribeiro, destacou que, mesmo se for levada em considera\u00e7\u00e3o a redu\u00e7\u00e3o do desmatamento de dezembro de 2023 para janeiro de 2024, n\u00e3o \u00e9 poss\u00edvel concluir que haja uma tend\u00eancia consistente de queda da derrubada do Cerrado.<\/p>\n<p>\u201cApesar de que a gente, analisando os \u00faltimos 11 meses, v\u00ea essa tend\u00eancia de diminui\u00e7\u00e3o de fato, para este ano de 2024 ainda \u00e9 muito cedo, justamente porque a gente est\u00e1 nesse per\u00edodo de esta\u00e7\u00e3o chuvosa, que n\u00e3o tem como a gente afirmar se, de fato, \u00e9 uma tend\u00eancia permanente ou \u00e9 uma oscila\u00e7\u00e3o clim\u00e1tica\u201d, ponderou.<\/p>\n<p>A pesquisadora Fernanda Ribeiro chamou aten\u00e7\u00e3o para necessidade de repetir no Cerrado as pol\u00edticas que reduziram o desmatamento na Amaz\u00f4nia no ano passado.<\/p>\n<p>\u201c\u00c9 necess\u00e1rio que os esfor\u00e7os do governo para combate e controle do desmatamento estejam agora voltados para o Cerrado, assim como foram voltados para a Amaz\u00f4nia no ano passado\u201d, comentou Fernanda.<\/p>\n<p>Enquanto a regi\u00e3o amaz\u00f4nica registrou uma redu\u00e7\u00e3o do desmatamento de cerca de 62% entre janeiro e novembro de 2023, o Cerrado brasileiro teve uma alta de 3% em todo o ano passado.<\/p>\n<p>Especialistas ouvidos pela Ag\u00eancia Brasil t\u00eam alertado que o olhar e as pol\u00edticas voltadas para a Amaz\u00f4nia t\u00eam amea\u00e7ado a sobreviv\u00eancia do Cerrado, bioma em que \u00e9 permitido o desmatamento de at\u00e9 80% da propriedade. Alguns ambientalistas t\u00eam usado o termo &#8220;bioma de sacrif\u00edcio&#8221;, por entenderem que o Cerrado n\u00e3o tem a mesma prote\u00e7\u00e3o que a Amaz\u00f4nia.<\/p>\n<p>Segundo estudos sobre o tema, o desmatamento do Cerrado coloca em risco a seguran\u00e7a h\u00eddrica do pa\u00eds. Considerado o ber\u00e7o das \u00e1guas do Brasil, o Cerrado \u00e9 a origem das nascentes de oito das 12 bacias hidrogr\u00e1ficas mais importantes do Brasil. \u00c9 tamb\u00e9m o segundo maior reservat\u00f3rio subterr\u00e2neo de \u00e1gua do mundo, formado pelos aqu\u00edferos Guarani e Urucuia.<\/p>\n<p><strong>Matopiba<\/strong><br \/>\nAs \u00e1reas de Cerrado mais desmatadas foram da regi\u00e3o do Matopiba, que concentrou 64% de todo o desmatamento de janeiro. Matopiba \u00e9 a \u00e1rea de grande expans\u00e3o do agroneg\u00f3cio, principalmente da soja, que engloba os estados do Maranh\u00e3o, de Tocantins, do Piau\u00ed e da Bahia \u2013 o termo surge da jun\u00e7\u00e3o da primeira s\u00edlaba desses estados.<\/p>\n<p>No topo do ranking do desmatamento em janeiro est\u00e3o os estados do Tocantins e Piau\u00ed, ambos em torno dos 10 mil hectares de vegeta\u00e7\u00e3o suprimida. No caso do Tocantins, o aumento foi de 40% em rela\u00e7\u00e3o a janeiro de 2023. Em seguida, est\u00e3o os estados da Bahia e do Maranh\u00e3o, ambos em torno dos 9 mil hectares de Cerrado desmatados.<\/p>\n<p>O estado baiano concentra, por sua vez, quatro dos dez munic\u00edpios que mais desmataram em janeiro deste ano. O munic\u00edpio de Cotegipe (BA), no oeste baiano, foi o l\u00edder do desmatamento em janeiro, com cerca de 2 mil hectares perdidos, aumento de 224% se comparado a dezembro do ano anterior. \u201cO munic\u00edpio n\u00e3o havia figurado entre os maiores desmatadores do Cerrado em 2023\u201d, destacou o Ipam.<\/p>\n<p>\u201cIsso \u00e9 um indicativo de que o desmatamento est\u00e1 [se] expandindo para outros munic\u00edpios da regi\u00e3o, onde ainda existem grandes fragmentos de vegeta\u00e7\u00e3o remanescente de Cerrado\u201d, destacou Fernanda Ribeiro.<\/p>\n<p>Assim como nos levantamentos anteriores, as terras privadas foram as que mais desmataram em janeiro, com 74% da \u00e1rea derrubada. As \u00e1reas protegidas somaram 9% do total do desmatamento do Cerrado em janeiro.<\/p>\n<p>\u201cAs principais \u00e1reas protegidas atingidas foram aquelas localizadas no Matopiba, como o Parque Nacional das Nascentes do Rio Parna\u00edba e a \u00c1rea de Prote\u00e7\u00e3o Ambiental Serra da Ibiapaba, localizada nos estados do Piau\u00ed e Cear\u00e1\u201d, informou o Ipam.<\/p>\n<p><strong>PP Cerrado<\/strong><br \/>\nEm novembro do ano passado, o governo federal lan\u00e7ou o Plano de A\u00e7\u00e3o para a Preven\u00e7\u00e3o e Controle do Desmatamento do Cerrado (PP Cerrado). O plano tem um conjunto de medidas intersetoriais para tentar conter a destrui\u00e7\u00e3o de parte da vegeta\u00e7\u00e3o do bioma. O objetivo \u00e9 unir os esfor\u00e7os de diversos \u00f3rg\u00e3os p\u00fablicos federais para que atuem sob a coordena\u00e7\u00e3o do Minist\u00e9rio do Meio Ambiente e Mudan\u00e7a do Clima a fim de alcan\u00e7ar o desmatamento zero at\u00e9 2030.<\/p>\n","protected":false},"excerpt":{"rendered":"<p>O Cerrado brasileiro perdeu no primeiro m\u00eas do ano uma \u00e1rea equivalente \u00e0 do munic\u00edpio de Macei\u00f3, capital de Alagoas. Foram desmatados cerca de 51 mil hectares de vegeta\u00e7\u00e3o nativa no per\u00edodo, uma m\u00e9dia de 1,6 mil campos de futebol derrubados por dia no bioma. A \u00e1rea pode ser ainda maior uma vez que, nessa [&hellip;]<\/p>\n","protected":false},"author":2,"featured_media":323480,"comment_status":"closed","ping_status":"closed","sticky":false,"template":"","format":"standard","meta":{"_acf_changed":false,"footnotes":""},"categories":[161],"tags":[95],"class_list":["post-323479","post","type-post","status-publish","format-standard","has-post-thumbnail","hentry","category-quadradinho-em-foco","tag-capa"],"acf":[],"yoast_head":"<!-- This site is optimized with the Yoast SEO plugin v27.5 - https:\/\/yoast.com\/product\/yoast-seo-wordpress\/ -->\n<title>Cerrado perde em um m\u00eas \u00e1rea do tamanho de Macei\u00f3 - Notibras<\/title>\n<meta name=\"robots\" content=\"index, follow, max-snippet:-1, max-image-preview:large, max-video-preview:-1\" \/>\n<link rel=\"canonical\" href=\"https:\/\/www.notibras.com\/site\/cerrado-perde-em-um-mes-area-do-tamanho-de-maceio\/\" \/>\n<meta property=\"og:locale\" content=\"pt_BR\" \/>\n<meta property=\"og:type\" content=\"article\" \/>\n<meta property=\"og:title\" content=\"Cerrado perde em um m\u00eas \u00e1rea do tamanho de Macei\u00f3 - Notibras\" \/>\n<meta property=\"og:description\" content=\"O Cerrado brasileiro perdeu no primeiro m\u00eas do ano uma \u00e1rea equivalente \u00e0 do munic\u00edpio de Macei\u00f3, capital de Alagoas. Foram desmatados cerca de 51 mil hectares de vegeta\u00e7\u00e3o nativa no per\u00edodo, uma m\u00e9dia de 1,6 mil campos de futebol derrubados por dia no bioma. A \u00e1rea pode ser ainda maior uma vez que, nessa [&hellip;]\" \/>\n<meta property=\"og:url\" content=\"https:\/\/www.notibras.com\/site\/cerrado-perde-em-um-mes-area-do-tamanho-de-maceio\/\" \/>\n<meta property=\"og:site_name\" content=\"Notibras\" \/>\n<meta property=\"article:publisher\" content=\"https:\/\/www.facebook.com\/notibras\/\" \/>\n<meta property=\"article:published_time\" content=\"2024-02-29T16:15:47+00:00\" \/>\n<meta property=\"article:modified_time\" content=\"2024-02-29T19:17:31+00:00\" \/>\n<meta property=\"og:image\" content=\"https:\/\/www.notibras.com\/site\/wp-content\/uploads\/2024\/02\/cerradonofim.webp\" \/>\n\t<meta property=\"og:image:width\" content=\"1170\" \/>\n\t<meta property=\"og:image:height\" content=\"700\" \/>\n\t<meta property=\"og:image:type\" content=\"image\/webp\" \/>\n<meta name=\"author\" content=\"Reda\u00e7\u00e3o\" \/>\n<meta name=\"twitter:card\" content=\"summary_large_image\" \/>\n<meta name=\"twitter:creator\" content=\"@Notibras\" \/>\n<meta name=\"twitter:site\" content=\"@Notibras\" \/>\n<meta name=\"twitter:label1\" content=\"Escrito por\" \/>\n\t<meta name=\"twitter:data1\" content=\"Reda\u00e7\u00e3o\" \/>\n\t<meta name=\"twitter:label2\" content=\"Est. tempo de leitura\" \/>\n\t<meta name=\"twitter:data2\" content=\"6 minutos\" \/>\n<script type=\"application\/ld+json\" class=\"yoast-schema-graph\">{\"@context\":\"https:\\\/\\\/schema.org\",\"@graph\":[{\"@type\":\"Article\",\"@id\":\"https:\\\/\\\/www.notibras.com\\\/site\\\/cerrado-perde-em-um-mes-area-do-tamanho-de-maceio\\\/#article\",\"isPartOf\":{\"@id\":\"https:\\\/\\\/www.notibras.com\\\/site\\\/cerrado-perde-em-um-mes-area-do-tamanho-de-maceio\\\/\"},\"author\":{\"name\":\"Reda\u00e7\u00e3o\",\"@id\":\"https:\\\/\\\/www.notibras.com\\\/site\\\/#\\\/schema\\\/person\\\/36ab0979449956132d3e5b517ea76ac8\"},\"headline\":\"Cerrado perde em um m\u00eas \u00e1rea do tamanho de Macei\u00f3\",\"datePublished\":\"2024-02-29T16:15:47+00:00\",\"dateModified\":\"2024-02-29T19:17:31+00:00\",\"mainEntityOfPage\":{\"@id\":\"https:\\\/\\\/www.notibras.com\\\/site\\\/cerrado-perde-em-um-mes-area-do-tamanho-de-maceio\\\/\"},\"wordCount\":1058,\"publisher\":{\"@id\":\"https:\\\/\\\/www.notibras.com\\\/site\\\/#organization\"},\"image\":{\"@id\":\"https:\\\/\\\/www.notibras.com\\\/site\\\/cerrado-perde-em-um-mes-area-do-tamanho-de-maceio\\\/#primaryimage\"},\"thumbnailUrl\":\"https:\\\/\\\/www.notibras.com\\\/site\\\/wp-content\\\/uploads\\\/2024\\\/02\\\/cerradonofim.webp\",\"keywords\":[\"capa\"],\"articleSection\":[\"Quadradinho em Foco\"],\"inLanguage\":\"pt-BR\"},{\"@type\":\"WebPage\",\"@id\":\"https:\\\/\\\/www.notibras.com\\\/site\\\/cerrado-perde-em-um-mes-area-do-tamanho-de-maceio\\\/\",\"url\":\"https:\\\/\\\/www.notibras.com\\\/site\\\/cerrado-perde-em-um-mes-area-do-tamanho-de-maceio\\\/\",\"name\":\"Cerrado perde em um m\u00eas \u00e1rea do tamanho de Macei\u00f3 - Notibras\",\"isPartOf\":{\"@id\":\"https:\\\/\\\/www.notibras.com\\\/site\\\/#website\"},\"primaryImageOfPage\":{\"@id\":\"https:\\\/\\\/www.notibras.com\\\/site\\\/cerrado-perde-em-um-mes-area-do-tamanho-de-maceio\\\/#primaryimage\"},\"image\":{\"@id\":\"https:\\\/\\\/www.notibras.com\\\/site\\\/cerrado-perde-em-um-mes-area-do-tamanho-de-maceio\\\/#primaryimage\"},\"thumbnailUrl\":\"https:\\\/\\\/www.notibras.com\\\/site\\\/wp-content\\\/uploads\\\/2024\\\/02\\\/cerradonofim.webp\",\"datePublished\":\"2024-02-29T16:15:47+00:00\",\"dateModified\":\"2024-02-29T19:17:31+00:00\",\"breadcrumb\":{\"@id\":\"https:\\\/\\\/www.notibras.com\\\/site\\\/cerrado-perde-em-um-mes-area-do-tamanho-de-maceio\\\/#breadcrumb\"},\"inLanguage\":\"pt-BR\",\"potentialAction\":[{\"@type\":\"ReadAction\",\"target\":[\"https:\\\/\\\/www.notibras.com\\\/site\\\/cerrado-perde-em-um-mes-area-do-tamanho-de-maceio\\\/\"]}]},{\"@type\":\"ImageObject\",\"inLanguage\":\"pt-BR\",\"@id\":\"https:\\\/\\\/www.notibras.com\\\/site\\\/cerrado-perde-em-um-mes-area-do-tamanho-de-maceio\\\/#primaryimage\",\"url\":\"https:\\\/\\\/www.notibras.com\\\/site\\\/wp-content\\\/uploads\\\/2024\\\/02\\\/cerradonofim.webp\",\"contentUrl\":\"https:\\\/\\\/www.notibras.com\\\/site\\\/wp-content\\\/uploads\\\/2024\\\/02\\\/cerradonofim.webp\",\"width\":1170,\"height\":700},{\"@type\":\"BreadcrumbList\",\"@id\":\"https:\\\/\\\/www.notibras.com\\\/site\\\/cerrado-perde-em-um-mes-area-do-tamanho-de-maceio\\\/#breadcrumb\",\"itemListElement\":[{\"@type\":\"ListItem\",\"position\":1,\"name\":\"In\u00edcio\",\"item\":\"https:\\\/\\\/www.notibras.com\\\/site\\\/\"},{\"@type\":\"ListItem\",\"position\":2,\"name\":\"Cerrado perde em um m\u00eas \u00e1rea do tamanho de Macei\u00f3\"}]},{\"@type\":\"WebSite\",\"@id\":\"https:\\\/\\\/www.notibras.com\\\/site\\\/#website\",\"url\":\"https:\\\/\\\/www.notibras.com\\\/site\\\/\",\"name\":\"Notibras\",\"description\":\"Not\u00edcias de Bras\u00edlia, do Brasil e do Mundo\",\"publisher\":{\"@id\":\"https:\\\/\\\/www.notibras.com\\\/site\\\/#organization\"},\"potentialAction\":[{\"@type\":\"SearchAction\",\"target\":{\"@type\":\"EntryPoint\",\"urlTemplate\":\"https:\\\/\\\/www.notibras.com\\\/site\\\/?s={search_term_string}\"},\"query-input\":{\"@type\":\"PropertyValueSpecification\",\"valueRequired\":true,\"valueName\":\"search_term_string\"}}],\"inLanguage\":\"pt-BR\"},{\"@type\":\"Organization\",\"@id\":\"https:\\\/\\\/www.notibras.com\\\/site\\\/#organization\",\"name\":\"Grupo Notibras de Comunica\u00e7\u00e3o\",\"url\":\"https:\\\/\\\/www.notibras.com\\\/site\\\/\",\"logo\":{\"@type\":\"ImageObject\",\"inLanguage\":\"pt-BR\",\"@id\":\"https:\\\/\\\/www.notibras.com\\\/site\\\/#\\\/schema\\\/logo\\\/image\\\/\",\"url\":\"https:\\\/\\\/www.notibras.com\\\/site\\\/wp-content\\\/uploads\\\/2023\\\/01\\\/notibras23.png\",\"contentUrl\":\"https:\\\/\\\/www.notibras.com\\\/site\\\/wp-content\\\/uploads\\\/2023\\\/01\\\/notibras23.png\",\"width\":350,\"height\":87,\"caption\":\"Grupo Notibras de Comunica\u00e7\u00e3o\"},\"image\":{\"@id\":\"https:\\\/\\\/www.notibras.com\\\/site\\\/#\\\/schema\\\/logo\\\/image\\\/\"},\"sameAs\":[\"https:\\\/\\\/www.facebook.com\\\/notibras\\\/\",\"https:\\\/\\\/x.com\\\/Notibras\",\"https:\\\/\\\/www.instagram.com\\\/notibras\\\/\"]},{\"@type\":\"Person\",\"@id\":\"https:\\\/\\\/www.notibras.com\\\/site\\\/#\\\/schema\\\/person\\\/36ab0979449956132d3e5b517ea76ac8\",\"name\":\"Reda\u00e7\u00e3o\",\"image\":{\"@type\":\"ImageObject\",\"inLanguage\":\"pt-BR\",\"@id\":\"https:\\\/\\\/secure.gravatar.com\\\/avatar\\\/e0a867bdedb85fd243eadf09663511f96fc81e0720a4a42581f334ad4303aa6b?s=96&d=mm&r=g\",\"url\":\"https:\\\/\\\/secure.gravatar.com\\\/avatar\\\/e0a867bdedb85fd243eadf09663511f96fc81e0720a4a42581f334ad4303aa6b?s=96&d=mm&r=g\",\"contentUrl\":\"https:\\\/\\\/secure.gravatar.com\\\/avatar\\\/e0a867bdedb85fd243eadf09663511f96fc81e0720a4a42581f334ad4303aa6b?s=96&d=mm&r=g\",\"caption\":\"Reda\u00e7\u00e3o\"}}]}<\/script>\n<!-- \/ Yoast SEO plugin. -->","yoast_head_json":{"title":"Cerrado perde em um m\u00eas \u00e1rea do tamanho de Macei\u00f3 - Notibras","robots":{"index":"index","follow":"follow","max-snippet":"max-snippet:-1","max-image-preview":"max-image-preview:large","max-video-preview":"max-video-preview:-1"},"canonical":"https:\/\/www.notibras.com\/site\/cerrado-perde-em-um-mes-area-do-tamanho-de-maceio\/","og_locale":"pt_BR","og_type":"article","og_title":"Cerrado perde em um m\u00eas \u00e1rea do tamanho de Macei\u00f3 - Notibras","og_description":"O Cerrado brasileiro perdeu no primeiro m\u00eas do ano uma \u00e1rea equivalente \u00e0 do munic\u00edpio de Macei\u00f3, capital de Alagoas. Foram desmatados cerca de 51 mil hectares de vegeta\u00e7\u00e3o nativa no per\u00edodo, uma m\u00e9dia de 1,6 mil campos de futebol derrubados por dia no bioma. A \u00e1rea pode ser ainda maior uma vez que, nessa [&hellip;]","og_url":"https:\/\/www.notibras.com\/site\/cerrado-perde-em-um-mes-area-do-tamanho-de-maceio\/","og_site_name":"Notibras","article_publisher":"https:\/\/www.facebook.com\/notibras\/","article_published_time":"2024-02-29T16:15:47+00:00","article_modified_time":"2024-02-29T19:17:31+00:00","og_image":[{"width":1170,"height":700,"url":"https:\/\/www.notibras.com\/site\/wp-content\/uploads\/2024\/02\/cerradonofim.webp","type":"image\/webp"}],"author":"Reda\u00e7\u00e3o","twitter_card":"summary_large_image","twitter_creator":"@Notibras","twitter_site":"@Notibras","twitter_misc":{"Escrito por":"Reda\u00e7\u00e3o","Est. tempo de leitura":"6 minutos"},"schema":{"@context":"https:\/\/schema.org","@graph":[{"@type":"Article","@id":"https:\/\/www.notibras.com\/site\/cerrado-perde-em-um-mes-area-do-tamanho-de-maceio\/#article","isPartOf":{"@id":"https:\/\/www.notibras.com\/site\/cerrado-perde-em-um-mes-area-do-tamanho-de-maceio\/"},"author":{"name":"Reda\u00e7\u00e3o","@id":"https:\/\/www.notibras.com\/site\/#\/schema\/person\/36ab0979449956132d3e5b517ea76ac8"},"headline":"Cerrado perde em um m\u00eas \u00e1rea do tamanho de Macei\u00f3","datePublished":"2024-02-29T16:15:47+00:00","dateModified":"2024-02-29T19:17:31+00:00","mainEntityOfPage":{"@id":"https:\/\/www.notibras.com\/site\/cerrado-perde-em-um-mes-area-do-tamanho-de-maceio\/"},"wordCount":1058,"publisher":{"@id":"https:\/\/www.notibras.com\/site\/#organization"},"image":{"@id":"https:\/\/www.notibras.com\/site\/cerrado-perde-em-um-mes-area-do-tamanho-de-maceio\/#primaryimage"},"thumbnailUrl":"https:\/\/www.notibras.com\/site\/wp-content\/uploads\/2024\/02\/cerradonofim.webp","keywords":["capa"],"articleSection":["Quadradinho em Foco"],"inLanguage":"pt-BR"},{"@type":"WebPage","@id":"https:\/\/www.notibras.com\/site\/cerrado-perde-em-um-mes-area-do-tamanho-de-maceio\/","url":"https:\/\/www.notibras.com\/site\/cerrado-perde-em-um-mes-area-do-tamanho-de-maceio\/","name":"Cerrado perde em um m\u00eas \u00e1rea do tamanho de Macei\u00f3 - Notibras","isPartOf":{"@id":"https:\/\/www.notibras.com\/site\/#website"},"primaryImageOfPage":{"@id":"https:\/\/www.notibras.com\/site\/cerrado-perde-em-um-mes-area-do-tamanho-de-maceio\/#primaryimage"},"image":{"@id":"https:\/\/www.notibras.com\/site\/cerrado-perde-em-um-mes-area-do-tamanho-de-maceio\/#primaryimage"},"thumbnailUrl":"https:\/\/www.notibras.com\/site\/wp-content\/uploads\/2024\/02\/cerradonofim.webp","datePublished":"2024-02-29T16:15:47+00:00","dateModified":"2024-02-29T19:17:31+00:00","breadcrumb":{"@id":"https:\/\/www.notibras.com\/site\/cerrado-perde-em-um-mes-area-do-tamanho-de-maceio\/#breadcrumb"},"inLanguage":"pt-BR","potentialAction":[{"@type":"ReadAction","target":["https:\/\/www.notibras.com\/site\/cerrado-perde-em-um-mes-area-do-tamanho-de-maceio\/"]}]},{"@type":"ImageObject","inLanguage":"pt-BR","@id":"https:\/\/www.notibras.com\/site\/cerrado-perde-em-um-mes-area-do-tamanho-de-maceio\/#primaryimage","url":"https:\/\/www.notibras.com\/site\/wp-content\/uploads\/2024\/02\/cerradonofim.webp","contentUrl":"https:\/\/www.notibras.com\/site\/wp-content\/uploads\/2024\/02\/cerradonofim.webp","width":1170,"height":700},{"@type":"BreadcrumbList","@id":"https:\/\/www.notibras.com\/site\/cerrado-perde-em-um-mes-area-do-tamanho-de-maceio\/#breadcrumb","itemListElement":[{"@type":"ListItem","position":1,"name":"In\u00edcio","item":"https:\/\/www.notibras.com\/site\/"},{"@type":"ListItem","position":2,"name":"Cerrado perde em um m\u00eas \u00e1rea do tamanho de Macei\u00f3"}]},{"@type":"WebSite","@id":"https:\/\/www.notibras.com\/site\/#website","url":"https:\/\/www.notibras.com\/site\/","name":"Notibras","description":"Not\u00edcias de Bras\u00edlia, do Brasil e do Mundo","publisher":{"@id":"https:\/\/www.notibras.com\/site\/#organization"},"potentialAction":[{"@type":"SearchAction","target":{"@type":"EntryPoint","urlTemplate":"https:\/\/www.notibras.com\/site\/?s={search_term_string}"},"query-input":{"@type":"PropertyValueSpecification","valueRequired":true,"valueName":"search_term_string"}}],"inLanguage":"pt-BR"},{"@type":"Organization","@id":"https:\/\/www.notibras.com\/site\/#organization","name":"Grupo Notibras de Comunica\u00e7\u00e3o","url":"https:\/\/www.notibras.com\/site\/","logo":{"@type":"ImageObject","inLanguage":"pt-BR","@id":"https:\/\/www.notibras.com\/site\/#\/schema\/logo\/image\/","url":"https:\/\/www.notibras.com\/site\/wp-content\/uploads\/2023\/01\/notibras23.png","contentUrl":"https:\/\/www.notibras.com\/site\/wp-content\/uploads\/2023\/01\/notibras23.png","width":350,"height":87,"caption":"Grupo Notibras de Comunica\u00e7\u00e3o"},"image":{"@id":"https:\/\/www.notibras.com\/site\/#\/schema\/logo\/image\/"},"sameAs":["https:\/\/www.facebook.com\/notibras\/","https:\/\/x.com\/Notibras","https:\/\/www.instagram.com\/notibras\/"]},{"@type":"Person","@id":"https:\/\/www.notibras.com\/site\/#\/schema\/person\/36ab0979449956132d3e5b517ea76ac8","name":"Reda\u00e7\u00e3o","image":{"@type":"ImageObject","inLanguage":"pt-BR","@id":"https:\/\/secure.gravatar.com\/avatar\/e0a867bdedb85fd243eadf09663511f96fc81e0720a4a42581f334ad4303aa6b?s=96&d=mm&r=g","url":"https:\/\/secure.gravatar.com\/avatar\/e0a867bdedb85fd243eadf09663511f96fc81e0720a4a42581f334ad4303aa6b?s=96&d=mm&r=g","contentUrl":"https:\/\/secure.gravatar.com\/avatar\/e0a867bdedb85fd243eadf09663511f96fc81e0720a4a42581f334ad4303aa6b?s=96&d=mm&r=g","caption":"Reda\u00e7\u00e3o"}}]}},"amp_enabled":true,"_links":{"self":[{"href":"https:\/\/www.notibras.com\/site\/wp-json\/wp\/v2\/posts\/323479","targetHints":{"allow":["GET"]}}],"collection":[{"href":"https:\/\/www.notibras.com\/site\/wp-json\/wp\/v2\/posts"}],"about":[{"href":"https:\/\/www.notibras.com\/site\/wp-json\/wp\/v2\/types\/post"}],"author":[{"embeddable":true,"href":"https:\/\/www.notibras.com\/site\/wp-json\/wp\/v2\/users\/2"}],"replies":[{"embeddable":true,"href":"https:\/\/www.notibras.com\/site\/wp-json\/wp\/v2\/comments?post=323479"}],"version-history":[{"count":1,"href":"https:\/\/www.notibras.com\/site\/wp-json\/wp\/v2\/posts\/323479\/revisions"}],"predecessor-version":[{"id":323481,"href":"https:\/\/www.notibras.com\/site\/wp-json\/wp\/v2\/posts\/323479\/revisions\/323481"}],"wp:featuredmedia":[{"embeddable":true,"href":"https:\/\/www.notibras.com\/site\/wp-json\/wp\/v2\/media\/323480"}],"wp:attachment":[{"href":"https:\/\/www.notibras.com\/site\/wp-json\/wp\/v2\/media?parent=323479"}],"wp:term":[{"taxonomy":"category","embeddable":true,"href":"https:\/\/www.notibras.com\/site\/wp-json\/wp\/v2\/categories?post=323479"},{"taxonomy":"post_tag","embeddable":true,"href":"https:\/\/www.notibras.com\/site\/wp-json\/wp\/v2\/tags?post=323479"}],"curies":[{"name":"wp","href":"https:\/\/api.w.org\/{rel}","templated":true}]}}