{"id":323530,"date":"2024-03-01T00:42:01","date_gmt":"2024-03-01T03:42:01","guid":{"rendered":"https:\/\/www.notibras.com\/site\/?p=323530"},"modified":"2024-03-01T10:43:47","modified_gmt":"2024-03-01T13:43:47","slug":"tribunal-corrige-falhas-e-libera-edital-de-restaurantes-comunitarios","status":"publish","type":"post","link":"https:\/\/www.notibras.com\/site\/tribunal-corrige-falhas-e-libera-edital-de-restaurantes-comunitarios\/","title":{"rendered":"Tribunal corrige falhas e libera edital de restaurantes comunit\u00e1rios"},"content":{"rendered":"<p>O Tribunal de Contas contribuiu para a economia de cerca de R$ 2 milh\u00f5es no valor estimado para a contrata\u00e7\u00e3o de empresa respons\u00e1vel pelo preparo, fornecimento e distribui\u00e7\u00e3o das refei\u00e7\u00f5es dos restaurantes comunit\u00e1rios de Samambaia\/Portelinha e do Varj\u00e3o. Depois que a Secretaria de Desenvolvimento Social fez as corre\u00e7\u00f5es no or\u00e7amento, o plen\u00e1rio da Corte autorizou a retomada da licita\u00e7\u00e3o.<\/p>\n<p>A abertura das propostas para gest\u00e3o dos novos restaurantes, que juntos devem oferecer cerca de 7,5 mil refei\u00e7\u00f5es por dia, estava agendada para o in\u00edcio de janeiro. No entanto, o Tribunal de Contas determinou a suspens\u00e3o provis\u00f3ria da licita\u00e7\u00e3o para que a Secretaria corrigisse falhas identificadas pela Corte.<\/p>\n<p>Entre as principais irregularidades estavam a falta detalhamento dos custos, dos pre\u00e7os e dos servi\u00e7os nas planilhas or\u00e7ament\u00e1rias; a aus\u00eancia de quantitativos de servi\u00e7os e insumos que comp\u00f5em os or\u00e7amentos; e, tamb\u00e9m, de um teto m\u00e1ximo de pre\u00e7os unit\u00e1rios aceit\u00e1veis. Outra falha apontada pelo TCDF foi a inexist\u00eancia de um plano de fiscaliza\u00e7\u00e3o para validar e compor as refer\u00eancias de pre\u00e7os dos or\u00e7amentos.<\/p>\n<p>Com as orienta\u00e7\u00f5es do Tribunal de Contas, a Sedes promoveu altera\u00e7\u00f5es no edital da licita\u00e7\u00e3o e incorporou um plano de fiscaliza\u00e7\u00e3o com a\u00e7\u00f5es peri\u00f3dicas. A pasta instituiu, ainda, um Instrumento de Medi\u00e7\u00e3o de Resultados para avaliar a qualidade dos servi\u00e7os prestados.<\/p>\n<p>Al\u00e9m disso, com os ajustes nos or\u00e7amentos, o custo estimado da contrata\u00e7\u00e3o caiu de R$ 35.371.800,00 para R$ 33.428.880,00, o que representa uma economia potencial de R$ 1.942.920,00 ao er\u00e1rio.<\/p>\n<p>Com a autoriza\u00e7\u00e3o do Tribunal de Contas, a Secretaria de Desenvolvimento Social pode retomar a licita\u00e7\u00e3o, devendo reabrir o prazo para envio de propostas pelas empresas interessadas, conforme exige a legisla\u00e7\u00e3o.<\/p>\n","protected":false},"excerpt":{"rendered":"<p>O Tribunal de Contas contribuiu para a economia de cerca de R$ 2 milh\u00f5es no valor estimado para a contrata\u00e7\u00e3o de empresa respons\u00e1vel pelo preparo, fornecimento e distribui\u00e7\u00e3o das refei\u00e7\u00f5es dos restaurantes comunit\u00e1rios de Samambaia\/Portelinha e do Varj\u00e3o. Depois que a Secretaria de Desenvolvimento Social fez as corre\u00e7\u00f5es no or\u00e7amento, o plen\u00e1rio da Corte autorizou [&hellip;]<\/p>\n","protected":false},"author":2,"featured_media":121764,"comment_status":"closed","ping_status":"closed","sticky":false,"template":"","format":"standard","meta":{"_acf_changed":false,"footnotes":""},"categories":[161],"tags":[],"class_list":["post-323530","post","type-post","status-publish","format-standard","has-post-thumbnail","hentry","category-quadradinho-em-foco"],"acf":[],"yoast_head":"<!-- This site is optimized with the Yoast SEO plugin v27.2 - https:\/\/yoast.com\/product\/yoast-seo-wordpress\/ -->\n<title>Tribunal corrige falhas e libera edital de restaurantes comunit\u00e1rios - Notibras<\/title>\n<meta name=\"robots\" content=\"index, follow, max-snippet:-1, max-image-preview:large, max-video-preview:-1\" \/>\n<link rel=\"canonical\" href=\"https:\/\/www.notibras.com\/site\/tribunal-corrige-falhas-e-libera-edital-de-restaurantes-comunitarios\/\" \/>\n<meta property=\"og:locale\" content=\"pt_BR\" \/>\n<meta property=\"og:type\" content=\"article\" \/>\n<meta property=\"og:title\" content=\"Tribunal corrige falhas e libera edital de restaurantes comunit\u00e1rios - Notibras\" \/>\n<meta property=\"og:description\" content=\"O Tribunal de Contas contribuiu para a economia de cerca de R$ 2 milh\u00f5es no valor estimado para a contrata\u00e7\u00e3o de empresa respons\u00e1vel pelo preparo, fornecimento e distribui\u00e7\u00e3o das refei\u00e7\u00f5es dos restaurantes comunit\u00e1rios de Samambaia\/Portelinha e do Varj\u00e3o. Depois que a Secretaria de Desenvolvimento Social fez as corre\u00e7\u00f5es no or\u00e7amento, o plen\u00e1rio da Corte autorizou [&hellip;]\" \/>\n<meta property=\"og:url\" content=\"https:\/\/www.notibras.com\/site\/tribunal-corrige-falhas-e-libera-edital-de-restaurantes-comunitarios\/\" \/>\n<meta property=\"og:site_name\" content=\"Notibras\" \/>\n<meta property=\"article:publisher\" content=\"https:\/\/www.facebook.com\/notibras\/\" \/>\n<meta property=\"article:published_time\" content=\"2024-03-01T03:42:01+00:00\" \/>\n<meta property=\"article:modified_time\" content=\"2024-03-01T13:43:47+00:00\" \/>\n<meta property=\"og:image\" content=\"https:\/\/www.notibras.com\/site\/wp-content\/uploads\/2016\/11\/restaurante-comunitario-itapoa-reabertura-toninho-tavares-640x427.jpg\" \/>\n\t<meta property=\"og:image:width\" content=\"640\" \/>\n\t<meta property=\"og:image:height\" content=\"427\" \/>\n\t<meta property=\"og:image:type\" content=\"image\/jpeg\" \/>\n<meta name=\"author\" content=\"Reda\u00e7\u00e3o\" \/>\n<meta name=\"twitter:card\" content=\"summary_large_image\" \/>\n<meta name=\"twitter:creator\" content=\"@Notibras\" \/>\n<meta name=\"twitter:site\" content=\"@Notibras\" \/>\n<meta name=\"twitter:label1\" content=\"Escrito por\" \/>\n\t<meta name=\"twitter:data1\" content=\"Reda\u00e7\u00e3o\" \/>\n\t<meta name=\"twitter:label2\" content=\"Est. tempo de leitura\" \/>\n\t<meta name=\"twitter:data2\" content=\"2 minutos\" \/>\n<script type=\"application\/ld+json\" class=\"yoast-schema-graph\">{\"@context\":\"https:\/\/schema.org\",\"@graph\":[{\"@type\":\"Article\",\"@id\":\"https:\/\/www.notibras.com\/site\/tribunal-corrige-falhas-e-libera-edital-de-restaurantes-comunitarios\/#article\",\"isPartOf\":{\"@id\":\"https:\/\/www.notibras.com\/site\/tribunal-corrige-falhas-e-libera-edital-de-restaurantes-comunitarios\/\"},\"author\":{\"name\":\"Reda\u00e7\u00e3o\",\"@id\":\"https:\/\/www.notibras.com\/site\/#\/schema\/person\/36ab0979449956132d3e5b517ea76ac8\"},\"headline\":\"Tribunal corrige falhas e libera edital de restaurantes comunit\u00e1rios\",\"datePublished\":\"2024-03-01T03:42:01+00:00\",\"dateModified\":\"2024-03-01T13:43:47+00:00\",\"mainEntityOfPage\":{\"@id\":\"https:\/\/www.notibras.com\/site\/tribunal-corrige-falhas-e-libera-edital-de-restaurantes-comunitarios\/\"},\"wordCount\":328,\"publisher\":{\"@id\":\"https:\/\/www.notibras.com\/site\/#organization\"},\"image\":{\"@id\":\"https:\/\/www.notibras.com\/site\/tribunal-corrige-falhas-e-libera-edital-de-restaurantes-comunitarios\/#primaryimage\"},\"thumbnailUrl\":\"https:\/\/www.notibras.com\/site\/wp-content\/uploads\/2016\/11\/restaurante-comunitario-itapoa-reabertura-toninho-tavares-640x427.jpg\",\"articleSection\":[\"Quadradinho em Foco\"],\"inLanguage\":\"pt-BR\"},{\"@type\":\"WebPage\",\"@id\":\"https:\/\/www.notibras.com\/site\/tribunal-corrige-falhas-e-libera-edital-de-restaurantes-comunitarios\/\",\"url\":\"https:\/\/www.notibras.com\/site\/tribunal-corrige-falhas-e-libera-edital-de-restaurantes-comunitarios\/\",\"name\":\"Tribunal corrige falhas e libera edital de restaurantes comunit\u00e1rios - Notibras\",\"isPartOf\":{\"@id\":\"https:\/\/www.notibras.com\/site\/#website\"},\"primaryImageOfPage\":{\"@id\":\"https:\/\/www.notibras.com\/site\/tribunal-corrige-falhas-e-libera-edital-de-restaurantes-comunitarios\/#primaryimage\"},\"image\":{\"@id\":\"https:\/\/www.notibras.com\/site\/tribunal-corrige-falhas-e-libera-edital-de-restaurantes-comunitarios\/#primaryimage\"},\"thumbnailUrl\":\"https:\/\/www.notibras.com\/site\/wp-content\/uploads\/2016\/11\/restaurante-comunitario-itapoa-reabertura-toninho-tavares-640x427.jpg\",\"datePublished\":\"2024-03-01T03:42:01+00:00\",\"dateModified\":\"2024-03-01T13:43:47+00:00\",\"breadcrumb\":{\"@id\":\"https:\/\/www.notibras.com\/site\/tribunal-corrige-falhas-e-libera-edital-de-restaurantes-comunitarios\/#breadcrumb\"},\"inLanguage\":\"pt-BR\",\"potentialAction\":[{\"@type\":\"ReadAction\",\"target\":[\"https:\/\/www.notibras.com\/site\/tribunal-corrige-falhas-e-libera-edital-de-restaurantes-comunitarios\/\"]}]},{\"@type\":\"ImageObject\",\"inLanguage\":\"pt-BR\",\"@id\":\"https:\/\/www.notibras.com\/site\/tribunal-corrige-falhas-e-libera-edital-de-restaurantes-comunitarios\/#primaryimage\",\"url\":\"https:\/\/www.notibras.com\/site\/wp-content\/uploads\/2016\/11\/restaurante-comunitario-itapoa-reabertura-toninho-tavares-640x427.jpg\",\"contentUrl\":\"https:\/\/www.notibras.com\/site\/wp-content\/uploads\/2016\/11\/restaurante-comunitario-itapoa-reabertura-toninho-tavares-640x427.jpg\",\"width\":640,\"height\":427},{\"@type\":\"BreadcrumbList\",\"@id\":\"https:\/\/www.notibras.com\/site\/tribunal-corrige-falhas-e-libera-edital-de-restaurantes-comunitarios\/#breadcrumb\",\"itemListElement\":[{\"@type\":\"ListItem\",\"position\":1,\"name\":\"In\u00edcio\",\"item\":\"https:\/\/www.notibras.com\/site\/\"},{\"@type\":\"ListItem\",\"position\":2,\"name\":\"Tribunal corrige falhas e libera edital de restaurantes comunit\u00e1rios\"}]},{\"@type\":\"WebSite\",\"@id\":\"https:\/\/www.notibras.com\/site\/#website\",\"url\":\"https:\/\/www.notibras.com\/site\/\",\"name\":\"Notibras\",\"description\":\"Not\u00edcias de Bras\u00edlia, do Brasil e do Mundo\",\"publisher\":{\"@id\":\"https:\/\/www.notibras.com\/site\/#organization\"},\"potentialAction\":[{\"@type\":\"SearchAction\",\"target\":{\"@type\":\"EntryPoint\",\"urlTemplate\":\"https:\/\/www.notibras.com\/site\/?s={search_term_string}\"},\"query-input\":{\"@type\":\"PropertyValueSpecification\",\"valueRequired\":true,\"valueName\":\"search_term_string\"}}],\"inLanguage\":\"pt-BR\"},{\"@type\":\"Organization\",\"@id\":\"https:\/\/www.notibras.com\/site\/#organization\",\"name\":\"Grupo Notibras de Comunica\u00e7\u00e3o\",\"url\":\"https:\/\/www.notibras.com\/site\/\",\"logo\":{\"@type\":\"ImageObject\",\"inLanguage\":\"pt-BR\",\"@id\":\"https:\/\/www.notibras.com\/site\/#\/schema\/logo\/image\/\",\"url\":\"https:\/\/www.notibras.com\/site\/wp-content\/uploads\/2023\/01\/notibras23.png\",\"contentUrl\":\"https:\/\/www.notibras.com\/site\/wp-content\/uploads\/2023\/01\/notibras23.png\",\"width\":350,\"height\":87,\"caption\":\"Grupo Notibras de Comunica\u00e7\u00e3o\"},\"image\":{\"@id\":\"https:\/\/www.notibras.com\/site\/#\/schema\/logo\/image\/\"},\"sameAs\":[\"https:\/\/www.facebook.com\/notibras\/\",\"https:\/\/x.com\/Notibras\",\"https:\/\/www.instagram.com\/notibras\/\"]},{\"@type\":\"Person\",\"@id\":\"https:\/\/www.notibras.com\/site\/#\/schema\/person\/36ab0979449956132d3e5b517ea76ac8\",\"name\":\"Reda\u00e7\u00e3o\",\"image\":{\"@type\":\"ImageObject\",\"inLanguage\":\"pt-BR\",\"@id\":\"https:\/\/secure.gravatar.com\/avatar\/e0a867bdedb85fd243eadf09663511f96fc81e0720a4a42581f334ad4303aa6b?s=96&d=mm&r=g\",\"url\":\"https:\/\/secure.gravatar.com\/avatar\/e0a867bdedb85fd243eadf09663511f96fc81e0720a4a42581f334ad4303aa6b?s=96&d=mm&r=g\",\"contentUrl\":\"https:\/\/secure.gravatar.com\/avatar\/e0a867bdedb85fd243eadf09663511f96fc81e0720a4a42581f334ad4303aa6b?s=96&d=mm&r=g\",\"caption\":\"Reda\u00e7\u00e3o\"}}]}<\/script>\n<!-- \/ Yoast SEO plugin. -->","yoast_head_json":{"title":"Tribunal corrige falhas e libera edital de restaurantes comunit\u00e1rios - Notibras","robots":{"index":"index","follow":"follow","max-snippet":"max-snippet:-1","max-image-preview":"max-image-preview:large","max-video-preview":"max-video-preview:-1"},"canonical":"https:\/\/www.notibras.com\/site\/tribunal-corrige-falhas-e-libera-edital-de-restaurantes-comunitarios\/","og_locale":"pt_BR","og_type":"article","og_title":"Tribunal corrige falhas e libera edital de restaurantes comunit\u00e1rios - Notibras","og_description":"O Tribunal de Contas contribuiu para a economia de cerca de R$ 2 milh\u00f5es no valor estimado para a contrata\u00e7\u00e3o de empresa respons\u00e1vel pelo preparo, fornecimento e distribui\u00e7\u00e3o das refei\u00e7\u00f5es dos restaurantes comunit\u00e1rios de Samambaia\/Portelinha e do Varj\u00e3o. Depois que a Secretaria de Desenvolvimento Social fez as corre\u00e7\u00f5es no or\u00e7amento, o plen\u00e1rio da Corte autorizou [&hellip;]","og_url":"https:\/\/www.notibras.com\/site\/tribunal-corrige-falhas-e-libera-edital-de-restaurantes-comunitarios\/","og_site_name":"Notibras","article_publisher":"https:\/\/www.facebook.com\/notibras\/","article_published_time":"2024-03-01T03:42:01+00:00","article_modified_time":"2024-03-01T13:43:47+00:00","og_image":[{"width":640,"height":427,"url":"https:\/\/www.notibras.com\/site\/wp-content\/uploads\/2016\/11\/restaurante-comunitario-itapoa-reabertura-toninho-tavares-640x427.jpg","type":"image\/jpeg"}],"author":"Reda\u00e7\u00e3o","twitter_card":"summary_large_image","twitter_creator":"@Notibras","twitter_site":"@Notibras","twitter_misc":{"Escrito por":"Reda\u00e7\u00e3o","Est. tempo de leitura":"2 minutos"},"schema":{"@context":"https:\/\/schema.org","@graph":[{"@type":"Article","@id":"https:\/\/www.notibras.com\/site\/tribunal-corrige-falhas-e-libera-edital-de-restaurantes-comunitarios\/#article","isPartOf":{"@id":"https:\/\/www.notibras.com\/site\/tribunal-corrige-falhas-e-libera-edital-de-restaurantes-comunitarios\/"},"author":{"name":"Reda\u00e7\u00e3o","@id":"https:\/\/www.notibras.com\/site\/#\/schema\/person\/36ab0979449956132d3e5b517ea76ac8"},"headline":"Tribunal corrige falhas e libera edital de restaurantes comunit\u00e1rios","datePublished":"2024-03-01T03:42:01+00:00","dateModified":"2024-03-01T13:43:47+00:00","mainEntityOfPage":{"@id":"https:\/\/www.notibras.com\/site\/tribunal-corrige-falhas-e-libera-edital-de-restaurantes-comunitarios\/"},"wordCount":328,"publisher":{"@id":"https:\/\/www.notibras.com\/site\/#organization"},"image":{"@id":"https:\/\/www.notibras.com\/site\/tribunal-corrige-falhas-e-libera-edital-de-restaurantes-comunitarios\/#primaryimage"},"thumbnailUrl":"https:\/\/www.notibras.com\/site\/wp-content\/uploads\/2016\/11\/restaurante-comunitario-itapoa-reabertura-toninho-tavares-640x427.jpg","articleSection":["Quadradinho em Foco"],"inLanguage":"pt-BR"},{"@type":"WebPage","@id":"https:\/\/www.notibras.com\/site\/tribunal-corrige-falhas-e-libera-edital-de-restaurantes-comunitarios\/","url":"https:\/\/www.notibras.com\/site\/tribunal-corrige-falhas-e-libera-edital-de-restaurantes-comunitarios\/","name":"Tribunal corrige falhas e libera edital de restaurantes comunit\u00e1rios - Notibras","isPartOf":{"@id":"https:\/\/www.notibras.com\/site\/#website"},"primaryImageOfPage":{"@id":"https:\/\/www.notibras.com\/site\/tribunal-corrige-falhas-e-libera-edital-de-restaurantes-comunitarios\/#primaryimage"},"image":{"@id":"https:\/\/www.notibras.com\/site\/tribunal-corrige-falhas-e-libera-edital-de-restaurantes-comunitarios\/#primaryimage"},"thumbnailUrl":"https:\/\/www.notibras.com\/site\/wp-content\/uploads\/2016\/11\/restaurante-comunitario-itapoa-reabertura-toninho-tavares-640x427.jpg","datePublished":"2024-03-01T03:42:01+00:00","dateModified":"2024-03-01T13:43:47+00:00","breadcrumb":{"@id":"https:\/\/www.notibras.com\/site\/tribunal-corrige-falhas-e-libera-edital-de-restaurantes-comunitarios\/#breadcrumb"},"inLanguage":"pt-BR","potentialAction":[{"@type":"ReadAction","target":["https:\/\/www.notibras.com\/site\/tribunal-corrige-falhas-e-libera-edital-de-restaurantes-comunitarios\/"]}]},{"@type":"ImageObject","inLanguage":"pt-BR","@id":"https:\/\/www.notibras.com\/site\/tribunal-corrige-falhas-e-libera-edital-de-restaurantes-comunitarios\/#primaryimage","url":"https:\/\/www.notibras.com\/site\/wp-content\/uploads\/2016\/11\/restaurante-comunitario-itapoa-reabertura-toninho-tavares-640x427.jpg","contentUrl":"https:\/\/www.notibras.com\/site\/wp-content\/uploads\/2016\/11\/restaurante-comunitario-itapoa-reabertura-toninho-tavares-640x427.jpg","width":640,"height":427},{"@type":"BreadcrumbList","@id":"https:\/\/www.notibras.com\/site\/tribunal-corrige-falhas-e-libera-edital-de-restaurantes-comunitarios\/#breadcrumb","itemListElement":[{"@type":"ListItem","position":1,"name":"In\u00edcio","item":"https:\/\/www.notibras.com\/site\/"},{"@type":"ListItem","position":2,"name":"Tribunal corrige falhas e libera edital de restaurantes comunit\u00e1rios"}]},{"@type":"WebSite","@id":"https:\/\/www.notibras.com\/site\/#website","url":"https:\/\/www.notibras.com\/site\/","name":"Notibras","description":"Not\u00edcias de Bras\u00edlia, do Brasil e do Mundo","publisher":{"@id":"https:\/\/www.notibras.com\/site\/#organization"},"potentialAction":[{"@type":"SearchAction","target":{"@type":"EntryPoint","urlTemplate":"https:\/\/www.notibras.com\/site\/?s={search_term_string}"},"query-input":{"@type":"PropertyValueSpecification","valueRequired":true,"valueName":"search_term_string"}}],"inLanguage":"pt-BR"},{"@type":"Organization","@id":"https:\/\/www.notibras.com\/site\/#organization","name":"Grupo Notibras de Comunica\u00e7\u00e3o","url":"https:\/\/www.notibras.com\/site\/","logo":{"@type":"ImageObject","inLanguage":"pt-BR","@id":"https:\/\/www.notibras.com\/site\/#\/schema\/logo\/image\/","url":"https:\/\/www.notibras.com\/site\/wp-content\/uploads\/2023\/01\/notibras23.png","contentUrl":"https:\/\/www.notibras.com\/site\/wp-content\/uploads\/2023\/01\/notibras23.png","width":350,"height":87,"caption":"Grupo Notibras de Comunica\u00e7\u00e3o"},"image":{"@id":"https:\/\/www.notibras.com\/site\/#\/schema\/logo\/image\/"},"sameAs":["https:\/\/www.facebook.com\/notibras\/","https:\/\/x.com\/Notibras","https:\/\/www.instagram.com\/notibras\/"]},{"@type":"Person","@id":"https:\/\/www.notibras.com\/site\/#\/schema\/person\/36ab0979449956132d3e5b517ea76ac8","name":"Reda\u00e7\u00e3o","image":{"@type":"ImageObject","inLanguage":"pt-BR","@id":"https:\/\/secure.gravatar.com\/avatar\/e0a867bdedb85fd243eadf09663511f96fc81e0720a4a42581f334ad4303aa6b?s=96&d=mm&r=g","url":"https:\/\/secure.gravatar.com\/avatar\/e0a867bdedb85fd243eadf09663511f96fc81e0720a4a42581f334ad4303aa6b?s=96&d=mm&r=g","contentUrl":"https:\/\/secure.gravatar.com\/avatar\/e0a867bdedb85fd243eadf09663511f96fc81e0720a4a42581f334ad4303aa6b?s=96&d=mm&r=g","caption":"Reda\u00e7\u00e3o"}}]}},"amp_enabled":true,"_links":{"self":[{"href":"https:\/\/www.notibras.com\/site\/wp-json\/wp\/v2\/posts\/323530","targetHints":{"allow":["GET"]}}],"collection":[{"href":"https:\/\/www.notibras.com\/site\/wp-json\/wp\/v2\/posts"}],"about":[{"href":"https:\/\/www.notibras.com\/site\/wp-json\/wp\/v2\/types\/post"}],"author":[{"embeddable":true,"href":"https:\/\/www.notibras.com\/site\/wp-json\/wp\/v2\/users\/2"}],"replies":[{"embeddable":true,"href":"https:\/\/www.notibras.com\/site\/wp-json\/wp\/v2\/comments?post=323530"}],"version-history":[{"count":1,"href":"https:\/\/www.notibras.com\/site\/wp-json\/wp\/v2\/posts\/323530\/revisions"}],"predecessor-version":[{"id":323531,"href":"https:\/\/www.notibras.com\/site\/wp-json\/wp\/v2\/posts\/323530\/revisions\/323531"}],"wp:featuredmedia":[{"embeddable":true,"href":"https:\/\/www.notibras.com\/site\/wp-json\/wp\/v2\/media\/121764"}],"wp:attachment":[{"href":"https:\/\/www.notibras.com\/site\/wp-json\/wp\/v2\/media?parent=323530"}],"wp:term":[{"taxonomy":"category","embeddable":true,"href":"https:\/\/www.notibras.com\/site\/wp-json\/wp\/v2\/categories?post=323530"},{"taxonomy":"post_tag","embeddable":true,"href":"https:\/\/www.notibras.com\/site\/wp-json\/wp\/v2\/tags?post=323530"}],"curies":[{"name":"wp","href":"https:\/\/api.w.org\/{rel}","templated":true}]}}