{"id":323612,"date":"2024-03-02T00:45:50","date_gmt":"2024-03-02T03:45:50","guid":{"rendered":"https:\/\/www.notibras.com\/site\/?p=323612"},"modified":"2024-03-02T07:48:32","modified_gmt":"2024-03-02T10:48:32","slug":"aguas-claras-arniqueira-e-sol-nascente-vacinam-neste-sabado","status":"publish","type":"post","link":"https:\/\/www.notibras.com\/site\/aguas-claras-arniqueira-e-sol-nascente-vacinam-neste-sabado\/","title":{"rendered":"\u00c1guas Claras, Arniqueira e Sol Nascente vacinam neste s\u00e1bado"},"content":{"rendered":"<p>A Sala de Vacina de \u00c1guas Claras, na administra\u00e7\u00e3o regional, o Parque Ecol\u00f3gico do Areal, em Arniqueira, e o espa\u00e7o vizinho ao Restaurante Comunit\u00e1rio do Sol Nascente ser\u00e3o locais de vacina\u00e7\u00e3o contra diversas doen\u00e7as neste s\u00e1bado (2). As a\u00e7\u00f5es da Secretaria de Sa\u00fade do Distrito Federal (SES-DF) abrangem desde beb\u00eas at\u00e9 idosos, conforme o calend\u00e1rio de vacina\u00e7\u00e3o.<\/p>\n<p>Tamb\u00e9m haver\u00e1 atendimento em 19 unidades b\u00e1sicas de sa\u00fade (UBSs) urbanas e rurais do Distrito Federal em Brazl\u00e2ndia, Sobradinho II, Planaltina, Parano\u00e1 (Quebrada dos Neres), Santa Maria, Gama, Riacho Fundo e Riacho Fundo II, Recanto das Emas, Samambaia, Estrutural, Guar\u00e1, Candangol\u00e2ndia e Plano Piloto. A lista completa com endere\u00e7os e hor\u00e1rios de atendimento est\u00e1 dispon\u00edvel no site da SES-DF.<\/p>\n<p>A orienta\u00e7\u00e3o \u00e9 levar documento e caderneta de imuniza\u00e7\u00e3o. A equipe de sa\u00fade vai analisar como est\u00e3o todos os esquemas vacinais e fazer a atualiza\u00e7\u00e3o conforme a necessidade. Em alguns casos, \u00e9 poss\u00edvel receber at\u00e9 mais de uma vacina no mesmo dia e garantir a prote\u00e7\u00e3o contra diversas doen\u00e7as de uma s\u00f3 vez.<\/p>\n<p>Na maioria dos locais de atendimento, crian\u00e7as de 10 e 11 anos podem receber os imunizantes contra a dengue.<\/p>\n","protected":false},"excerpt":{"rendered":"<p>A Sala de Vacina de \u00c1guas Claras, na administra\u00e7\u00e3o regional, o Parque Ecol\u00f3gico do Areal, em Arniqueira, e o espa\u00e7o vizinho ao Restaurante Comunit\u00e1rio do Sol Nascente ser\u00e3o locais de vacina\u00e7\u00e3o contra diversas doen\u00e7as neste s\u00e1bado (2). As a\u00e7\u00f5es da Secretaria de Sa\u00fade do Distrito Federal (SES-DF) abrangem desde beb\u00eas at\u00e9 idosos, conforme o calend\u00e1rio [&hellip;]<\/p>\n","protected":false},"author":2,"featured_media":323613,"comment_status":"closed","ping_status":"closed","sticky":false,"template":"","format":"standard","meta":{"_acf_changed":false,"footnotes":""},"categories":[161],"tags":[],"class_list":["post-323612","post","type-post","status-publish","format-standard","has-post-thumbnail","hentry","category-quadradinho-em-foco"],"acf":[],"yoast_head":"<!-- This site is optimized with the Yoast SEO plugin v27.2 - https:\/\/yoast.com\/product\/yoast-seo-wordpress\/ -->\n<title>\u00c1guas Claras, Arniqueira e Sol Nascente vacinam neste s\u00e1bado - Notibras<\/title>\n<meta name=\"robots\" content=\"index, follow, max-snippet:-1, max-image-preview:large, max-video-preview:-1\" \/>\n<link rel=\"canonical\" href=\"https:\/\/www.notibras.com\/site\/aguas-claras-arniqueira-e-sol-nascente-vacinam-neste-sabado\/\" \/>\n<meta property=\"og:locale\" content=\"pt_BR\" \/>\n<meta property=\"og:type\" content=\"article\" \/>\n<meta property=\"og:title\" content=\"\u00c1guas Claras, Arniqueira e Sol Nascente vacinam neste s\u00e1bado - Notibras\" \/>\n<meta property=\"og:description\" content=\"A Sala de Vacina de \u00c1guas Claras, na administra\u00e7\u00e3o regional, o Parque Ecol\u00f3gico do Areal, em Arniqueira, e o espa\u00e7o vizinho ao Restaurante Comunit\u00e1rio do Sol Nascente ser\u00e3o locais de vacina\u00e7\u00e3o contra diversas doen\u00e7as neste s\u00e1bado (2). As a\u00e7\u00f5es da Secretaria de Sa\u00fade do Distrito Federal (SES-DF) abrangem desde beb\u00eas at\u00e9 idosos, conforme o calend\u00e1rio [&hellip;]\" \/>\n<meta property=\"og:url\" content=\"https:\/\/www.notibras.com\/site\/aguas-claras-arniqueira-e-sol-nascente-vacinam-neste-sabado\/\" \/>\n<meta property=\"og:site_name\" content=\"Notibras\" \/>\n<meta property=\"article:publisher\" content=\"https:\/\/www.facebook.com\/notibras\/\" \/>\n<meta property=\"article:published_time\" content=\"2024-03-02T03:45:50+00:00\" \/>\n<meta property=\"article:modified_time\" content=\"2024-03-02T10:48:32+00:00\" \/>\n<meta property=\"og:image\" content=\"https:\/\/www.notibras.com\/site\/wp-content\/uploads\/2024\/03\/21.01.2023_Vacinacao_JK_Shopping_-_Edilson_Silva_-_Foto_Sandro_Araujo_Agencia-Saude-DF-9-1536x1024-1.jpg\" \/>\n\t<meta property=\"og:image:width\" content=\"1536\" \/>\n\t<meta property=\"og:image:height\" content=\"1024\" \/>\n\t<meta property=\"og:image:type\" content=\"image\/jpeg\" \/>\n<meta name=\"author\" content=\"Reda\u00e7\u00e3o\" \/>\n<meta name=\"twitter:card\" content=\"summary_large_image\" \/>\n<meta name=\"twitter:creator\" content=\"@Notibras\" \/>\n<meta name=\"twitter:site\" content=\"@Notibras\" \/>\n<meta name=\"twitter:label1\" content=\"Escrito por\" \/>\n\t<meta name=\"twitter:data1\" content=\"Reda\u00e7\u00e3o\" \/>\n\t<meta name=\"twitter:label2\" content=\"Est. tempo de leitura\" \/>\n\t<meta name=\"twitter:data2\" content=\"2 minutos\" \/>\n<script type=\"application\/ld+json\" class=\"yoast-schema-graph\">{\"@context\":\"https:\/\/schema.org\",\"@graph\":[{\"@type\":\"Article\",\"@id\":\"https:\/\/www.notibras.com\/site\/aguas-claras-arniqueira-e-sol-nascente-vacinam-neste-sabado\/#article\",\"isPartOf\":{\"@id\":\"https:\/\/www.notibras.com\/site\/aguas-claras-arniqueira-e-sol-nascente-vacinam-neste-sabado\/\"},\"author\":{\"name\":\"Reda\u00e7\u00e3o\",\"@id\":\"https:\/\/www.notibras.com\/site\/#\/schema\/person\/36ab0979449956132d3e5b517ea76ac8\"},\"headline\":\"\u00c1guas Claras, Arniqueira e Sol Nascente vacinam neste s\u00e1bado\",\"datePublished\":\"2024-03-02T03:45:50+00:00\",\"dateModified\":\"2024-03-02T10:48:32+00:00\",\"mainEntityOfPage\":{\"@id\":\"https:\/\/www.notibras.com\/site\/aguas-claras-arniqueira-e-sol-nascente-vacinam-neste-sabado\/\"},\"wordCount\":222,\"publisher\":{\"@id\":\"https:\/\/www.notibras.com\/site\/#organization\"},\"image\":{\"@id\":\"https:\/\/www.notibras.com\/site\/aguas-claras-arniqueira-e-sol-nascente-vacinam-neste-sabado\/#primaryimage\"},\"thumbnailUrl\":\"https:\/\/www.notibras.com\/site\/wp-content\/uploads\/2024\/03\/21.01.2023_Vacinacao_JK_Shopping_-_Edilson_Silva_-_Foto_Sandro_Araujo_Agencia-Saude-DF-9-1536x1024-1.jpg\",\"articleSection\":[\"Quadradinho em Foco\"],\"inLanguage\":\"pt-BR\"},{\"@type\":\"WebPage\",\"@id\":\"https:\/\/www.notibras.com\/site\/aguas-claras-arniqueira-e-sol-nascente-vacinam-neste-sabado\/\",\"url\":\"https:\/\/www.notibras.com\/site\/aguas-claras-arniqueira-e-sol-nascente-vacinam-neste-sabado\/\",\"name\":\"\u00c1guas Claras, Arniqueira e Sol Nascente vacinam neste s\u00e1bado - Notibras\",\"isPartOf\":{\"@id\":\"https:\/\/www.notibras.com\/site\/#website\"},\"primaryImageOfPage\":{\"@id\":\"https:\/\/www.notibras.com\/site\/aguas-claras-arniqueira-e-sol-nascente-vacinam-neste-sabado\/#primaryimage\"},\"image\":{\"@id\":\"https:\/\/www.notibras.com\/site\/aguas-claras-arniqueira-e-sol-nascente-vacinam-neste-sabado\/#primaryimage\"},\"thumbnailUrl\":\"https:\/\/www.notibras.com\/site\/wp-content\/uploads\/2024\/03\/21.01.2023_Vacinacao_JK_Shopping_-_Edilson_Silva_-_Foto_Sandro_Araujo_Agencia-Saude-DF-9-1536x1024-1.jpg\",\"datePublished\":\"2024-03-02T03:45:50+00:00\",\"dateModified\":\"2024-03-02T10:48:32+00:00\",\"breadcrumb\":{\"@id\":\"https:\/\/www.notibras.com\/site\/aguas-claras-arniqueira-e-sol-nascente-vacinam-neste-sabado\/#breadcrumb\"},\"inLanguage\":\"pt-BR\",\"potentialAction\":[{\"@type\":\"ReadAction\",\"target\":[\"https:\/\/www.notibras.com\/site\/aguas-claras-arniqueira-e-sol-nascente-vacinam-neste-sabado\/\"]}]},{\"@type\":\"ImageObject\",\"inLanguage\":\"pt-BR\",\"@id\":\"https:\/\/www.notibras.com\/site\/aguas-claras-arniqueira-e-sol-nascente-vacinam-neste-sabado\/#primaryimage\",\"url\":\"https:\/\/www.notibras.com\/site\/wp-content\/uploads\/2024\/03\/21.01.2023_Vacinacao_JK_Shopping_-_Edilson_Silva_-_Foto_Sandro_Araujo_Agencia-Saude-DF-9-1536x1024-1.jpg\",\"contentUrl\":\"https:\/\/www.notibras.com\/site\/wp-content\/uploads\/2024\/03\/21.01.2023_Vacinacao_JK_Shopping_-_Edilson_Silva_-_Foto_Sandro_Araujo_Agencia-Saude-DF-9-1536x1024-1.jpg\",\"width\":1536,\"height\":1024},{\"@type\":\"BreadcrumbList\",\"@id\":\"https:\/\/www.notibras.com\/site\/aguas-claras-arniqueira-e-sol-nascente-vacinam-neste-sabado\/#breadcrumb\",\"itemListElement\":[{\"@type\":\"ListItem\",\"position\":1,\"name\":\"In\u00edcio\",\"item\":\"https:\/\/www.notibras.com\/site\/\"},{\"@type\":\"ListItem\",\"position\":2,\"name\":\"\u00c1guas Claras, Arniqueira e Sol Nascente vacinam neste s\u00e1bado\"}]},{\"@type\":\"WebSite\",\"@id\":\"https:\/\/www.notibras.com\/site\/#website\",\"url\":\"https:\/\/www.notibras.com\/site\/\",\"name\":\"Notibras\",\"description\":\"Not\u00edcias de Bras\u00edlia, do Brasil e do Mundo\",\"publisher\":{\"@id\":\"https:\/\/www.notibras.com\/site\/#organization\"},\"potentialAction\":[{\"@type\":\"SearchAction\",\"target\":{\"@type\":\"EntryPoint\",\"urlTemplate\":\"https:\/\/www.notibras.com\/site\/?s={search_term_string}\"},\"query-input\":{\"@type\":\"PropertyValueSpecification\",\"valueRequired\":true,\"valueName\":\"search_term_string\"}}],\"inLanguage\":\"pt-BR\"},{\"@type\":\"Organization\",\"@id\":\"https:\/\/www.notibras.com\/site\/#organization\",\"name\":\"Grupo Notibras de Comunica\u00e7\u00e3o\",\"url\":\"https:\/\/www.notibras.com\/site\/\",\"logo\":{\"@type\":\"ImageObject\",\"inLanguage\":\"pt-BR\",\"@id\":\"https:\/\/www.notibras.com\/site\/#\/schema\/logo\/image\/\",\"url\":\"https:\/\/www.notibras.com\/site\/wp-content\/uploads\/2023\/01\/notibras23.png\",\"contentUrl\":\"https:\/\/www.notibras.com\/site\/wp-content\/uploads\/2023\/01\/notibras23.png\",\"width\":350,\"height\":87,\"caption\":\"Grupo Notibras de Comunica\u00e7\u00e3o\"},\"image\":{\"@id\":\"https:\/\/www.notibras.com\/site\/#\/schema\/logo\/image\/\"},\"sameAs\":[\"https:\/\/www.facebook.com\/notibras\/\",\"https:\/\/x.com\/Notibras\",\"https:\/\/www.instagram.com\/notibras\/\"]},{\"@type\":\"Person\",\"@id\":\"https:\/\/www.notibras.com\/site\/#\/schema\/person\/36ab0979449956132d3e5b517ea76ac8\",\"name\":\"Reda\u00e7\u00e3o\",\"image\":{\"@type\":\"ImageObject\",\"inLanguage\":\"pt-BR\",\"@id\":\"https:\/\/secure.gravatar.com\/avatar\/e0a867bdedb85fd243eadf09663511f96fc81e0720a4a42581f334ad4303aa6b?s=96&d=mm&r=g\",\"url\":\"https:\/\/secure.gravatar.com\/avatar\/e0a867bdedb85fd243eadf09663511f96fc81e0720a4a42581f334ad4303aa6b?s=96&d=mm&r=g\",\"contentUrl\":\"https:\/\/secure.gravatar.com\/avatar\/e0a867bdedb85fd243eadf09663511f96fc81e0720a4a42581f334ad4303aa6b?s=96&d=mm&r=g\",\"caption\":\"Reda\u00e7\u00e3o\"}}]}<\/script>\n<!-- \/ Yoast SEO plugin. -->","yoast_head_json":{"title":"\u00c1guas Claras, Arniqueira e Sol Nascente vacinam neste s\u00e1bado - Notibras","robots":{"index":"index","follow":"follow","max-snippet":"max-snippet:-1","max-image-preview":"max-image-preview:large","max-video-preview":"max-video-preview:-1"},"canonical":"https:\/\/www.notibras.com\/site\/aguas-claras-arniqueira-e-sol-nascente-vacinam-neste-sabado\/","og_locale":"pt_BR","og_type":"article","og_title":"\u00c1guas Claras, Arniqueira e Sol Nascente vacinam neste s\u00e1bado - Notibras","og_description":"A Sala de Vacina de \u00c1guas Claras, na administra\u00e7\u00e3o regional, o Parque Ecol\u00f3gico do Areal, em Arniqueira, e o espa\u00e7o vizinho ao Restaurante Comunit\u00e1rio do Sol Nascente ser\u00e3o locais de vacina\u00e7\u00e3o contra diversas doen\u00e7as neste s\u00e1bado (2). As a\u00e7\u00f5es da Secretaria de Sa\u00fade do Distrito Federal (SES-DF) abrangem desde beb\u00eas at\u00e9 idosos, conforme o calend\u00e1rio [&hellip;]","og_url":"https:\/\/www.notibras.com\/site\/aguas-claras-arniqueira-e-sol-nascente-vacinam-neste-sabado\/","og_site_name":"Notibras","article_publisher":"https:\/\/www.facebook.com\/notibras\/","article_published_time":"2024-03-02T03:45:50+00:00","article_modified_time":"2024-03-02T10:48:32+00:00","og_image":[{"width":1536,"height":1024,"url":"https:\/\/www.notibras.com\/site\/wp-content\/uploads\/2024\/03\/21.01.2023_Vacinacao_JK_Shopping_-_Edilson_Silva_-_Foto_Sandro_Araujo_Agencia-Saude-DF-9-1536x1024-1.jpg","type":"image\/jpeg"}],"author":"Reda\u00e7\u00e3o","twitter_card":"summary_large_image","twitter_creator":"@Notibras","twitter_site":"@Notibras","twitter_misc":{"Escrito por":"Reda\u00e7\u00e3o","Est. tempo de leitura":"2 minutos"},"schema":{"@context":"https:\/\/schema.org","@graph":[{"@type":"Article","@id":"https:\/\/www.notibras.com\/site\/aguas-claras-arniqueira-e-sol-nascente-vacinam-neste-sabado\/#article","isPartOf":{"@id":"https:\/\/www.notibras.com\/site\/aguas-claras-arniqueira-e-sol-nascente-vacinam-neste-sabado\/"},"author":{"name":"Reda\u00e7\u00e3o","@id":"https:\/\/www.notibras.com\/site\/#\/schema\/person\/36ab0979449956132d3e5b517ea76ac8"},"headline":"\u00c1guas Claras, Arniqueira e Sol Nascente vacinam neste s\u00e1bado","datePublished":"2024-03-02T03:45:50+00:00","dateModified":"2024-03-02T10:48:32+00:00","mainEntityOfPage":{"@id":"https:\/\/www.notibras.com\/site\/aguas-claras-arniqueira-e-sol-nascente-vacinam-neste-sabado\/"},"wordCount":222,"publisher":{"@id":"https:\/\/www.notibras.com\/site\/#organization"},"image":{"@id":"https:\/\/www.notibras.com\/site\/aguas-claras-arniqueira-e-sol-nascente-vacinam-neste-sabado\/#primaryimage"},"thumbnailUrl":"https:\/\/www.notibras.com\/site\/wp-content\/uploads\/2024\/03\/21.01.2023_Vacinacao_JK_Shopping_-_Edilson_Silva_-_Foto_Sandro_Araujo_Agencia-Saude-DF-9-1536x1024-1.jpg","articleSection":["Quadradinho em Foco"],"inLanguage":"pt-BR"},{"@type":"WebPage","@id":"https:\/\/www.notibras.com\/site\/aguas-claras-arniqueira-e-sol-nascente-vacinam-neste-sabado\/","url":"https:\/\/www.notibras.com\/site\/aguas-claras-arniqueira-e-sol-nascente-vacinam-neste-sabado\/","name":"\u00c1guas Claras, Arniqueira e Sol Nascente vacinam neste s\u00e1bado - Notibras","isPartOf":{"@id":"https:\/\/www.notibras.com\/site\/#website"},"primaryImageOfPage":{"@id":"https:\/\/www.notibras.com\/site\/aguas-claras-arniqueira-e-sol-nascente-vacinam-neste-sabado\/#primaryimage"},"image":{"@id":"https:\/\/www.notibras.com\/site\/aguas-claras-arniqueira-e-sol-nascente-vacinam-neste-sabado\/#primaryimage"},"thumbnailUrl":"https:\/\/www.notibras.com\/site\/wp-content\/uploads\/2024\/03\/21.01.2023_Vacinacao_JK_Shopping_-_Edilson_Silva_-_Foto_Sandro_Araujo_Agencia-Saude-DF-9-1536x1024-1.jpg","datePublished":"2024-03-02T03:45:50+00:00","dateModified":"2024-03-02T10:48:32+00:00","breadcrumb":{"@id":"https:\/\/www.notibras.com\/site\/aguas-claras-arniqueira-e-sol-nascente-vacinam-neste-sabado\/#breadcrumb"},"inLanguage":"pt-BR","potentialAction":[{"@type":"ReadAction","target":["https:\/\/www.notibras.com\/site\/aguas-claras-arniqueira-e-sol-nascente-vacinam-neste-sabado\/"]}]},{"@type":"ImageObject","inLanguage":"pt-BR","@id":"https:\/\/www.notibras.com\/site\/aguas-claras-arniqueira-e-sol-nascente-vacinam-neste-sabado\/#primaryimage","url":"https:\/\/www.notibras.com\/site\/wp-content\/uploads\/2024\/03\/21.01.2023_Vacinacao_JK_Shopping_-_Edilson_Silva_-_Foto_Sandro_Araujo_Agencia-Saude-DF-9-1536x1024-1.jpg","contentUrl":"https:\/\/www.notibras.com\/site\/wp-content\/uploads\/2024\/03\/21.01.2023_Vacinacao_JK_Shopping_-_Edilson_Silva_-_Foto_Sandro_Araujo_Agencia-Saude-DF-9-1536x1024-1.jpg","width":1536,"height":1024},{"@type":"BreadcrumbList","@id":"https:\/\/www.notibras.com\/site\/aguas-claras-arniqueira-e-sol-nascente-vacinam-neste-sabado\/#breadcrumb","itemListElement":[{"@type":"ListItem","position":1,"name":"In\u00edcio","item":"https:\/\/www.notibras.com\/site\/"},{"@type":"ListItem","position":2,"name":"\u00c1guas Claras, Arniqueira e Sol Nascente vacinam neste s\u00e1bado"}]},{"@type":"WebSite","@id":"https:\/\/www.notibras.com\/site\/#website","url":"https:\/\/www.notibras.com\/site\/","name":"Notibras","description":"Not\u00edcias de Bras\u00edlia, do Brasil e do Mundo","publisher":{"@id":"https:\/\/www.notibras.com\/site\/#organization"},"potentialAction":[{"@type":"SearchAction","target":{"@type":"EntryPoint","urlTemplate":"https:\/\/www.notibras.com\/site\/?s={search_term_string}"},"query-input":{"@type":"PropertyValueSpecification","valueRequired":true,"valueName":"search_term_string"}}],"inLanguage":"pt-BR"},{"@type":"Organization","@id":"https:\/\/www.notibras.com\/site\/#organization","name":"Grupo Notibras de Comunica\u00e7\u00e3o","url":"https:\/\/www.notibras.com\/site\/","logo":{"@type":"ImageObject","inLanguage":"pt-BR","@id":"https:\/\/www.notibras.com\/site\/#\/schema\/logo\/image\/","url":"https:\/\/www.notibras.com\/site\/wp-content\/uploads\/2023\/01\/notibras23.png","contentUrl":"https:\/\/www.notibras.com\/site\/wp-content\/uploads\/2023\/01\/notibras23.png","width":350,"height":87,"caption":"Grupo Notibras de Comunica\u00e7\u00e3o"},"image":{"@id":"https:\/\/www.notibras.com\/site\/#\/schema\/logo\/image\/"},"sameAs":["https:\/\/www.facebook.com\/notibras\/","https:\/\/x.com\/Notibras","https:\/\/www.instagram.com\/notibras\/"]},{"@type":"Person","@id":"https:\/\/www.notibras.com\/site\/#\/schema\/person\/36ab0979449956132d3e5b517ea76ac8","name":"Reda\u00e7\u00e3o","image":{"@type":"ImageObject","inLanguage":"pt-BR","@id":"https:\/\/secure.gravatar.com\/avatar\/e0a867bdedb85fd243eadf09663511f96fc81e0720a4a42581f334ad4303aa6b?s=96&d=mm&r=g","url":"https:\/\/secure.gravatar.com\/avatar\/e0a867bdedb85fd243eadf09663511f96fc81e0720a4a42581f334ad4303aa6b?s=96&d=mm&r=g","contentUrl":"https:\/\/secure.gravatar.com\/avatar\/e0a867bdedb85fd243eadf09663511f96fc81e0720a4a42581f334ad4303aa6b?s=96&d=mm&r=g","caption":"Reda\u00e7\u00e3o"}}]}},"amp_enabled":true,"_links":{"self":[{"href":"https:\/\/www.notibras.com\/site\/wp-json\/wp\/v2\/posts\/323612","targetHints":{"allow":["GET"]}}],"collection":[{"href":"https:\/\/www.notibras.com\/site\/wp-json\/wp\/v2\/posts"}],"about":[{"href":"https:\/\/www.notibras.com\/site\/wp-json\/wp\/v2\/types\/post"}],"author":[{"embeddable":true,"href":"https:\/\/www.notibras.com\/site\/wp-json\/wp\/v2\/users\/2"}],"replies":[{"embeddable":true,"href":"https:\/\/www.notibras.com\/site\/wp-json\/wp\/v2\/comments?post=323612"}],"version-history":[{"count":1,"href":"https:\/\/www.notibras.com\/site\/wp-json\/wp\/v2\/posts\/323612\/revisions"}],"predecessor-version":[{"id":323614,"href":"https:\/\/www.notibras.com\/site\/wp-json\/wp\/v2\/posts\/323612\/revisions\/323614"}],"wp:featuredmedia":[{"embeddable":true,"href":"https:\/\/www.notibras.com\/site\/wp-json\/wp\/v2\/media\/323613"}],"wp:attachment":[{"href":"https:\/\/www.notibras.com\/site\/wp-json\/wp\/v2\/media?parent=323612"}],"wp:term":[{"taxonomy":"category","embeddable":true,"href":"https:\/\/www.notibras.com\/site\/wp-json\/wp\/v2\/categories?post=323612"},{"taxonomy":"post_tag","embeddable":true,"href":"https:\/\/www.notibras.com\/site\/wp-json\/wp\/v2\/tags?post=323612"}],"curies":[{"name":"wp","href":"https:\/\/api.w.org\/{rel}","templated":true}]}}