{"id":323615,"date":"2024-03-02T00:53:52","date_gmt":"2024-03-02T03:53:52","guid":{"rendered":"https:\/\/www.notibras.com\/site\/?p=323615"},"modified":"2024-03-02T07:55:39","modified_gmt":"2024-03-02T10:55:39","slug":"buriti-libera-verba-do-cartao-prato-cheio-e-df-social","status":"publish","type":"post","link":"https:\/\/www.notibras.com\/site\/buriti-libera-verba-do-cartao-prato-cheio-e-df-social\/","title":{"rendered":"Buriti libera verba do Cart\u00e3o Prato Cheio e DF Social"},"content":{"rendered":"<p>A Secretaria de Desenvolvimento Social liberou R$ 32.698.545 para pagamento do Cart\u00e3o Prato Cheio e do DF Social. A maior parte do valor, R$ 22.697.000, foi investida na concess\u00e3o do cr\u00e9dito de R$ 250 do Prato Cheio. Al\u00e9m disso, neste m\u00eas o programa registrou a inclus\u00e3o de 14.616 novos benefici\u00e1rios no aux\u00edlio, que j\u00e1 atende um p\u00fablico de 90 mil pessoas.<\/p>\n<p>\u201cA import\u00e2ncia desses benef\u00edcios na garantia dos direitos da popula\u00e7\u00e3o assistida pela Pol\u00edtica de Assist\u00eancia Social \u00e9 indiscut\u00edvel, especialmente para as mulheres chefes de fam\u00edlia, que comp\u00f5em 80% do p\u00fablico benefici\u00e1rio dos programas sociais da Sedes\u201d, declara a secret\u00e1ria de Desenvolvimento Social, Ana Paula Marra.<\/p>\n<p>Neste m\u00eas, 66.430 fam\u00edlias ser\u00e3o atendidas pelo programa, com investimento de R$ 10.001.545. Al\u00e9m disso, foram emitidos 644 cart\u00f5es para os benefici\u00e1rios rec\u00e9m-contemplados.<\/p>\n<p>O DF Social concede benef\u00edcio mensal de R$ 150 para fam\u00edlias com renda per capita de at\u00e9 meio sal\u00e1rio m\u00ednimo e inscritas no Cadastro \u00danico. Neste caso, n\u00e3o \u00e9 preciso solicitar o aux\u00edlio. As fam\u00edlias que atendem aos crit\u00e9rios s\u00e3o inclu\u00eddas pela Sedes conforme disponibilidade de vagas.<\/p>\n<p>Os novos cart\u00f5es do benef\u00edcio ser\u00e3o disponibilizados para retirada a partir do dia 1\u00b0 de mar\u00e7o, seguindo um escalonamento com base na primeira letra do nome do benefici\u00e1rio, de acordo com o cronograma abaixo:<\/p>\n<p><strong>\u2192 A \u2013 B: 1\u00ba\/3\/2024<\/strong><br \/>\n<strong>\u2192 C \u2013 E: 4\/3\/2024<\/strong><br \/>\n<strong>\u2192 F \u2013 I: 5\/3\/2024<\/strong><br \/>\n<strong>\u2192 J \u2013 L: 6\/3\/2024<\/strong><br \/>\n<strong>\u2192 M \u2013 N: 7\/3\/2024<\/strong><br \/>\n<strong>\u2192 O \u2013 Z: 8\/3\/2024<\/strong><\/p>\n<p>Para verificar se est\u00e1 inclu\u00eddo nos novos benefici\u00e1rios do Cart\u00e3o Prato Cheio, \u00e9 preciso fazer a consulta no site GDF Social. No portal, o cidad\u00e3o pode obter informa\u00e7\u00f5es sobre a ag\u00eancia do Banco de Bras\u00edlia (BRB) em que vai retirar o cart\u00e3o. \u00c9 imprescind\u00edvel que a busca seja feita apenas pelo titular do aux\u00edlio, mediante a apresenta\u00e7\u00e3o de documento original com foto e CPF.<\/p>\n<p>O Prato Cheio \u00e9 pago em um ciclo de nove parcelas para auxiliar fam\u00edlias em situa\u00e7\u00e3o tempor\u00e1ria de inseguran\u00e7a alimentar e nutricional. Encerrado esse per\u00edodo, o titular precisa passar por nova avalia\u00e7\u00e3o socioassistencial no Centro de Refer\u00eancia de Assist\u00eancia Social (Cras) da sua regi\u00e3o, ou, na unidade em que estiver sendo acompanhado.<\/p>\n","protected":false},"excerpt":{"rendered":"<p>A Secretaria de Desenvolvimento Social liberou R$ 32.698.545 para pagamento do Cart\u00e3o Prato Cheio e do DF Social. A maior parte do valor, R$ 22.697.000, foi investida na concess\u00e3o do cr\u00e9dito de R$ 250 do Prato Cheio. Al\u00e9m disso, neste m\u00eas o programa registrou a inclus\u00e3o de 14.616 novos benefici\u00e1rios no aux\u00edlio, que j\u00e1 atende [&hellip;]<\/p>\n","protected":false},"author":2,"featured_media":323616,"comment_status":"closed","ping_status":"closed","sticky":false,"template":"","format":"standard","meta":{"_acf_changed":false,"footnotes":""},"categories":[161],"tags":[],"class_list":["post-323615","post","type-post","status-publish","format-standard","has-post-thumbnail","hentry","category-quadradinho-em-foco"],"acf":[],"yoast_head":"<!-- This site is optimized with the Yoast SEO plugin v27.2 - https:\/\/yoast.com\/product\/yoast-seo-wordpress\/ -->\n<title>Buriti libera verba do Cart\u00e3o Prato Cheio e DF Social - Notibras<\/title>\n<meta name=\"robots\" content=\"index, follow, max-snippet:-1, max-image-preview:large, max-video-preview:-1\" \/>\n<link rel=\"canonical\" href=\"https:\/\/www.notibras.com\/site\/buriti-libera-verba-do-cartao-prato-cheio-e-df-social\/\" \/>\n<meta property=\"og:locale\" content=\"pt_BR\" \/>\n<meta property=\"og:type\" content=\"article\" \/>\n<meta property=\"og:title\" content=\"Buriti libera verba do Cart\u00e3o Prato Cheio e DF Social - Notibras\" \/>\n<meta property=\"og:description\" content=\"A Secretaria de Desenvolvimento Social liberou R$ 32.698.545 para pagamento do Cart\u00e3o Prato Cheio e do DF Social. A maior parte do valor, R$ 22.697.000, foi investida na concess\u00e3o do cr\u00e9dito de R$ 250 do Prato Cheio. Al\u00e9m disso, neste m\u00eas o programa registrou a inclus\u00e3o de 14.616 novos benefici\u00e1rios no aux\u00edlio, que j\u00e1 atende [&hellip;]\" \/>\n<meta property=\"og:url\" content=\"https:\/\/www.notibras.com\/site\/buriti-libera-verba-do-cartao-prato-cheio-e-df-social\/\" \/>\n<meta property=\"og:site_name\" content=\"Notibras\" \/>\n<meta property=\"article:publisher\" content=\"https:\/\/www.facebook.com\/notibras\/\" \/>\n<meta property=\"article:published_time\" content=\"2024-03-02T03:53:52+00:00\" \/>\n<meta property=\"article:modified_time\" content=\"2024-03-02T10:55:39+00:00\" \/>\n<meta property=\"og:image\" content=\"https:\/\/www.notibras.com\/site\/wp-content\/uploads\/2024\/03\/cartao_prato_cheio_Fotos-DivulgacaoSedes.jpeg\" \/>\n\t<meta property=\"og:image:width\" content=\"1024\" \/>\n\t<meta property=\"og:image:height\" content=\"682\" \/>\n\t<meta property=\"og:image:type\" content=\"image\/jpeg\" \/>\n<meta name=\"author\" content=\"Reda\u00e7\u00e3o\" \/>\n<meta name=\"twitter:card\" content=\"summary_large_image\" \/>\n<meta name=\"twitter:creator\" content=\"@Notibras\" \/>\n<meta name=\"twitter:site\" content=\"@Notibras\" \/>\n<meta name=\"twitter:label1\" content=\"Escrito por\" \/>\n\t<meta name=\"twitter:data1\" content=\"Reda\u00e7\u00e3o\" \/>\n\t<meta name=\"twitter:label2\" content=\"Est. tempo de leitura\" \/>\n\t<meta name=\"twitter:data2\" content=\"2 minutos\" \/>\n<script type=\"application\/ld+json\" class=\"yoast-schema-graph\">{\"@context\":\"https:\/\/schema.org\",\"@graph\":[{\"@type\":\"Article\",\"@id\":\"https:\/\/www.notibras.com\/site\/buriti-libera-verba-do-cartao-prato-cheio-e-df-social\/#article\",\"isPartOf\":{\"@id\":\"https:\/\/www.notibras.com\/site\/buriti-libera-verba-do-cartao-prato-cheio-e-df-social\/\"},\"author\":{\"name\":\"Reda\u00e7\u00e3o\",\"@id\":\"https:\/\/www.notibras.com\/site\/#\/schema\/person\/36ab0979449956132d3e5b517ea76ac8\"},\"headline\":\"Buriti libera verba do Cart\u00e3o Prato Cheio e DF Social\",\"datePublished\":\"2024-03-02T03:53:52+00:00\",\"dateModified\":\"2024-03-02T10:55:39+00:00\",\"mainEntityOfPage\":{\"@id\":\"https:\/\/www.notibras.com\/site\/buriti-libera-verba-do-cartao-prato-cheio-e-df-social\/\"},\"wordCount\":395,\"publisher\":{\"@id\":\"https:\/\/www.notibras.com\/site\/#organization\"},\"image\":{\"@id\":\"https:\/\/www.notibras.com\/site\/buriti-libera-verba-do-cartao-prato-cheio-e-df-social\/#primaryimage\"},\"thumbnailUrl\":\"https:\/\/www.notibras.com\/site\/wp-content\/uploads\/2024\/03\/cartao_prato_cheio_Fotos-DivulgacaoSedes.jpeg\",\"articleSection\":[\"Quadradinho em Foco\"],\"inLanguage\":\"pt-BR\"},{\"@type\":\"WebPage\",\"@id\":\"https:\/\/www.notibras.com\/site\/buriti-libera-verba-do-cartao-prato-cheio-e-df-social\/\",\"url\":\"https:\/\/www.notibras.com\/site\/buriti-libera-verba-do-cartao-prato-cheio-e-df-social\/\",\"name\":\"Buriti libera verba do Cart\u00e3o Prato Cheio e DF Social - Notibras\",\"isPartOf\":{\"@id\":\"https:\/\/www.notibras.com\/site\/#website\"},\"primaryImageOfPage\":{\"@id\":\"https:\/\/www.notibras.com\/site\/buriti-libera-verba-do-cartao-prato-cheio-e-df-social\/#primaryimage\"},\"image\":{\"@id\":\"https:\/\/www.notibras.com\/site\/buriti-libera-verba-do-cartao-prato-cheio-e-df-social\/#primaryimage\"},\"thumbnailUrl\":\"https:\/\/www.notibras.com\/site\/wp-content\/uploads\/2024\/03\/cartao_prato_cheio_Fotos-DivulgacaoSedes.jpeg\",\"datePublished\":\"2024-03-02T03:53:52+00:00\",\"dateModified\":\"2024-03-02T10:55:39+00:00\",\"breadcrumb\":{\"@id\":\"https:\/\/www.notibras.com\/site\/buriti-libera-verba-do-cartao-prato-cheio-e-df-social\/#breadcrumb\"},\"inLanguage\":\"pt-BR\",\"potentialAction\":[{\"@type\":\"ReadAction\",\"target\":[\"https:\/\/www.notibras.com\/site\/buriti-libera-verba-do-cartao-prato-cheio-e-df-social\/\"]}]},{\"@type\":\"ImageObject\",\"inLanguage\":\"pt-BR\",\"@id\":\"https:\/\/www.notibras.com\/site\/buriti-libera-verba-do-cartao-prato-cheio-e-df-social\/#primaryimage\",\"url\":\"https:\/\/www.notibras.com\/site\/wp-content\/uploads\/2024\/03\/cartao_prato_cheio_Fotos-DivulgacaoSedes.jpeg\",\"contentUrl\":\"https:\/\/www.notibras.com\/site\/wp-content\/uploads\/2024\/03\/cartao_prato_cheio_Fotos-DivulgacaoSedes.jpeg\",\"width\":1024,\"height\":682},{\"@type\":\"BreadcrumbList\",\"@id\":\"https:\/\/www.notibras.com\/site\/buriti-libera-verba-do-cartao-prato-cheio-e-df-social\/#breadcrumb\",\"itemListElement\":[{\"@type\":\"ListItem\",\"position\":1,\"name\":\"In\u00edcio\",\"item\":\"https:\/\/www.notibras.com\/site\/\"},{\"@type\":\"ListItem\",\"position\":2,\"name\":\"Buriti libera verba do Cart\u00e3o Prato Cheio e DF Social\"}]},{\"@type\":\"WebSite\",\"@id\":\"https:\/\/www.notibras.com\/site\/#website\",\"url\":\"https:\/\/www.notibras.com\/site\/\",\"name\":\"Notibras\",\"description\":\"Not\u00edcias de Bras\u00edlia, do Brasil e do Mundo\",\"publisher\":{\"@id\":\"https:\/\/www.notibras.com\/site\/#organization\"},\"potentialAction\":[{\"@type\":\"SearchAction\",\"target\":{\"@type\":\"EntryPoint\",\"urlTemplate\":\"https:\/\/www.notibras.com\/site\/?s={search_term_string}\"},\"query-input\":{\"@type\":\"PropertyValueSpecification\",\"valueRequired\":true,\"valueName\":\"search_term_string\"}}],\"inLanguage\":\"pt-BR\"},{\"@type\":\"Organization\",\"@id\":\"https:\/\/www.notibras.com\/site\/#organization\",\"name\":\"Grupo Notibras de Comunica\u00e7\u00e3o\",\"url\":\"https:\/\/www.notibras.com\/site\/\",\"logo\":{\"@type\":\"ImageObject\",\"inLanguage\":\"pt-BR\",\"@id\":\"https:\/\/www.notibras.com\/site\/#\/schema\/logo\/image\/\",\"url\":\"https:\/\/www.notibras.com\/site\/wp-content\/uploads\/2023\/01\/notibras23.png\",\"contentUrl\":\"https:\/\/www.notibras.com\/site\/wp-content\/uploads\/2023\/01\/notibras23.png\",\"width\":350,\"height\":87,\"caption\":\"Grupo Notibras de Comunica\u00e7\u00e3o\"},\"image\":{\"@id\":\"https:\/\/www.notibras.com\/site\/#\/schema\/logo\/image\/\"},\"sameAs\":[\"https:\/\/www.facebook.com\/notibras\/\",\"https:\/\/x.com\/Notibras\",\"https:\/\/www.instagram.com\/notibras\/\"]},{\"@type\":\"Person\",\"@id\":\"https:\/\/www.notibras.com\/site\/#\/schema\/person\/36ab0979449956132d3e5b517ea76ac8\",\"name\":\"Reda\u00e7\u00e3o\",\"image\":{\"@type\":\"ImageObject\",\"inLanguage\":\"pt-BR\",\"@id\":\"https:\/\/secure.gravatar.com\/avatar\/e0a867bdedb85fd243eadf09663511f96fc81e0720a4a42581f334ad4303aa6b?s=96&d=mm&r=g\",\"url\":\"https:\/\/secure.gravatar.com\/avatar\/e0a867bdedb85fd243eadf09663511f96fc81e0720a4a42581f334ad4303aa6b?s=96&d=mm&r=g\",\"contentUrl\":\"https:\/\/secure.gravatar.com\/avatar\/e0a867bdedb85fd243eadf09663511f96fc81e0720a4a42581f334ad4303aa6b?s=96&d=mm&r=g\",\"caption\":\"Reda\u00e7\u00e3o\"}}]}<\/script>\n<!-- \/ Yoast SEO plugin. -->","yoast_head_json":{"title":"Buriti libera verba do Cart\u00e3o Prato Cheio e DF Social - Notibras","robots":{"index":"index","follow":"follow","max-snippet":"max-snippet:-1","max-image-preview":"max-image-preview:large","max-video-preview":"max-video-preview:-1"},"canonical":"https:\/\/www.notibras.com\/site\/buriti-libera-verba-do-cartao-prato-cheio-e-df-social\/","og_locale":"pt_BR","og_type":"article","og_title":"Buriti libera verba do Cart\u00e3o Prato Cheio e DF Social - Notibras","og_description":"A Secretaria de Desenvolvimento Social liberou R$ 32.698.545 para pagamento do Cart\u00e3o Prato Cheio e do DF Social. A maior parte do valor, R$ 22.697.000, foi investida na concess\u00e3o do cr\u00e9dito de R$ 250 do Prato Cheio. Al\u00e9m disso, neste m\u00eas o programa registrou a inclus\u00e3o de 14.616 novos benefici\u00e1rios no aux\u00edlio, que j\u00e1 atende [&hellip;]","og_url":"https:\/\/www.notibras.com\/site\/buriti-libera-verba-do-cartao-prato-cheio-e-df-social\/","og_site_name":"Notibras","article_publisher":"https:\/\/www.facebook.com\/notibras\/","article_published_time":"2024-03-02T03:53:52+00:00","article_modified_time":"2024-03-02T10:55:39+00:00","og_image":[{"width":1024,"height":682,"url":"https:\/\/www.notibras.com\/site\/wp-content\/uploads\/2024\/03\/cartao_prato_cheio_Fotos-DivulgacaoSedes.jpeg","type":"image\/jpeg"}],"author":"Reda\u00e7\u00e3o","twitter_card":"summary_large_image","twitter_creator":"@Notibras","twitter_site":"@Notibras","twitter_misc":{"Escrito por":"Reda\u00e7\u00e3o","Est. tempo de leitura":"2 minutos"},"schema":{"@context":"https:\/\/schema.org","@graph":[{"@type":"Article","@id":"https:\/\/www.notibras.com\/site\/buriti-libera-verba-do-cartao-prato-cheio-e-df-social\/#article","isPartOf":{"@id":"https:\/\/www.notibras.com\/site\/buriti-libera-verba-do-cartao-prato-cheio-e-df-social\/"},"author":{"name":"Reda\u00e7\u00e3o","@id":"https:\/\/www.notibras.com\/site\/#\/schema\/person\/36ab0979449956132d3e5b517ea76ac8"},"headline":"Buriti libera verba do Cart\u00e3o Prato Cheio e DF Social","datePublished":"2024-03-02T03:53:52+00:00","dateModified":"2024-03-02T10:55:39+00:00","mainEntityOfPage":{"@id":"https:\/\/www.notibras.com\/site\/buriti-libera-verba-do-cartao-prato-cheio-e-df-social\/"},"wordCount":395,"publisher":{"@id":"https:\/\/www.notibras.com\/site\/#organization"},"image":{"@id":"https:\/\/www.notibras.com\/site\/buriti-libera-verba-do-cartao-prato-cheio-e-df-social\/#primaryimage"},"thumbnailUrl":"https:\/\/www.notibras.com\/site\/wp-content\/uploads\/2024\/03\/cartao_prato_cheio_Fotos-DivulgacaoSedes.jpeg","articleSection":["Quadradinho em Foco"],"inLanguage":"pt-BR"},{"@type":"WebPage","@id":"https:\/\/www.notibras.com\/site\/buriti-libera-verba-do-cartao-prato-cheio-e-df-social\/","url":"https:\/\/www.notibras.com\/site\/buriti-libera-verba-do-cartao-prato-cheio-e-df-social\/","name":"Buriti libera verba do Cart\u00e3o Prato Cheio e DF Social - Notibras","isPartOf":{"@id":"https:\/\/www.notibras.com\/site\/#website"},"primaryImageOfPage":{"@id":"https:\/\/www.notibras.com\/site\/buriti-libera-verba-do-cartao-prato-cheio-e-df-social\/#primaryimage"},"image":{"@id":"https:\/\/www.notibras.com\/site\/buriti-libera-verba-do-cartao-prato-cheio-e-df-social\/#primaryimage"},"thumbnailUrl":"https:\/\/www.notibras.com\/site\/wp-content\/uploads\/2024\/03\/cartao_prato_cheio_Fotos-DivulgacaoSedes.jpeg","datePublished":"2024-03-02T03:53:52+00:00","dateModified":"2024-03-02T10:55:39+00:00","breadcrumb":{"@id":"https:\/\/www.notibras.com\/site\/buriti-libera-verba-do-cartao-prato-cheio-e-df-social\/#breadcrumb"},"inLanguage":"pt-BR","potentialAction":[{"@type":"ReadAction","target":["https:\/\/www.notibras.com\/site\/buriti-libera-verba-do-cartao-prato-cheio-e-df-social\/"]}]},{"@type":"ImageObject","inLanguage":"pt-BR","@id":"https:\/\/www.notibras.com\/site\/buriti-libera-verba-do-cartao-prato-cheio-e-df-social\/#primaryimage","url":"https:\/\/www.notibras.com\/site\/wp-content\/uploads\/2024\/03\/cartao_prato_cheio_Fotos-DivulgacaoSedes.jpeg","contentUrl":"https:\/\/www.notibras.com\/site\/wp-content\/uploads\/2024\/03\/cartao_prato_cheio_Fotos-DivulgacaoSedes.jpeg","width":1024,"height":682},{"@type":"BreadcrumbList","@id":"https:\/\/www.notibras.com\/site\/buriti-libera-verba-do-cartao-prato-cheio-e-df-social\/#breadcrumb","itemListElement":[{"@type":"ListItem","position":1,"name":"In\u00edcio","item":"https:\/\/www.notibras.com\/site\/"},{"@type":"ListItem","position":2,"name":"Buriti libera verba do Cart\u00e3o Prato Cheio e DF Social"}]},{"@type":"WebSite","@id":"https:\/\/www.notibras.com\/site\/#website","url":"https:\/\/www.notibras.com\/site\/","name":"Notibras","description":"Not\u00edcias de Bras\u00edlia, do Brasil e do Mundo","publisher":{"@id":"https:\/\/www.notibras.com\/site\/#organization"},"potentialAction":[{"@type":"SearchAction","target":{"@type":"EntryPoint","urlTemplate":"https:\/\/www.notibras.com\/site\/?s={search_term_string}"},"query-input":{"@type":"PropertyValueSpecification","valueRequired":true,"valueName":"search_term_string"}}],"inLanguage":"pt-BR"},{"@type":"Organization","@id":"https:\/\/www.notibras.com\/site\/#organization","name":"Grupo Notibras de Comunica\u00e7\u00e3o","url":"https:\/\/www.notibras.com\/site\/","logo":{"@type":"ImageObject","inLanguage":"pt-BR","@id":"https:\/\/www.notibras.com\/site\/#\/schema\/logo\/image\/","url":"https:\/\/www.notibras.com\/site\/wp-content\/uploads\/2023\/01\/notibras23.png","contentUrl":"https:\/\/www.notibras.com\/site\/wp-content\/uploads\/2023\/01\/notibras23.png","width":350,"height":87,"caption":"Grupo Notibras de Comunica\u00e7\u00e3o"},"image":{"@id":"https:\/\/www.notibras.com\/site\/#\/schema\/logo\/image\/"},"sameAs":["https:\/\/www.facebook.com\/notibras\/","https:\/\/x.com\/Notibras","https:\/\/www.instagram.com\/notibras\/"]},{"@type":"Person","@id":"https:\/\/www.notibras.com\/site\/#\/schema\/person\/36ab0979449956132d3e5b517ea76ac8","name":"Reda\u00e7\u00e3o","image":{"@type":"ImageObject","inLanguage":"pt-BR","@id":"https:\/\/secure.gravatar.com\/avatar\/e0a867bdedb85fd243eadf09663511f96fc81e0720a4a42581f334ad4303aa6b?s=96&d=mm&r=g","url":"https:\/\/secure.gravatar.com\/avatar\/e0a867bdedb85fd243eadf09663511f96fc81e0720a4a42581f334ad4303aa6b?s=96&d=mm&r=g","contentUrl":"https:\/\/secure.gravatar.com\/avatar\/e0a867bdedb85fd243eadf09663511f96fc81e0720a4a42581f334ad4303aa6b?s=96&d=mm&r=g","caption":"Reda\u00e7\u00e3o"}}]}},"amp_enabled":true,"_links":{"self":[{"href":"https:\/\/www.notibras.com\/site\/wp-json\/wp\/v2\/posts\/323615","targetHints":{"allow":["GET"]}}],"collection":[{"href":"https:\/\/www.notibras.com\/site\/wp-json\/wp\/v2\/posts"}],"about":[{"href":"https:\/\/www.notibras.com\/site\/wp-json\/wp\/v2\/types\/post"}],"author":[{"embeddable":true,"href":"https:\/\/www.notibras.com\/site\/wp-json\/wp\/v2\/users\/2"}],"replies":[{"embeddable":true,"href":"https:\/\/www.notibras.com\/site\/wp-json\/wp\/v2\/comments?post=323615"}],"version-history":[{"count":1,"href":"https:\/\/www.notibras.com\/site\/wp-json\/wp\/v2\/posts\/323615\/revisions"}],"predecessor-version":[{"id":323617,"href":"https:\/\/www.notibras.com\/site\/wp-json\/wp\/v2\/posts\/323615\/revisions\/323617"}],"wp:featuredmedia":[{"embeddable":true,"href":"https:\/\/www.notibras.com\/site\/wp-json\/wp\/v2\/media\/323616"}],"wp:attachment":[{"href":"https:\/\/www.notibras.com\/site\/wp-json\/wp\/v2\/media?parent=323615"}],"wp:term":[{"taxonomy":"category","embeddable":true,"href":"https:\/\/www.notibras.com\/site\/wp-json\/wp\/v2\/categories?post=323615"},{"taxonomy":"post_tag","embeddable":true,"href":"https:\/\/www.notibras.com\/site\/wp-json\/wp\/v2\/tags?post=323615"}],"curies":[{"name":"wp","href":"https:\/\/api.w.org\/{rel}","templated":true}]}}