{"id":323657,"date":"2024-03-02T18:50:47","date_gmt":"2024-03-02T21:50:47","guid":{"rendered":"https:\/\/www.notibras.com\/site\/?p=323657"},"modified":"2024-03-02T18:50:47","modified_gmt":"2024-03-02T21:50:47","slug":"brasilia-bate-recorde-com-77-mortes-por-dengue-so-este-ano","status":"publish","type":"post","link":"https:\/\/www.notibras.com\/site\/brasilia-bate-recorde-com-77-mortes-por-dengue-so-este-ano\/","title":{"rendered":"Bras\u00edlia bate recorde com 77 mortes por dengue s\u00f3 este ano"},"content":{"rendered":"<p>O Distrito Federal registrou 77 mortes por dengue, em 2024, conforme dados do Painel de Monitoramento das Arboviroses do Minist\u00e9rio da Sa\u00fade, revelados neste s\u00e1bado, 2. At\u00e9 ent\u00e3o, 55 \u00f3bitos estavam confirmados. A capital federal tem 60 mortes em investiga\u00e7\u00e3o, e os prov\u00e1veis casos da doen\u00e7a somam 102.757.<\/p>\n<p>Os n\u00fameros colocam Bras\u00edlia no topo das unidades da federa\u00e7\u00e3o no Coeficiente de Incid\u00eancia por 100 mil habitantes com o maior \u00edndice: 3.647,7\/100mil. Mais que o dobro do segundo colocado: Minas Gerais, com 1.765,6\/100mil habitantes.<\/p>\n<p>Na mobiliza\u00e7\u00e3o do Distrito Federal pelo Dia D contra a dengue, ocorrida na regi\u00e3o de Sol Nascente, a secret\u00e1ria de Sa\u00fade Lucilene Flor\u00eancio, fez um balan\u00e7o da situa\u00e7\u00e3o. \u201cO Distrito Federal vem demonstrando, apesar de todo o volume, respostas eficientes, e a nossa miss\u00e3o \u00e9 diminuir a perda de vidas. N\u00f3s n\u00e3o podemos perder vidas, s\u00e3o mortes evit\u00e1veis e estamos com todo esse arsenal para, cada vez, mais diminuirmos o n\u00famero de casos e perdermos menos vidas.\u201d<\/p>\n<p><strong>Vacina\u00e7\u00e3o<\/strong><br \/>\nComo medida adicional para conter os casos de dengue em Bras\u00edlia, a secret\u00e1ria de Sa\u00fade do DF disse que monitora, at\u00e9 o fim da pr\u00f3xima semana, o andamento da vacina\u00e7\u00e3o de crian\u00e7as de 10 e 11 anos contra a dengue. A depender da avalia\u00e7\u00e3o, a imuniza\u00e7\u00e3o poder\u00e1 ser ampliada, informou Lucilene Flor\u00eancio.<\/p>\n<p>\u201cDiariamente, estou monitorando e eu tenho percebido uma diminui\u00e7\u00e3o da procura. Se houver essa perman\u00eancia de diminui\u00e7\u00e3o da procura, a gente pode passar para 12 anos, mas, n\u00e3o mais que 12 anos, a princ\u00edpio, pela quantidade de doses que recebemos do Minist\u00e9rio da Sa\u00fade.\u201d<\/p>\n<p>Ao todo, o Distrito Federal recebeu 71,8 mil doses da vacina. At\u00e9 quinta-feira (1\u00ba), cerca de 23,9 mil crian\u00e7as desta \u00fanica faixa autorizada a receber o imunizante foram vacinadas. A Secretaria de Sa\u00fade do DF tem cerca de 45 mil doses na reserva.<\/p>\n<p>\u201cQue nenhuma vacina fique na geladeira e sem ir ao bra\u00e7o das crian\u00e7as\u201d, disse Lucilene Flor\u00eancio. A secret\u00e1ria de Sa\u00fade afirmou que aguarda o prazo de 90 dias para aplicar a segunda dose da vacina aos j\u00e1 imunizados, e que acredita que este tempo ser\u00e1 suficiente para o Minist\u00e9rio da Sa\u00fade avan\u00e7ar nas tratativas com o laborat\u00f3rio japon\u00eas Takeda Pharma, fabricante da Qdenga. O registro do imunizante foi aprovado pela Ag\u00eancia Nacional de Vigil\u00e2ncia Sanit\u00e1ria (Anvisa) em mar\u00e7o de 2023.<\/p>\n<p>Em resposta, o secret\u00e1rio de Aten\u00e7\u00e3o Prim\u00e1ria \u00e0 Sa\u00fade do Minist\u00e9rio da Sa\u00fade, Felipe Proen\u00e7a, diz que a pasta tem trabalhado conforme o cronograma e disponibilidade de doses informados pelo fabricante para distribui\u00e7\u00e3o no sistema p\u00fablico de sa\u00fade. Ele disse que o minist\u00e9rio aguarda a fabrica\u00e7\u00e3o nacional de um imunizante contra a dengue.<\/p>\n<p>\u201cO Brasil \u00e9 pioneiro em vacina\u00e7\u00e3o da dengue. \u00c9 muito bom saber que se soma mais uma estrat\u00e9gia no combate \u00e0 dengue. Ao mesmo que \u00e9 importante essa incorpora\u00e7\u00e3o, conforme a possibilidade de disponibilidade de doses pelo laborat\u00f3rio que tem produzido a vacina, ao mesmo tempo que temos iniciativas nacionais muito importantes, para que possamos ter tamb\u00e9m a fabrica\u00e7\u00e3o nacional da vacina para dengue.\u201d<\/p>\n<p><strong>Novas a\u00e7\u00f5es<\/strong><br \/>\nComo medidas adicionais para conter os casos de dengue, o governo do Distrito Federal anunciou tamb\u00e9m a instala\u00e7\u00e3o de mais 11 tendas de acolhimento e tratamento de pacientes com casos suspeitos da doen\u00e7a. Os documentos das empresas que atenderam ao chamamento p\u00fablico ser\u00e3o analisados at\u00e9 o fim da pr\u00f3xima semana, segundo a secret\u00e1ria de Sa\u00fade do Distrito Federal, Lucilene Flor\u00eancio. As 11 novas estruturas se somar\u00e3o \u00e0s nove j\u00e1 em funcionamento.<\/p>\n<p>A melhor forma de combater a dengue \u00e9 impedir a reprodu\u00e7\u00e3o do mosquito. Foto: Arte\/EBC<br \/>\nDiante dos n\u00fameros de mortes e de infec\u00e7\u00f5es por dengue, a vice-governadora do Distrito federal, Celina Le\u00e3o, entende que as notifica\u00e7\u00f5es de casos devem ajudar o Minist\u00e9rio da Sa\u00fade a estudar o comportamento da dengue no restante do pa\u00eds. \u201cNo Distrito Federal, como a gente n\u00e3o tem subnotifica\u00e7\u00e3o e todas as nossas coletas s\u00e3o feitas em um laborat\u00f3rio central, esse \u00e9 um espectro muito grande para pesquisa, para que o pr\u00f3prio Minist\u00e9rio da Sa\u00fade possa ter uma percep\u00e7\u00e3o do que pode vir a acontecer no pa\u00eds como um todo.\u201d<\/p>\n<p>O secret\u00e1rio de Aten\u00e7\u00e3o Prim\u00e1ria \u00e0 Sa\u00fade do Minist\u00e9rio da Sa\u00fade garantiu que o governo federal tem avaliado e monitorado constantemente a situa\u00e7\u00e3o e dado apoio t\u00e9cnico ao Distrito Federal e mais seis estados que est\u00e3o em grande alerta pela dengue.<\/p>\n<p>\u201cAqui, h\u00e1 uma equipe t\u00e9cnica do Minist\u00e9rio da Sa\u00fade, representada por tr\u00eas secretarias, junto \u00e0 Secretaria [de Sa\u00fade] do Distrito Federal. Com isso, estamos trabalhando, exatamente, para seguir esses passos e responder bem a essa situa\u00e7\u00e3o que tem muita rela\u00e7\u00e3o com dois fatores: as mudan\u00e7as clim\u00e1ticas \u2013 que fizeram modificar o tempo em que iniciou, nesse ano, a situa\u00e7\u00e3o de aumento de casos \u2013 e a pr\u00f3pria circula\u00e7\u00e3o de sorotipos [da dengue]. Tenho certeza que estamos dando uma importante resposta para essa situa\u00e7\u00e3o da dengue\u201d, disse Felipe Proen\u00e7a.<\/p>\n","protected":false},"excerpt":{"rendered":"<p>O Distrito Federal registrou 77 mortes por dengue, em 2024, conforme dados do Painel de Monitoramento das Arboviroses do Minist\u00e9rio da Sa\u00fade, revelados neste s\u00e1bado, 2. At\u00e9 ent\u00e3o, 55 \u00f3bitos estavam confirmados. A capital federal tem 60 mortes em investiga\u00e7\u00e3o, e os prov\u00e1veis casos da doen\u00e7a somam 102.757. Os n\u00fameros colocam Bras\u00edlia no topo das [&hellip;]<\/p>\n","protected":false},"author":2,"featured_media":323658,"comment_status":"closed","ping_status":"closed","sticky":false,"template":"","format":"standard","meta":{"_acf_changed":false,"footnotes":""},"categories":[161],"tags":[95],"class_list":["post-323657","post","type-post","status-publish","format-standard","has-post-thumbnail","hentry","category-quadradinho-em-foco","tag-capa"],"acf":[],"yoast_head":"<!-- This site is optimized with the Yoast SEO plugin v27.2 - https:\/\/yoast.com\/product\/yoast-seo-wordpress\/ -->\n<title>Bras\u00edlia bate recorde com 77 mortes por dengue s\u00f3 este ano - Notibras<\/title>\n<meta name=\"robots\" content=\"index, follow, max-snippet:-1, max-image-preview:large, max-video-preview:-1\" \/>\n<link rel=\"canonical\" href=\"https:\/\/www.notibras.com\/site\/brasilia-bate-recorde-com-77-mortes-por-dengue-so-este-ano\/\" \/>\n<meta property=\"og:locale\" content=\"pt_BR\" \/>\n<meta property=\"og:type\" content=\"article\" \/>\n<meta property=\"og:title\" content=\"Bras\u00edlia bate recorde com 77 mortes por dengue s\u00f3 este ano - Notibras\" \/>\n<meta property=\"og:description\" content=\"O Distrito Federal registrou 77 mortes por dengue, em 2024, conforme dados do Painel de Monitoramento das Arboviroses do Minist\u00e9rio da Sa\u00fade, revelados neste s\u00e1bado, 2. At\u00e9 ent\u00e3o, 55 \u00f3bitos estavam confirmados. A capital federal tem 60 mortes em investiga\u00e7\u00e3o, e os prov\u00e1veis casos da doen\u00e7a somam 102.757. Os n\u00fameros colocam Bras\u00edlia no topo das [&hellip;]\" \/>\n<meta property=\"og:url\" content=\"https:\/\/www.notibras.com\/site\/brasilia-bate-recorde-com-77-mortes-por-dengue-so-este-ano\/\" \/>\n<meta property=\"og:site_name\" content=\"Notibras\" \/>\n<meta property=\"article:publisher\" content=\"https:\/\/www.facebook.com\/notibras\/\" \/>\n<meta property=\"article:published_time\" content=\"2024-03-02T21:50:47+00:00\" \/>\n<meta property=\"og:image\" content=\"https:\/\/www.notibras.com\/site\/wp-content\/uploads\/2024\/03\/dengue.77.df_.webp\" \/>\n\t<meta property=\"og:image:width\" content=\"1170\" \/>\n\t<meta property=\"og:image:height\" content=\"700\" \/>\n\t<meta property=\"og:image:type\" content=\"image\/webp\" \/>\n<meta name=\"author\" content=\"Reda\u00e7\u00e3o\" \/>\n<meta name=\"twitter:card\" content=\"summary_large_image\" \/>\n<meta name=\"twitter:creator\" content=\"@Notibras\" \/>\n<meta name=\"twitter:site\" content=\"@Notibras\" \/>\n<meta name=\"twitter:label1\" content=\"Escrito por\" \/>\n\t<meta name=\"twitter:data1\" content=\"Reda\u00e7\u00e3o\" \/>\n\t<meta name=\"twitter:label2\" content=\"Est. tempo de leitura\" \/>\n\t<meta name=\"twitter:data2\" content=\"5 minutos\" \/>\n<script type=\"application\/ld+json\" class=\"yoast-schema-graph\">{\"@context\":\"https:\/\/schema.org\",\"@graph\":[{\"@type\":\"Article\",\"@id\":\"https:\/\/www.notibras.com\/site\/brasilia-bate-recorde-com-77-mortes-por-dengue-so-este-ano\/#article\",\"isPartOf\":{\"@id\":\"https:\/\/www.notibras.com\/site\/brasilia-bate-recorde-com-77-mortes-por-dengue-so-este-ano\/\"},\"author\":{\"name\":\"Reda\u00e7\u00e3o\",\"@id\":\"https:\/\/www.notibras.com\/site\/#\/schema\/person\/36ab0979449956132d3e5b517ea76ac8\"},\"headline\":\"Bras\u00edlia bate recorde com 77 mortes por dengue s\u00f3 este ano\",\"datePublished\":\"2024-03-02T21:50:47+00:00\",\"mainEntityOfPage\":{\"@id\":\"https:\/\/www.notibras.com\/site\/brasilia-bate-recorde-com-77-mortes-por-dengue-so-este-ano\/\"},\"wordCount\":910,\"publisher\":{\"@id\":\"https:\/\/www.notibras.com\/site\/#organization\"},\"image\":{\"@id\":\"https:\/\/www.notibras.com\/site\/brasilia-bate-recorde-com-77-mortes-por-dengue-so-este-ano\/#primaryimage\"},\"thumbnailUrl\":\"https:\/\/www.notibras.com\/site\/wp-content\/uploads\/2024\/03\/dengue.77.df_.webp\",\"keywords\":[\"capa\"],\"articleSection\":[\"Quadradinho em Foco\"],\"inLanguage\":\"pt-BR\"},{\"@type\":\"WebPage\",\"@id\":\"https:\/\/www.notibras.com\/site\/brasilia-bate-recorde-com-77-mortes-por-dengue-so-este-ano\/\",\"url\":\"https:\/\/www.notibras.com\/site\/brasilia-bate-recorde-com-77-mortes-por-dengue-so-este-ano\/\",\"name\":\"Bras\u00edlia bate recorde com 77 mortes por dengue s\u00f3 este ano - Notibras\",\"isPartOf\":{\"@id\":\"https:\/\/www.notibras.com\/site\/#website\"},\"primaryImageOfPage\":{\"@id\":\"https:\/\/www.notibras.com\/site\/brasilia-bate-recorde-com-77-mortes-por-dengue-so-este-ano\/#primaryimage\"},\"image\":{\"@id\":\"https:\/\/www.notibras.com\/site\/brasilia-bate-recorde-com-77-mortes-por-dengue-so-este-ano\/#primaryimage\"},\"thumbnailUrl\":\"https:\/\/www.notibras.com\/site\/wp-content\/uploads\/2024\/03\/dengue.77.df_.webp\",\"datePublished\":\"2024-03-02T21:50:47+00:00\",\"breadcrumb\":{\"@id\":\"https:\/\/www.notibras.com\/site\/brasilia-bate-recorde-com-77-mortes-por-dengue-so-este-ano\/#breadcrumb\"},\"inLanguage\":\"pt-BR\",\"potentialAction\":[{\"@type\":\"ReadAction\",\"target\":[\"https:\/\/www.notibras.com\/site\/brasilia-bate-recorde-com-77-mortes-por-dengue-so-este-ano\/\"]}]},{\"@type\":\"ImageObject\",\"inLanguage\":\"pt-BR\",\"@id\":\"https:\/\/www.notibras.com\/site\/brasilia-bate-recorde-com-77-mortes-por-dengue-so-este-ano\/#primaryimage\",\"url\":\"https:\/\/www.notibras.com\/site\/wp-content\/uploads\/2024\/03\/dengue.77.df_.webp\",\"contentUrl\":\"https:\/\/www.notibras.com\/site\/wp-content\/uploads\/2024\/03\/dengue.77.df_.webp\",\"width\":1170,\"height\":700},{\"@type\":\"BreadcrumbList\",\"@id\":\"https:\/\/www.notibras.com\/site\/brasilia-bate-recorde-com-77-mortes-por-dengue-so-este-ano\/#breadcrumb\",\"itemListElement\":[{\"@type\":\"ListItem\",\"position\":1,\"name\":\"In\u00edcio\",\"item\":\"https:\/\/www.notibras.com\/site\/\"},{\"@type\":\"ListItem\",\"position\":2,\"name\":\"Bras\u00edlia bate recorde com 77 mortes por dengue s\u00f3 este ano\"}]},{\"@type\":\"WebSite\",\"@id\":\"https:\/\/www.notibras.com\/site\/#website\",\"url\":\"https:\/\/www.notibras.com\/site\/\",\"name\":\"Notibras\",\"description\":\"Not\u00edcias de Bras\u00edlia, do Brasil e do Mundo\",\"publisher\":{\"@id\":\"https:\/\/www.notibras.com\/site\/#organization\"},\"potentialAction\":[{\"@type\":\"SearchAction\",\"target\":{\"@type\":\"EntryPoint\",\"urlTemplate\":\"https:\/\/www.notibras.com\/site\/?s={search_term_string}\"},\"query-input\":{\"@type\":\"PropertyValueSpecification\",\"valueRequired\":true,\"valueName\":\"search_term_string\"}}],\"inLanguage\":\"pt-BR\"},{\"@type\":\"Organization\",\"@id\":\"https:\/\/www.notibras.com\/site\/#organization\",\"name\":\"Grupo Notibras de Comunica\u00e7\u00e3o\",\"url\":\"https:\/\/www.notibras.com\/site\/\",\"logo\":{\"@type\":\"ImageObject\",\"inLanguage\":\"pt-BR\",\"@id\":\"https:\/\/www.notibras.com\/site\/#\/schema\/logo\/image\/\",\"url\":\"https:\/\/www.notibras.com\/site\/wp-content\/uploads\/2023\/01\/notibras23.png\",\"contentUrl\":\"https:\/\/www.notibras.com\/site\/wp-content\/uploads\/2023\/01\/notibras23.png\",\"width\":350,\"height\":87,\"caption\":\"Grupo Notibras de Comunica\u00e7\u00e3o\"},\"image\":{\"@id\":\"https:\/\/www.notibras.com\/site\/#\/schema\/logo\/image\/\"},\"sameAs\":[\"https:\/\/www.facebook.com\/notibras\/\",\"https:\/\/x.com\/Notibras\",\"https:\/\/www.instagram.com\/notibras\/\"]},{\"@type\":\"Person\",\"@id\":\"https:\/\/www.notibras.com\/site\/#\/schema\/person\/36ab0979449956132d3e5b517ea76ac8\",\"name\":\"Reda\u00e7\u00e3o\",\"image\":{\"@type\":\"ImageObject\",\"inLanguage\":\"pt-BR\",\"@id\":\"https:\/\/secure.gravatar.com\/avatar\/e0a867bdedb85fd243eadf09663511f96fc81e0720a4a42581f334ad4303aa6b?s=96&d=mm&r=g\",\"url\":\"https:\/\/secure.gravatar.com\/avatar\/e0a867bdedb85fd243eadf09663511f96fc81e0720a4a42581f334ad4303aa6b?s=96&d=mm&r=g\",\"contentUrl\":\"https:\/\/secure.gravatar.com\/avatar\/e0a867bdedb85fd243eadf09663511f96fc81e0720a4a42581f334ad4303aa6b?s=96&d=mm&r=g\",\"caption\":\"Reda\u00e7\u00e3o\"}}]}<\/script>\n<!-- \/ Yoast SEO plugin. -->","yoast_head_json":{"title":"Bras\u00edlia bate recorde com 77 mortes por dengue s\u00f3 este ano - Notibras","robots":{"index":"index","follow":"follow","max-snippet":"max-snippet:-1","max-image-preview":"max-image-preview:large","max-video-preview":"max-video-preview:-1"},"canonical":"https:\/\/www.notibras.com\/site\/brasilia-bate-recorde-com-77-mortes-por-dengue-so-este-ano\/","og_locale":"pt_BR","og_type":"article","og_title":"Bras\u00edlia bate recorde com 77 mortes por dengue s\u00f3 este ano - Notibras","og_description":"O Distrito Federal registrou 77 mortes por dengue, em 2024, conforme dados do Painel de Monitoramento das Arboviroses do Minist\u00e9rio da Sa\u00fade, revelados neste s\u00e1bado, 2. At\u00e9 ent\u00e3o, 55 \u00f3bitos estavam confirmados. A capital federal tem 60 mortes em investiga\u00e7\u00e3o, e os prov\u00e1veis casos da doen\u00e7a somam 102.757. Os n\u00fameros colocam Bras\u00edlia no topo das [&hellip;]","og_url":"https:\/\/www.notibras.com\/site\/brasilia-bate-recorde-com-77-mortes-por-dengue-so-este-ano\/","og_site_name":"Notibras","article_publisher":"https:\/\/www.facebook.com\/notibras\/","article_published_time":"2024-03-02T21:50:47+00:00","og_image":[{"width":1170,"height":700,"url":"https:\/\/www.notibras.com\/site\/wp-content\/uploads\/2024\/03\/dengue.77.df_.webp","type":"image\/webp"}],"author":"Reda\u00e7\u00e3o","twitter_card":"summary_large_image","twitter_creator":"@Notibras","twitter_site":"@Notibras","twitter_misc":{"Escrito por":"Reda\u00e7\u00e3o","Est. tempo de leitura":"5 minutos"},"schema":{"@context":"https:\/\/schema.org","@graph":[{"@type":"Article","@id":"https:\/\/www.notibras.com\/site\/brasilia-bate-recorde-com-77-mortes-por-dengue-so-este-ano\/#article","isPartOf":{"@id":"https:\/\/www.notibras.com\/site\/brasilia-bate-recorde-com-77-mortes-por-dengue-so-este-ano\/"},"author":{"name":"Reda\u00e7\u00e3o","@id":"https:\/\/www.notibras.com\/site\/#\/schema\/person\/36ab0979449956132d3e5b517ea76ac8"},"headline":"Bras\u00edlia bate recorde com 77 mortes por dengue s\u00f3 este ano","datePublished":"2024-03-02T21:50:47+00:00","mainEntityOfPage":{"@id":"https:\/\/www.notibras.com\/site\/brasilia-bate-recorde-com-77-mortes-por-dengue-so-este-ano\/"},"wordCount":910,"publisher":{"@id":"https:\/\/www.notibras.com\/site\/#organization"},"image":{"@id":"https:\/\/www.notibras.com\/site\/brasilia-bate-recorde-com-77-mortes-por-dengue-so-este-ano\/#primaryimage"},"thumbnailUrl":"https:\/\/www.notibras.com\/site\/wp-content\/uploads\/2024\/03\/dengue.77.df_.webp","keywords":["capa"],"articleSection":["Quadradinho em Foco"],"inLanguage":"pt-BR"},{"@type":"WebPage","@id":"https:\/\/www.notibras.com\/site\/brasilia-bate-recorde-com-77-mortes-por-dengue-so-este-ano\/","url":"https:\/\/www.notibras.com\/site\/brasilia-bate-recorde-com-77-mortes-por-dengue-so-este-ano\/","name":"Bras\u00edlia bate recorde com 77 mortes por dengue s\u00f3 este ano - Notibras","isPartOf":{"@id":"https:\/\/www.notibras.com\/site\/#website"},"primaryImageOfPage":{"@id":"https:\/\/www.notibras.com\/site\/brasilia-bate-recorde-com-77-mortes-por-dengue-so-este-ano\/#primaryimage"},"image":{"@id":"https:\/\/www.notibras.com\/site\/brasilia-bate-recorde-com-77-mortes-por-dengue-so-este-ano\/#primaryimage"},"thumbnailUrl":"https:\/\/www.notibras.com\/site\/wp-content\/uploads\/2024\/03\/dengue.77.df_.webp","datePublished":"2024-03-02T21:50:47+00:00","breadcrumb":{"@id":"https:\/\/www.notibras.com\/site\/brasilia-bate-recorde-com-77-mortes-por-dengue-so-este-ano\/#breadcrumb"},"inLanguage":"pt-BR","potentialAction":[{"@type":"ReadAction","target":["https:\/\/www.notibras.com\/site\/brasilia-bate-recorde-com-77-mortes-por-dengue-so-este-ano\/"]}]},{"@type":"ImageObject","inLanguage":"pt-BR","@id":"https:\/\/www.notibras.com\/site\/brasilia-bate-recorde-com-77-mortes-por-dengue-so-este-ano\/#primaryimage","url":"https:\/\/www.notibras.com\/site\/wp-content\/uploads\/2024\/03\/dengue.77.df_.webp","contentUrl":"https:\/\/www.notibras.com\/site\/wp-content\/uploads\/2024\/03\/dengue.77.df_.webp","width":1170,"height":700},{"@type":"BreadcrumbList","@id":"https:\/\/www.notibras.com\/site\/brasilia-bate-recorde-com-77-mortes-por-dengue-so-este-ano\/#breadcrumb","itemListElement":[{"@type":"ListItem","position":1,"name":"In\u00edcio","item":"https:\/\/www.notibras.com\/site\/"},{"@type":"ListItem","position":2,"name":"Bras\u00edlia bate recorde com 77 mortes por dengue s\u00f3 este ano"}]},{"@type":"WebSite","@id":"https:\/\/www.notibras.com\/site\/#website","url":"https:\/\/www.notibras.com\/site\/","name":"Notibras","description":"Not\u00edcias de Bras\u00edlia, do Brasil e do Mundo","publisher":{"@id":"https:\/\/www.notibras.com\/site\/#organization"},"potentialAction":[{"@type":"SearchAction","target":{"@type":"EntryPoint","urlTemplate":"https:\/\/www.notibras.com\/site\/?s={search_term_string}"},"query-input":{"@type":"PropertyValueSpecification","valueRequired":true,"valueName":"search_term_string"}}],"inLanguage":"pt-BR"},{"@type":"Organization","@id":"https:\/\/www.notibras.com\/site\/#organization","name":"Grupo Notibras de Comunica\u00e7\u00e3o","url":"https:\/\/www.notibras.com\/site\/","logo":{"@type":"ImageObject","inLanguage":"pt-BR","@id":"https:\/\/www.notibras.com\/site\/#\/schema\/logo\/image\/","url":"https:\/\/www.notibras.com\/site\/wp-content\/uploads\/2023\/01\/notibras23.png","contentUrl":"https:\/\/www.notibras.com\/site\/wp-content\/uploads\/2023\/01\/notibras23.png","width":350,"height":87,"caption":"Grupo Notibras de Comunica\u00e7\u00e3o"},"image":{"@id":"https:\/\/www.notibras.com\/site\/#\/schema\/logo\/image\/"},"sameAs":["https:\/\/www.facebook.com\/notibras\/","https:\/\/x.com\/Notibras","https:\/\/www.instagram.com\/notibras\/"]},{"@type":"Person","@id":"https:\/\/www.notibras.com\/site\/#\/schema\/person\/36ab0979449956132d3e5b517ea76ac8","name":"Reda\u00e7\u00e3o","image":{"@type":"ImageObject","inLanguage":"pt-BR","@id":"https:\/\/secure.gravatar.com\/avatar\/e0a867bdedb85fd243eadf09663511f96fc81e0720a4a42581f334ad4303aa6b?s=96&d=mm&r=g","url":"https:\/\/secure.gravatar.com\/avatar\/e0a867bdedb85fd243eadf09663511f96fc81e0720a4a42581f334ad4303aa6b?s=96&d=mm&r=g","contentUrl":"https:\/\/secure.gravatar.com\/avatar\/e0a867bdedb85fd243eadf09663511f96fc81e0720a4a42581f334ad4303aa6b?s=96&d=mm&r=g","caption":"Reda\u00e7\u00e3o"}}]}},"amp_enabled":true,"_links":{"self":[{"href":"https:\/\/www.notibras.com\/site\/wp-json\/wp\/v2\/posts\/323657","targetHints":{"allow":["GET"]}}],"collection":[{"href":"https:\/\/www.notibras.com\/site\/wp-json\/wp\/v2\/posts"}],"about":[{"href":"https:\/\/www.notibras.com\/site\/wp-json\/wp\/v2\/types\/post"}],"author":[{"embeddable":true,"href":"https:\/\/www.notibras.com\/site\/wp-json\/wp\/v2\/users\/2"}],"replies":[{"embeddable":true,"href":"https:\/\/www.notibras.com\/site\/wp-json\/wp\/v2\/comments?post=323657"}],"version-history":[{"count":1,"href":"https:\/\/www.notibras.com\/site\/wp-json\/wp\/v2\/posts\/323657\/revisions"}],"predecessor-version":[{"id":323659,"href":"https:\/\/www.notibras.com\/site\/wp-json\/wp\/v2\/posts\/323657\/revisions\/323659"}],"wp:featuredmedia":[{"embeddable":true,"href":"https:\/\/www.notibras.com\/site\/wp-json\/wp\/v2\/media\/323658"}],"wp:attachment":[{"href":"https:\/\/www.notibras.com\/site\/wp-json\/wp\/v2\/media?parent=323657"}],"wp:term":[{"taxonomy":"category","embeddable":true,"href":"https:\/\/www.notibras.com\/site\/wp-json\/wp\/v2\/categories?post=323657"},{"taxonomy":"post_tag","embeddable":true,"href":"https:\/\/www.notibras.com\/site\/wp-json\/wp\/v2\/tags?post=323657"}],"curies":[{"name":"wp","href":"https:\/\/api.w.org\/{rel}","templated":true}]}}