{"id":323683,"date":"2024-03-03T00:07:37","date_gmt":"2024-03-03T03:07:37","guid":{"rendered":"https:\/\/www.notibras.com\/site\/?p=323683"},"modified":"2024-03-03T08:03:07","modified_gmt":"2024-03-03T11:03:07","slug":"brazlandia-a-velha-fonte-de-informacao-para-todo-o-pais","status":"publish","type":"post","link":"https:\/\/www.notibras.com\/site\/brazlandia-a-velha-fonte-de-informacao-para-todo-o-pais\/","title":{"rendered":"Brazl\u00e2ndia, a velha fonte de informa\u00e7\u00e3o para todo o pa\u00eds"},"content":{"rendered":"<p>O principal meio de comunica\u00e7\u00e3o da Amaz\u00f4nia n\u00e3o est\u00e1 localizado em nenhum ponto da mais extensa floresta tropical do planeta. \u00c9 em uma zona rural nos arredores de Bras\u00edlia que abriga o maior complexo de transmiss\u00e3o radiof\u00f4nica do pa\u00eds, incluindo os transmissores em ondas curtas (OC) da R\u00e1dio Nacional da Amaz\u00f4nia, a \u00fanica emissora do pa\u00eds que consegue ter alcance nacional e at\u00e9 internacional. Inaugurado em 11 de mar\u00e7o de 1974, pr\u00f3ximo \u00e0 Brazl\u00e2ndia, o Parque do Rodeador est\u00e1 completando 50 anos em 2024. A data est\u00e1 sendo celebrada com uma s\u00e9rie de atividades promovidas pela Empresa Brasil de Comunica\u00e7\u00e3o (EBC).<\/p>\n<p>&#8220;Estamos falando da emissora de r\u00e1dio mais potente da hist\u00f3ria do nosso pa\u00eds. Estamos falando do maior parque de transmiss\u00e3o de r\u00e1dio do Brasil e de um dos maiores parques de transmiss\u00e3o de r\u00e1dio da Am\u00e9rica Latina&#8221;, destaca Octavio Pieranti, professor do Programa de P\u00f3s-Gradua\u00e7\u00e3o em M\u00eddia e Tecnologia da Universidade Estadual Paulista J\u00falio de Mesquita Filho (Unesp) e assessor da Secretaria de Pol\u00edticas Digitais Presid\u00eancia da Rep\u00fablica. Ele foi um dos participantes de uma live organizada pela EBC e pela Sociedade Brasileira de Estudos Interdisciplinares da Comunica\u00e7\u00e3o (Intercom), nesta quinta-feira (29), para contar a trajet\u00f3ria do projeto.<\/p>\n<p>Pieranti \u00e9 autor do livro Entre planta\u00e7\u00f5es de morangos, florestas e oceanos &#8211; arquivos esquecidos da R\u00e1dio Nacional recontam a origem da Radiobras, lan\u00e7ado em 2022. O livro conta justamente a hist\u00f3ria por tr\u00e1s da decis\u00e3o do governo da \u00e9poca, em plena ditadura militar, de criar o mais ambicioso projeto de comunica\u00e7\u00f5es visto at\u00e9 ent\u00e3o visto no pa\u00eds.<\/p>\n<p>Com investimentos de cerca de US$ 15 milh\u00f5es \u00e0 \u00e9poca &#8211; que em valores corrigidos somariam cerca de R$ 500 milh\u00f5es, segundo Pieranti -, foram adquiridos, por licita\u00e7\u00e3o, nove transmissores em ondas curtas, al\u00e9m de dois transmissores de ondas m\u00e9dias (R\u00e1dio Nacional AM) e um transmissor FM (da R\u00e1dio Nacional FM de Bras\u00edlia). Atualmente, no Parque do Rodeador, operam dois transmissores em ondas curtas.<\/p>\n<p>A \u00e1rea abriga quatro conjuntos de antenas gigantes, sendo uma de ondas m\u00e9dias, com 142 metros de altura, al\u00e9m de mais tr\u00eas conjuntos com torres mais altas, atingindo 147 metros, e transmitem em ondas curtas. O projeto foi desenvolvido com os recursos mais modernos da \u00e9poca, para obter maior ganho, alcance da transmiss\u00e3o dos sinais de r\u00e1dio e tinha a proposta de transmitir conte\u00fados em seis idiomas distintos, j\u00e1 que o sinal poderia ser captado muito al\u00e9m das fronteiras do pa\u00eds. H\u00e1 at\u00e9 mesmo uma subesta\u00e7\u00e3o de energia pr\u00f3pria para alimentar o sistema de antenas e transmissores do parque.<\/p>\n<p>Ondas curtas \u00e9 o nome que se d\u00e1 \u00e0 faixa do espectro eletromagn\u00e9tico localizada aproximadamente entre tr\u00eas e 30 megahertz. S\u00e3o as \u00fanicas que permitem a transmiss\u00e3o radiof\u00f4nica em vastas \u00e1reas da superf\u00edcie terrestre, ultrapassando fronteiras.<\/p>\n<p>Em 2018, o Parque do Rodeador foi oficialmente classificado como infraestrutura cr\u00edtica de radiodifus\u00e3o em situa\u00e7\u00f5es de desastre, cat\u00e1strofes naturais e emergenciais, quando a radiodifus\u00e3o \u00e9 utilizada como servi\u00e7o complementar de comunica\u00e7\u00e3o. Esse enquadramento foi determinado pelo Gabinete de Seguran\u00e7a Institucional da Presid\u00eancia da Rep\u00fablica (GSI). &#8220;Se, por algum motivo, cair o acesso \u00e0 internet numa determinada regi\u00e3o do pa\u00eds, cair a possibilidade de comunica\u00e7\u00e3o pelas redes tradicionais, vai ser poss\u00edvel, ainda assim, para o Estado brasileiro, chegar \u00e0 popula\u00e7\u00e3o, por meio da R\u00e1dio Nacional da Amaz\u00f4nia&#8221;, explica Pieranti.<\/p>\n<p><strong>Hist\u00f3ria<\/strong><br \/>\nO nome Rodeador est\u00e1 nos registros de viajantes que cruzaram o Brasil em meados do s\u00e9culo XVIII. Pesquisadores goianos e brasilienses, a partir de 1980, compilaram registros de viagens de D. Luis da Cunha Menezes. Em 1734, o ent\u00e3o capit\u00e3o-general da Capitania de Goi\u00e1s atravessou o pa\u00eds, saindo de Salvador at\u00e9 onde hoje \u00e9 a Cidade de Goi\u00e1s, uma das mais antigas do pa\u00eds, para chegar l\u00e1, pr\u00f3ximo da \u00e1rea onde hoje \u00e9 Bras\u00edlia.<\/p>\n<p>&#8220;A presen\u00e7a do Rodeador est\u00e1 marcada na Estrada Real dos Goiases. Esse ambiente de inser\u00e7\u00e3o do Rodeador na hist\u00f3ria do Brasil \u00e9 inspirador para pensar o que veio a se tornar esse lugar, em import\u00e2ncia estrat\u00e9gica&#8221;, relata Fernando Paulino, professor da Universidade de Bras\u00edlia (UnB) e presidente da Associa\u00e7\u00e3o Latino-Americana de Pesquisadores em Comunica\u00e7\u00e3o (Alaic).<\/p>\n<p>Outra refer\u00eancia \u00e9 a viagem de Francisco Adolfo Varnhagen, o visconde de Porto Seguro, que a pedido do ent\u00e3o imperador D. Pedro II, atravessou do litoral ao Planalto Central descrevendo sua passagem pela mesma regi\u00e3o onde viria ser constru\u00edda a capital do pa\u00eds quase 100 anos depois. Seu estudo, publicado em livro &#8211; A Quest\u00e3o da Capital: mar\u00edtima ou no interior? &#8211; teria influenciado a escolha de mudan\u00e7a da capital brasileira.<\/p>\n<p>&#8220;No livro, ele aponta as vantagens em defesa da mudan\u00e7a capital, que influenciou v\u00e1rios discursos de Juscelino Kubitschek&#8221;, acrescenta Paulino.<\/p>\n<p><strong>Irradia\u00e7\u00f5es alien\u00edgenas<\/strong><br \/>\nO contexto de constru\u00e7\u00e3o desse sistema de comunica\u00e7\u00e3o explica a preocupa\u00e7\u00e3o com a grandeza da obra. O mundo estava em plena Guerra Fria, opondo Estados Unidos e Uni\u00e3o Sovi\u00e9tica na disputa ideol\u00f3gica e militar entre capitalistas e comunistas.<\/p>\n<p>&#8220;Era um dos momentos mais autorit\u00e1rios e repressivos da ditadura, durante o governo [Em\u00edlio Garrastazu] M\u00e9dici, momento tamb\u00e9m da realiza\u00e7\u00e3o das obras fara\u00f4nicas daquele per\u00edodo, como a Rodovia Transamaz\u00f4nica, a Ponte Rio-Niter\u00f3i. \u00c9 nesse contexto que se encaixa o parque do Rodeador&#8221;, conta Pieranti. Uma preocupa\u00e7\u00e3o dos militares era a integra\u00e7\u00e3o nacional e a amea\u00e7a comunista que vinha do norte, mais especificamente de Cuba.<\/p>\n<p>&#8220;Falava-se que emissoras de pa\u00edses socialistas, ou seja, pa\u00edses inimigos do Brasil num contexto de Guerra Fria, chegavam \u00e0 Amaz\u00f4nia, especialmente emissoras cubanas. O Estado brasileiro n\u00e3o conseguia fazer resist\u00eancia a essa entrada. Em v\u00e1rios documentos, a ditadura militar se refere a essas transmiss\u00f5es como &#8216;irradia\u00e7\u00f5es alien\u00edgenas&#8217;, como se ela viesse do espa\u00e7o, mas vinha de alguns quil\u00f4metros ao norte&#8221;.<\/p>\n<p><strong>Comunica\u00e7\u00e3o de massa<\/strong><br \/>\nApesar do impulso geopol\u00edtico que deu cabo ao projeto, no decorrer dos anos 1970, o agravamento da crise econ\u00f4mica fez o Estado brasileiro reorientar as prioridades da R\u00e1dio Nacional da Amaz\u00f4nia, que passou a funcionar muito mais como fator de integra\u00e7\u00e3o regional em um pa\u00eds de dimens\u00f5es continentais.<\/p>\n<p>&#8220;A R\u00e1dio Nacional da Amaz\u00f4nia \u00e9 respons\u00e1vel por universalizar a comunica\u00e7\u00e3o de massa. Naqueles pontos, no meio da floresta, onde \u00e9 imposs\u00edvel ouvir uma r\u00e1dio FM, chega o sinal da Nacional da Amaz\u00f4nia, transmitindo em ondas curtas. Ela \u00e9 respons\u00e1vel por garantir o direito \u00e0 comunica\u00e7\u00e3o de parte significativa da popula\u00e7\u00e3o&#8221;, destaca Pieranti.<\/p>\n<p>&#8220;Nenhum pa\u00eds do mundo, que tem o tamanho do Brasil, renunciou \u00e0s suas emissoras de ondas curtas, porque sabe que elas s\u00e3o estrat\u00e9gicas, at\u00e9 mesmo em quest\u00f5es de seguran\u00e7a&#8221;, argumenta N\u00e9lia Del Bianco, professora da Universidade Federal de Goi\u00e1s (UFG) e da Universidade de Bras\u00edlia (UnB), e pesquisadora de pol\u00edticas p\u00fablicas de comunica\u00e7\u00e3o.<\/p>\n<p>Um epis\u00f3dio tr\u00e1gico, em 2017, marcou a hist\u00f3ria do Parque do Rodeador. Uma sequ\u00eancia de raios atingiu a subesta\u00e7\u00e3o de energia que alimenta o parque, for\u00e7ando a R\u00e1dio Nacional da Amaz\u00f4nia, a operar em hor\u00e1rio reduzido e e restringir o alcance do sinal, que ficou com apenas 5% da sua capacidade. O problema s\u00f3 foi resolvido em 2020.<\/p>\n<p>&#8220;Esse acidente trouxe \u00e0 luz a import\u00e2ncia da R\u00e1dio Nacional da Amaz\u00f4nia. A emissora deixou de alcan\u00e7ar milh\u00f5es de moradores em \u00e1reas rurais, ribeirinhas e fronteiri\u00e7as da Regi\u00e3o Amaz\u00f4nica. Aquele epis\u00f3dio levou caciques e l\u00edderes ribeirinhos a redigirem manifesto pedindo empenho para que se retornasse \u00e0 r\u00e1dio com sua pot\u00eancia original. \u00c9 uma popula\u00e7\u00e3o que a gente \u00e0s vezes n\u00e3o imagina, percorre dias de barco at\u00e9 a cidade mais pr\u00f3xima, ent\u00e3o, a \u00fanica forma de conectar-se ao mundo \u00e9 pelo r\u00e1dio&#8221;, observa Del Bianco. Ainda nos dias atuais, os ouvintes fieis da r\u00e1dio na Amaz\u00f4nia t\u00eam uma uma rela\u00e7\u00e3o afetiva com locutores, produtores e rep\u00f3rteres da emissora.<\/p>\n<p>&#8220;Ainda \u00e9 um ve\u00edculo primordial para falar de temas complexos, como mudan\u00e7as clim\u00e1ticas, como a seca que atingiu a Amaz\u00f4nia no ano passado&#8221;, diz a professora. Apesar do avan\u00e7o do acesso \u00e0 internet no pa\u00eds, na regi\u00e3o Amaz\u00f4nica esse processo ainda \u00e9 relativamente lento e desigual. &#8220;N\u00e3o \u00e9 poss\u00edvel pensar que iniciativas como a do Elon Musk e sua constela\u00e7\u00e3o de sat\u00e9lites da Starlink seja solu\u00e7\u00e3o para os problemas de acesso \u00e0 internet na regi\u00e3o. Levantamentos da pesquisa mostram que 10% das escolas na Amaz\u00f4nia nem sequer t\u00eam energia el\u00e9trica&#8221;, afirma N\u00e9lia Del Bianco.<\/p>\n","protected":false},"excerpt":{"rendered":"<p>O principal meio de comunica\u00e7\u00e3o da Amaz\u00f4nia n\u00e3o est\u00e1 localizado em nenhum ponto da mais extensa floresta tropical do planeta. \u00c9 em uma zona rural nos arredores de Bras\u00edlia que abriga o maior complexo de transmiss\u00e3o radiof\u00f4nica do pa\u00eds, incluindo os transmissores em ondas curtas (OC) da R\u00e1dio Nacional da Amaz\u00f4nia, a \u00fanica emissora do [&hellip;]<\/p>\n","protected":false},"author":2,"featured_media":323684,"comment_status":"closed","ping_status":"closed","sticky":false,"template":"","format":"standard","meta":{"_acf_changed":false,"footnotes":""},"categories":[161],"tags":[],"class_list":["post-323683","post","type-post","status-publish","format-standard","has-post-thumbnail","hentry","category-quadradinho-em-foco"],"acf":[],"yoast_head":"<!-- This site is optimized with the Yoast SEO plugin v27.2 - https:\/\/yoast.com\/product\/yoast-seo-wordpress\/ -->\n<title>Brazl\u00e2ndia, a velha fonte de informa\u00e7\u00e3o para todo o pa\u00eds - Notibras<\/title>\n<meta name=\"robots\" content=\"index, follow, max-snippet:-1, max-image-preview:large, max-video-preview:-1\" \/>\n<link rel=\"canonical\" href=\"https:\/\/www.notibras.com\/site\/brazlandia-a-velha-fonte-de-informacao-para-todo-o-pais\/\" \/>\n<meta property=\"og:locale\" content=\"pt_BR\" \/>\n<meta property=\"og:type\" content=\"article\" \/>\n<meta property=\"og:title\" content=\"Brazl\u00e2ndia, a velha fonte de informa\u00e7\u00e3o para todo o pa\u00eds - Notibras\" \/>\n<meta property=\"og:description\" content=\"O principal meio de comunica\u00e7\u00e3o da Amaz\u00f4nia n\u00e3o est\u00e1 localizado em nenhum ponto da mais extensa floresta tropical do planeta. \u00c9 em uma zona rural nos arredores de Bras\u00edlia que abriga o maior complexo de transmiss\u00e3o radiof\u00f4nica do pa\u00eds, incluindo os transmissores em ondas curtas (OC) da R\u00e1dio Nacional da Amaz\u00f4nia, a \u00fanica emissora do [&hellip;]\" \/>\n<meta property=\"og:url\" content=\"https:\/\/www.notibras.com\/site\/brazlandia-a-velha-fonte-de-informacao-para-todo-o-pais\/\" \/>\n<meta property=\"og:site_name\" content=\"Notibras\" \/>\n<meta property=\"article:publisher\" content=\"https:\/\/www.facebook.com\/notibras\/\" \/>\n<meta property=\"article:published_time\" content=\"2024-03-03T03:07:37+00:00\" \/>\n<meta property=\"article:modified_time\" content=\"2024-03-03T11:03:07+00:00\" \/>\n<meta property=\"og:image\" content=\"https:\/\/www.notibras.com\/site\/wp-content\/uploads\/2024\/03\/rn.ja_.webp\" \/>\n\t<meta property=\"og:image:width\" content=\"754\" \/>\n\t<meta property=\"og:image:height\" content=\"503\" \/>\n\t<meta property=\"og:image:type\" content=\"image\/webp\" \/>\n<meta name=\"author\" content=\"Reda\u00e7\u00e3o\" \/>\n<meta name=\"twitter:card\" content=\"summary_large_image\" \/>\n<meta name=\"twitter:creator\" content=\"@Notibras\" \/>\n<meta name=\"twitter:site\" content=\"@Notibras\" \/>\n<meta name=\"twitter:label1\" content=\"Escrito por\" \/>\n\t<meta name=\"twitter:data1\" content=\"Reda\u00e7\u00e3o\" \/>\n\t<meta name=\"twitter:label2\" content=\"Est. tempo de leitura\" \/>\n\t<meta name=\"twitter:data2\" content=\"8 minutos\" \/>\n<script type=\"application\/ld+json\" class=\"yoast-schema-graph\">{\"@context\":\"https:\/\/schema.org\",\"@graph\":[{\"@type\":\"Article\",\"@id\":\"https:\/\/www.notibras.com\/site\/brazlandia-a-velha-fonte-de-informacao-para-todo-o-pais\/#article\",\"isPartOf\":{\"@id\":\"https:\/\/www.notibras.com\/site\/brazlandia-a-velha-fonte-de-informacao-para-todo-o-pais\/\"},\"author\":{\"name\":\"Reda\u00e7\u00e3o\",\"@id\":\"https:\/\/www.notibras.com\/site\/#\/schema\/person\/36ab0979449956132d3e5b517ea76ac8\"},\"headline\":\"Brazl\u00e2ndia, a velha fonte de informa\u00e7\u00e3o para todo o pa\u00eds\",\"datePublished\":\"2024-03-03T03:07:37+00:00\",\"dateModified\":\"2024-03-03T11:03:07+00:00\",\"mainEntityOfPage\":{\"@id\":\"https:\/\/www.notibras.com\/site\/brazlandia-a-velha-fonte-de-informacao-para-todo-o-pais\/\"},\"wordCount\":1530,\"publisher\":{\"@id\":\"https:\/\/www.notibras.com\/site\/#organization\"},\"image\":{\"@id\":\"https:\/\/www.notibras.com\/site\/brazlandia-a-velha-fonte-de-informacao-para-todo-o-pais\/#primaryimage\"},\"thumbnailUrl\":\"https:\/\/www.notibras.com\/site\/wp-content\/uploads\/2024\/03\/rn.ja_.webp\",\"articleSection\":[\"Quadradinho em Foco\"],\"inLanguage\":\"pt-BR\"},{\"@type\":\"WebPage\",\"@id\":\"https:\/\/www.notibras.com\/site\/brazlandia-a-velha-fonte-de-informacao-para-todo-o-pais\/\",\"url\":\"https:\/\/www.notibras.com\/site\/brazlandia-a-velha-fonte-de-informacao-para-todo-o-pais\/\",\"name\":\"Brazl\u00e2ndia, a velha fonte de informa\u00e7\u00e3o para todo o pa\u00eds - Notibras\",\"isPartOf\":{\"@id\":\"https:\/\/www.notibras.com\/site\/#website\"},\"primaryImageOfPage\":{\"@id\":\"https:\/\/www.notibras.com\/site\/brazlandia-a-velha-fonte-de-informacao-para-todo-o-pais\/#primaryimage\"},\"image\":{\"@id\":\"https:\/\/www.notibras.com\/site\/brazlandia-a-velha-fonte-de-informacao-para-todo-o-pais\/#primaryimage\"},\"thumbnailUrl\":\"https:\/\/www.notibras.com\/site\/wp-content\/uploads\/2024\/03\/rn.ja_.webp\",\"datePublished\":\"2024-03-03T03:07:37+00:00\",\"dateModified\":\"2024-03-03T11:03:07+00:00\",\"breadcrumb\":{\"@id\":\"https:\/\/www.notibras.com\/site\/brazlandia-a-velha-fonte-de-informacao-para-todo-o-pais\/#breadcrumb\"},\"inLanguage\":\"pt-BR\",\"potentialAction\":[{\"@type\":\"ReadAction\",\"target\":[\"https:\/\/www.notibras.com\/site\/brazlandia-a-velha-fonte-de-informacao-para-todo-o-pais\/\"]}]},{\"@type\":\"ImageObject\",\"inLanguage\":\"pt-BR\",\"@id\":\"https:\/\/www.notibras.com\/site\/brazlandia-a-velha-fonte-de-informacao-para-todo-o-pais\/#primaryimage\",\"url\":\"https:\/\/www.notibras.com\/site\/wp-content\/uploads\/2024\/03\/rn.ja_.webp\",\"contentUrl\":\"https:\/\/www.notibras.com\/site\/wp-content\/uploads\/2024\/03\/rn.ja_.webp\",\"width\":754,\"height\":503},{\"@type\":\"BreadcrumbList\",\"@id\":\"https:\/\/www.notibras.com\/site\/brazlandia-a-velha-fonte-de-informacao-para-todo-o-pais\/#breadcrumb\",\"itemListElement\":[{\"@type\":\"ListItem\",\"position\":1,\"name\":\"In\u00edcio\",\"item\":\"https:\/\/www.notibras.com\/site\/\"},{\"@type\":\"ListItem\",\"position\":2,\"name\":\"Brazl\u00e2ndia, a velha fonte de informa\u00e7\u00e3o para todo o pa\u00eds\"}]},{\"@type\":\"WebSite\",\"@id\":\"https:\/\/www.notibras.com\/site\/#website\",\"url\":\"https:\/\/www.notibras.com\/site\/\",\"name\":\"Notibras\",\"description\":\"Not\u00edcias de Bras\u00edlia, do Brasil e do Mundo\",\"publisher\":{\"@id\":\"https:\/\/www.notibras.com\/site\/#organization\"},\"potentialAction\":[{\"@type\":\"SearchAction\",\"target\":{\"@type\":\"EntryPoint\",\"urlTemplate\":\"https:\/\/www.notibras.com\/site\/?s={search_term_string}\"},\"query-input\":{\"@type\":\"PropertyValueSpecification\",\"valueRequired\":true,\"valueName\":\"search_term_string\"}}],\"inLanguage\":\"pt-BR\"},{\"@type\":\"Organization\",\"@id\":\"https:\/\/www.notibras.com\/site\/#organization\",\"name\":\"Grupo Notibras de Comunica\u00e7\u00e3o\",\"url\":\"https:\/\/www.notibras.com\/site\/\",\"logo\":{\"@type\":\"ImageObject\",\"inLanguage\":\"pt-BR\",\"@id\":\"https:\/\/www.notibras.com\/site\/#\/schema\/logo\/image\/\",\"url\":\"https:\/\/www.notibras.com\/site\/wp-content\/uploads\/2023\/01\/notibras23.png\",\"contentUrl\":\"https:\/\/www.notibras.com\/site\/wp-content\/uploads\/2023\/01\/notibras23.png\",\"width\":350,\"height\":87,\"caption\":\"Grupo Notibras de Comunica\u00e7\u00e3o\"},\"image\":{\"@id\":\"https:\/\/www.notibras.com\/site\/#\/schema\/logo\/image\/\"},\"sameAs\":[\"https:\/\/www.facebook.com\/notibras\/\",\"https:\/\/x.com\/Notibras\",\"https:\/\/www.instagram.com\/notibras\/\"]},{\"@type\":\"Person\",\"@id\":\"https:\/\/www.notibras.com\/site\/#\/schema\/person\/36ab0979449956132d3e5b517ea76ac8\",\"name\":\"Reda\u00e7\u00e3o\",\"image\":{\"@type\":\"ImageObject\",\"inLanguage\":\"pt-BR\",\"@id\":\"https:\/\/secure.gravatar.com\/avatar\/e0a867bdedb85fd243eadf09663511f96fc81e0720a4a42581f334ad4303aa6b?s=96&d=mm&r=g\",\"url\":\"https:\/\/secure.gravatar.com\/avatar\/e0a867bdedb85fd243eadf09663511f96fc81e0720a4a42581f334ad4303aa6b?s=96&d=mm&r=g\",\"contentUrl\":\"https:\/\/secure.gravatar.com\/avatar\/e0a867bdedb85fd243eadf09663511f96fc81e0720a4a42581f334ad4303aa6b?s=96&d=mm&r=g\",\"caption\":\"Reda\u00e7\u00e3o\"}}]}<\/script>\n<!-- \/ Yoast SEO plugin. -->","yoast_head_json":{"title":"Brazl\u00e2ndia, a velha fonte de informa\u00e7\u00e3o para todo o pa\u00eds - Notibras","robots":{"index":"index","follow":"follow","max-snippet":"max-snippet:-1","max-image-preview":"max-image-preview:large","max-video-preview":"max-video-preview:-1"},"canonical":"https:\/\/www.notibras.com\/site\/brazlandia-a-velha-fonte-de-informacao-para-todo-o-pais\/","og_locale":"pt_BR","og_type":"article","og_title":"Brazl\u00e2ndia, a velha fonte de informa\u00e7\u00e3o para todo o pa\u00eds - Notibras","og_description":"O principal meio de comunica\u00e7\u00e3o da Amaz\u00f4nia n\u00e3o est\u00e1 localizado em nenhum ponto da mais extensa floresta tropical do planeta. \u00c9 em uma zona rural nos arredores de Bras\u00edlia que abriga o maior complexo de transmiss\u00e3o radiof\u00f4nica do pa\u00eds, incluindo os transmissores em ondas curtas (OC) da R\u00e1dio Nacional da Amaz\u00f4nia, a \u00fanica emissora do [&hellip;]","og_url":"https:\/\/www.notibras.com\/site\/brazlandia-a-velha-fonte-de-informacao-para-todo-o-pais\/","og_site_name":"Notibras","article_publisher":"https:\/\/www.facebook.com\/notibras\/","article_published_time":"2024-03-03T03:07:37+00:00","article_modified_time":"2024-03-03T11:03:07+00:00","og_image":[{"width":754,"height":503,"url":"https:\/\/www.notibras.com\/site\/wp-content\/uploads\/2024\/03\/rn.ja_.webp","type":"image\/webp"}],"author":"Reda\u00e7\u00e3o","twitter_card":"summary_large_image","twitter_creator":"@Notibras","twitter_site":"@Notibras","twitter_misc":{"Escrito por":"Reda\u00e7\u00e3o","Est. tempo de leitura":"8 minutos"},"schema":{"@context":"https:\/\/schema.org","@graph":[{"@type":"Article","@id":"https:\/\/www.notibras.com\/site\/brazlandia-a-velha-fonte-de-informacao-para-todo-o-pais\/#article","isPartOf":{"@id":"https:\/\/www.notibras.com\/site\/brazlandia-a-velha-fonte-de-informacao-para-todo-o-pais\/"},"author":{"name":"Reda\u00e7\u00e3o","@id":"https:\/\/www.notibras.com\/site\/#\/schema\/person\/36ab0979449956132d3e5b517ea76ac8"},"headline":"Brazl\u00e2ndia, a velha fonte de informa\u00e7\u00e3o para todo o pa\u00eds","datePublished":"2024-03-03T03:07:37+00:00","dateModified":"2024-03-03T11:03:07+00:00","mainEntityOfPage":{"@id":"https:\/\/www.notibras.com\/site\/brazlandia-a-velha-fonte-de-informacao-para-todo-o-pais\/"},"wordCount":1530,"publisher":{"@id":"https:\/\/www.notibras.com\/site\/#organization"},"image":{"@id":"https:\/\/www.notibras.com\/site\/brazlandia-a-velha-fonte-de-informacao-para-todo-o-pais\/#primaryimage"},"thumbnailUrl":"https:\/\/www.notibras.com\/site\/wp-content\/uploads\/2024\/03\/rn.ja_.webp","articleSection":["Quadradinho em Foco"],"inLanguage":"pt-BR"},{"@type":"WebPage","@id":"https:\/\/www.notibras.com\/site\/brazlandia-a-velha-fonte-de-informacao-para-todo-o-pais\/","url":"https:\/\/www.notibras.com\/site\/brazlandia-a-velha-fonte-de-informacao-para-todo-o-pais\/","name":"Brazl\u00e2ndia, a velha fonte de informa\u00e7\u00e3o para todo o pa\u00eds - Notibras","isPartOf":{"@id":"https:\/\/www.notibras.com\/site\/#website"},"primaryImageOfPage":{"@id":"https:\/\/www.notibras.com\/site\/brazlandia-a-velha-fonte-de-informacao-para-todo-o-pais\/#primaryimage"},"image":{"@id":"https:\/\/www.notibras.com\/site\/brazlandia-a-velha-fonte-de-informacao-para-todo-o-pais\/#primaryimage"},"thumbnailUrl":"https:\/\/www.notibras.com\/site\/wp-content\/uploads\/2024\/03\/rn.ja_.webp","datePublished":"2024-03-03T03:07:37+00:00","dateModified":"2024-03-03T11:03:07+00:00","breadcrumb":{"@id":"https:\/\/www.notibras.com\/site\/brazlandia-a-velha-fonte-de-informacao-para-todo-o-pais\/#breadcrumb"},"inLanguage":"pt-BR","potentialAction":[{"@type":"ReadAction","target":["https:\/\/www.notibras.com\/site\/brazlandia-a-velha-fonte-de-informacao-para-todo-o-pais\/"]}]},{"@type":"ImageObject","inLanguage":"pt-BR","@id":"https:\/\/www.notibras.com\/site\/brazlandia-a-velha-fonte-de-informacao-para-todo-o-pais\/#primaryimage","url":"https:\/\/www.notibras.com\/site\/wp-content\/uploads\/2024\/03\/rn.ja_.webp","contentUrl":"https:\/\/www.notibras.com\/site\/wp-content\/uploads\/2024\/03\/rn.ja_.webp","width":754,"height":503},{"@type":"BreadcrumbList","@id":"https:\/\/www.notibras.com\/site\/brazlandia-a-velha-fonte-de-informacao-para-todo-o-pais\/#breadcrumb","itemListElement":[{"@type":"ListItem","position":1,"name":"In\u00edcio","item":"https:\/\/www.notibras.com\/site\/"},{"@type":"ListItem","position":2,"name":"Brazl\u00e2ndia, a velha fonte de informa\u00e7\u00e3o para todo o pa\u00eds"}]},{"@type":"WebSite","@id":"https:\/\/www.notibras.com\/site\/#website","url":"https:\/\/www.notibras.com\/site\/","name":"Notibras","description":"Not\u00edcias de Bras\u00edlia, do Brasil e do Mundo","publisher":{"@id":"https:\/\/www.notibras.com\/site\/#organization"},"potentialAction":[{"@type":"SearchAction","target":{"@type":"EntryPoint","urlTemplate":"https:\/\/www.notibras.com\/site\/?s={search_term_string}"},"query-input":{"@type":"PropertyValueSpecification","valueRequired":true,"valueName":"search_term_string"}}],"inLanguage":"pt-BR"},{"@type":"Organization","@id":"https:\/\/www.notibras.com\/site\/#organization","name":"Grupo Notibras de Comunica\u00e7\u00e3o","url":"https:\/\/www.notibras.com\/site\/","logo":{"@type":"ImageObject","inLanguage":"pt-BR","@id":"https:\/\/www.notibras.com\/site\/#\/schema\/logo\/image\/","url":"https:\/\/www.notibras.com\/site\/wp-content\/uploads\/2023\/01\/notibras23.png","contentUrl":"https:\/\/www.notibras.com\/site\/wp-content\/uploads\/2023\/01\/notibras23.png","width":350,"height":87,"caption":"Grupo Notibras de Comunica\u00e7\u00e3o"},"image":{"@id":"https:\/\/www.notibras.com\/site\/#\/schema\/logo\/image\/"},"sameAs":["https:\/\/www.facebook.com\/notibras\/","https:\/\/x.com\/Notibras","https:\/\/www.instagram.com\/notibras\/"]},{"@type":"Person","@id":"https:\/\/www.notibras.com\/site\/#\/schema\/person\/36ab0979449956132d3e5b517ea76ac8","name":"Reda\u00e7\u00e3o","image":{"@type":"ImageObject","inLanguage":"pt-BR","@id":"https:\/\/secure.gravatar.com\/avatar\/e0a867bdedb85fd243eadf09663511f96fc81e0720a4a42581f334ad4303aa6b?s=96&d=mm&r=g","url":"https:\/\/secure.gravatar.com\/avatar\/e0a867bdedb85fd243eadf09663511f96fc81e0720a4a42581f334ad4303aa6b?s=96&d=mm&r=g","contentUrl":"https:\/\/secure.gravatar.com\/avatar\/e0a867bdedb85fd243eadf09663511f96fc81e0720a4a42581f334ad4303aa6b?s=96&d=mm&r=g","caption":"Reda\u00e7\u00e3o"}}]}},"amp_enabled":true,"_links":{"self":[{"href":"https:\/\/www.notibras.com\/site\/wp-json\/wp\/v2\/posts\/323683","targetHints":{"allow":["GET"]}}],"collection":[{"href":"https:\/\/www.notibras.com\/site\/wp-json\/wp\/v2\/posts"}],"about":[{"href":"https:\/\/www.notibras.com\/site\/wp-json\/wp\/v2\/types\/post"}],"author":[{"embeddable":true,"href":"https:\/\/www.notibras.com\/site\/wp-json\/wp\/v2\/users\/2"}],"replies":[{"embeddable":true,"href":"https:\/\/www.notibras.com\/site\/wp-json\/wp\/v2\/comments?post=323683"}],"version-history":[{"count":1,"href":"https:\/\/www.notibras.com\/site\/wp-json\/wp\/v2\/posts\/323683\/revisions"}],"predecessor-version":[{"id":323685,"href":"https:\/\/www.notibras.com\/site\/wp-json\/wp\/v2\/posts\/323683\/revisions\/323685"}],"wp:featuredmedia":[{"embeddable":true,"href":"https:\/\/www.notibras.com\/site\/wp-json\/wp\/v2\/media\/323684"}],"wp:attachment":[{"href":"https:\/\/www.notibras.com\/site\/wp-json\/wp\/v2\/media?parent=323683"}],"wp:term":[{"taxonomy":"category","embeddable":true,"href":"https:\/\/www.notibras.com\/site\/wp-json\/wp\/v2\/categories?post=323683"},{"taxonomy":"post_tag","embeddable":true,"href":"https:\/\/www.notibras.com\/site\/wp-json\/wp\/v2\/tags?post=323683"}],"curies":[{"name":"wp","href":"https:\/\/api.w.org\/{rel}","templated":true}]}}