{"id":323692,"date":"2024-03-03T00:00:01","date_gmt":"2024-03-03T03:00:01","guid":{"rendered":"https:\/\/www.notibras.com\/site\/?p=323692"},"modified":"2024-03-03T08:43:03","modified_gmt":"2024-03-03T11:43:03","slug":"projeto-prepara-profissionalmente-reeducandos-para-nova-chance","status":"publish","type":"post","link":"https:\/\/www.notibras.com\/site\/projeto-prepara-profissionalmente-reeducandos-para-nova-chance\/","title":{"rendered":"Projeto prepara profissionalmente reeducandos para nova chance"},"content":{"rendered":"<p>Um dos grandes desafios do sistema prisional \u00e9 vencer o preconceito e proporcionar a inclus\u00e3o social de detentos e egressos, ao mesmo tempo em que reduz as desigualdades sociais e a criminalidade no pa\u00eds. Para transformar essa realidade, o Governo do Distrito Federal, por meio do Projeto Capacita Funap, da Secretaria de Justi\u00e7a e Cidadania (Sejus), vem investindo em projetos de resgate da cidadania de pessoas presas oferecendo uma importante ferramenta transformadora: o trabalho.<\/p>\n<p>H\u00e1 tr\u00eas meses, Jo\u00e3o Fernandes, de 53 anos, tenta mudar de vida. Diariamente, ele dedica 15 horas do seu dia cumprindo a rotina de deixar o Centro de Progress\u00e3o Penitenci\u00e1ria (CPP) no Setor de Ind\u00fastria e Abastecimento, at\u00e9 o local em que trabalha como ajudante geral. A percep\u00e7\u00e3o de Jo\u00e3o \u00e9 que essas horas valem como ouro para ser reintegrado \u00e0 sociedade e conquistar uma vida melhor.<\/p>\n<p>\u201cEssa oportunidade \u00e9 um renascimento para mim. Quando perdemos a liberdade, olham para a gente como lixo. Quero crescer dentro da empresa, ajudar a minha fam\u00edlia \u00e9 uma chance que quero abra\u00e7ar, me sentir cidad\u00e3o de novo e para isso contamos com a ajuda de pessoas que acreditam no nosso potencial\u201d, diz. \u201cAl\u00e9m disso, n\u00e3o queremos melhorar somente por n\u00f3s, \u00e9 mostrar para a sociedade que temos recupera\u00e7\u00e3o, sim\u201d, enfatiza Fernandes.<\/p>\n<p>Jo\u00e3o faz parte do Capacita Funap, que visa proporcionar m\u00e3o de obra de reeducandos para empresas que desejam contribuir na reintegra\u00e7\u00e3o social de pessoas que cumprem pena. O projeto foi lan\u00e7ado no fim de 2023 pela Funda\u00e7\u00e3o de Amparo ao Trabalhador Preso, \u00f3rg\u00e3o vinculado \u00e0 Sejus. Por meio do projeto, a Funap disponibiliza \u00e0s empresas a m\u00e3o de obra dos reeducandos por um per\u00edodo de at\u00e9 tr\u00eas meses. Durante esse tempo, todos os custos financeiros relacionados ao funcion\u00e1rio s\u00e3o assumidos pela Funda\u00e7\u00e3o. Isso permite que empresas locais recebam assist\u00eancia enquanto investem no futuro dos reeducandos.<\/p>\n<p>Atualmente, cerca de 60 detentos do regime semiaberto fazem parte do programa e est\u00e3o empregados em 10 empresas parceiras de v\u00e1rios setores. Os participantes recebem a bolsa ressocializa\u00e7\u00e3o equivalente ao N\u00edvel I (no valore de R$ 990), aux\u00edlio-transporte, aux\u00edlio-alimenta\u00e7\u00e3o e seguro de acidente pessoal. O GDF investe mensalmente R$ 150 mil no projeto.<\/p>\n<p>\u201cO programa \u00e9 uma oportunidade dada pelo governo para que as pessoas que est\u00e3o em conflito com a lei possam reconstruir suas vidas com uma nova hist\u00f3ria. Dessa forma, os reeducandos v\u00e3o para o mercado de trabalho e tamb\u00e9m suprem as necessidades das empresas levando m\u00e3o de obra qualificada para empres\u00e1rios e consequentemente para a sociedade\u201d, afirma a secret\u00e1ria de Justi\u00e7a e Cidadania, Marcela Passamani.<\/p>\n<p><strong>Parceiros<\/strong><br \/>\nA construtora ORX Engenharia \u00e9 uma das empresas que t\u00eam contrato com a Funap e oferecem capacita\u00e7\u00e3o e trabalho aos presidi\u00e1rios por meio do Capacita Funap. H\u00e1 tr\u00eas meses, ela emprega 10 presos nas obras p\u00fablicas e privadas que atuam e qualificam os funcion\u00e1rios durante o per\u00edodo de est\u00e1gio probat\u00f3rio.<\/p>\n<p>\u201cTodos eles atuam como ajudantes gerais, participam de todas as etapas da obra, na parte de funda\u00e7\u00e3o, el\u00e9trica, hidr\u00e1ulica, pintura, entre outras. Aqueles que n\u00e3o t\u00eam forma\u00e7\u00e3o ou profiss\u00e3o bem definida t\u00eam a oportunidade de aprender e ap\u00f3s os tr\u00eas meses recebem uma certifica\u00e7\u00e3o, que facilitar\u00e1 o processo de reinser\u00e7\u00e3o em outros empregos\u201d, explica o arquiteto Carlos Bueno, gestor do contrato com a Funap.<\/p>\n<p>Prestes a completar quatro meses de contrato, o gestor informa que a construtora j\u00e1 efetivou oito reeducandos no quadro de funcion\u00e1rios. Ele adianta que pretende requisitar junto a Funap mais detentos para atuar na empresa. \u201cNo setor, h\u00e1 uma rotatividade muito grande de funcion\u00e1rios, \u00e9 sempre muito dif\u00edcil manter uma equipe. Vimos no projeto uma oportunidade, principalmente com esse investimento inicial do governo, que nos permite conhecer os funcion\u00e1rios, quebrar qualquer tipo de preconceito. \u00c9 bom para os funcion\u00e1rios, bom para a empresa e para toda a sociedade\u201d, destaca Bueno.<\/p>\n<p>Quem tamb\u00e9m est\u00e1 satisfeito com o Capacita Funap e j\u00e1 contratou os funcion\u00e1rios, \u00e9 o empres\u00e1rio Gustavo Monteiro. Propriet\u00e1rio de um petshop em Sobradinho, ele emprega dois detentos e acredita que o projeto beneficia todos. \u201c\u00c9 uma segunda chance para eles, o que tamb\u00e9m acaba nos auxiliando na contrata\u00e7\u00e3o de funcion\u00e1rios, que s\u00e3o caras e burocr\u00e1ticas. Soube do programa e quis participar. Ele acabou quebrando o meu pr\u00f3prio preconceito. Ap\u00f3s conhecer o trabalho e os meninos, vi que s\u00e3o bastante prestativos, e bons funcion\u00e1rios. Acredito que era disso que precisavam\u201d, conta. \u201cSou pequeno e estou dando essa chance. Se todos empres\u00e1rios contratarem um, quem sabe diminuiria um pouco mais esse preconceito\u201d, avalia o empres\u00e1rio.<\/p>\n<p>Lucas Aguiar, de 33 anos, foi um dos funcion\u00e1rios contratados no petshop. Das 8h \u00e0s 17h ele trabalha e se capacita como tosador. A inten\u00e7\u00e3o \u00e9 no futuro abrir a pr\u00f3pria loja e dar a mesma oportunidade que recebeu para outros apenados. \u201cAgora estou juntando meu dinheiro e vou abrir minha loja. O curso foi um diferencial na minha vida, eu n\u00e3o tinha profiss\u00e3o e hoje j\u00e1 tenho e quero dar oportunidade para outros. Com esse projeto da Funap, novas chances de trabalho surgiram e a fila dos que esperam pelo emprego tem diminu\u00eddo\u201d, diz o detento.<\/p>\n<p><strong>Reintegra\u00e7\u00e3o<\/strong><br \/>\nPara quem ainda insiste em ter preconceitos, os dados apontam para o bom comportamento dos detentos. Hoje, o \u00edndice de reincid\u00eancia dos reeducandos que est\u00e3o inseridos no mercado de trabalho \u00e9 de menos de 5%, segundo a Funap. O que mostra que a\u00e7\u00f5es do governo t\u00eam impactado de maneira positiva na redu\u00e7\u00e3o da criminalidade no DF.<\/p>\n<p>A Funda\u00e7\u00e3o tem mais de 2.975 reeducandos inseridos no mercado de trabalho, com mais de 90 contratos estabelecidos entre \u00f3rg\u00e3os p\u00fablicos, empresas privadas e organiza\u00e7\u00f5es do terceiro setor. Atualmente, cerca de 1.500 detentos est\u00e3o aguardando para ingressar no mercado de trabalho.<\/p>\n<p>Todos os reeducandos que fazem parte dos projetos de capacita\u00e7\u00e3o s\u00e3o acompanhados pelos profissionais da funda\u00e7\u00e3o, recebem orienta\u00e7\u00f5es de como se comportar no ambiente de trabalho e s\u00e3o monitorados pelo servi\u00e7o penitenci\u00e1rio.<\/p>\n","protected":false},"excerpt":{"rendered":"<p>Um dos grandes desafios do sistema prisional \u00e9 vencer o preconceito e proporcionar a inclus\u00e3o social de detentos e egressos, ao mesmo tempo em que reduz as desigualdades sociais e a criminalidade no pa\u00eds. Para transformar essa realidade, o Governo do Distrito Federal, por meio do Projeto Capacita Funap, da Secretaria de Justi\u00e7a e Cidadania [&hellip;]<\/p>\n","protected":false},"author":2,"featured_media":323693,"comment_status":"closed","ping_status":"closed","sticky":false,"template":"","format":"standard","meta":{"_acf_changed":false,"footnotes":""},"categories":[161],"tags":[],"class_list":["post-323692","post","type-post","status-publish","format-standard","has-post-thumbnail","hentry","category-quadradinho-em-foco"],"acf":[],"yoast_head":"<!-- This site is optimized with the Yoast SEO plugin v27.2 - https:\/\/yoast.com\/product\/yoast-seo-wordpress\/ -->\n<title>Projeto prepara profissionalmente reeducandos para nova chance - Notibras<\/title>\n<meta name=\"robots\" content=\"index, follow, max-snippet:-1, max-image-preview:large, max-video-preview:-1\" \/>\n<link rel=\"canonical\" href=\"https:\/\/www.notibras.com\/site\/projeto-prepara-profissionalmente-reeducandos-para-nova-chance\/\" \/>\n<meta property=\"og:locale\" content=\"pt_BR\" \/>\n<meta property=\"og:type\" content=\"article\" \/>\n<meta property=\"og:title\" content=\"Projeto prepara profissionalmente reeducandos para nova chance - Notibras\" \/>\n<meta property=\"og:description\" content=\"Um dos grandes desafios do sistema prisional \u00e9 vencer o preconceito e proporcionar a inclus\u00e3o social de detentos e egressos, ao mesmo tempo em que reduz as desigualdades sociais e a criminalidade no pa\u00eds. Para transformar essa realidade, o Governo do Distrito Federal, por meio do Projeto Capacita Funap, da Secretaria de Justi\u00e7a e Cidadania [&hellip;]\" \/>\n<meta property=\"og:url\" content=\"https:\/\/www.notibras.com\/site\/projeto-prepara-profissionalmente-reeducandos-para-nova-chance\/\" \/>\n<meta property=\"og:site_name\" content=\"Notibras\" \/>\n<meta property=\"article:publisher\" content=\"https:\/\/www.facebook.com\/notibras\/\" \/>\n<meta property=\"article:published_time\" content=\"2024-03-03T03:00:01+00:00\" \/>\n<meta property=\"article:modified_time\" content=\"2024-03-03T11:43:03+00:00\" \/>\n<meta property=\"og:image\" content=\"https:\/\/www.notibras.com\/site\/wp-content\/uploads\/2024\/03\/Joao-Fernandes-1-768x512-1.jpg\" \/>\n\t<meta property=\"og:image:width\" content=\"768\" \/>\n\t<meta property=\"og:image:height\" content=\"512\" \/>\n\t<meta property=\"og:image:type\" content=\"image\/jpeg\" \/>\n<meta name=\"author\" content=\"Reda\u00e7\u00e3o\" \/>\n<meta name=\"twitter:card\" content=\"summary_large_image\" \/>\n<meta name=\"twitter:creator\" content=\"@Notibras\" \/>\n<meta name=\"twitter:site\" content=\"@Notibras\" \/>\n<meta name=\"twitter:label1\" content=\"Escrito por\" \/>\n\t<meta name=\"twitter:data1\" content=\"Reda\u00e7\u00e3o\" \/>\n\t<meta name=\"twitter:label2\" content=\"Est. tempo de leitura\" \/>\n\t<meta name=\"twitter:data2\" content=\"6 minutos\" \/>\n<script type=\"application\/ld+json\" class=\"yoast-schema-graph\">{\"@context\":\"https:\/\/schema.org\",\"@graph\":[{\"@type\":\"Article\",\"@id\":\"https:\/\/www.notibras.com\/site\/projeto-prepara-profissionalmente-reeducandos-para-nova-chance\/#article\",\"isPartOf\":{\"@id\":\"https:\/\/www.notibras.com\/site\/projeto-prepara-profissionalmente-reeducandos-para-nova-chance\/\"},\"author\":{\"name\":\"Reda\u00e7\u00e3o\",\"@id\":\"https:\/\/www.notibras.com\/site\/#\/schema\/person\/36ab0979449956132d3e5b517ea76ac8\"},\"headline\":\"Projeto prepara profissionalmente reeducandos para nova chance\",\"datePublished\":\"2024-03-03T03:00:01+00:00\",\"dateModified\":\"2024-03-03T11:43:03+00:00\",\"mainEntityOfPage\":{\"@id\":\"https:\/\/www.notibras.com\/site\/projeto-prepara-profissionalmente-reeducandos-para-nova-chance\/\"},\"wordCount\":1060,\"publisher\":{\"@id\":\"https:\/\/www.notibras.com\/site\/#organization\"},\"image\":{\"@id\":\"https:\/\/www.notibras.com\/site\/projeto-prepara-profissionalmente-reeducandos-para-nova-chance\/#primaryimage\"},\"thumbnailUrl\":\"https:\/\/www.notibras.com\/site\/wp-content\/uploads\/2024\/03\/Joao-Fernandes-1-768x512-1.jpg\",\"articleSection\":[\"Quadradinho em Foco\"],\"inLanguage\":\"pt-BR\"},{\"@type\":\"WebPage\",\"@id\":\"https:\/\/www.notibras.com\/site\/projeto-prepara-profissionalmente-reeducandos-para-nova-chance\/\",\"url\":\"https:\/\/www.notibras.com\/site\/projeto-prepara-profissionalmente-reeducandos-para-nova-chance\/\",\"name\":\"Projeto prepara profissionalmente reeducandos para nova chance - Notibras\",\"isPartOf\":{\"@id\":\"https:\/\/www.notibras.com\/site\/#website\"},\"primaryImageOfPage\":{\"@id\":\"https:\/\/www.notibras.com\/site\/projeto-prepara-profissionalmente-reeducandos-para-nova-chance\/#primaryimage\"},\"image\":{\"@id\":\"https:\/\/www.notibras.com\/site\/projeto-prepara-profissionalmente-reeducandos-para-nova-chance\/#primaryimage\"},\"thumbnailUrl\":\"https:\/\/www.notibras.com\/site\/wp-content\/uploads\/2024\/03\/Joao-Fernandes-1-768x512-1.jpg\",\"datePublished\":\"2024-03-03T03:00:01+00:00\",\"dateModified\":\"2024-03-03T11:43:03+00:00\",\"breadcrumb\":{\"@id\":\"https:\/\/www.notibras.com\/site\/projeto-prepara-profissionalmente-reeducandos-para-nova-chance\/#breadcrumb\"},\"inLanguage\":\"pt-BR\",\"potentialAction\":[{\"@type\":\"ReadAction\",\"target\":[\"https:\/\/www.notibras.com\/site\/projeto-prepara-profissionalmente-reeducandos-para-nova-chance\/\"]}]},{\"@type\":\"ImageObject\",\"inLanguage\":\"pt-BR\",\"@id\":\"https:\/\/www.notibras.com\/site\/projeto-prepara-profissionalmente-reeducandos-para-nova-chance\/#primaryimage\",\"url\":\"https:\/\/www.notibras.com\/site\/wp-content\/uploads\/2024\/03\/Joao-Fernandes-1-768x512-1.jpg\",\"contentUrl\":\"https:\/\/www.notibras.com\/site\/wp-content\/uploads\/2024\/03\/Joao-Fernandes-1-768x512-1.jpg\",\"width\":768,\"height\":512},{\"@type\":\"BreadcrumbList\",\"@id\":\"https:\/\/www.notibras.com\/site\/projeto-prepara-profissionalmente-reeducandos-para-nova-chance\/#breadcrumb\",\"itemListElement\":[{\"@type\":\"ListItem\",\"position\":1,\"name\":\"In\u00edcio\",\"item\":\"https:\/\/www.notibras.com\/site\/\"},{\"@type\":\"ListItem\",\"position\":2,\"name\":\"Projeto prepara profissionalmente reeducandos para nova chance\"}]},{\"@type\":\"WebSite\",\"@id\":\"https:\/\/www.notibras.com\/site\/#website\",\"url\":\"https:\/\/www.notibras.com\/site\/\",\"name\":\"Notibras\",\"description\":\"Not\u00edcias de Bras\u00edlia, do Brasil e do Mundo\",\"publisher\":{\"@id\":\"https:\/\/www.notibras.com\/site\/#organization\"},\"potentialAction\":[{\"@type\":\"SearchAction\",\"target\":{\"@type\":\"EntryPoint\",\"urlTemplate\":\"https:\/\/www.notibras.com\/site\/?s={search_term_string}\"},\"query-input\":{\"@type\":\"PropertyValueSpecification\",\"valueRequired\":true,\"valueName\":\"search_term_string\"}}],\"inLanguage\":\"pt-BR\"},{\"@type\":\"Organization\",\"@id\":\"https:\/\/www.notibras.com\/site\/#organization\",\"name\":\"Grupo Notibras de Comunica\u00e7\u00e3o\",\"url\":\"https:\/\/www.notibras.com\/site\/\",\"logo\":{\"@type\":\"ImageObject\",\"inLanguage\":\"pt-BR\",\"@id\":\"https:\/\/www.notibras.com\/site\/#\/schema\/logo\/image\/\",\"url\":\"https:\/\/www.notibras.com\/site\/wp-content\/uploads\/2023\/01\/notibras23.png\",\"contentUrl\":\"https:\/\/www.notibras.com\/site\/wp-content\/uploads\/2023\/01\/notibras23.png\",\"width\":350,\"height\":87,\"caption\":\"Grupo Notibras de Comunica\u00e7\u00e3o\"},\"image\":{\"@id\":\"https:\/\/www.notibras.com\/site\/#\/schema\/logo\/image\/\"},\"sameAs\":[\"https:\/\/www.facebook.com\/notibras\/\",\"https:\/\/x.com\/Notibras\",\"https:\/\/www.instagram.com\/notibras\/\"]},{\"@type\":\"Person\",\"@id\":\"https:\/\/www.notibras.com\/site\/#\/schema\/person\/36ab0979449956132d3e5b517ea76ac8\",\"name\":\"Reda\u00e7\u00e3o\",\"image\":{\"@type\":\"ImageObject\",\"inLanguage\":\"pt-BR\",\"@id\":\"https:\/\/secure.gravatar.com\/avatar\/e0a867bdedb85fd243eadf09663511f96fc81e0720a4a42581f334ad4303aa6b?s=96&d=mm&r=g\",\"url\":\"https:\/\/secure.gravatar.com\/avatar\/e0a867bdedb85fd243eadf09663511f96fc81e0720a4a42581f334ad4303aa6b?s=96&d=mm&r=g\",\"contentUrl\":\"https:\/\/secure.gravatar.com\/avatar\/e0a867bdedb85fd243eadf09663511f96fc81e0720a4a42581f334ad4303aa6b?s=96&d=mm&r=g\",\"caption\":\"Reda\u00e7\u00e3o\"}}]}<\/script>\n<!-- \/ Yoast SEO plugin. -->","yoast_head_json":{"title":"Projeto prepara profissionalmente reeducandos para nova chance - Notibras","robots":{"index":"index","follow":"follow","max-snippet":"max-snippet:-1","max-image-preview":"max-image-preview:large","max-video-preview":"max-video-preview:-1"},"canonical":"https:\/\/www.notibras.com\/site\/projeto-prepara-profissionalmente-reeducandos-para-nova-chance\/","og_locale":"pt_BR","og_type":"article","og_title":"Projeto prepara profissionalmente reeducandos para nova chance - Notibras","og_description":"Um dos grandes desafios do sistema prisional \u00e9 vencer o preconceito e proporcionar a inclus\u00e3o social de detentos e egressos, ao mesmo tempo em que reduz as desigualdades sociais e a criminalidade no pa\u00eds. Para transformar essa realidade, o Governo do Distrito Federal, por meio do Projeto Capacita Funap, da Secretaria de Justi\u00e7a e Cidadania [&hellip;]","og_url":"https:\/\/www.notibras.com\/site\/projeto-prepara-profissionalmente-reeducandos-para-nova-chance\/","og_site_name":"Notibras","article_publisher":"https:\/\/www.facebook.com\/notibras\/","article_published_time":"2024-03-03T03:00:01+00:00","article_modified_time":"2024-03-03T11:43:03+00:00","og_image":[{"width":768,"height":512,"url":"https:\/\/www.notibras.com\/site\/wp-content\/uploads\/2024\/03\/Joao-Fernandes-1-768x512-1.jpg","type":"image\/jpeg"}],"author":"Reda\u00e7\u00e3o","twitter_card":"summary_large_image","twitter_creator":"@Notibras","twitter_site":"@Notibras","twitter_misc":{"Escrito por":"Reda\u00e7\u00e3o","Est. tempo de leitura":"6 minutos"},"schema":{"@context":"https:\/\/schema.org","@graph":[{"@type":"Article","@id":"https:\/\/www.notibras.com\/site\/projeto-prepara-profissionalmente-reeducandos-para-nova-chance\/#article","isPartOf":{"@id":"https:\/\/www.notibras.com\/site\/projeto-prepara-profissionalmente-reeducandos-para-nova-chance\/"},"author":{"name":"Reda\u00e7\u00e3o","@id":"https:\/\/www.notibras.com\/site\/#\/schema\/person\/36ab0979449956132d3e5b517ea76ac8"},"headline":"Projeto prepara profissionalmente reeducandos para nova chance","datePublished":"2024-03-03T03:00:01+00:00","dateModified":"2024-03-03T11:43:03+00:00","mainEntityOfPage":{"@id":"https:\/\/www.notibras.com\/site\/projeto-prepara-profissionalmente-reeducandos-para-nova-chance\/"},"wordCount":1060,"publisher":{"@id":"https:\/\/www.notibras.com\/site\/#organization"},"image":{"@id":"https:\/\/www.notibras.com\/site\/projeto-prepara-profissionalmente-reeducandos-para-nova-chance\/#primaryimage"},"thumbnailUrl":"https:\/\/www.notibras.com\/site\/wp-content\/uploads\/2024\/03\/Joao-Fernandes-1-768x512-1.jpg","articleSection":["Quadradinho em Foco"],"inLanguage":"pt-BR"},{"@type":"WebPage","@id":"https:\/\/www.notibras.com\/site\/projeto-prepara-profissionalmente-reeducandos-para-nova-chance\/","url":"https:\/\/www.notibras.com\/site\/projeto-prepara-profissionalmente-reeducandos-para-nova-chance\/","name":"Projeto prepara profissionalmente reeducandos para nova chance - Notibras","isPartOf":{"@id":"https:\/\/www.notibras.com\/site\/#website"},"primaryImageOfPage":{"@id":"https:\/\/www.notibras.com\/site\/projeto-prepara-profissionalmente-reeducandos-para-nova-chance\/#primaryimage"},"image":{"@id":"https:\/\/www.notibras.com\/site\/projeto-prepara-profissionalmente-reeducandos-para-nova-chance\/#primaryimage"},"thumbnailUrl":"https:\/\/www.notibras.com\/site\/wp-content\/uploads\/2024\/03\/Joao-Fernandes-1-768x512-1.jpg","datePublished":"2024-03-03T03:00:01+00:00","dateModified":"2024-03-03T11:43:03+00:00","breadcrumb":{"@id":"https:\/\/www.notibras.com\/site\/projeto-prepara-profissionalmente-reeducandos-para-nova-chance\/#breadcrumb"},"inLanguage":"pt-BR","potentialAction":[{"@type":"ReadAction","target":["https:\/\/www.notibras.com\/site\/projeto-prepara-profissionalmente-reeducandos-para-nova-chance\/"]}]},{"@type":"ImageObject","inLanguage":"pt-BR","@id":"https:\/\/www.notibras.com\/site\/projeto-prepara-profissionalmente-reeducandos-para-nova-chance\/#primaryimage","url":"https:\/\/www.notibras.com\/site\/wp-content\/uploads\/2024\/03\/Joao-Fernandes-1-768x512-1.jpg","contentUrl":"https:\/\/www.notibras.com\/site\/wp-content\/uploads\/2024\/03\/Joao-Fernandes-1-768x512-1.jpg","width":768,"height":512},{"@type":"BreadcrumbList","@id":"https:\/\/www.notibras.com\/site\/projeto-prepara-profissionalmente-reeducandos-para-nova-chance\/#breadcrumb","itemListElement":[{"@type":"ListItem","position":1,"name":"In\u00edcio","item":"https:\/\/www.notibras.com\/site\/"},{"@type":"ListItem","position":2,"name":"Projeto prepara profissionalmente reeducandos para nova chance"}]},{"@type":"WebSite","@id":"https:\/\/www.notibras.com\/site\/#website","url":"https:\/\/www.notibras.com\/site\/","name":"Notibras","description":"Not\u00edcias de Bras\u00edlia, do Brasil e do Mundo","publisher":{"@id":"https:\/\/www.notibras.com\/site\/#organization"},"potentialAction":[{"@type":"SearchAction","target":{"@type":"EntryPoint","urlTemplate":"https:\/\/www.notibras.com\/site\/?s={search_term_string}"},"query-input":{"@type":"PropertyValueSpecification","valueRequired":true,"valueName":"search_term_string"}}],"inLanguage":"pt-BR"},{"@type":"Organization","@id":"https:\/\/www.notibras.com\/site\/#organization","name":"Grupo Notibras de Comunica\u00e7\u00e3o","url":"https:\/\/www.notibras.com\/site\/","logo":{"@type":"ImageObject","inLanguage":"pt-BR","@id":"https:\/\/www.notibras.com\/site\/#\/schema\/logo\/image\/","url":"https:\/\/www.notibras.com\/site\/wp-content\/uploads\/2023\/01\/notibras23.png","contentUrl":"https:\/\/www.notibras.com\/site\/wp-content\/uploads\/2023\/01\/notibras23.png","width":350,"height":87,"caption":"Grupo Notibras de Comunica\u00e7\u00e3o"},"image":{"@id":"https:\/\/www.notibras.com\/site\/#\/schema\/logo\/image\/"},"sameAs":["https:\/\/www.facebook.com\/notibras\/","https:\/\/x.com\/Notibras","https:\/\/www.instagram.com\/notibras\/"]},{"@type":"Person","@id":"https:\/\/www.notibras.com\/site\/#\/schema\/person\/36ab0979449956132d3e5b517ea76ac8","name":"Reda\u00e7\u00e3o","image":{"@type":"ImageObject","inLanguage":"pt-BR","@id":"https:\/\/secure.gravatar.com\/avatar\/e0a867bdedb85fd243eadf09663511f96fc81e0720a4a42581f334ad4303aa6b?s=96&d=mm&r=g","url":"https:\/\/secure.gravatar.com\/avatar\/e0a867bdedb85fd243eadf09663511f96fc81e0720a4a42581f334ad4303aa6b?s=96&d=mm&r=g","contentUrl":"https:\/\/secure.gravatar.com\/avatar\/e0a867bdedb85fd243eadf09663511f96fc81e0720a4a42581f334ad4303aa6b?s=96&d=mm&r=g","caption":"Reda\u00e7\u00e3o"}}]}},"amp_enabled":true,"_links":{"self":[{"href":"https:\/\/www.notibras.com\/site\/wp-json\/wp\/v2\/posts\/323692","targetHints":{"allow":["GET"]}}],"collection":[{"href":"https:\/\/www.notibras.com\/site\/wp-json\/wp\/v2\/posts"}],"about":[{"href":"https:\/\/www.notibras.com\/site\/wp-json\/wp\/v2\/types\/post"}],"author":[{"embeddable":true,"href":"https:\/\/www.notibras.com\/site\/wp-json\/wp\/v2\/users\/2"}],"replies":[{"embeddable":true,"href":"https:\/\/www.notibras.com\/site\/wp-json\/wp\/v2\/comments?post=323692"}],"version-history":[{"count":1,"href":"https:\/\/www.notibras.com\/site\/wp-json\/wp\/v2\/posts\/323692\/revisions"}],"predecessor-version":[{"id":323694,"href":"https:\/\/www.notibras.com\/site\/wp-json\/wp\/v2\/posts\/323692\/revisions\/323694"}],"wp:featuredmedia":[{"embeddable":true,"href":"https:\/\/www.notibras.com\/site\/wp-json\/wp\/v2\/media\/323693"}],"wp:attachment":[{"href":"https:\/\/www.notibras.com\/site\/wp-json\/wp\/v2\/media?parent=323692"}],"wp:term":[{"taxonomy":"category","embeddable":true,"href":"https:\/\/www.notibras.com\/site\/wp-json\/wp\/v2\/categories?post=323692"},{"taxonomy":"post_tag","embeddable":true,"href":"https:\/\/www.notibras.com\/site\/wp-json\/wp\/v2\/tags?post=323692"}],"curies":[{"name":"wp","href":"https:\/\/api.w.org\/{rel}","templated":true}]}}