{"id":323759,"date":"2024-03-04T08:48:57","date_gmt":"2024-03-04T11:48:57","guid":{"rendered":"https:\/\/www.notibras.com\/site\/?p=323759"},"modified":"2024-03-04T08:48:57","modified_gmt":"2024-03-04T11:48:57","slug":"pavana-para-uma-princesa-morta-ao-som-de-ravel","status":"publish","type":"post","link":"https:\/\/www.notibras.com\/site\/pavana-para-uma-princesa-morta-ao-som-de-ravel\/","title":{"rendered":"Pavana para uma princesa morta ao som de Ravel"},"content":{"rendered":"<p>Faz anos que acalento produzir um document\u00e1rio em v\u00eddeo sobre a querida cidade de Para\u00edba do Sul, terra de minha m\u00e3e e sua fam\u00edlia de origem. Meu tatarav\u00f4, o velho Jo\u00e3o Marchi, que andou sobre a terra at\u00e9 1926, deixou sua It\u00e1lia natal l\u00e1 nos idos de 1888 para se aventurar pelo Brasil. Chegou aqui com sua esposa, Filomena Zanella, e quatro filhos: Marco Paolo, Giovanna, Rosa e Giuseppina.<\/p>\n<p>Outros \u2013 Am\u00e9rico, Yolanda, Lu\u00edsa, Maria e Lu\u00eds \u2013 j\u00e1 nasceram em solo mineiro, pois foi naquela prov\u00edncia que ele se fixou, primeiro em Rio Preto, depois Barreado, Porto das Flores, Rio das Flores, j\u00e1 no lado fluminense, e, finalmente, na antiga \u201cParahyba do Sul\u201d, como, ali\u00e1s, eu prefiro escrever e doravante adotarei, com esse \u201chy\u201d reproduzindo uma origem t\u00e3o ind\u00edgena, forma que se conecta ao passado rico e heroico da terra e que tem sido assim defendida pelo grande artista local Get\u00falio J\u00fanior, meu dileto amigo.<\/p>\n<p>Por que Jo\u00e3o Marchi perambulou por aqui e ali antes de se fixar em Parahyba \u00e9 hoje um elo perdido na hist\u00f3ria de meus antepassados. Posso supor que a raz\u00e3o dessas mudan\u00e7as foi a busca por terras para a agricultura e sempre melhores condi\u00e7\u00f5es de vida e trabalho para ele e a fam\u00edlia. Uma hip\u00f3tese satisfat\u00f3ria. O fato \u00e9 que ele deitou ra\u00edzes naquele pequeno munic\u00edpio e \u00e9 l\u00e1 que est\u00e1 sepultado.<\/p>\n<p>Por um breve desvio na rota familiar, meu av\u00f4 materno, filho de Marco Paolo, nasceu em Valen\u00e7a, no sul fluminense. Essa hist\u00f3ria \u00e9 curiosa e um dia a contarei. O fato \u00e9 que a vida o trouxe de volta a Parahyba e, se perguntado, ele diria que n\u00e3o tinha quaisquer liga\u00e7\u00f5es sentimentais com a cidade onde nascera, sendo um sul-parahybano aut\u00eantico.<\/p>\n<p>Voltando \u00e0 ideia do document\u00e1rio, queria intitul\u00e1-lo de \u201cPavana para uma princesa morta&#8230;\u201d \u2013 a cena inaugural seria tomada de alguma paisagem, em plano aberto, mostrando a cidade sob um t\u00eanue sol de fim de tarde e, \u00e0 medida que escurecesse, a melodia de Ravel iria tocando, enquanto o narrador, em primeira pessoa, explicaria como aquela cidade estava morrendo.<\/p>\n<p>N\u00e3o digo que Parahyba do Sul esteja morrendo. O que vai se perdendo \u00e9 a cidade que tenho fixada na minha mem\u00f3ria. Eu, que andei de bicicleta pela Rua da Esta\u00e7\u00e3o ainda com seu cal\u00e7amento de paralelep\u00edpedos, subi o morro do cemit\u00e9rio cal\u00e7ado a p\u00e9-de-moleque, testemunhei fuma\u00e7a saindo das chamin\u00e9s da Cer\u00e2mica D\u2019\u00c2ngelo, ouvi os sinos da Igreja do Ros\u00e1rio batendo as horas com precis\u00e3o, senti o cheiro do armaz\u00e9m do Sr. Malheiros, bebi \u00e1gua da mina do Amado e \u00e1gua Salut\u00e1ris engarrafada, fiz c\u00f3pia de chave no chaveiro que ficava dentro do Mercado Municipal, vi cheias do rio Para\u00edba alagarem o bairro da Cruz das Almas, comi pizza e bebi chope no Chic\u00e3o, presenciei leil\u00f5es na festa de Sant\u2019Ana sendo comandados pelo meu primo Felippe Bastos, assisti a desfiles de carnaval do G.R.E.S. Le\u00f5es do Imp\u00e9rio, Unidos do Inema e Pulo do Gato, vou, a cada dia, reconhecendo menos o cen\u00e1rio de parte de minha inf\u00e2ncia.<\/p>\n<p>J\u00e1 n\u00e3o encontro pelas ruas tantas pessoas que ficaram na saudade e que, em minha vida, tiveram uma import\u00e2ncia que s\u00f3 hoje, \u00e0 medida em que vou avan\u00e7ando em anos, percebo e compreendo. Procuraria costurar o enredo do filme com uma hist\u00f3ria que vou contar agora.<\/p>\n<p>No ano de 1989, o meu amigo Marquinhos Ciodaro, ciente de meu interesse sobre tudo que era curioso e antigo, disse que, em casa de sua fam\u00edlia, havia, no quintal, o peda\u00e7o de uma l\u00e1pide de cemit\u00e9rio. O fato despertou-me a curiosidade porque essa casa, no centro da cidade, n\u00e3o estava pr\u00f3xima de nenhum cemit\u00e9rio \u2013 nem do original, com acesso pela hoje rua Dr. Alexandre Abrah\u00e3o, nem do mais novo, inaugurado no final dos oitocentos, que at\u00e9 hoje serve \u00e0 cidade. E como aquilo fora parar ali? A tia dele, dona It\u00e1lia, referendada pelas irm\u00e3s dona Gl\u00f3ria e dona Vera, explicou-me: naquele local, em outra \u00e9poca, havia uma casa ainda mais antiga, que ela praticamente mandara demolir para construir a atual. E, quando virada ao contr\u00e1rio, a bancada de m\u00e1rmore do tanque de lavar roupas revelou a curiosa inscri\u00e7\u00e3o: \u201cAqui jaz a Mui Virtuoza Senhora (trecho interrompido por uma rachadura) fallecida em 9 de maio de 1857. Jamais ser\u00e1 esquecida.\u201d A pe\u00e7a de m\u00e1rmore ainda estava l\u00e1. Eu a vi, a limpamos, e comecei a investigar sua origem.<\/p>\n<p>Cheguei a expor o caso \u00e0 pessoa que, ent\u00e3o, era refer\u00eancia absoluta em hist\u00f3ria sul-parahybana, o sempre amigo de minha fam\u00edlia, cronista e contista Nicolino Visconti, que me recebeu para uma entrevista que gravei em fita cassete. Nesta visita acompanhou-me uma amiga querida, Monique Andrade, hoje reconhecida advogada local. Muito cogitamos, mas n\u00e3o chegamos a uma conclus\u00e3o adequada sobre o mist\u00e9rio. Ao menos, deixei a casa dele com um livro autografado, \u201c\u00c0 Sombra das Velhas Palmeiras\u201d que guardo desde ent\u00e3o como uma rel\u00edquia e, ao lado de \u201cA Rosa Azul\u201d e \u201cAs Tr\u00eas Pontes\u201d, formam a trilogia que aquele grande homem publicou em vida.<\/p>\n<p>Mais tarde, por mera sorte, acabei descobrindo a quem pertencia aquela inscri\u00e7\u00e3o f\u00fanebre. Isso n\u00e3o vou contar, porque seria desfazer um mist\u00e9rio que outros podem querer decifrar tamb\u00e9m a partir desta hist\u00f3ria, e entendi que, na transfer\u00eancia do antigo para o novo cemit\u00e9rio, jazigos de fam\u00edlia podem ter sido desmontados para serem ou n\u00e3o reconstru\u00eddos e, as placas de m\u00e1rmore que os revestiam, podem ter tido um destino menos nobre, como serem usados em bancadas de lavanderia. O fato \u00e9 que o nome daquela \u201cmui virtuoza senhora\u201d n\u00e3o est\u00e1 mais perdido para mim, e sei exatamente onde seus despojos est\u00e3o repousando no Cemit\u00e9rio Dr. Leopoldo.<\/p>\n<p>O perecimento dessa Parahyba do Sul que eu tento, a todo custo, preservar, ser\u00e1 paralisado nesse document\u00e1rio e, como desforra, ainda vou comprar um pedacinho de ch\u00e3o em algum lugar na cidade, s\u00f3 meu, para tamb\u00e9m ali fincar uma raiz, apesar da antiga casa de meus av\u00f3s permanecer h\u00edgida e acolhedora como sempre. E a cena final mostrar\u00e1 as velhas palmeiras imperiais do Jardim Velho, enquanto se ouvem as \u00faltimas notas da m\u00fasica de Ravel, mostrando que tudo caminha para o inevit\u00e1vel fade out&#8230;<\/p>\n","protected":false},"excerpt":{"rendered":"<p>Faz anos que acalento produzir um document\u00e1rio em v\u00eddeo sobre a querida cidade de Para\u00edba do Sul, terra de minha m\u00e3e e sua fam\u00edlia de origem. Meu tatarav\u00f4, o velho Jo\u00e3o Marchi, que andou sobre a terra at\u00e9 1926, deixou sua It\u00e1lia natal l\u00e1 nos idos de 1888 para se aventurar pelo Brasil. Chegou aqui [&hellip;]<\/p>\n","protected":false},"author":2,"featured_media":323760,"comment_status":"closed","ping_status":"closed","sticky":false,"template":"","format":"standard","meta":{"_acf_changed":false,"footnotes":""},"categories":[161],"tags":[],"class_list":["post-323759","post","type-post","status-publish","format-standard","has-post-thumbnail","hentry","category-quadradinho-em-foco"],"acf":[],"yoast_head":"<!-- This site is optimized with the Yoast SEO plugin v27.5 - https:\/\/yoast.com\/product\/yoast-seo-wordpress\/ -->\n<title>Pavana para uma princesa morta ao som de Ravel - Notibras<\/title>\n<meta name=\"robots\" content=\"index, follow, max-snippet:-1, max-image-preview:large, max-video-preview:-1\" \/>\n<link rel=\"canonical\" href=\"https:\/\/www.notibras.com\/site\/pavana-para-uma-princesa-morta-ao-som-de-ravel\/\" \/>\n<meta property=\"og:locale\" content=\"pt_BR\" \/>\n<meta property=\"og:type\" content=\"article\" \/>\n<meta property=\"og:title\" content=\"Pavana para uma princesa morta ao som de Ravel - Notibras\" \/>\n<meta property=\"og:description\" content=\"Faz anos que acalento produzir um document\u00e1rio em v\u00eddeo sobre a querida cidade de Para\u00edba do Sul, terra de minha m\u00e3e e sua fam\u00edlia de origem. Meu tatarav\u00f4, o velho Jo\u00e3o Marchi, que andou sobre a terra at\u00e9 1926, deixou sua It\u00e1lia natal l\u00e1 nos idos de 1888 para se aventurar pelo Brasil. Chegou aqui [&hellip;]\" \/>\n<meta property=\"og:url\" content=\"https:\/\/www.notibras.com\/site\/pavana-para-uma-princesa-morta-ao-som-de-ravel\/\" \/>\n<meta property=\"og:site_name\" content=\"Notibras\" \/>\n<meta property=\"article:publisher\" content=\"https:\/\/www.facebook.com\/notibras\/\" \/>\n<meta property=\"article:published_time\" content=\"2024-03-04T11:48:57+00:00\" \/>\n<meta property=\"og:image\" content=\"https:\/\/www.notibras.com\/site\/wp-content\/uploads\/2024\/03\/ab16baaa-57af-4051-af36-3e65a7dc0836.jpeg\" \/>\n\t<meta property=\"og:image:width\" content=\"990\" \/>\n\t<meta property=\"og:image:height\" content=\"1320\" \/>\n\t<meta property=\"og:image:type\" content=\"image\/jpeg\" \/>\n<meta name=\"author\" content=\"Reda\u00e7\u00e3o\" \/>\n<meta name=\"twitter:card\" content=\"summary_large_image\" \/>\n<meta name=\"twitter:creator\" content=\"@Notibras\" \/>\n<meta name=\"twitter:site\" content=\"@Notibras\" \/>\n<meta name=\"twitter:label1\" content=\"Escrito por\" \/>\n\t<meta name=\"twitter:data1\" content=\"Reda\u00e7\u00e3o\" \/>\n\t<meta name=\"twitter:label2\" content=\"Est. tempo de leitura\" \/>\n\t<meta name=\"twitter:data2\" content=\"6 minutos\" \/>\n<script type=\"application\/ld+json\" class=\"yoast-schema-graph\">{\"@context\":\"https:\\\/\\\/schema.org\",\"@graph\":[{\"@type\":\"Article\",\"@id\":\"https:\\\/\\\/www.notibras.com\\\/site\\\/pavana-para-uma-princesa-morta-ao-som-de-ravel\\\/#article\",\"isPartOf\":{\"@id\":\"https:\\\/\\\/www.notibras.com\\\/site\\\/pavana-para-uma-princesa-morta-ao-som-de-ravel\\\/\"},\"author\":{\"name\":\"Reda\u00e7\u00e3o\",\"@id\":\"https:\\\/\\\/www.notibras.com\\\/site\\\/#\\\/schema\\\/person\\\/36ab0979449956132d3e5b517ea76ac8\"},\"headline\":\"Pavana para uma princesa morta ao som de Ravel\",\"datePublished\":\"2024-03-04T11:48:57+00:00\",\"mainEntityOfPage\":{\"@id\":\"https:\\\/\\\/www.notibras.com\\\/site\\\/pavana-para-uma-princesa-morta-ao-som-de-ravel\\\/\"},\"wordCount\":1124,\"publisher\":{\"@id\":\"https:\\\/\\\/www.notibras.com\\\/site\\\/#organization\"},\"image\":{\"@id\":\"https:\\\/\\\/www.notibras.com\\\/site\\\/pavana-para-uma-princesa-morta-ao-som-de-ravel\\\/#primaryimage\"},\"thumbnailUrl\":\"https:\\\/\\\/www.notibras.com\\\/site\\\/wp-content\\\/uploads\\\/2024\\\/03\\\/ab16baaa-57af-4051-af36-3e65a7dc0836.jpeg\",\"articleSection\":[\"Quadradinho em Foco\"],\"inLanguage\":\"pt-BR\"},{\"@type\":\"WebPage\",\"@id\":\"https:\\\/\\\/www.notibras.com\\\/site\\\/pavana-para-uma-princesa-morta-ao-som-de-ravel\\\/\",\"url\":\"https:\\\/\\\/www.notibras.com\\\/site\\\/pavana-para-uma-princesa-morta-ao-som-de-ravel\\\/\",\"name\":\"Pavana para uma princesa morta ao som de Ravel - Notibras\",\"isPartOf\":{\"@id\":\"https:\\\/\\\/www.notibras.com\\\/site\\\/#website\"},\"primaryImageOfPage\":{\"@id\":\"https:\\\/\\\/www.notibras.com\\\/site\\\/pavana-para-uma-princesa-morta-ao-som-de-ravel\\\/#primaryimage\"},\"image\":{\"@id\":\"https:\\\/\\\/www.notibras.com\\\/site\\\/pavana-para-uma-princesa-morta-ao-som-de-ravel\\\/#primaryimage\"},\"thumbnailUrl\":\"https:\\\/\\\/www.notibras.com\\\/site\\\/wp-content\\\/uploads\\\/2024\\\/03\\\/ab16baaa-57af-4051-af36-3e65a7dc0836.jpeg\",\"datePublished\":\"2024-03-04T11:48:57+00:00\",\"breadcrumb\":{\"@id\":\"https:\\\/\\\/www.notibras.com\\\/site\\\/pavana-para-uma-princesa-morta-ao-som-de-ravel\\\/#breadcrumb\"},\"inLanguage\":\"pt-BR\",\"potentialAction\":[{\"@type\":\"ReadAction\",\"target\":[\"https:\\\/\\\/www.notibras.com\\\/site\\\/pavana-para-uma-princesa-morta-ao-som-de-ravel\\\/\"]}]},{\"@type\":\"ImageObject\",\"inLanguage\":\"pt-BR\",\"@id\":\"https:\\\/\\\/www.notibras.com\\\/site\\\/pavana-para-uma-princesa-morta-ao-som-de-ravel\\\/#primaryimage\",\"url\":\"https:\\\/\\\/www.notibras.com\\\/site\\\/wp-content\\\/uploads\\\/2024\\\/03\\\/ab16baaa-57af-4051-af36-3e65a7dc0836.jpeg\",\"contentUrl\":\"https:\\\/\\\/www.notibras.com\\\/site\\\/wp-content\\\/uploads\\\/2024\\\/03\\\/ab16baaa-57af-4051-af36-3e65a7dc0836.jpeg\",\"width\":990,\"height\":1320},{\"@type\":\"BreadcrumbList\",\"@id\":\"https:\\\/\\\/www.notibras.com\\\/site\\\/pavana-para-uma-princesa-morta-ao-som-de-ravel\\\/#breadcrumb\",\"itemListElement\":[{\"@type\":\"ListItem\",\"position\":1,\"name\":\"In\u00edcio\",\"item\":\"https:\\\/\\\/www.notibras.com\\\/site\\\/\"},{\"@type\":\"ListItem\",\"position\":2,\"name\":\"Pavana para uma princesa morta ao som de Ravel\"}]},{\"@type\":\"WebSite\",\"@id\":\"https:\\\/\\\/www.notibras.com\\\/site\\\/#website\",\"url\":\"https:\\\/\\\/www.notibras.com\\\/site\\\/\",\"name\":\"Notibras\",\"description\":\"Not\u00edcias de Bras\u00edlia, do Brasil e do Mundo\",\"publisher\":{\"@id\":\"https:\\\/\\\/www.notibras.com\\\/site\\\/#organization\"},\"potentialAction\":[{\"@type\":\"SearchAction\",\"target\":{\"@type\":\"EntryPoint\",\"urlTemplate\":\"https:\\\/\\\/www.notibras.com\\\/site\\\/?s={search_term_string}\"},\"query-input\":{\"@type\":\"PropertyValueSpecification\",\"valueRequired\":true,\"valueName\":\"search_term_string\"}}],\"inLanguage\":\"pt-BR\"},{\"@type\":\"Organization\",\"@id\":\"https:\\\/\\\/www.notibras.com\\\/site\\\/#organization\",\"name\":\"Grupo Notibras de Comunica\u00e7\u00e3o\",\"url\":\"https:\\\/\\\/www.notibras.com\\\/site\\\/\",\"logo\":{\"@type\":\"ImageObject\",\"inLanguage\":\"pt-BR\",\"@id\":\"https:\\\/\\\/www.notibras.com\\\/site\\\/#\\\/schema\\\/logo\\\/image\\\/\",\"url\":\"https:\\\/\\\/www.notibras.com\\\/site\\\/wp-content\\\/uploads\\\/2023\\\/01\\\/notibras23.png\",\"contentUrl\":\"https:\\\/\\\/www.notibras.com\\\/site\\\/wp-content\\\/uploads\\\/2023\\\/01\\\/notibras23.png\",\"width\":350,\"height\":87,\"caption\":\"Grupo Notibras de Comunica\u00e7\u00e3o\"},\"image\":{\"@id\":\"https:\\\/\\\/www.notibras.com\\\/site\\\/#\\\/schema\\\/logo\\\/image\\\/\"},\"sameAs\":[\"https:\\\/\\\/www.facebook.com\\\/notibras\\\/\",\"https:\\\/\\\/x.com\\\/Notibras\",\"https:\\\/\\\/www.instagram.com\\\/notibras\\\/\"]},{\"@type\":\"Person\",\"@id\":\"https:\\\/\\\/www.notibras.com\\\/site\\\/#\\\/schema\\\/person\\\/36ab0979449956132d3e5b517ea76ac8\",\"name\":\"Reda\u00e7\u00e3o\",\"image\":{\"@type\":\"ImageObject\",\"inLanguage\":\"pt-BR\",\"@id\":\"https:\\\/\\\/secure.gravatar.com\\\/avatar\\\/e0a867bdedb85fd243eadf09663511f96fc81e0720a4a42581f334ad4303aa6b?s=96&d=mm&r=g\",\"url\":\"https:\\\/\\\/secure.gravatar.com\\\/avatar\\\/e0a867bdedb85fd243eadf09663511f96fc81e0720a4a42581f334ad4303aa6b?s=96&d=mm&r=g\",\"contentUrl\":\"https:\\\/\\\/secure.gravatar.com\\\/avatar\\\/e0a867bdedb85fd243eadf09663511f96fc81e0720a4a42581f334ad4303aa6b?s=96&d=mm&r=g\",\"caption\":\"Reda\u00e7\u00e3o\"}}]}<\/script>\n<!-- \/ Yoast SEO plugin. -->","yoast_head_json":{"title":"Pavana para uma princesa morta ao som de Ravel - Notibras","robots":{"index":"index","follow":"follow","max-snippet":"max-snippet:-1","max-image-preview":"max-image-preview:large","max-video-preview":"max-video-preview:-1"},"canonical":"https:\/\/www.notibras.com\/site\/pavana-para-uma-princesa-morta-ao-som-de-ravel\/","og_locale":"pt_BR","og_type":"article","og_title":"Pavana para uma princesa morta ao som de Ravel - Notibras","og_description":"Faz anos que acalento produzir um document\u00e1rio em v\u00eddeo sobre a querida cidade de Para\u00edba do Sul, terra de minha m\u00e3e e sua fam\u00edlia de origem. Meu tatarav\u00f4, o velho Jo\u00e3o Marchi, que andou sobre a terra at\u00e9 1926, deixou sua It\u00e1lia natal l\u00e1 nos idos de 1888 para se aventurar pelo Brasil. Chegou aqui [&hellip;]","og_url":"https:\/\/www.notibras.com\/site\/pavana-para-uma-princesa-morta-ao-som-de-ravel\/","og_site_name":"Notibras","article_publisher":"https:\/\/www.facebook.com\/notibras\/","article_published_time":"2024-03-04T11:48:57+00:00","og_image":[{"width":990,"height":1320,"url":"https:\/\/www.notibras.com\/site\/wp-content\/uploads\/2024\/03\/ab16baaa-57af-4051-af36-3e65a7dc0836.jpeg","type":"image\/jpeg"}],"author":"Reda\u00e7\u00e3o","twitter_card":"summary_large_image","twitter_creator":"@Notibras","twitter_site":"@Notibras","twitter_misc":{"Escrito por":"Reda\u00e7\u00e3o","Est. tempo de leitura":"6 minutos"},"schema":{"@context":"https:\/\/schema.org","@graph":[{"@type":"Article","@id":"https:\/\/www.notibras.com\/site\/pavana-para-uma-princesa-morta-ao-som-de-ravel\/#article","isPartOf":{"@id":"https:\/\/www.notibras.com\/site\/pavana-para-uma-princesa-morta-ao-som-de-ravel\/"},"author":{"name":"Reda\u00e7\u00e3o","@id":"https:\/\/www.notibras.com\/site\/#\/schema\/person\/36ab0979449956132d3e5b517ea76ac8"},"headline":"Pavana para uma princesa morta ao som de Ravel","datePublished":"2024-03-04T11:48:57+00:00","mainEntityOfPage":{"@id":"https:\/\/www.notibras.com\/site\/pavana-para-uma-princesa-morta-ao-som-de-ravel\/"},"wordCount":1124,"publisher":{"@id":"https:\/\/www.notibras.com\/site\/#organization"},"image":{"@id":"https:\/\/www.notibras.com\/site\/pavana-para-uma-princesa-morta-ao-som-de-ravel\/#primaryimage"},"thumbnailUrl":"https:\/\/www.notibras.com\/site\/wp-content\/uploads\/2024\/03\/ab16baaa-57af-4051-af36-3e65a7dc0836.jpeg","articleSection":["Quadradinho em Foco"],"inLanguage":"pt-BR"},{"@type":"WebPage","@id":"https:\/\/www.notibras.com\/site\/pavana-para-uma-princesa-morta-ao-som-de-ravel\/","url":"https:\/\/www.notibras.com\/site\/pavana-para-uma-princesa-morta-ao-som-de-ravel\/","name":"Pavana para uma princesa morta ao som de Ravel - Notibras","isPartOf":{"@id":"https:\/\/www.notibras.com\/site\/#website"},"primaryImageOfPage":{"@id":"https:\/\/www.notibras.com\/site\/pavana-para-uma-princesa-morta-ao-som-de-ravel\/#primaryimage"},"image":{"@id":"https:\/\/www.notibras.com\/site\/pavana-para-uma-princesa-morta-ao-som-de-ravel\/#primaryimage"},"thumbnailUrl":"https:\/\/www.notibras.com\/site\/wp-content\/uploads\/2024\/03\/ab16baaa-57af-4051-af36-3e65a7dc0836.jpeg","datePublished":"2024-03-04T11:48:57+00:00","breadcrumb":{"@id":"https:\/\/www.notibras.com\/site\/pavana-para-uma-princesa-morta-ao-som-de-ravel\/#breadcrumb"},"inLanguage":"pt-BR","potentialAction":[{"@type":"ReadAction","target":["https:\/\/www.notibras.com\/site\/pavana-para-uma-princesa-morta-ao-som-de-ravel\/"]}]},{"@type":"ImageObject","inLanguage":"pt-BR","@id":"https:\/\/www.notibras.com\/site\/pavana-para-uma-princesa-morta-ao-som-de-ravel\/#primaryimage","url":"https:\/\/www.notibras.com\/site\/wp-content\/uploads\/2024\/03\/ab16baaa-57af-4051-af36-3e65a7dc0836.jpeg","contentUrl":"https:\/\/www.notibras.com\/site\/wp-content\/uploads\/2024\/03\/ab16baaa-57af-4051-af36-3e65a7dc0836.jpeg","width":990,"height":1320},{"@type":"BreadcrumbList","@id":"https:\/\/www.notibras.com\/site\/pavana-para-uma-princesa-morta-ao-som-de-ravel\/#breadcrumb","itemListElement":[{"@type":"ListItem","position":1,"name":"In\u00edcio","item":"https:\/\/www.notibras.com\/site\/"},{"@type":"ListItem","position":2,"name":"Pavana para uma princesa morta ao som de Ravel"}]},{"@type":"WebSite","@id":"https:\/\/www.notibras.com\/site\/#website","url":"https:\/\/www.notibras.com\/site\/","name":"Notibras","description":"Not\u00edcias de Bras\u00edlia, do Brasil e do Mundo","publisher":{"@id":"https:\/\/www.notibras.com\/site\/#organization"},"potentialAction":[{"@type":"SearchAction","target":{"@type":"EntryPoint","urlTemplate":"https:\/\/www.notibras.com\/site\/?s={search_term_string}"},"query-input":{"@type":"PropertyValueSpecification","valueRequired":true,"valueName":"search_term_string"}}],"inLanguage":"pt-BR"},{"@type":"Organization","@id":"https:\/\/www.notibras.com\/site\/#organization","name":"Grupo Notibras de Comunica\u00e7\u00e3o","url":"https:\/\/www.notibras.com\/site\/","logo":{"@type":"ImageObject","inLanguage":"pt-BR","@id":"https:\/\/www.notibras.com\/site\/#\/schema\/logo\/image\/","url":"https:\/\/www.notibras.com\/site\/wp-content\/uploads\/2023\/01\/notibras23.png","contentUrl":"https:\/\/www.notibras.com\/site\/wp-content\/uploads\/2023\/01\/notibras23.png","width":350,"height":87,"caption":"Grupo Notibras de Comunica\u00e7\u00e3o"},"image":{"@id":"https:\/\/www.notibras.com\/site\/#\/schema\/logo\/image\/"},"sameAs":["https:\/\/www.facebook.com\/notibras\/","https:\/\/x.com\/Notibras","https:\/\/www.instagram.com\/notibras\/"]},{"@type":"Person","@id":"https:\/\/www.notibras.com\/site\/#\/schema\/person\/36ab0979449956132d3e5b517ea76ac8","name":"Reda\u00e7\u00e3o","image":{"@type":"ImageObject","inLanguage":"pt-BR","@id":"https:\/\/secure.gravatar.com\/avatar\/e0a867bdedb85fd243eadf09663511f96fc81e0720a4a42581f334ad4303aa6b?s=96&d=mm&r=g","url":"https:\/\/secure.gravatar.com\/avatar\/e0a867bdedb85fd243eadf09663511f96fc81e0720a4a42581f334ad4303aa6b?s=96&d=mm&r=g","contentUrl":"https:\/\/secure.gravatar.com\/avatar\/e0a867bdedb85fd243eadf09663511f96fc81e0720a4a42581f334ad4303aa6b?s=96&d=mm&r=g","caption":"Reda\u00e7\u00e3o"}}]}},"amp_enabled":true,"_links":{"self":[{"href":"https:\/\/www.notibras.com\/site\/wp-json\/wp\/v2\/posts\/323759","targetHints":{"allow":["GET"]}}],"collection":[{"href":"https:\/\/www.notibras.com\/site\/wp-json\/wp\/v2\/posts"}],"about":[{"href":"https:\/\/www.notibras.com\/site\/wp-json\/wp\/v2\/types\/post"}],"author":[{"embeddable":true,"href":"https:\/\/www.notibras.com\/site\/wp-json\/wp\/v2\/users\/2"}],"replies":[{"embeddable":true,"href":"https:\/\/www.notibras.com\/site\/wp-json\/wp\/v2\/comments?post=323759"}],"version-history":[{"count":1,"href":"https:\/\/www.notibras.com\/site\/wp-json\/wp\/v2\/posts\/323759\/revisions"}],"predecessor-version":[{"id":323761,"href":"https:\/\/www.notibras.com\/site\/wp-json\/wp\/v2\/posts\/323759\/revisions\/323761"}],"wp:featuredmedia":[{"embeddable":true,"href":"https:\/\/www.notibras.com\/site\/wp-json\/wp\/v2\/media\/323760"}],"wp:attachment":[{"href":"https:\/\/www.notibras.com\/site\/wp-json\/wp\/v2\/media?parent=323759"}],"wp:term":[{"taxonomy":"category","embeddable":true,"href":"https:\/\/www.notibras.com\/site\/wp-json\/wp\/v2\/categories?post=323759"},{"taxonomy":"post_tag","embeddable":true,"href":"https:\/\/www.notibras.com\/site\/wp-json\/wp\/v2\/tags?post=323759"}],"curies":[{"name":"wp","href":"https:\/\/api.w.org\/{rel}","templated":true}]}}