{"id":323764,"date":"2024-03-04T00:00:44","date_gmt":"2024-03-04T03:00:44","guid":{"rendered":"https:\/\/www.notibras.com\/site\/?p=323764"},"modified":"2024-03-04T09:04:49","modified_gmt":"2024-03-04T12:04:49","slug":"projeto-humanizar-oferece-apoio-e-acolhimento-em-hospitais","status":"publish","type":"post","link":"https:\/\/www.notibras.com\/site\/projeto-humanizar-oferece-apoio-e-acolhimento-em-hospitais\/","title":{"rendered":"Projeto Humanizar oferece apoio e acolhimento em hospitais"},"content":{"rendered":"<p>O acolhimento e a empatia do Projeto Humanizar conquistaram o cora\u00e7\u00e3o da dona de casa Maria das Gra\u00e7as da Silva, 74 anos. Ela \u00e9 orientada pela equipe desde a primeira vez que procurou atendimento urol\u00f3gico no Hospital de Base do Distrito Federal (HBDF), em 2021. \u201cMeu filho n\u00e3o est\u00e1 aqui para andar comigo, porque ele mora em Goi\u00e2nia. Ent\u00e3o, Deus preparou anjos para me ajudarem. Me passam informa\u00e7\u00f5es, me levam \u00e0s salas e at\u00e9 marcam exames para mim\u201d, conta.<\/p>\n<p>Idealizado pela primeira-dama Mayara Noronha Rocha, o Projeto Humanizar \u00e9 realizado pelo Instituto de Gest\u00e3o Estrat\u00e9gica de Sa\u00fade do Distrito Federal (IgesDF) e est\u00e1 presente nas unidades geridas pela entidade. Ao todo, s\u00e3o 95 auxiliares distribu\u00eddos no Hospital de Base, Hospital Regional de Santa Maria, Hospital Cidade do Sol e nas 13 unidades de pronto atendimento (UPA). Em 2023, foram registrados 841.306 atendimentos e, neste ano, apenas em janeiro e fevereiro, houve mais de 101 mil acolhimentos.<\/p>\n<p>Para Maria, o projeto ajuda a amenizar as dores de quem procura o servi\u00e7o de sa\u00fade e facilita o acesso aos servi\u00e7os. \u201cMuita gente tem dificuldade em entender algumas coisas, e eu sou uma delas. J\u00e1 estou idosa, \u00e0s vezes fico estressada e ansiosa. Sem algu\u00e9m para me ajudar, fica muito dif\u00edcil\u201d, pontua ela, que mora em Planaltina.<\/p>\n<p>O bra\u00e7o direito da idosa no HBDF \u00e9 o auxiliar de humaniza\u00e7\u00e3o Thyago Moura, 20. Ele criou um la\u00e7o de amizade com Maria das Gra\u00e7as e a acompanha em consultas e exames, al\u00e9m de acalm\u00e1-la quando preciso. \u201cN\u00f3s fazemos o acolhimento, prestamos informa\u00e7\u00f5es, acolhemos o paciente, tentando entender a necessidade dele antes de encaminhar para o devido servi\u00e7o\u201d, explica Thyago, que \u00e9 estudante de psicologia. \u201c\u00c9 gratificante se colocar no lugar do outro de forma emp\u00e1tica, n\u00e3o tem pre\u00e7o. Eles nos devolvem esse cuidado com carinho e feedbacks positivos\u201d, salienta.<\/p>\n<p>A ideia de humanizar o atendimento nas unidades de sa\u00fade surgiu em 2019 e, em 2021, passou a ser executada pelo N\u00facleo de Humaniza\u00e7\u00e3o da Ger\u00eancia de Gest\u00e3o do Conhecimento e Humaniza\u00e7\u00e3o do IgesDF. O impacto na experi\u00eancia dos pacientes pode ser verificado em n\u00fameros. Em 2023, a ouvidoria recebeu 71 avalia\u00e7\u00f5es positivas do servi\u00e7o. Em janeiro deste ano, mais 21 foram registradas.<\/p>\n<p>O acolhimento humanizado come\u00e7a nas portas de entrada dos estabelecimentos, em que a equipe oferece escuta e orienta\u00e7\u00e3o aos pacientes, e se estende a outras etapas do atendimento, como consultas e interna\u00e7\u00e3o. O projeto segue as diretrizes da Pol\u00edtica Nacional de Humaniza\u00e7\u00e3o, estabelecida pelo Sistema \u00danico de Sa\u00fade (SUS).<\/p>\n<p>O auxiliar de humaniza\u00e7\u00e3o do Hospital de Base Carlos Henrique Fernandes conta que a equipe recebe capacita\u00e7\u00e3o para oferecer o melhor poss\u00edvel para a popula\u00e7\u00e3o. \u201cCada pessoa desenvolve a melhor forma de abordagem. Mas alinhamos o fato de que precisamos ter empatia, que \u00e9 voc\u00ea se colocar no lugar daquele paciente para que ele seja atendido da melhor maneira\u201d, pontua.<\/p>\n<p>Para Carlos, a experi\u00eancia de trocar conhecimento com pessoas diversas e poder oferecer acolhimento e ajuda \u00e9 terap\u00e9utica. \u201cQuando voc\u00ea verifica que, de fato, fez algo bom para a sociedade, que \u00e9 o m\u00ednimo que o ser humano hoje em dia deve fazer, isso \u00e9 totalmente gratificante. Ent\u00e3o, deixa de se tornar um trabalho, voc\u00ea faz por amor\u201d, descreve.<\/p>\n<p>Qual seu estilo musical preferido? O que gosta de fazer para se divertir? Qual seu maior sonho? Quem s\u00e3o os amores da sua vida? Essas s\u00e3o as perguntas presentes no Prontu\u00e1rio Afetivo, iniciativa do Projeto Humanizar que foi instaurada no Hospital Cidade do Sol na \u00faltima segunda-feira (26). O objetivo \u00e9 a aproxima\u00e7\u00e3o da equipe de sa\u00fade com o paciente, para que haja mais empatia dos dois lados e o respeito \u00e0 individualidade daquele que est\u00e1 sendo atendido. O prontu\u00e1rio \u00e9 fixado na parede junto \u00e0 ficha da pessoa atendida.<\/p>\n<p>\u201cO intuito \u00e9 quebrar o gelo. \u00c9 fazer com que o paciente sinta que est\u00e1 sendo visto como uma pessoa e n\u00e3o s\u00f3 como uma patologia. E tamb\u00e9m \u00e9 uma ferramenta para fazer com que os pr\u00f3prios colaboradores enxerguem esse paciente tamb\u00e9m como um ser humano, que tem amores e pessoas que est\u00e3o esperando por ele\u201d, explica a gerente de Humaniza\u00e7\u00e3o e Experi\u00eancia do Paciente do Iges-DF, Stephanie Sakayo.<\/p>\n<p>O professor Rog\u00e9rio C\u00e2mara, 58, foi enf\u00e1tico na hora de responder \u00e0s perguntas. Os amores da vida dele s\u00e3o a fam\u00edlia, que, devido a compromissos profissionais, n\u00e3o puderam acompanh\u00e1-lo na interna\u00e7\u00e3o por dengue. Mas, segundo o docente de biologia, isso n\u00e3o foi problema, j\u00e1 que encontrou assuntos em comum com a equipe do hospital. Ele tamb\u00e9m contou que ama pescar e que sonha em se livrar de d\u00edvidas financeiras. No fone de ouvido, gosta de todos os tipos de m\u00fasica, exceto funk e rap. \u201cVoc\u00ea se sente acolhido, se sente em casa, fica mais \u00e0 vontade. \u00c9 muito positivo porque muita gente fica aqui sozinho, sem ningu\u00e9m\u201d, pontua.<\/p>\n<p>No Hospital Cidade do Sol, a equipe do Humanizar tamb\u00e9m aposta no uso da m\u00fasica para acolher os pacientes internados. Ap\u00f3s estudos sobre quais os sons mais apropriados para o ambiente hospitalar, a escolha foi pela frequ\u00eancia 432 Hz, conhecido como \u00e1udio binaural. Artigos apontam que esta \u00e9 a frequ\u00eancia da cura e ajuda os ouvintes a se acalmarem. \u201c\u00c9 uma ambienta\u00e7\u00e3o musical que transmite serenidade e calma, no intuito de auxiliarem no atendimento prestado aos pacientes\u201d, explica Sakayo.<\/p>\n<p>Na admiss\u00e3o e na alta, os pacientes respondem um question\u00e1rio sobre os servi\u00e7os acessados. S\u00e3o feitas perguntas sobre alimenta\u00e7\u00e3o, atendimento m\u00e9dico, assist\u00eancia de enfermagem e tratamento, entre outros temas. A iniciativa do Iges-DF busca mensurar como est\u00e1 sendo o atendimento prestado para ajustar falhas e solucionar demandas.<\/p>\n","protected":false},"excerpt":{"rendered":"<p>O acolhimento e a empatia do Projeto Humanizar conquistaram o cora\u00e7\u00e3o da dona de casa Maria das Gra\u00e7as da Silva, 74 anos. Ela \u00e9 orientada pela equipe desde a primeira vez que procurou atendimento urol\u00f3gico no Hospital de Base do Distrito Federal (HBDF), em 2021. \u201cMeu filho n\u00e3o est\u00e1 aqui para andar comigo, porque ele [&hellip;]<\/p>\n","protected":false},"author":2,"featured_media":323765,"comment_status":"closed","ping_status":"closed","sticky":false,"template":"","format":"standard","meta":{"_acf_changed":false,"footnotes":""},"categories":[161],"tags":[],"class_list":["post-323764","post","type-post","status-publish","format-standard","has-post-thumbnail","hentry","category-quadradinho-em-foco"],"acf":[],"yoast_head":"<!-- This site is optimized with the Yoast SEO plugin v27.2 - https:\/\/yoast.com\/product\/yoast-seo-wordpress\/ -->\n<title>Projeto Humanizar oferece apoio e acolhimento em hospitais - Notibras<\/title>\n<meta name=\"robots\" content=\"index, follow, max-snippet:-1, max-image-preview:large, max-video-preview:-1\" \/>\n<link rel=\"canonical\" href=\"https:\/\/www.notibras.com\/site\/projeto-humanizar-oferece-apoio-e-acolhimento-em-hospitais\/\" \/>\n<meta property=\"og:locale\" content=\"pt_BR\" \/>\n<meta property=\"og:type\" content=\"article\" \/>\n<meta property=\"og:title\" content=\"Projeto Humanizar oferece apoio e acolhimento em hospitais - Notibras\" \/>\n<meta property=\"og:description\" content=\"O acolhimento e a empatia do Projeto Humanizar conquistaram o cora\u00e7\u00e3o da dona de casa Maria das Gra\u00e7as da Silva, 74 anos. Ela \u00e9 orientada pela equipe desde a primeira vez que procurou atendimento urol\u00f3gico no Hospital de Base do Distrito Federal (HBDF), em 2021. \u201cMeu filho n\u00e3o est\u00e1 aqui para andar comigo, porque ele [&hellip;]\" \/>\n<meta property=\"og:url\" content=\"https:\/\/www.notibras.com\/site\/projeto-humanizar-oferece-apoio-e-acolhimento-em-hospitais\/\" \/>\n<meta property=\"og:site_name\" content=\"Notibras\" \/>\n<meta property=\"article:publisher\" content=\"https:\/\/www.facebook.com\/notibras\/\" \/>\n<meta property=\"article:published_time\" content=\"2024-03-04T03:00:44+00:00\" \/>\n<meta property=\"article:modified_time\" content=\"2024-03-04T12:04:49+00:00\" \/>\n<meta property=\"og:image\" content=\"https:\/\/www.notibras.com\/site\/wp-content\/uploads\/2024\/03\/Dentro-1-15.jpg\" \/>\n\t<meta property=\"og:image:width\" content=\"882\" \/>\n\t<meta property=\"og:image:height\" content=\"588\" \/>\n\t<meta property=\"og:image:type\" content=\"image\/jpeg\" \/>\n<meta name=\"author\" content=\"Reda\u00e7\u00e3o\" \/>\n<meta name=\"twitter:card\" content=\"summary_large_image\" \/>\n<meta name=\"twitter:creator\" content=\"@Notibras\" \/>\n<meta name=\"twitter:site\" content=\"@Notibras\" \/>\n<meta name=\"twitter:label1\" content=\"Escrito por\" \/>\n\t<meta name=\"twitter:data1\" content=\"Reda\u00e7\u00e3o\" \/>\n\t<meta name=\"twitter:label2\" content=\"Est. tempo de leitura\" \/>\n\t<meta name=\"twitter:data2\" content=\"6 minutos\" \/>\n<script type=\"application\/ld+json\" class=\"yoast-schema-graph\">{\"@context\":\"https:\/\/schema.org\",\"@graph\":[{\"@type\":\"Article\",\"@id\":\"https:\/\/www.notibras.com\/site\/projeto-humanizar-oferece-apoio-e-acolhimento-em-hospitais\/#article\",\"isPartOf\":{\"@id\":\"https:\/\/www.notibras.com\/site\/projeto-humanizar-oferece-apoio-e-acolhimento-em-hospitais\/\"},\"author\":{\"name\":\"Reda\u00e7\u00e3o\",\"@id\":\"https:\/\/www.notibras.com\/site\/#\/schema\/person\/36ab0979449956132d3e5b517ea76ac8\"},\"headline\":\"Projeto Humanizar oferece apoio e acolhimento em hospitais\",\"datePublished\":\"2024-03-04T03:00:44+00:00\",\"dateModified\":\"2024-03-04T12:04:49+00:00\",\"mainEntityOfPage\":{\"@id\":\"https:\/\/www.notibras.com\/site\/projeto-humanizar-oferece-apoio-e-acolhimento-em-hospitais\/\"},\"wordCount\":992,\"publisher\":{\"@id\":\"https:\/\/www.notibras.com\/site\/#organization\"},\"image\":{\"@id\":\"https:\/\/www.notibras.com\/site\/projeto-humanizar-oferece-apoio-e-acolhimento-em-hospitais\/#primaryimage\"},\"thumbnailUrl\":\"https:\/\/www.notibras.com\/site\/wp-content\/uploads\/2024\/03\/Dentro-1-15.jpg\",\"articleSection\":[\"Quadradinho em Foco\"],\"inLanguage\":\"pt-BR\"},{\"@type\":\"WebPage\",\"@id\":\"https:\/\/www.notibras.com\/site\/projeto-humanizar-oferece-apoio-e-acolhimento-em-hospitais\/\",\"url\":\"https:\/\/www.notibras.com\/site\/projeto-humanizar-oferece-apoio-e-acolhimento-em-hospitais\/\",\"name\":\"Projeto Humanizar oferece apoio e acolhimento em hospitais - Notibras\",\"isPartOf\":{\"@id\":\"https:\/\/www.notibras.com\/site\/#website\"},\"primaryImageOfPage\":{\"@id\":\"https:\/\/www.notibras.com\/site\/projeto-humanizar-oferece-apoio-e-acolhimento-em-hospitais\/#primaryimage\"},\"image\":{\"@id\":\"https:\/\/www.notibras.com\/site\/projeto-humanizar-oferece-apoio-e-acolhimento-em-hospitais\/#primaryimage\"},\"thumbnailUrl\":\"https:\/\/www.notibras.com\/site\/wp-content\/uploads\/2024\/03\/Dentro-1-15.jpg\",\"datePublished\":\"2024-03-04T03:00:44+00:00\",\"dateModified\":\"2024-03-04T12:04:49+00:00\",\"breadcrumb\":{\"@id\":\"https:\/\/www.notibras.com\/site\/projeto-humanizar-oferece-apoio-e-acolhimento-em-hospitais\/#breadcrumb\"},\"inLanguage\":\"pt-BR\",\"potentialAction\":[{\"@type\":\"ReadAction\",\"target\":[\"https:\/\/www.notibras.com\/site\/projeto-humanizar-oferece-apoio-e-acolhimento-em-hospitais\/\"]}]},{\"@type\":\"ImageObject\",\"inLanguage\":\"pt-BR\",\"@id\":\"https:\/\/www.notibras.com\/site\/projeto-humanizar-oferece-apoio-e-acolhimento-em-hospitais\/#primaryimage\",\"url\":\"https:\/\/www.notibras.com\/site\/wp-content\/uploads\/2024\/03\/Dentro-1-15.jpg\",\"contentUrl\":\"https:\/\/www.notibras.com\/site\/wp-content\/uploads\/2024\/03\/Dentro-1-15.jpg\",\"width\":882,\"height\":588},{\"@type\":\"BreadcrumbList\",\"@id\":\"https:\/\/www.notibras.com\/site\/projeto-humanizar-oferece-apoio-e-acolhimento-em-hospitais\/#breadcrumb\",\"itemListElement\":[{\"@type\":\"ListItem\",\"position\":1,\"name\":\"In\u00edcio\",\"item\":\"https:\/\/www.notibras.com\/site\/\"},{\"@type\":\"ListItem\",\"position\":2,\"name\":\"Projeto Humanizar oferece apoio e acolhimento em hospitais\"}]},{\"@type\":\"WebSite\",\"@id\":\"https:\/\/www.notibras.com\/site\/#website\",\"url\":\"https:\/\/www.notibras.com\/site\/\",\"name\":\"Notibras\",\"description\":\"Not\u00edcias de Bras\u00edlia, do Brasil e do Mundo\",\"publisher\":{\"@id\":\"https:\/\/www.notibras.com\/site\/#organization\"},\"potentialAction\":[{\"@type\":\"SearchAction\",\"target\":{\"@type\":\"EntryPoint\",\"urlTemplate\":\"https:\/\/www.notibras.com\/site\/?s={search_term_string}\"},\"query-input\":{\"@type\":\"PropertyValueSpecification\",\"valueRequired\":true,\"valueName\":\"search_term_string\"}}],\"inLanguage\":\"pt-BR\"},{\"@type\":\"Organization\",\"@id\":\"https:\/\/www.notibras.com\/site\/#organization\",\"name\":\"Grupo Notibras de Comunica\u00e7\u00e3o\",\"url\":\"https:\/\/www.notibras.com\/site\/\",\"logo\":{\"@type\":\"ImageObject\",\"inLanguage\":\"pt-BR\",\"@id\":\"https:\/\/www.notibras.com\/site\/#\/schema\/logo\/image\/\",\"url\":\"https:\/\/www.notibras.com\/site\/wp-content\/uploads\/2023\/01\/notibras23.png\",\"contentUrl\":\"https:\/\/www.notibras.com\/site\/wp-content\/uploads\/2023\/01\/notibras23.png\",\"width\":350,\"height\":87,\"caption\":\"Grupo Notibras de Comunica\u00e7\u00e3o\"},\"image\":{\"@id\":\"https:\/\/www.notibras.com\/site\/#\/schema\/logo\/image\/\"},\"sameAs\":[\"https:\/\/www.facebook.com\/notibras\/\",\"https:\/\/x.com\/Notibras\",\"https:\/\/www.instagram.com\/notibras\/\"]},{\"@type\":\"Person\",\"@id\":\"https:\/\/www.notibras.com\/site\/#\/schema\/person\/36ab0979449956132d3e5b517ea76ac8\",\"name\":\"Reda\u00e7\u00e3o\",\"image\":{\"@type\":\"ImageObject\",\"inLanguage\":\"pt-BR\",\"@id\":\"https:\/\/secure.gravatar.com\/avatar\/e0a867bdedb85fd243eadf09663511f96fc81e0720a4a42581f334ad4303aa6b?s=96&d=mm&r=g\",\"url\":\"https:\/\/secure.gravatar.com\/avatar\/e0a867bdedb85fd243eadf09663511f96fc81e0720a4a42581f334ad4303aa6b?s=96&d=mm&r=g\",\"contentUrl\":\"https:\/\/secure.gravatar.com\/avatar\/e0a867bdedb85fd243eadf09663511f96fc81e0720a4a42581f334ad4303aa6b?s=96&d=mm&r=g\",\"caption\":\"Reda\u00e7\u00e3o\"}}]}<\/script>\n<!-- \/ Yoast SEO plugin. -->","yoast_head_json":{"title":"Projeto Humanizar oferece apoio e acolhimento em hospitais - Notibras","robots":{"index":"index","follow":"follow","max-snippet":"max-snippet:-1","max-image-preview":"max-image-preview:large","max-video-preview":"max-video-preview:-1"},"canonical":"https:\/\/www.notibras.com\/site\/projeto-humanizar-oferece-apoio-e-acolhimento-em-hospitais\/","og_locale":"pt_BR","og_type":"article","og_title":"Projeto Humanizar oferece apoio e acolhimento em hospitais - Notibras","og_description":"O acolhimento e a empatia do Projeto Humanizar conquistaram o cora\u00e7\u00e3o da dona de casa Maria das Gra\u00e7as da Silva, 74 anos. Ela \u00e9 orientada pela equipe desde a primeira vez que procurou atendimento urol\u00f3gico no Hospital de Base do Distrito Federal (HBDF), em 2021. \u201cMeu filho n\u00e3o est\u00e1 aqui para andar comigo, porque ele [&hellip;]","og_url":"https:\/\/www.notibras.com\/site\/projeto-humanizar-oferece-apoio-e-acolhimento-em-hospitais\/","og_site_name":"Notibras","article_publisher":"https:\/\/www.facebook.com\/notibras\/","article_published_time":"2024-03-04T03:00:44+00:00","article_modified_time":"2024-03-04T12:04:49+00:00","og_image":[{"width":882,"height":588,"url":"https:\/\/www.notibras.com\/site\/wp-content\/uploads\/2024\/03\/Dentro-1-15.jpg","type":"image\/jpeg"}],"author":"Reda\u00e7\u00e3o","twitter_card":"summary_large_image","twitter_creator":"@Notibras","twitter_site":"@Notibras","twitter_misc":{"Escrito por":"Reda\u00e7\u00e3o","Est. tempo de leitura":"6 minutos"},"schema":{"@context":"https:\/\/schema.org","@graph":[{"@type":"Article","@id":"https:\/\/www.notibras.com\/site\/projeto-humanizar-oferece-apoio-e-acolhimento-em-hospitais\/#article","isPartOf":{"@id":"https:\/\/www.notibras.com\/site\/projeto-humanizar-oferece-apoio-e-acolhimento-em-hospitais\/"},"author":{"name":"Reda\u00e7\u00e3o","@id":"https:\/\/www.notibras.com\/site\/#\/schema\/person\/36ab0979449956132d3e5b517ea76ac8"},"headline":"Projeto Humanizar oferece apoio e acolhimento em hospitais","datePublished":"2024-03-04T03:00:44+00:00","dateModified":"2024-03-04T12:04:49+00:00","mainEntityOfPage":{"@id":"https:\/\/www.notibras.com\/site\/projeto-humanizar-oferece-apoio-e-acolhimento-em-hospitais\/"},"wordCount":992,"publisher":{"@id":"https:\/\/www.notibras.com\/site\/#organization"},"image":{"@id":"https:\/\/www.notibras.com\/site\/projeto-humanizar-oferece-apoio-e-acolhimento-em-hospitais\/#primaryimage"},"thumbnailUrl":"https:\/\/www.notibras.com\/site\/wp-content\/uploads\/2024\/03\/Dentro-1-15.jpg","articleSection":["Quadradinho em Foco"],"inLanguage":"pt-BR"},{"@type":"WebPage","@id":"https:\/\/www.notibras.com\/site\/projeto-humanizar-oferece-apoio-e-acolhimento-em-hospitais\/","url":"https:\/\/www.notibras.com\/site\/projeto-humanizar-oferece-apoio-e-acolhimento-em-hospitais\/","name":"Projeto Humanizar oferece apoio e acolhimento em hospitais - Notibras","isPartOf":{"@id":"https:\/\/www.notibras.com\/site\/#website"},"primaryImageOfPage":{"@id":"https:\/\/www.notibras.com\/site\/projeto-humanizar-oferece-apoio-e-acolhimento-em-hospitais\/#primaryimage"},"image":{"@id":"https:\/\/www.notibras.com\/site\/projeto-humanizar-oferece-apoio-e-acolhimento-em-hospitais\/#primaryimage"},"thumbnailUrl":"https:\/\/www.notibras.com\/site\/wp-content\/uploads\/2024\/03\/Dentro-1-15.jpg","datePublished":"2024-03-04T03:00:44+00:00","dateModified":"2024-03-04T12:04:49+00:00","breadcrumb":{"@id":"https:\/\/www.notibras.com\/site\/projeto-humanizar-oferece-apoio-e-acolhimento-em-hospitais\/#breadcrumb"},"inLanguage":"pt-BR","potentialAction":[{"@type":"ReadAction","target":["https:\/\/www.notibras.com\/site\/projeto-humanizar-oferece-apoio-e-acolhimento-em-hospitais\/"]}]},{"@type":"ImageObject","inLanguage":"pt-BR","@id":"https:\/\/www.notibras.com\/site\/projeto-humanizar-oferece-apoio-e-acolhimento-em-hospitais\/#primaryimage","url":"https:\/\/www.notibras.com\/site\/wp-content\/uploads\/2024\/03\/Dentro-1-15.jpg","contentUrl":"https:\/\/www.notibras.com\/site\/wp-content\/uploads\/2024\/03\/Dentro-1-15.jpg","width":882,"height":588},{"@type":"BreadcrumbList","@id":"https:\/\/www.notibras.com\/site\/projeto-humanizar-oferece-apoio-e-acolhimento-em-hospitais\/#breadcrumb","itemListElement":[{"@type":"ListItem","position":1,"name":"In\u00edcio","item":"https:\/\/www.notibras.com\/site\/"},{"@type":"ListItem","position":2,"name":"Projeto Humanizar oferece apoio e acolhimento em hospitais"}]},{"@type":"WebSite","@id":"https:\/\/www.notibras.com\/site\/#website","url":"https:\/\/www.notibras.com\/site\/","name":"Notibras","description":"Not\u00edcias de Bras\u00edlia, do Brasil e do Mundo","publisher":{"@id":"https:\/\/www.notibras.com\/site\/#organization"},"potentialAction":[{"@type":"SearchAction","target":{"@type":"EntryPoint","urlTemplate":"https:\/\/www.notibras.com\/site\/?s={search_term_string}"},"query-input":{"@type":"PropertyValueSpecification","valueRequired":true,"valueName":"search_term_string"}}],"inLanguage":"pt-BR"},{"@type":"Organization","@id":"https:\/\/www.notibras.com\/site\/#organization","name":"Grupo Notibras de Comunica\u00e7\u00e3o","url":"https:\/\/www.notibras.com\/site\/","logo":{"@type":"ImageObject","inLanguage":"pt-BR","@id":"https:\/\/www.notibras.com\/site\/#\/schema\/logo\/image\/","url":"https:\/\/www.notibras.com\/site\/wp-content\/uploads\/2023\/01\/notibras23.png","contentUrl":"https:\/\/www.notibras.com\/site\/wp-content\/uploads\/2023\/01\/notibras23.png","width":350,"height":87,"caption":"Grupo Notibras de Comunica\u00e7\u00e3o"},"image":{"@id":"https:\/\/www.notibras.com\/site\/#\/schema\/logo\/image\/"},"sameAs":["https:\/\/www.facebook.com\/notibras\/","https:\/\/x.com\/Notibras","https:\/\/www.instagram.com\/notibras\/"]},{"@type":"Person","@id":"https:\/\/www.notibras.com\/site\/#\/schema\/person\/36ab0979449956132d3e5b517ea76ac8","name":"Reda\u00e7\u00e3o","image":{"@type":"ImageObject","inLanguage":"pt-BR","@id":"https:\/\/secure.gravatar.com\/avatar\/e0a867bdedb85fd243eadf09663511f96fc81e0720a4a42581f334ad4303aa6b?s=96&d=mm&r=g","url":"https:\/\/secure.gravatar.com\/avatar\/e0a867bdedb85fd243eadf09663511f96fc81e0720a4a42581f334ad4303aa6b?s=96&d=mm&r=g","contentUrl":"https:\/\/secure.gravatar.com\/avatar\/e0a867bdedb85fd243eadf09663511f96fc81e0720a4a42581f334ad4303aa6b?s=96&d=mm&r=g","caption":"Reda\u00e7\u00e3o"}}]}},"amp_enabled":true,"_links":{"self":[{"href":"https:\/\/www.notibras.com\/site\/wp-json\/wp\/v2\/posts\/323764","targetHints":{"allow":["GET"]}}],"collection":[{"href":"https:\/\/www.notibras.com\/site\/wp-json\/wp\/v2\/posts"}],"about":[{"href":"https:\/\/www.notibras.com\/site\/wp-json\/wp\/v2\/types\/post"}],"author":[{"embeddable":true,"href":"https:\/\/www.notibras.com\/site\/wp-json\/wp\/v2\/users\/2"}],"replies":[{"embeddable":true,"href":"https:\/\/www.notibras.com\/site\/wp-json\/wp\/v2\/comments?post=323764"}],"version-history":[{"count":1,"href":"https:\/\/www.notibras.com\/site\/wp-json\/wp\/v2\/posts\/323764\/revisions"}],"predecessor-version":[{"id":323766,"href":"https:\/\/www.notibras.com\/site\/wp-json\/wp\/v2\/posts\/323764\/revisions\/323766"}],"wp:featuredmedia":[{"embeddable":true,"href":"https:\/\/www.notibras.com\/site\/wp-json\/wp\/v2\/media\/323765"}],"wp:attachment":[{"href":"https:\/\/www.notibras.com\/site\/wp-json\/wp\/v2\/media?parent=323764"}],"wp:term":[{"taxonomy":"category","embeddable":true,"href":"https:\/\/www.notibras.com\/site\/wp-json\/wp\/v2\/categories?post=323764"},{"taxonomy":"post_tag","embeddable":true,"href":"https:\/\/www.notibras.com\/site\/wp-json\/wp\/v2\/tags?post=323764"}],"curies":[{"name":"wp","href":"https:\/\/api.w.org\/{rel}","templated":true}]}}