{"id":323767,"date":"2024-03-04T00:00:12","date_gmt":"2024-03-04T03:00:12","guid":{"rendered":"https:\/\/www.notibras.com\/site\/?p=323767"},"modified":"2024-03-04T09:10:52","modified_gmt":"2024-03-04T12:10:52","slug":"pacientes-com-dengue-tem-consultorios-exclusivos-para-atendimento","status":"publish","type":"post","link":"https:\/\/www.notibras.com\/site\/pacientes-com-dengue-tem-consultorios-exclusivos-para-atendimento\/","title":{"rendered":"Pacientes com dengue t\u00eam consult\u00f3rios exclusivos para atendimento"},"content":{"rendered":"<p>O Governo do Distrito Federal segue ampliando as ofertas de atendimento de pacientes com suspeita de dengue na rede p\u00fablica de sa\u00fade. Agora, todas as 13 Unidades de Pronto Atendimento (UPAs) da capital federal contam com m\u00e9dicos e consult\u00f3rios exclusivos para atender casos suspeitos da doen\u00e7a.<\/p>\n<p>O objetivo da medida \u00e9 agilizar a avalia\u00e7\u00e3o dos quadros cl\u00ednicos de cada paciente, proporcionando um diagn\u00f3stico mais r\u00e1pido e eficiente. \u201cTer um m\u00e9dico \u00e0 disposi\u00e7\u00e3o exclusiva dos casos de dengue tem nos permitido oferecer um atendimento mais r\u00e1pido dos pacientes e desafogar as filas\u201d, explica o diretor-t\u00e9cnico da UPA de Ceil\u00e2ndia 1, Riciere Cavalcanti.<\/p>\n<p>Segundo o servidor, atualmente, a UPA conta com duas equipes de m\u00e9dicos, sendo cinco no per\u00edodo diurno e outros quatro no noturno \u2013 todas com um profissional de sa\u00fade designado especificamente para o tratamento e atendimento dos casos suspeitos. \u201cNa aus\u00eancia de casos suspeitos, esses m\u00e9dicos s\u00e3o direcionados a outros atendimentos. Tudo para que o usu\u00e1rio n\u00e3o seja prejudicado\u201d, prossegue.<\/p>\n<p>O diretor-t\u00e9cnico afirma que, apesar da grande demanda, a medida se mostra eficiente tamb\u00e9m para desafogar outras unidades de atendimento. \u201cA gente j\u00e1 tem conseguido diluir um pouco os atendimentos nos demais equipamentos da rede p\u00fablica\u201d, completa.<\/p>\n<p>A dona de casa Lucilene Lopes, de 52 anos, procurou a UPA de Ceil\u00e2ndia I ap\u00f3s apresentar sintomas cl\u00e1ssicos da doen\u00e7a e elogia a celeridade do atendimento na unidade. \u201cN\u00e3o temos do que reclamar; foi bem r\u00e1pido, logo fui medicada e agora j\u00e1 estou indo para a minha casa\u201d, conta.<\/p>\n<p>Os elogios encontram eco entre outros usu\u00e1rios: \u201cO m\u00e9dico foi muito atencioso. Eu procurei atendimento durante a noite e passei pela triagem rapidinho\u201d, diz a artes\u00e3 Selma Guimar\u00e3es, 57, que precisou ficar internada ap\u00f3s apresentar alergias na pele e baixa contagem de plaquetas.<\/p>\n<p><strong>Busque atendimento<\/strong><br \/>\nBoletim epidemiol\u00f3gico de dengue divulgado pela Secretaria de Sa\u00fade do DF (SES-DF) na \u00faltima segunda-feira registrou mais de 100,5 mil casos prov\u00e1veis da doen\u00e7a desde o in\u00edcio de 2024, sendo que 55 evolu\u00edram para \u00f3bito e outras 82 mortes aguardam confirma\u00e7\u00e3o.<\/p>\n<p>Como cada caso de dengue \u00e9 \u00fanico e a abordagem terap\u00eautica deve ser personalizada, consultar um m\u00e9dico \u00e9 o ponto de partida para a garantia de um tratamento seguro e eficaz, al\u00e9m de evitar complica\u00e7\u00f5es decorrentes da dengue.<\/p>\n<p>O Distrito Federal conta com, ao todo, 176 unidades b\u00e1sicas de sa\u00fade (UBSs) que servem como porta de entrada de casos suspeitos da doen\u00e7a na rede p\u00fablica. Destas, 11 oferecem um hor\u00e1rio especial noturno para a popula\u00e7\u00e3o.<\/p>\n<p>Em casos mais graves, classificados como grupos C e D, que envolvem dores intensas na barriga, v\u00f4mitos persistentes, sangramentos no nariz, na boca ou nas fezes, tonturas e extremo cansa\u00e7o, os pacientes devem procurar uma das 13 UPAs espalhadas pela capital.<\/p>\n","protected":false},"excerpt":{"rendered":"<p>O Governo do Distrito Federal segue ampliando as ofertas de atendimento de pacientes com suspeita de dengue na rede p\u00fablica de sa\u00fade. Agora, todas as 13 Unidades de Pronto Atendimento (UPAs) da capital federal contam com m\u00e9dicos e consult\u00f3rios exclusivos para atender casos suspeitos da doen\u00e7a. O objetivo da medida \u00e9 agilizar a avalia\u00e7\u00e3o dos [&hellip;]<\/p>\n","protected":false},"author":2,"featured_media":323768,"comment_status":"closed","ping_status":"closed","sticky":false,"template":"","format":"standard","meta":{"_acf_changed":false,"footnotes":""},"categories":[161],"tags":[],"class_list":["post-323767","post","type-post","status-publish","format-standard","has-post-thumbnail","hentry","category-quadradinho-em-foco"],"acf":[],"yoast_head":"<!-- This site is optimized with the Yoast SEO plugin v27.2 - https:\/\/yoast.com\/product\/yoast-seo-wordpress\/ -->\n<title>Pacientes com dengue t\u00eam consult\u00f3rios exclusivos para atendimento - Notibras<\/title>\n<meta name=\"robots\" content=\"index, follow, max-snippet:-1, max-image-preview:large, max-video-preview:-1\" \/>\n<link rel=\"canonical\" href=\"https:\/\/www.notibras.com\/site\/pacientes-com-dengue-tem-consultorios-exclusivos-para-atendimento\/\" \/>\n<meta property=\"og:locale\" content=\"pt_BR\" \/>\n<meta property=\"og:type\" content=\"article\" \/>\n<meta property=\"og:title\" content=\"Pacientes com dengue t\u00eam consult\u00f3rios exclusivos para atendimento - Notibras\" \/>\n<meta property=\"og:description\" content=\"O Governo do Distrito Federal segue ampliando as ofertas de atendimento de pacientes com suspeita de dengue na rede p\u00fablica de sa\u00fade. Agora, todas as 13 Unidades de Pronto Atendimento (UPAs) da capital federal contam com m\u00e9dicos e consult\u00f3rios exclusivos para atender casos suspeitos da doen\u00e7a. O objetivo da medida \u00e9 agilizar a avalia\u00e7\u00e3o dos [&hellip;]\" \/>\n<meta property=\"og:url\" content=\"https:\/\/www.notibras.com\/site\/pacientes-com-dengue-tem-consultorios-exclusivos-para-atendimento\/\" \/>\n<meta property=\"og:site_name\" content=\"Notibras\" \/>\n<meta property=\"article:publisher\" content=\"https:\/\/www.facebook.com\/notibras\/\" \/>\n<meta property=\"article:published_time\" content=\"2024-03-04T03:00:12+00:00\" \/>\n<meta property=\"article:modified_time\" content=\"2024-03-04T12:10:52+00:00\" \/>\n<meta property=\"og:image\" content=\"https:\/\/www.notibras.com\/site\/wp-content\/uploads\/2024\/03\/DENTRO-JRO_9767-1536x1024-1.jpg\" \/>\n\t<meta property=\"og:image:width\" content=\"1536\" \/>\n\t<meta property=\"og:image:height\" content=\"1024\" \/>\n\t<meta property=\"og:image:type\" content=\"image\/jpeg\" \/>\n<meta name=\"author\" content=\"Reda\u00e7\u00e3o\" \/>\n<meta name=\"twitter:card\" content=\"summary_large_image\" \/>\n<meta name=\"twitter:creator\" content=\"@Notibras\" \/>\n<meta name=\"twitter:site\" content=\"@Notibras\" \/>\n<meta name=\"twitter:label1\" content=\"Escrito por\" \/>\n\t<meta name=\"twitter:data1\" content=\"Reda\u00e7\u00e3o\" \/>\n\t<meta name=\"twitter:label2\" content=\"Est. tempo de leitura\" \/>\n\t<meta name=\"twitter:data2\" content=\"3 minutos\" \/>\n<script type=\"application\/ld+json\" class=\"yoast-schema-graph\">{\"@context\":\"https:\/\/schema.org\",\"@graph\":[{\"@type\":\"Article\",\"@id\":\"https:\/\/www.notibras.com\/site\/pacientes-com-dengue-tem-consultorios-exclusivos-para-atendimento\/#article\",\"isPartOf\":{\"@id\":\"https:\/\/www.notibras.com\/site\/pacientes-com-dengue-tem-consultorios-exclusivos-para-atendimento\/\"},\"author\":{\"name\":\"Reda\u00e7\u00e3o\",\"@id\":\"https:\/\/www.notibras.com\/site\/#\/schema\/person\/36ab0979449956132d3e5b517ea76ac8\"},\"headline\":\"Pacientes com dengue t\u00eam consult\u00f3rios exclusivos para atendimento\",\"datePublished\":\"2024-03-04T03:00:12+00:00\",\"dateModified\":\"2024-03-04T12:10:52+00:00\",\"mainEntityOfPage\":{\"@id\":\"https:\/\/www.notibras.com\/site\/pacientes-com-dengue-tem-consultorios-exclusivos-para-atendimento\/\"},\"wordCount\":498,\"publisher\":{\"@id\":\"https:\/\/www.notibras.com\/site\/#organization\"},\"image\":{\"@id\":\"https:\/\/www.notibras.com\/site\/pacientes-com-dengue-tem-consultorios-exclusivos-para-atendimento\/#primaryimage\"},\"thumbnailUrl\":\"https:\/\/www.notibras.com\/site\/wp-content\/uploads\/2024\/03\/DENTRO-JRO_9767-1536x1024-1.jpg\",\"articleSection\":[\"Quadradinho em Foco\"],\"inLanguage\":\"pt-BR\"},{\"@type\":\"WebPage\",\"@id\":\"https:\/\/www.notibras.com\/site\/pacientes-com-dengue-tem-consultorios-exclusivos-para-atendimento\/\",\"url\":\"https:\/\/www.notibras.com\/site\/pacientes-com-dengue-tem-consultorios-exclusivos-para-atendimento\/\",\"name\":\"Pacientes com dengue t\u00eam consult\u00f3rios exclusivos para atendimento - Notibras\",\"isPartOf\":{\"@id\":\"https:\/\/www.notibras.com\/site\/#website\"},\"primaryImageOfPage\":{\"@id\":\"https:\/\/www.notibras.com\/site\/pacientes-com-dengue-tem-consultorios-exclusivos-para-atendimento\/#primaryimage\"},\"image\":{\"@id\":\"https:\/\/www.notibras.com\/site\/pacientes-com-dengue-tem-consultorios-exclusivos-para-atendimento\/#primaryimage\"},\"thumbnailUrl\":\"https:\/\/www.notibras.com\/site\/wp-content\/uploads\/2024\/03\/DENTRO-JRO_9767-1536x1024-1.jpg\",\"datePublished\":\"2024-03-04T03:00:12+00:00\",\"dateModified\":\"2024-03-04T12:10:52+00:00\",\"breadcrumb\":{\"@id\":\"https:\/\/www.notibras.com\/site\/pacientes-com-dengue-tem-consultorios-exclusivos-para-atendimento\/#breadcrumb\"},\"inLanguage\":\"pt-BR\",\"potentialAction\":[{\"@type\":\"ReadAction\",\"target\":[\"https:\/\/www.notibras.com\/site\/pacientes-com-dengue-tem-consultorios-exclusivos-para-atendimento\/\"]}]},{\"@type\":\"ImageObject\",\"inLanguage\":\"pt-BR\",\"@id\":\"https:\/\/www.notibras.com\/site\/pacientes-com-dengue-tem-consultorios-exclusivos-para-atendimento\/#primaryimage\",\"url\":\"https:\/\/www.notibras.com\/site\/wp-content\/uploads\/2024\/03\/DENTRO-JRO_9767-1536x1024-1.jpg\",\"contentUrl\":\"https:\/\/www.notibras.com\/site\/wp-content\/uploads\/2024\/03\/DENTRO-JRO_9767-1536x1024-1.jpg\",\"width\":1536,\"height\":1024},{\"@type\":\"BreadcrumbList\",\"@id\":\"https:\/\/www.notibras.com\/site\/pacientes-com-dengue-tem-consultorios-exclusivos-para-atendimento\/#breadcrumb\",\"itemListElement\":[{\"@type\":\"ListItem\",\"position\":1,\"name\":\"In\u00edcio\",\"item\":\"https:\/\/www.notibras.com\/site\/\"},{\"@type\":\"ListItem\",\"position\":2,\"name\":\"Pacientes com dengue t\u00eam consult\u00f3rios exclusivos para atendimento\"}]},{\"@type\":\"WebSite\",\"@id\":\"https:\/\/www.notibras.com\/site\/#website\",\"url\":\"https:\/\/www.notibras.com\/site\/\",\"name\":\"Notibras\",\"description\":\"Not\u00edcias de Bras\u00edlia, do Brasil e do Mundo\",\"publisher\":{\"@id\":\"https:\/\/www.notibras.com\/site\/#organization\"},\"potentialAction\":[{\"@type\":\"SearchAction\",\"target\":{\"@type\":\"EntryPoint\",\"urlTemplate\":\"https:\/\/www.notibras.com\/site\/?s={search_term_string}\"},\"query-input\":{\"@type\":\"PropertyValueSpecification\",\"valueRequired\":true,\"valueName\":\"search_term_string\"}}],\"inLanguage\":\"pt-BR\"},{\"@type\":\"Organization\",\"@id\":\"https:\/\/www.notibras.com\/site\/#organization\",\"name\":\"Grupo Notibras de Comunica\u00e7\u00e3o\",\"url\":\"https:\/\/www.notibras.com\/site\/\",\"logo\":{\"@type\":\"ImageObject\",\"inLanguage\":\"pt-BR\",\"@id\":\"https:\/\/www.notibras.com\/site\/#\/schema\/logo\/image\/\",\"url\":\"https:\/\/www.notibras.com\/site\/wp-content\/uploads\/2023\/01\/notibras23.png\",\"contentUrl\":\"https:\/\/www.notibras.com\/site\/wp-content\/uploads\/2023\/01\/notibras23.png\",\"width\":350,\"height\":87,\"caption\":\"Grupo Notibras de Comunica\u00e7\u00e3o\"},\"image\":{\"@id\":\"https:\/\/www.notibras.com\/site\/#\/schema\/logo\/image\/\"},\"sameAs\":[\"https:\/\/www.facebook.com\/notibras\/\",\"https:\/\/x.com\/Notibras\",\"https:\/\/www.instagram.com\/notibras\/\"]},{\"@type\":\"Person\",\"@id\":\"https:\/\/www.notibras.com\/site\/#\/schema\/person\/36ab0979449956132d3e5b517ea76ac8\",\"name\":\"Reda\u00e7\u00e3o\",\"image\":{\"@type\":\"ImageObject\",\"inLanguage\":\"pt-BR\",\"@id\":\"https:\/\/secure.gravatar.com\/avatar\/e0a867bdedb85fd243eadf09663511f96fc81e0720a4a42581f334ad4303aa6b?s=96&d=mm&r=g\",\"url\":\"https:\/\/secure.gravatar.com\/avatar\/e0a867bdedb85fd243eadf09663511f96fc81e0720a4a42581f334ad4303aa6b?s=96&d=mm&r=g\",\"contentUrl\":\"https:\/\/secure.gravatar.com\/avatar\/e0a867bdedb85fd243eadf09663511f96fc81e0720a4a42581f334ad4303aa6b?s=96&d=mm&r=g\",\"caption\":\"Reda\u00e7\u00e3o\"}}]}<\/script>\n<!-- \/ Yoast SEO plugin. -->","yoast_head_json":{"title":"Pacientes com dengue t\u00eam consult\u00f3rios exclusivos para atendimento - Notibras","robots":{"index":"index","follow":"follow","max-snippet":"max-snippet:-1","max-image-preview":"max-image-preview:large","max-video-preview":"max-video-preview:-1"},"canonical":"https:\/\/www.notibras.com\/site\/pacientes-com-dengue-tem-consultorios-exclusivos-para-atendimento\/","og_locale":"pt_BR","og_type":"article","og_title":"Pacientes com dengue t\u00eam consult\u00f3rios exclusivos para atendimento - Notibras","og_description":"O Governo do Distrito Federal segue ampliando as ofertas de atendimento de pacientes com suspeita de dengue na rede p\u00fablica de sa\u00fade. Agora, todas as 13 Unidades de Pronto Atendimento (UPAs) da capital federal contam com m\u00e9dicos e consult\u00f3rios exclusivos para atender casos suspeitos da doen\u00e7a. O objetivo da medida \u00e9 agilizar a avalia\u00e7\u00e3o dos [&hellip;]","og_url":"https:\/\/www.notibras.com\/site\/pacientes-com-dengue-tem-consultorios-exclusivos-para-atendimento\/","og_site_name":"Notibras","article_publisher":"https:\/\/www.facebook.com\/notibras\/","article_published_time":"2024-03-04T03:00:12+00:00","article_modified_time":"2024-03-04T12:10:52+00:00","og_image":[{"width":1536,"height":1024,"url":"https:\/\/www.notibras.com\/site\/wp-content\/uploads\/2024\/03\/DENTRO-JRO_9767-1536x1024-1.jpg","type":"image\/jpeg"}],"author":"Reda\u00e7\u00e3o","twitter_card":"summary_large_image","twitter_creator":"@Notibras","twitter_site":"@Notibras","twitter_misc":{"Escrito por":"Reda\u00e7\u00e3o","Est. tempo de leitura":"3 minutos"},"schema":{"@context":"https:\/\/schema.org","@graph":[{"@type":"Article","@id":"https:\/\/www.notibras.com\/site\/pacientes-com-dengue-tem-consultorios-exclusivos-para-atendimento\/#article","isPartOf":{"@id":"https:\/\/www.notibras.com\/site\/pacientes-com-dengue-tem-consultorios-exclusivos-para-atendimento\/"},"author":{"name":"Reda\u00e7\u00e3o","@id":"https:\/\/www.notibras.com\/site\/#\/schema\/person\/36ab0979449956132d3e5b517ea76ac8"},"headline":"Pacientes com dengue t\u00eam consult\u00f3rios exclusivos para atendimento","datePublished":"2024-03-04T03:00:12+00:00","dateModified":"2024-03-04T12:10:52+00:00","mainEntityOfPage":{"@id":"https:\/\/www.notibras.com\/site\/pacientes-com-dengue-tem-consultorios-exclusivos-para-atendimento\/"},"wordCount":498,"publisher":{"@id":"https:\/\/www.notibras.com\/site\/#organization"},"image":{"@id":"https:\/\/www.notibras.com\/site\/pacientes-com-dengue-tem-consultorios-exclusivos-para-atendimento\/#primaryimage"},"thumbnailUrl":"https:\/\/www.notibras.com\/site\/wp-content\/uploads\/2024\/03\/DENTRO-JRO_9767-1536x1024-1.jpg","articleSection":["Quadradinho em Foco"],"inLanguage":"pt-BR"},{"@type":"WebPage","@id":"https:\/\/www.notibras.com\/site\/pacientes-com-dengue-tem-consultorios-exclusivos-para-atendimento\/","url":"https:\/\/www.notibras.com\/site\/pacientes-com-dengue-tem-consultorios-exclusivos-para-atendimento\/","name":"Pacientes com dengue t\u00eam consult\u00f3rios exclusivos para atendimento - Notibras","isPartOf":{"@id":"https:\/\/www.notibras.com\/site\/#website"},"primaryImageOfPage":{"@id":"https:\/\/www.notibras.com\/site\/pacientes-com-dengue-tem-consultorios-exclusivos-para-atendimento\/#primaryimage"},"image":{"@id":"https:\/\/www.notibras.com\/site\/pacientes-com-dengue-tem-consultorios-exclusivos-para-atendimento\/#primaryimage"},"thumbnailUrl":"https:\/\/www.notibras.com\/site\/wp-content\/uploads\/2024\/03\/DENTRO-JRO_9767-1536x1024-1.jpg","datePublished":"2024-03-04T03:00:12+00:00","dateModified":"2024-03-04T12:10:52+00:00","breadcrumb":{"@id":"https:\/\/www.notibras.com\/site\/pacientes-com-dengue-tem-consultorios-exclusivos-para-atendimento\/#breadcrumb"},"inLanguage":"pt-BR","potentialAction":[{"@type":"ReadAction","target":["https:\/\/www.notibras.com\/site\/pacientes-com-dengue-tem-consultorios-exclusivos-para-atendimento\/"]}]},{"@type":"ImageObject","inLanguage":"pt-BR","@id":"https:\/\/www.notibras.com\/site\/pacientes-com-dengue-tem-consultorios-exclusivos-para-atendimento\/#primaryimage","url":"https:\/\/www.notibras.com\/site\/wp-content\/uploads\/2024\/03\/DENTRO-JRO_9767-1536x1024-1.jpg","contentUrl":"https:\/\/www.notibras.com\/site\/wp-content\/uploads\/2024\/03\/DENTRO-JRO_9767-1536x1024-1.jpg","width":1536,"height":1024},{"@type":"BreadcrumbList","@id":"https:\/\/www.notibras.com\/site\/pacientes-com-dengue-tem-consultorios-exclusivos-para-atendimento\/#breadcrumb","itemListElement":[{"@type":"ListItem","position":1,"name":"In\u00edcio","item":"https:\/\/www.notibras.com\/site\/"},{"@type":"ListItem","position":2,"name":"Pacientes com dengue t\u00eam consult\u00f3rios exclusivos para atendimento"}]},{"@type":"WebSite","@id":"https:\/\/www.notibras.com\/site\/#website","url":"https:\/\/www.notibras.com\/site\/","name":"Notibras","description":"Not\u00edcias de Bras\u00edlia, do Brasil e do Mundo","publisher":{"@id":"https:\/\/www.notibras.com\/site\/#organization"},"potentialAction":[{"@type":"SearchAction","target":{"@type":"EntryPoint","urlTemplate":"https:\/\/www.notibras.com\/site\/?s={search_term_string}"},"query-input":{"@type":"PropertyValueSpecification","valueRequired":true,"valueName":"search_term_string"}}],"inLanguage":"pt-BR"},{"@type":"Organization","@id":"https:\/\/www.notibras.com\/site\/#organization","name":"Grupo Notibras de Comunica\u00e7\u00e3o","url":"https:\/\/www.notibras.com\/site\/","logo":{"@type":"ImageObject","inLanguage":"pt-BR","@id":"https:\/\/www.notibras.com\/site\/#\/schema\/logo\/image\/","url":"https:\/\/www.notibras.com\/site\/wp-content\/uploads\/2023\/01\/notibras23.png","contentUrl":"https:\/\/www.notibras.com\/site\/wp-content\/uploads\/2023\/01\/notibras23.png","width":350,"height":87,"caption":"Grupo Notibras de Comunica\u00e7\u00e3o"},"image":{"@id":"https:\/\/www.notibras.com\/site\/#\/schema\/logo\/image\/"},"sameAs":["https:\/\/www.facebook.com\/notibras\/","https:\/\/x.com\/Notibras","https:\/\/www.instagram.com\/notibras\/"]},{"@type":"Person","@id":"https:\/\/www.notibras.com\/site\/#\/schema\/person\/36ab0979449956132d3e5b517ea76ac8","name":"Reda\u00e7\u00e3o","image":{"@type":"ImageObject","inLanguage":"pt-BR","@id":"https:\/\/secure.gravatar.com\/avatar\/e0a867bdedb85fd243eadf09663511f96fc81e0720a4a42581f334ad4303aa6b?s=96&d=mm&r=g","url":"https:\/\/secure.gravatar.com\/avatar\/e0a867bdedb85fd243eadf09663511f96fc81e0720a4a42581f334ad4303aa6b?s=96&d=mm&r=g","contentUrl":"https:\/\/secure.gravatar.com\/avatar\/e0a867bdedb85fd243eadf09663511f96fc81e0720a4a42581f334ad4303aa6b?s=96&d=mm&r=g","caption":"Reda\u00e7\u00e3o"}}]}},"amp_enabled":true,"_links":{"self":[{"href":"https:\/\/www.notibras.com\/site\/wp-json\/wp\/v2\/posts\/323767","targetHints":{"allow":["GET"]}}],"collection":[{"href":"https:\/\/www.notibras.com\/site\/wp-json\/wp\/v2\/posts"}],"about":[{"href":"https:\/\/www.notibras.com\/site\/wp-json\/wp\/v2\/types\/post"}],"author":[{"embeddable":true,"href":"https:\/\/www.notibras.com\/site\/wp-json\/wp\/v2\/users\/2"}],"replies":[{"embeddable":true,"href":"https:\/\/www.notibras.com\/site\/wp-json\/wp\/v2\/comments?post=323767"}],"version-history":[{"count":1,"href":"https:\/\/www.notibras.com\/site\/wp-json\/wp\/v2\/posts\/323767\/revisions"}],"predecessor-version":[{"id":323769,"href":"https:\/\/www.notibras.com\/site\/wp-json\/wp\/v2\/posts\/323767\/revisions\/323769"}],"wp:featuredmedia":[{"embeddable":true,"href":"https:\/\/www.notibras.com\/site\/wp-json\/wp\/v2\/media\/323768"}],"wp:attachment":[{"href":"https:\/\/www.notibras.com\/site\/wp-json\/wp\/v2\/media?parent=323767"}],"wp:term":[{"taxonomy":"category","embeddable":true,"href":"https:\/\/www.notibras.com\/site\/wp-json\/wp\/v2\/categories?post=323767"},{"taxonomy":"post_tag","embeddable":true,"href":"https:\/\/www.notibras.com\/site\/wp-json\/wp\/v2\/tags?post=323767"}],"curies":[{"name":"wp","href":"https:\/\/api.w.org\/{rel}","templated":true}]}}