{"id":32377,"date":"2014-12-28T20:36:02","date_gmt":"2014-12-28T23:36:02","guid":{"rendered":"http:\/\/www.notibras.com\/site\/?p=32377"},"modified":"2014-12-30T02:54:06","modified_gmt":"2014-12-30T05:54:06","slug":"angola-vira-novo-eldorado-para-brasileiros-que-buscam-novo-mercado-de-trabalho","status":"publish","type":"post","link":"https:\/\/www.notibras.com\/site\/angola-vira-novo-eldorado-para-brasileiros-que-buscam-novo-mercado-de-trabalho\/","title":{"rendered":"Angola vira Eldorado de brasileiros que buscam trabalho no exterior"},"content":{"rendered":"<p>Localizada na regi\u00e3o ocidental da \u00c1frica, Angola tem 18 milh\u00f5es de habitantes. Com a hist\u00f3ria marcada por uma longa guerra civil, os angolanos conheceram a paz em 2002 e precisaram reconstruir o pa\u00eds. Apesar das dificuldades, muitos brasileiros veem o pa\u00eds como um lugar acolhedor e que oferece boas oportunidades. Hoje, aproximadamente 30 mil brasileiros vivem no pa\u00eds africano. O fator que mais atrai brasileiros \u00e9 o trabalho.<\/p>\n<p>\u201cHoje a gente tem pessoas em todas as \u00e1reas. Desde cabeleireiros, manicures a engenheiros, pessoal de m\u00fasica. Tudo. Fora a m\u00e3o de obra mais espec\u00edfica para a constru\u00e7\u00e3o civil, para a \u00e1rea do petr\u00f3leo\u201d, conta o fot\u00f3grafo S\u00e9rgio Guerra, que vive h\u00e1 17 anos no pa\u00eds. \u201cInicialmente foi o trabalho que me atraiu. Aqui, a gente consegue entender a sociedade [angolana], as demandas da popula\u00e7\u00e3o.\u201d S\u00e9rgio viajou por todo o pa\u00eds e conheceu pessoas e realidades diferentes durante o per\u00edodo de guerra civil. \u201cE isso foi me aproximando do pa\u00eds, da cultura, das pessoas. Eu, que j\u00e1 vinha da Bahia, com uma refer\u00eancia de \u00c1frica muito forte, s\u00f3 fui confirmando essa estreiteza de afinidades.\u201d<\/p>\n<p>O professor e especialista em <em>marketing<\/em> Cl\u00e1udio de Holanda Santos tamb\u00e9m foi a Angola para trabalhar e acabou se apaixonando pelo pa\u00eds. Em Angola h\u00e1 12 anos, ele conta que chegou logo depois do fim dos conflitos para trabalhar como coordenador de um projeto de reinser\u00e7\u00e3o social de ex-militares por meio de forma\u00e7\u00e3o profissional. O projeto, que contava com o apoio do\u00a0 Minist\u00e9rio das Rela\u00e7\u00f5es Exteriores do Brasil, ajudou na forma\u00e7\u00e3o de 38 mil ex-militares.<\/p>\n<blockquote><p>O resultado do trabalho rendeu novas oportunidades, e o administrador ajudou tamb\u00e9m a fundar a Escola Nacional de Administra\u00e7\u00e3o, um trabalho conjunto com o governo local e a Funda\u00e7\u00e3o Getulio Vargas (FGV). Ele lembra que um dos pontos que chamam a aten\u00e7\u00e3o, mesmo depois de tanto tempo, \u00e9 o interesse da popula\u00e7\u00e3o angolana pelo desenvolvimento. \u201cAqui, uma necessidade deles \u00e9 aprender. O professor passa a ter um papel com grande significado e respeito. Isso me deixou apaixonado, e \u00e9 a raz\u00e3o de estar aqui at\u00e9 hoje.\u201d<\/p><\/blockquote>\n<p>Cl\u00e1udio tamb\u00e9m destaca a aposta do pa\u00eds no investimento em educa\u00e7\u00e3o. \u201cEles sabem que n\u00e3o basta ter informa\u00e7\u00e3o, \u00e9 importante ter o conhecimento. Muitos estrangeiros est\u00e3o explorando v\u00e1rias \u00e1reas, e o angolano precisava ter condi\u00e7\u00f5es de tocar o seu pa\u00eds. Por isso, eles est\u00e3o mandando v\u00e1rios jovens angolanos para toda parte do mundo para aprender.\u201d<\/p>\n<p>A cultura, as belas praias e a alegria do povo s\u00e3o pontos de destaque entre as semelhan\u00e7as entre o Brasil e Angola. Milena Vieira chegou ao pa\u00eds h\u00e1 sete anos para prestar assessoria na \u00e1rea de sa\u00fade. Hoje, a enfermeira virou empres\u00e1ria. \u201cEu n\u00e3o tive dificuldade nenhuma de adapta\u00e7\u00e3o. Morei na Bahia e no Rio de Janeiro e vejo que aqui, na capital, tem muita coisa parecida. Quando eu estou no Rio de Janeiro at\u00e9 brinco dizendo que parece que estou em Luanda. Tem muita coisa parecida.\u201d<\/p>\n<p>Por ser um pa\u00eds em reconstru\u00e7\u00e3o, as oportunidades surgem a todo o momento. \u201cEu via que faltava tudo no pa\u00eds. Tinha muita coisa a ser trabalhada. E me chamou a aten\u00e7\u00e3o uma vez que eu precisei fazer um carimbo, e o custo era muito alto\u201d, conta Milena. A necessidade virou neg\u00f3cio. Hoje ela vende carimbos e chaves.<\/p>\n<blockquote><p>Cl\u00e1udio destaca que, com o acordo de paz de 2002, o pa\u00eds passou a ter que construir tudo que havia sido destru\u00eddo pela guerra. \u201cEst\u00e3o come\u00e7ando as ind\u00fastrias agora, est\u00e3o come\u00e7ando os servi\u00e7os agora. Tudo est\u00e1 come\u00e7ando.\u201d<\/p>\n<p>A \u00e1rea de constru\u00e7\u00e3o \u00e9 uma das que mais chamam a aten\u00e7\u00e3o. S\u00e9rgio diz que o n\u00edvel de crescimento do pa\u00eds \u00e9 grande e que, nos \u00faltimos sete anos novas cidades foram constru\u00eddas do zero. \u201cS\u00e3o cidades inteiras com edif\u00edcios e estrutura urbana, todas feitas nos \u00faltimos oito anos, sete anos. S\u00e3o essas possibilidades que d\u00e3o oportunidades aos brasileiros e \u00e0s empresas brasileiras.\u201d<\/p>\n<p>Apesar das oportunidades, as dificuldades ainda s\u00e3o muitas. Brasileiros que vivem no pa\u00eds ressaltam que \u00e9 poss\u00edvel perceber a melhora na estrutura de Angola, mas que ainda h\u00e1 muito a ser feito. \u201cProblemas b\u00e1sicos. Ningu\u00e9m consegue se livrar dos geradores, dos problemas com \u00e1gua. Ainda temos muitos problemas com abastecimento\u201d, afirma S\u00e9rgio Guerra.<\/p><\/blockquote>\n<p>Custo de vida alto, falta de lazer, engarrafamentos e problemas sociais decorrentes da guerra tamb\u00e9m s\u00e3o constantes na vida dos angolanos. Para os brasileiros, o pa\u00eds ainda tem muito a crescer. \u201cViemos\u00a0 com um objetivo: \u00e9 trabalho mesmo. Ningu\u00e9m vem para c\u00e1 desfrutar das belezas naturais, infelizmente, ainda. E acredito que essas coisas devem mudar. Mudou muito. Cinco anos atr\u00e1s n\u00e3o t\u00ednhamos nada, e mudou bastante. A tend\u00eancia \u00e9 que fique melhor com o passar dos anos\u201d, diz Milena.<\/p>\n<p>\u201cHoje \u00e9 um pa\u00eds muito diferente daquele que eu conheci. \u00c9 um pa\u00eds que tem estabilidade econ\u00f4mica, a infla\u00e7\u00e3o est\u00e1 controlada, o pa\u00eds tem comprometimento com a institucionalidade, o que abre muitas possibilidades de trabalho e de rela\u00e7\u00f5es internacionais\u201d, enfatiza Guerra.<\/p>\n","protected":false},"excerpt":{"rendered":"<p>Localizada na regi\u00e3o ocidental da \u00c1frica, Angola tem 18 milh\u00f5es de habitantes. Com a hist\u00f3ria marcada por uma longa guerra civil, os angolanos conheceram a paz em 2002 e precisaram reconstruir o pa\u00eds. Apesar das dificuldades, muitos brasileiros veem o pa\u00eds como um lugar acolhedor e que oferece boas oportunidades. Hoje, aproximadamente 30 mil brasileiros [&hellip;]<\/p>\n","protected":false},"author":2,"featured_media":32378,"comment_status":"open","ping_status":"closed","sticky":false,"template":"","format":"standard","meta":{"_acf_changed":false,"footnotes":""},"categories":[16],"tags":[],"class_list":["post-32377","post","type-post","status-publish","format-standard","has-post-thumbnail","hentry","category-brasil"],"acf":[],"yoast_head":"<!-- This site is optimized with the Yoast SEO plugin v27.2 - https:\/\/yoast.com\/product\/yoast-seo-wordpress\/ -->\n<title>Angola vira Eldorado de brasileiros que buscam trabalho no exterior - Notibras<\/title>\n<meta name=\"robots\" content=\"index, follow, max-snippet:-1, max-image-preview:large, max-video-preview:-1\" \/>\n<link rel=\"canonical\" href=\"https:\/\/www.notibras.com\/site\/angola-vira-novo-eldorado-para-brasileiros-que-buscam-novo-mercado-de-trabalho\/\" \/>\n<meta property=\"og:locale\" content=\"pt_BR\" \/>\n<meta property=\"og:type\" content=\"article\" \/>\n<meta property=\"og:title\" content=\"Angola vira Eldorado de brasileiros que buscam trabalho no exterior - Notibras\" \/>\n<meta property=\"og:description\" content=\"Localizada na regi\u00e3o ocidental da \u00c1frica, Angola tem 18 milh\u00f5es de habitantes. Com a hist\u00f3ria marcada por uma longa guerra civil, os angolanos conheceram a paz em 2002 e precisaram reconstruir o pa\u00eds. Apesar das dificuldades, muitos brasileiros veem o pa\u00eds como um lugar acolhedor e que oferece boas oportunidades. Hoje, aproximadamente 30 mil brasileiros [&hellip;]\" \/>\n<meta property=\"og:url\" content=\"https:\/\/www.notibras.com\/site\/angola-vira-novo-eldorado-para-brasileiros-que-buscam-novo-mercado-de-trabalho\/\" \/>\n<meta property=\"og:site_name\" content=\"Notibras\" \/>\n<meta property=\"article:publisher\" content=\"https:\/\/www.facebook.com\/notibras\/\" \/>\n<meta property=\"article:published_time\" content=\"2014-12-28T23:36:02+00:00\" \/>\n<meta property=\"article:modified_time\" content=\"2014-12-30T05:54:06+00:00\" \/>\n<meta property=\"og:image\" content=\"https:\/\/www.notibras.com\/site\/wp-content\/uploads\/2014\/12\/1324419678.jpg\" \/>\n\t<meta property=\"og:image:width\" content=\"400\" \/>\n\t<meta property=\"og:image:height\" content=\"303\" \/>\n\t<meta property=\"og:image:type\" content=\"image\/jpeg\" \/>\n<meta name=\"author\" content=\"Reda\u00e7\u00e3o\" \/>\n<meta name=\"twitter:card\" content=\"summary_large_image\" \/>\n<meta name=\"twitter:creator\" content=\"@Notibras\" \/>\n<meta name=\"twitter:site\" content=\"@Notibras\" \/>\n<meta name=\"twitter:label1\" content=\"Escrito por\" \/>\n\t<meta name=\"twitter:data1\" content=\"Reda\u00e7\u00e3o\" \/>\n\t<meta name=\"twitter:label2\" content=\"Est. tempo de leitura\" \/>\n\t<meta name=\"twitter:data2\" content=\"4 minutos\" \/>\n<script type=\"application\/ld+json\" class=\"yoast-schema-graph\">{\"@context\":\"https:\/\/schema.org\",\"@graph\":[{\"@type\":\"Article\",\"@id\":\"https:\/\/www.notibras.com\/site\/angola-vira-novo-eldorado-para-brasileiros-que-buscam-novo-mercado-de-trabalho\/#article\",\"isPartOf\":{\"@id\":\"https:\/\/www.notibras.com\/site\/angola-vira-novo-eldorado-para-brasileiros-que-buscam-novo-mercado-de-trabalho\/\"},\"author\":{\"name\":\"Reda\u00e7\u00e3o\",\"@id\":\"https:\/\/www.notibras.com\/site\/#\/schema\/person\/36ab0979449956132d3e5b517ea76ac8\"},\"headline\":\"Angola vira Eldorado de brasileiros que buscam trabalho no exterior\",\"datePublished\":\"2014-12-28T23:36:02+00:00\",\"dateModified\":\"2014-12-30T05:54:06+00:00\",\"mainEntityOfPage\":{\"@id\":\"https:\/\/www.notibras.com\/site\/angola-vira-novo-eldorado-para-brasileiros-que-buscam-novo-mercado-de-trabalho\/\"},\"wordCount\":904,\"commentCount\":0,\"publisher\":{\"@id\":\"https:\/\/www.notibras.com\/site\/#organization\"},\"image\":{\"@id\":\"https:\/\/www.notibras.com\/site\/angola-vira-novo-eldorado-para-brasileiros-que-buscam-novo-mercado-de-trabalho\/#primaryimage\"},\"thumbnailUrl\":\"https:\/\/www.notibras.com\/site\/wp-content\/uploads\/2014\/12\/1324419678.jpg\",\"articleSection\":[\"Brasil\"],\"inLanguage\":\"pt-BR\",\"potentialAction\":[{\"@type\":\"CommentAction\",\"name\":\"Comment\",\"target\":[\"https:\/\/www.notibras.com\/site\/angola-vira-novo-eldorado-para-brasileiros-que-buscam-novo-mercado-de-trabalho\/#respond\"]}]},{\"@type\":\"WebPage\",\"@id\":\"https:\/\/www.notibras.com\/site\/angola-vira-novo-eldorado-para-brasileiros-que-buscam-novo-mercado-de-trabalho\/\",\"url\":\"https:\/\/www.notibras.com\/site\/angola-vira-novo-eldorado-para-brasileiros-que-buscam-novo-mercado-de-trabalho\/\",\"name\":\"Angola vira Eldorado de brasileiros que buscam trabalho no exterior - Notibras\",\"isPartOf\":{\"@id\":\"https:\/\/www.notibras.com\/site\/#website\"},\"primaryImageOfPage\":{\"@id\":\"https:\/\/www.notibras.com\/site\/angola-vira-novo-eldorado-para-brasileiros-que-buscam-novo-mercado-de-trabalho\/#primaryimage\"},\"image\":{\"@id\":\"https:\/\/www.notibras.com\/site\/angola-vira-novo-eldorado-para-brasileiros-que-buscam-novo-mercado-de-trabalho\/#primaryimage\"},\"thumbnailUrl\":\"https:\/\/www.notibras.com\/site\/wp-content\/uploads\/2014\/12\/1324419678.jpg\",\"datePublished\":\"2014-12-28T23:36:02+00:00\",\"dateModified\":\"2014-12-30T05:54:06+00:00\",\"breadcrumb\":{\"@id\":\"https:\/\/www.notibras.com\/site\/angola-vira-novo-eldorado-para-brasileiros-que-buscam-novo-mercado-de-trabalho\/#breadcrumb\"},\"inLanguage\":\"pt-BR\",\"potentialAction\":[{\"@type\":\"ReadAction\",\"target\":[\"https:\/\/www.notibras.com\/site\/angola-vira-novo-eldorado-para-brasileiros-que-buscam-novo-mercado-de-trabalho\/\"]}]},{\"@type\":\"ImageObject\",\"inLanguage\":\"pt-BR\",\"@id\":\"https:\/\/www.notibras.com\/site\/angola-vira-novo-eldorado-para-brasileiros-que-buscam-novo-mercado-de-trabalho\/#primaryimage\",\"url\":\"https:\/\/www.notibras.com\/site\/wp-content\/uploads\/2014\/12\/1324419678.jpg\",\"contentUrl\":\"https:\/\/www.notibras.com\/site\/wp-content\/uploads\/2014\/12\/1324419678.jpg\",\"width\":400,\"height\":303},{\"@type\":\"BreadcrumbList\",\"@id\":\"https:\/\/www.notibras.com\/site\/angola-vira-novo-eldorado-para-brasileiros-que-buscam-novo-mercado-de-trabalho\/#breadcrumb\",\"itemListElement\":[{\"@type\":\"ListItem\",\"position\":1,\"name\":\"In\u00edcio\",\"item\":\"https:\/\/www.notibras.com\/site\/\"},{\"@type\":\"ListItem\",\"position\":2,\"name\":\"Angola vira Eldorado de brasileiros que buscam trabalho no exterior\"}]},{\"@type\":\"WebSite\",\"@id\":\"https:\/\/www.notibras.com\/site\/#website\",\"url\":\"https:\/\/www.notibras.com\/site\/\",\"name\":\"Notibras\",\"description\":\"Not\u00edcias de Bras\u00edlia, do Brasil e do Mundo\",\"publisher\":{\"@id\":\"https:\/\/www.notibras.com\/site\/#organization\"},\"potentialAction\":[{\"@type\":\"SearchAction\",\"target\":{\"@type\":\"EntryPoint\",\"urlTemplate\":\"https:\/\/www.notibras.com\/site\/?s={search_term_string}\"},\"query-input\":{\"@type\":\"PropertyValueSpecification\",\"valueRequired\":true,\"valueName\":\"search_term_string\"}}],\"inLanguage\":\"pt-BR\"},{\"@type\":\"Organization\",\"@id\":\"https:\/\/www.notibras.com\/site\/#organization\",\"name\":\"Grupo Notibras de Comunica\u00e7\u00e3o\",\"url\":\"https:\/\/www.notibras.com\/site\/\",\"logo\":{\"@type\":\"ImageObject\",\"inLanguage\":\"pt-BR\",\"@id\":\"https:\/\/www.notibras.com\/site\/#\/schema\/logo\/image\/\",\"url\":\"https:\/\/www.notibras.com\/site\/wp-content\/uploads\/2023\/01\/notibras23.png\",\"contentUrl\":\"https:\/\/www.notibras.com\/site\/wp-content\/uploads\/2023\/01\/notibras23.png\",\"width\":350,\"height\":87,\"caption\":\"Grupo Notibras de Comunica\u00e7\u00e3o\"},\"image\":{\"@id\":\"https:\/\/www.notibras.com\/site\/#\/schema\/logo\/image\/\"},\"sameAs\":[\"https:\/\/www.facebook.com\/notibras\/\",\"https:\/\/x.com\/Notibras\",\"https:\/\/www.instagram.com\/notibras\/\"]},{\"@type\":\"Person\",\"@id\":\"https:\/\/www.notibras.com\/site\/#\/schema\/person\/36ab0979449956132d3e5b517ea76ac8\",\"name\":\"Reda\u00e7\u00e3o\",\"image\":{\"@type\":\"ImageObject\",\"inLanguage\":\"pt-BR\",\"@id\":\"https:\/\/secure.gravatar.com\/avatar\/e0a867bdedb85fd243eadf09663511f96fc81e0720a4a42581f334ad4303aa6b?s=96&d=mm&r=g\",\"url\":\"https:\/\/secure.gravatar.com\/avatar\/e0a867bdedb85fd243eadf09663511f96fc81e0720a4a42581f334ad4303aa6b?s=96&d=mm&r=g\",\"contentUrl\":\"https:\/\/secure.gravatar.com\/avatar\/e0a867bdedb85fd243eadf09663511f96fc81e0720a4a42581f334ad4303aa6b?s=96&d=mm&r=g\",\"caption\":\"Reda\u00e7\u00e3o\"}}]}<\/script>\n<!-- \/ Yoast SEO plugin. -->","yoast_head_json":{"title":"Angola vira Eldorado de brasileiros que buscam trabalho no exterior - Notibras","robots":{"index":"index","follow":"follow","max-snippet":"max-snippet:-1","max-image-preview":"max-image-preview:large","max-video-preview":"max-video-preview:-1"},"canonical":"https:\/\/www.notibras.com\/site\/angola-vira-novo-eldorado-para-brasileiros-que-buscam-novo-mercado-de-trabalho\/","og_locale":"pt_BR","og_type":"article","og_title":"Angola vira Eldorado de brasileiros que buscam trabalho no exterior - Notibras","og_description":"Localizada na regi\u00e3o ocidental da \u00c1frica, Angola tem 18 milh\u00f5es de habitantes. Com a hist\u00f3ria marcada por uma longa guerra civil, os angolanos conheceram a paz em 2002 e precisaram reconstruir o pa\u00eds. Apesar das dificuldades, muitos brasileiros veem o pa\u00eds como um lugar acolhedor e que oferece boas oportunidades. Hoje, aproximadamente 30 mil brasileiros [&hellip;]","og_url":"https:\/\/www.notibras.com\/site\/angola-vira-novo-eldorado-para-brasileiros-que-buscam-novo-mercado-de-trabalho\/","og_site_name":"Notibras","article_publisher":"https:\/\/www.facebook.com\/notibras\/","article_published_time":"2014-12-28T23:36:02+00:00","article_modified_time":"2014-12-30T05:54:06+00:00","og_image":[{"width":400,"height":303,"url":"https:\/\/www.notibras.com\/site\/wp-content\/uploads\/2014\/12\/1324419678.jpg","type":"image\/jpeg"}],"author":"Reda\u00e7\u00e3o","twitter_card":"summary_large_image","twitter_creator":"@Notibras","twitter_site":"@Notibras","twitter_misc":{"Escrito por":"Reda\u00e7\u00e3o","Est. tempo de leitura":"4 minutos"},"schema":{"@context":"https:\/\/schema.org","@graph":[{"@type":"Article","@id":"https:\/\/www.notibras.com\/site\/angola-vira-novo-eldorado-para-brasileiros-que-buscam-novo-mercado-de-trabalho\/#article","isPartOf":{"@id":"https:\/\/www.notibras.com\/site\/angola-vira-novo-eldorado-para-brasileiros-que-buscam-novo-mercado-de-trabalho\/"},"author":{"name":"Reda\u00e7\u00e3o","@id":"https:\/\/www.notibras.com\/site\/#\/schema\/person\/36ab0979449956132d3e5b517ea76ac8"},"headline":"Angola vira Eldorado de brasileiros que buscam trabalho no exterior","datePublished":"2014-12-28T23:36:02+00:00","dateModified":"2014-12-30T05:54:06+00:00","mainEntityOfPage":{"@id":"https:\/\/www.notibras.com\/site\/angola-vira-novo-eldorado-para-brasileiros-que-buscam-novo-mercado-de-trabalho\/"},"wordCount":904,"commentCount":0,"publisher":{"@id":"https:\/\/www.notibras.com\/site\/#organization"},"image":{"@id":"https:\/\/www.notibras.com\/site\/angola-vira-novo-eldorado-para-brasileiros-que-buscam-novo-mercado-de-trabalho\/#primaryimage"},"thumbnailUrl":"https:\/\/www.notibras.com\/site\/wp-content\/uploads\/2014\/12\/1324419678.jpg","articleSection":["Brasil"],"inLanguage":"pt-BR","potentialAction":[{"@type":"CommentAction","name":"Comment","target":["https:\/\/www.notibras.com\/site\/angola-vira-novo-eldorado-para-brasileiros-que-buscam-novo-mercado-de-trabalho\/#respond"]}]},{"@type":"WebPage","@id":"https:\/\/www.notibras.com\/site\/angola-vira-novo-eldorado-para-brasileiros-que-buscam-novo-mercado-de-trabalho\/","url":"https:\/\/www.notibras.com\/site\/angola-vira-novo-eldorado-para-brasileiros-que-buscam-novo-mercado-de-trabalho\/","name":"Angola vira Eldorado de brasileiros que buscam trabalho no exterior - Notibras","isPartOf":{"@id":"https:\/\/www.notibras.com\/site\/#website"},"primaryImageOfPage":{"@id":"https:\/\/www.notibras.com\/site\/angola-vira-novo-eldorado-para-brasileiros-que-buscam-novo-mercado-de-trabalho\/#primaryimage"},"image":{"@id":"https:\/\/www.notibras.com\/site\/angola-vira-novo-eldorado-para-brasileiros-que-buscam-novo-mercado-de-trabalho\/#primaryimage"},"thumbnailUrl":"https:\/\/www.notibras.com\/site\/wp-content\/uploads\/2014\/12\/1324419678.jpg","datePublished":"2014-12-28T23:36:02+00:00","dateModified":"2014-12-30T05:54:06+00:00","breadcrumb":{"@id":"https:\/\/www.notibras.com\/site\/angola-vira-novo-eldorado-para-brasileiros-que-buscam-novo-mercado-de-trabalho\/#breadcrumb"},"inLanguage":"pt-BR","potentialAction":[{"@type":"ReadAction","target":["https:\/\/www.notibras.com\/site\/angola-vira-novo-eldorado-para-brasileiros-que-buscam-novo-mercado-de-trabalho\/"]}]},{"@type":"ImageObject","inLanguage":"pt-BR","@id":"https:\/\/www.notibras.com\/site\/angola-vira-novo-eldorado-para-brasileiros-que-buscam-novo-mercado-de-trabalho\/#primaryimage","url":"https:\/\/www.notibras.com\/site\/wp-content\/uploads\/2014\/12\/1324419678.jpg","contentUrl":"https:\/\/www.notibras.com\/site\/wp-content\/uploads\/2014\/12\/1324419678.jpg","width":400,"height":303},{"@type":"BreadcrumbList","@id":"https:\/\/www.notibras.com\/site\/angola-vira-novo-eldorado-para-brasileiros-que-buscam-novo-mercado-de-trabalho\/#breadcrumb","itemListElement":[{"@type":"ListItem","position":1,"name":"In\u00edcio","item":"https:\/\/www.notibras.com\/site\/"},{"@type":"ListItem","position":2,"name":"Angola vira Eldorado de brasileiros que buscam trabalho no exterior"}]},{"@type":"WebSite","@id":"https:\/\/www.notibras.com\/site\/#website","url":"https:\/\/www.notibras.com\/site\/","name":"Notibras","description":"Not\u00edcias de Bras\u00edlia, do Brasil e do Mundo","publisher":{"@id":"https:\/\/www.notibras.com\/site\/#organization"},"potentialAction":[{"@type":"SearchAction","target":{"@type":"EntryPoint","urlTemplate":"https:\/\/www.notibras.com\/site\/?s={search_term_string}"},"query-input":{"@type":"PropertyValueSpecification","valueRequired":true,"valueName":"search_term_string"}}],"inLanguage":"pt-BR"},{"@type":"Organization","@id":"https:\/\/www.notibras.com\/site\/#organization","name":"Grupo Notibras de Comunica\u00e7\u00e3o","url":"https:\/\/www.notibras.com\/site\/","logo":{"@type":"ImageObject","inLanguage":"pt-BR","@id":"https:\/\/www.notibras.com\/site\/#\/schema\/logo\/image\/","url":"https:\/\/www.notibras.com\/site\/wp-content\/uploads\/2023\/01\/notibras23.png","contentUrl":"https:\/\/www.notibras.com\/site\/wp-content\/uploads\/2023\/01\/notibras23.png","width":350,"height":87,"caption":"Grupo Notibras de Comunica\u00e7\u00e3o"},"image":{"@id":"https:\/\/www.notibras.com\/site\/#\/schema\/logo\/image\/"},"sameAs":["https:\/\/www.facebook.com\/notibras\/","https:\/\/x.com\/Notibras","https:\/\/www.instagram.com\/notibras\/"]},{"@type":"Person","@id":"https:\/\/www.notibras.com\/site\/#\/schema\/person\/36ab0979449956132d3e5b517ea76ac8","name":"Reda\u00e7\u00e3o","image":{"@type":"ImageObject","inLanguage":"pt-BR","@id":"https:\/\/secure.gravatar.com\/avatar\/e0a867bdedb85fd243eadf09663511f96fc81e0720a4a42581f334ad4303aa6b?s=96&d=mm&r=g","url":"https:\/\/secure.gravatar.com\/avatar\/e0a867bdedb85fd243eadf09663511f96fc81e0720a4a42581f334ad4303aa6b?s=96&d=mm&r=g","contentUrl":"https:\/\/secure.gravatar.com\/avatar\/e0a867bdedb85fd243eadf09663511f96fc81e0720a4a42581f334ad4303aa6b?s=96&d=mm&r=g","caption":"Reda\u00e7\u00e3o"}}]}},"amp_enabled":true,"_links":{"self":[{"href":"https:\/\/www.notibras.com\/site\/wp-json\/wp\/v2\/posts\/32377","targetHints":{"allow":["GET"]}}],"collection":[{"href":"https:\/\/www.notibras.com\/site\/wp-json\/wp\/v2\/posts"}],"about":[{"href":"https:\/\/www.notibras.com\/site\/wp-json\/wp\/v2\/types\/post"}],"author":[{"embeddable":true,"href":"https:\/\/www.notibras.com\/site\/wp-json\/wp\/v2\/users\/2"}],"replies":[{"embeddable":true,"href":"https:\/\/www.notibras.com\/site\/wp-json\/wp\/v2\/comments?post=32377"}],"version-history":[{"count":0,"href":"https:\/\/www.notibras.com\/site\/wp-json\/wp\/v2\/posts\/32377\/revisions"}],"wp:featuredmedia":[{"embeddable":true,"href":"https:\/\/www.notibras.com\/site\/wp-json\/wp\/v2\/media\/32378"}],"wp:attachment":[{"href":"https:\/\/www.notibras.com\/site\/wp-json\/wp\/v2\/media?parent=32377"}],"wp:term":[{"taxonomy":"category","embeddable":true,"href":"https:\/\/www.notibras.com\/site\/wp-json\/wp\/v2\/categories?post=32377"},{"taxonomy":"post_tag","embeddable":true,"href":"https:\/\/www.notibras.com\/site\/wp-json\/wp\/v2\/tags?post=32377"}],"curies":[{"name":"wp","href":"https:\/\/api.w.org\/{rel}","templated":true}]}}