{"id":323777,"date":"2024-03-04T09:57:59","date_gmt":"2024-03-04T12:57:59","guid":{"rendered":"https:\/\/www.notibras.com\/site\/?p=323777"},"modified":"2024-03-04T09:57:59","modified_gmt":"2024-03-04T12:57:59","slug":"jose-seabra-a-sucursal-dona-irene-e-as-azaleias","status":"publish","type":"post","link":"https:\/\/www.notibras.com\/site\/jose-seabra-a-sucursal-dona-irene-e-as-azaleias\/","title":{"rendered":"Jos\u00e9 Seabra, a sucursal, Dona Irene e as azaleias"},"content":{"rendered":"<p>Poucos dias antes do Jos\u00e9 Seabra, fundador do <strong>Notibras<\/strong>, passar a se dedicar \u00e0 Sucursal Regional Nordeste, tive o privil\u00e9gio de passar horas impag\u00e1veis com esse jornalista e grande escritor numa cafeteria bem no in\u00edcio da Asa Norte, em Bras\u00edlia. O momento era t\u00e3o especial, que fiz quest\u00e3o da presen\u00e7a da minha esposa, a famosa Dona Irene, e da nossa filha, a Malulinha.<\/p>\n<p>Assim que o meu amigo nos viu, ele presenteou a minha mulher com um lindo vaso de azaleias. A Dona Irene sorriu aquele sorriso mais lindo do mundo e, ent\u00e3o, todos nos sentamos \u00e0 mesa. Quer dizer, menos a Malulinha, que continuou aprontando todas no meu colo.<\/p>\n<p>Pedimos aquele caf\u00e9 gourmet e algumas empadinhas de camar\u00e3o, enquanto ouv\u00edamos o Seabra fazer um resumo da sua longa carreira jornal\u00edstica, de 54 anos. Ele, que \u00e9 autor do excelente romance &#8220;A fonte&#8221;, nos disse que estava adorando escrever contos e cr\u00f4nicas para <strong>Notibras<\/strong>, mas que estava se sentindo menino novamente com o desafio de dirigir a nova sucursal.<\/p>\n<p>&#8211; Edu, vem comigo!<\/p>\n<p>&#8211; N\u00e3o d\u00e1, Chefe, mas bem que queria. Nada como morar no Nordeste!<\/p>\n<p>Dona Irene, com l\u00e1grimas nos olhos, piauiense que \u00e9, me abra\u00e7ou saudosa da terra natal. Seja como for, prometemos uma visita ao Seabra assim que pudermos, ainda mais porque ele nos prometeu hospedagem \u00e0 beira da praia.<\/p>\n<p>O papo estava excelente, mas o grande jornalista precisava ainda acertar alguns detalhes com o Wenceslau Ara\u00fajo e o Armando Cardoso, que v\u00e3o segurar as pontas em Bras\u00edlia. A despedida foi com aquele abra\u00e7o bem apertado, com a certeza de que logo nos ver\u00edamos. O Seabra entrou no seu autom\u00f3vel prateado e sumiu pelas ruas da capital.<\/p>\n<p>Dona Irene, Malulinha e eu retornamos para o nosso apartamento, onde comentamos, maravilhados, sobre meu companheiro deveras carism\u00e1tico. Que figura!!! Que simpatia!!! Predicativos n\u00e3o faltaram.<\/p>\n<p>Ap\u00f3s alguns dias, quando o Chefe j\u00e1 estava dirigindo a nova sucursal, eis que chego ao lar, doce lar quando j\u00e1 era perto das 21h. Peguei um pouco de \u00e1gua do filtro para molhar as azaleias que ele presenteou a minha mulher. Cad\u00ea? N\u00e3o acho!!!<\/p>\n<p>&#8211; Amorzinho, onde voc\u00ea colocou a planta que o Chefe te deu?<\/p>\n<p>&#8211; Ih, Edu! Esqueci na mesa da cafeteria.<\/p>\n<p>Desci que nem pre\u00e1 que foge de raposa e, por sorte, a cafeteria, que fica bem perto, ainda estava aberta. Entrei e, envergonhado, conversei com uma das atendentes.<\/p>\n<p>&#8211; No in\u00edcio da semana estive aqui com a minha esposa e um amigo. Acabei deixando um vaso de flores naquela mesa ali fora.<\/p>\n<p>A mulher come\u00e7ou a rir, enquanto notei o vaso de azaleias entre dois outros vasos sobre o balc\u00e3o. Apontei para ele.<\/p>\n<p>&#8211; \u00c9 esse, n\u00e9?<br \/>\n&#8211; Sim &#8211; a mulher riu.<\/p>\n<p>&#8211; Posso peg\u00e1-lo?<\/p>\n<p>&#8211; Claro que pode! Ele \u00e9 seu &#8211; a atendente n\u00e3o parava de rir da situa\u00e7\u00e3o.<\/p>\n<p>Peguei o vaso com as azaleias e voltei para o nosso apartamento. Assim que entrei, contei como havia sido o resgate do presente do Seabra. Minha mulher soltou uma gostosa gargalhada, que ainda soa nos meus ouvidos.<\/p>\n<p>Mas a hist\u00f3ria n\u00e3o termina por a\u00ed. \u00c9 que no domingo, 3, recebi uma liga\u00e7\u00e3o do Seabra, que praticamente me enquadrou com uma pergunta.<\/p>\n<p>&#8211; Edu, que tal passar a escrever contos e cr\u00f4nicas sobre o Nordeste?<\/p>\n","protected":false},"excerpt":{"rendered":"<p>Poucos dias antes do Jos\u00e9 Seabra, fundador do Notibras, passar a se dedicar \u00e0 Sucursal Regional Nordeste, tive o privil\u00e9gio de passar horas impag\u00e1veis com esse jornalista e grande escritor numa cafeteria bem no in\u00edcio da Asa Norte, em Bras\u00edlia. O momento era t\u00e3o especial, que fiz quest\u00e3o da presen\u00e7a da minha esposa, a famosa [&hellip;]<\/p>\n","protected":false},"author":2,"featured_media":323778,"comment_status":"closed","ping_status":"closed","sticky":false,"template":"","format":"standard","meta":{"_acf_changed":false,"footnotes":""},"categories":[166,167,168,169,165,170,171,172,173,174],"tags":[],"class_list":["post-323777","post","type-post","status-publish","format-standard","has-post-thumbnail","hentry","category-alagoas","category-bahia","category-ceara","category-maranhao","category-nordeste","category-paraiba-nordeste","category-pernambuco-nordeste","category-piaui","category-rio-grande-do-norte","category-sergipe"],"acf":[],"yoast_head":"<!-- This site is optimized with the Yoast SEO plugin v27.5 - https:\/\/yoast.com\/product\/yoast-seo-wordpress\/ -->\n<title>Jos\u00e9 Seabra, a sucursal, Dona Irene e as azaleias - Notibras<\/title>\n<meta name=\"robots\" content=\"index, follow, max-snippet:-1, max-image-preview:large, max-video-preview:-1\" \/>\n<link rel=\"canonical\" href=\"https:\/\/www.notibras.com\/site\/jose-seabra-a-sucursal-dona-irene-e-as-azaleias\/\" \/>\n<meta property=\"og:locale\" content=\"pt_BR\" \/>\n<meta property=\"og:type\" content=\"article\" \/>\n<meta property=\"og:title\" content=\"Jos\u00e9 Seabra, a sucursal, Dona Irene e as azaleias - Notibras\" \/>\n<meta property=\"og:description\" content=\"Poucos dias antes do Jos\u00e9 Seabra, fundador do Notibras, passar a se dedicar \u00e0 Sucursal Regional Nordeste, tive o privil\u00e9gio de passar horas impag\u00e1veis com esse jornalista e grande escritor numa cafeteria bem no in\u00edcio da Asa Norte, em Bras\u00edlia. O momento era t\u00e3o especial, que fiz quest\u00e3o da presen\u00e7a da minha esposa, a famosa [&hellip;]\" \/>\n<meta property=\"og:url\" content=\"https:\/\/www.notibras.com\/site\/jose-seabra-a-sucursal-dona-irene-e-as-azaleias\/\" \/>\n<meta property=\"og:site_name\" content=\"Notibras\" \/>\n<meta property=\"article:publisher\" content=\"https:\/\/www.facebook.com\/notibras\/\" \/>\n<meta property=\"article:published_time\" content=\"2024-03-04T12:57:59+00:00\" \/>\n<meta property=\"og:image\" content=\"https:\/\/www.notibras.com\/site\/wp-content\/uploads\/2024\/03\/nordeste.du_.jpg\" \/>\n\t<meta property=\"og:image:width\" content=\"1280\" \/>\n\t<meta property=\"og:image:height\" content=\"960\" \/>\n\t<meta property=\"og:image:type\" content=\"image\/jpeg\" \/>\n<meta name=\"author\" content=\"Reda\u00e7\u00e3o\" \/>\n<meta name=\"twitter:card\" content=\"summary_large_image\" \/>\n<meta name=\"twitter:creator\" content=\"@Notibras\" \/>\n<meta name=\"twitter:site\" content=\"@Notibras\" \/>\n<meta name=\"twitter:label1\" content=\"Escrito por\" \/>\n\t<meta name=\"twitter:data1\" content=\"Reda\u00e7\u00e3o\" \/>\n\t<meta name=\"twitter:label2\" content=\"Est. tempo de leitura\" \/>\n\t<meta name=\"twitter:data2\" content=\"4 minutos\" \/>\n<script type=\"application\/ld+json\" class=\"yoast-schema-graph\">{\"@context\":\"https:\\\/\\\/schema.org\",\"@graph\":[{\"@type\":\"Article\",\"@id\":\"https:\\\/\\\/www.notibras.com\\\/site\\\/jose-seabra-a-sucursal-dona-irene-e-as-azaleias\\\/#article\",\"isPartOf\":{\"@id\":\"https:\\\/\\\/www.notibras.com\\\/site\\\/jose-seabra-a-sucursal-dona-irene-e-as-azaleias\\\/\"},\"author\":{\"name\":\"Reda\u00e7\u00e3o\",\"@id\":\"https:\\\/\\\/www.notibras.com\\\/site\\\/#\\\/schema\\\/person\\\/36ab0979449956132d3e5b517ea76ac8\"},\"headline\":\"Jos\u00e9 Seabra, a sucursal, Dona Irene e as azaleias\",\"datePublished\":\"2024-03-04T12:57:59+00:00\",\"mainEntityOfPage\":{\"@id\":\"https:\\\/\\\/www.notibras.com\\\/site\\\/jose-seabra-a-sucursal-dona-irene-e-as-azaleias\\\/\"},\"wordCount\":580,\"publisher\":{\"@id\":\"https:\\\/\\\/www.notibras.com\\\/site\\\/#organization\"},\"image\":{\"@id\":\"https:\\\/\\\/www.notibras.com\\\/site\\\/jose-seabra-a-sucursal-dona-irene-e-as-azaleias\\\/#primaryimage\"},\"thumbnailUrl\":\"https:\\\/\\\/www.notibras.com\\\/site\\\/wp-content\\\/uploads\\\/2024\\\/03\\\/nordeste.du_.jpg\",\"articleSection\":[\"Alagoas\",\"Bahia\",\"Cear\u00e1\",\"Maranh\u00e3o\",\"Nordeste\",\"Para\u00edba\",\"Pernambuco\",\"Piau\u00ed\",\"Rio Grande do Norte\",\"Sergipe\"],\"inLanguage\":\"pt-BR\"},{\"@type\":\"WebPage\",\"@id\":\"https:\\\/\\\/www.notibras.com\\\/site\\\/jose-seabra-a-sucursal-dona-irene-e-as-azaleias\\\/\",\"url\":\"https:\\\/\\\/www.notibras.com\\\/site\\\/jose-seabra-a-sucursal-dona-irene-e-as-azaleias\\\/\",\"name\":\"Jos\u00e9 Seabra, a sucursal, Dona Irene e as azaleias - Notibras\",\"isPartOf\":{\"@id\":\"https:\\\/\\\/www.notibras.com\\\/site\\\/#website\"},\"primaryImageOfPage\":{\"@id\":\"https:\\\/\\\/www.notibras.com\\\/site\\\/jose-seabra-a-sucursal-dona-irene-e-as-azaleias\\\/#primaryimage\"},\"image\":{\"@id\":\"https:\\\/\\\/www.notibras.com\\\/site\\\/jose-seabra-a-sucursal-dona-irene-e-as-azaleias\\\/#primaryimage\"},\"thumbnailUrl\":\"https:\\\/\\\/www.notibras.com\\\/site\\\/wp-content\\\/uploads\\\/2024\\\/03\\\/nordeste.du_.jpg\",\"datePublished\":\"2024-03-04T12:57:59+00:00\",\"breadcrumb\":{\"@id\":\"https:\\\/\\\/www.notibras.com\\\/site\\\/jose-seabra-a-sucursal-dona-irene-e-as-azaleias\\\/#breadcrumb\"},\"inLanguage\":\"pt-BR\",\"potentialAction\":[{\"@type\":\"ReadAction\",\"target\":[\"https:\\\/\\\/www.notibras.com\\\/site\\\/jose-seabra-a-sucursal-dona-irene-e-as-azaleias\\\/\"]}]},{\"@type\":\"ImageObject\",\"inLanguage\":\"pt-BR\",\"@id\":\"https:\\\/\\\/www.notibras.com\\\/site\\\/jose-seabra-a-sucursal-dona-irene-e-as-azaleias\\\/#primaryimage\",\"url\":\"https:\\\/\\\/www.notibras.com\\\/site\\\/wp-content\\\/uploads\\\/2024\\\/03\\\/nordeste.du_.jpg\",\"contentUrl\":\"https:\\\/\\\/www.notibras.com\\\/site\\\/wp-content\\\/uploads\\\/2024\\\/03\\\/nordeste.du_.jpg\",\"width\":1280,\"height\":960},{\"@type\":\"BreadcrumbList\",\"@id\":\"https:\\\/\\\/www.notibras.com\\\/site\\\/jose-seabra-a-sucursal-dona-irene-e-as-azaleias\\\/#breadcrumb\",\"itemListElement\":[{\"@type\":\"ListItem\",\"position\":1,\"name\":\"In\u00edcio\",\"item\":\"https:\\\/\\\/www.notibras.com\\\/site\\\/\"},{\"@type\":\"ListItem\",\"position\":2,\"name\":\"Jos\u00e9 Seabra, a sucursal, Dona Irene e as azaleias\"}]},{\"@type\":\"WebSite\",\"@id\":\"https:\\\/\\\/www.notibras.com\\\/site\\\/#website\",\"url\":\"https:\\\/\\\/www.notibras.com\\\/site\\\/\",\"name\":\"Notibras\",\"description\":\"Not\u00edcias de Bras\u00edlia, do Brasil e do Mundo\",\"publisher\":{\"@id\":\"https:\\\/\\\/www.notibras.com\\\/site\\\/#organization\"},\"potentialAction\":[{\"@type\":\"SearchAction\",\"target\":{\"@type\":\"EntryPoint\",\"urlTemplate\":\"https:\\\/\\\/www.notibras.com\\\/site\\\/?s={search_term_string}\"},\"query-input\":{\"@type\":\"PropertyValueSpecification\",\"valueRequired\":true,\"valueName\":\"search_term_string\"}}],\"inLanguage\":\"pt-BR\"},{\"@type\":\"Organization\",\"@id\":\"https:\\\/\\\/www.notibras.com\\\/site\\\/#organization\",\"name\":\"Grupo Notibras de Comunica\u00e7\u00e3o\",\"url\":\"https:\\\/\\\/www.notibras.com\\\/site\\\/\",\"logo\":{\"@type\":\"ImageObject\",\"inLanguage\":\"pt-BR\",\"@id\":\"https:\\\/\\\/www.notibras.com\\\/site\\\/#\\\/schema\\\/logo\\\/image\\\/\",\"url\":\"https:\\\/\\\/www.notibras.com\\\/site\\\/wp-content\\\/uploads\\\/2023\\\/01\\\/notibras23.png\",\"contentUrl\":\"https:\\\/\\\/www.notibras.com\\\/site\\\/wp-content\\\/uploads\\\/2023\\\/01\\\/notibras23.png\",\"width\":350,\"height\":87,\"caption\":\"Grupo Notibras de Comunica\u00e7\u00e3o\"},\"image\":{\"@id\":\"https:\\\/\\\/www.notibras.com\\\/site\\\/#\\\/schema\\\/logo\\\/image\\\/\"},\"sameAs\":[\"https:\\\/\\\/www.facebook.com\\\/notibras\\\/\",\"https:\\\/\\\/x.com\\\/Notibras\",\"https:\\\/\\\/www.instagram.com\\\/notibras\\\/\"]},{\"@type\":\"Person\",\"@id\":\"https:\\\/\\\/www.notibras.com\\\/site\\\/#\\\/schema\\\/person\\\/36ab0979449956132d3e5b517ea76ac8\",\"name\":\"Reda\u00e7\u00e3o\",\"image\":{\"@type\":\"ImageObject\",\"inLanguage\":\"pt-BR\",\"@id\":\"https:\\\/\\\/secure.gravatar.com\\\/avatar\\\/e0a867bdedb85fd243eadf09663511f96fc81e0720a4a42581f334ad4303aa6b?s=96&d=mm&r=g\",\"url\":\"https:\\\/\\\/secure.gravatar.com\\\/avatar\\\/e0a867bdedb85fd243eadf09663511f96fc81e0720a4a42581f334ad4303aa6b?s=96&d=mm&r=g\",\"contentUrl\":\"https:\\\/\\\/secure.gravatar.com\\\/avatar\\\/e0a867bdedb85fd243eadf09663511f96fc81e0720a4a42581f334ad4303aa6b?s=96&d=mm&r=g\",\"caption\":\"Reda\u00e7\u00e3o\"}}]}<\/script>\n<!-- \/ Yoast SEO plugin. -->","yoast_head_json":{"title":"Jos\u00e9 Seabra, a sucursal, Dona Irene e as azaleias - Notibras","robots":{"index":"index","follow":"follow","max-snippet":"max-snippet:-1","max-image-preview":"max-image-preview:large","max-video-preview":"max-video-preview:-1"},"canonical":"https:\/\/www.notibras.com\/site\/jose-seabra-a-sucursal-dona-irene-e-as-azaleias\/","og_locale":"pt_BR","og_type":"article","og_title":"Jos\u00e9 Seabra, a sucursal, Dona Irene e as azaleias - Notibras","og_description":"Poucos dias antes do Jos\u00e9 Seabra, fundador do Notibras, passar a se dedicar \u00e0 Sucursal Regional Nordeste, tive o privil\u00e9gio de passar horas impag\u00e1veis com esse jornalista e grande escritor numa cafeteria bem no in\u00edcio da Asa Norte, em Bras\u00edlia. O momento era t\u00e3o especial, que fiz quest\u00e3o da presen\u00e7a da minha esposa, a famosa [&hellip;]","og_url":"https:\/\/www.notibras.com\/site\/jose-seabra-a-sucursal-dona-irene-e-as-azaleias\/","og_site_name":"Notibras","article_publisher":"https:\/\/www.facebook.com\/notibras\/","article_published_time":"2024-03-04T12:57:59+00:00","og_image":[{"width":1280,"height":960,"url":"https:\/\/www.notibras.com\/site\/wp-content\/uploads\/2024\/03\/nordeste.du_.jpg","type":"image\/jpeg"}],"author":"Reda\u00e7\u00e3o","twitter_card":"summary_large_image","twitter_creator":"@Notibras","twitter_site":"@Notibras","twitter_misc":{"Escrito por":"Reda\u00e7\u00e3o","Est. tempo de leitura":"4 minutos"},"schema":{"@context":"https:\/\/schema.org","@graph":[{"@type":"Article","@id":"https:\/\/www.notibras.com\/site\/jose-seabra-a-sucursal-dona-irene-e-as-azaleias\/#article","isPartOf":{"@id":"https:\/\/www.notibras.com\/site\/jose-seabra-a-sucursal-dona-irene-e-as-azaleias\/"},"author":{"name":"Reda\u00e7\u00e3o","@id":"https:\/\/www.notibras.com\/site\/#\/schema\/person\/36ab0979449956132d3e5b517ea76ac8"},"headline":"Jos\u00e9 Seabra, a sucursal, Dona Irene e as azaleias","datePublished":"2024-03-04T12:57:59+00:00","mainEntityOfPage":{"@id":"https:\/\/www.notibras.com\/site\/jose-seabra-a-sucursal-dona-irene-e-as-azaleias\/"},"wordCount":580,"publisher":{"@id":"https:\/\/www.notibras.com\/site\/#organization"},"image":{"@id":"https:\/\/www.notibras.com\/site\/jose-seabra-a-sucursal-dona-irene-e-as-azaleias\/#primaryimage"},"thumbnailUrl":"https:\/\/www.notibras.com\/site\/wp-content\/uploads\/2024\/03\/nordeste.du_.jpg","articleSection":["Alagoas","Bahia","Cear\u00e1","Maranh\u00e3o","Nordeste","Para\u00edba","Pernambuco","Piau\u00ed","Rio Grande do Norte","Sergipe"],"inLanguage":"pt-BR"},{"@type":"WebPage","@id":"https:\/\/www.notibras.com\/site\/jose-seabra-a-sucursal-dona-irene-e-as-azaleias\/","url":"https:\/\/www.notibras.com\/site\/jose-seabra-a-sucursal-dona-irene-e-as-azaleias\/","name":"Jos\u00e9 Seabra, a sucursal, Dona Irene e as azaleias - Notibras","isPartOf":{"@id":"https:\/\/www.notibras.com\/site\/#website"},"primaryImageOfPage":{"@id":"https:\/\/www.notibras.com\/site\/jose-seabra-a-sucursal-dona-irene-e-as-azaleias\/#primaryimage"},"image":{"@id":"https:\/\/www.notibras.com\/site\/jose-seabra-a-sucursal-dona-irene-e-as-azaleias\/#primaryimage"},"thumbnailUrl":"https:\/\/www.notibras.com\/site\/wp-content\/uploads\/2024\/03\/nordeste.du_.jpg","datePublished":"2024-03-04T12:57:59+00:00","breadcrumb":{"@id":"https:\/\/www.notibras.com\/site\/jose-seabra-a-sucursal-dona-irene-e-as-azaleias\/#breadcrumb"},"inLanguage":"pt-BR","potentialAction":[{"@type":"ReadAction","target":["https:\/\/www.notibras.com\/site\/jose-seabra-a-sucursal-dona-irene-e-as-azaleias\/"]}]},{"@type":"ImageObject","inLanguage":"pt-BR","@id":"https:\/\/www.notibras.com\/site\/jose-seabra-a-sucursal-dona-irene-e-as-azaleias\/#primaryimage","url":"https:\/\/www.notibras.com\/site\/wp-content\/uploads\/2024\/03\/nordeste.du_.jpg","contentUrl":"https:\/\/www.notibras.com\/site\/wp-content\/uploads\/2024\/03\/nordeste.du_.jpg","width":1280,"height":960},{"@type":"BreadcrumbList","@id":"https:\/\/www.notibras.com\/site\/jose-seabra-a-sucursal-dona-irene-e-as-azaleias\/#breadcrumb","itemListElement":[{"@type":"ListItem","position":1,"name":"In\u00edcio","item":"https:\/\/www.notibras.com\/site\/"},{"@type":"ListItem","position":2,"name":"Jos\u00e9 Seabra, a sucursal, Dona Irene e as azaleias"}]},{"@type":"WebSite","@id":"https:\/\/www.notibras.com\/site\/#website","url":"https:\/\/www.notibras.com\/site\/","name":"Notibras","description":"Not\u00edcias de Bras\u00edlia, do Brasil e do Mundo","publisher":{"@id":"https:\/\/www.notibras.com\/site\/#organization"},"potentialAction":[{"@type":"SearchAction","target":{"@type":"EntryPoint","urlTemplate":"https:\/\/www.notibras.com\/site\/?s={search_term_string}"},"query-input":{"@type":"PropertyValueSpecification","valueRequired":true,"valueName":"search_term_string"}}],"inLanguage":"pt-BR"},{"@type":"Organization","@id":"https:\/\/www.notibras.com\/site\/#organization","name":"Grupo Notibras de Comunica\u00e7\u00e3o","url":"https:\/\/www.notibras.com\/site\/","logo":{"@type":"ImageObject","inLanguage":"pt-BR","@id":"https:\/\/www.notibras.com\/site\/#\/schema\/logo\/image\/","url":"https:\/\/www.notibras.com\/site\/wp-content\/uploads\/2023\/01\/notibras23.png","contentUrl":"https:\/\/www.notibras.com\/site\/wp-content\/uploads\/2023\/01\/notibras23.png","width":350,"height":87,"caption":"Grupo Notibras de Comunica\u00e7\u00e3o"},"image":{"@id":"https:\/\/www.notibras.com\/site\/#\/schema\/logo\/image\/"},"sameAs":["https:\/\/www.facebook.com\/notibras\/","https:\/\/x.com\/Notibras","https:\/\/www.instagram.com\/notibras\/"]},{"@type":"Person","@id":"https:\/\/www.notibras.com\/site\/#\/schema\/person\/36ab0979449956132d3e5b517ea76ac8","name":"Reda\u00e7\u00e3o","image":{"@type":"ImageObject","inLanguage":"pt-BR","@id":"https:\/\/secure.gravatar.com\/avatar\/e0a867bdedb85fd243eadf09663511f96fc81e0720a4a42581f334ad4303aa6b?s=96&d=mm&r=g","url":"https:\/\/secure.gravatar.com\/avatar\/e0a867bdedb85fd243eadf09663511f96fc81e0720a4a42581f334ad4303aa6b?s=96&d=mm&r=g","contentUrl":"https:\/\/secure.gravatar.com\/avatar\/e0a867bdedb85fd243eadf09663511f96fc81e0720a4a42581f334ad4303aa6b?s=96&d=mm&r=g","caption":"Reda\u00e7\u00e3o"}}]}},"amp_enabled":true,"_links":{"self":[{"href":"https:\/\/www.notibras.com\/site\/wp-json\/wp\/v2\/posts\/323777","targetHints":{"allow":["GET"]}}],"collection":[{"href":"https:\/\/www.notibras.com\/site\/wp-json\/wp\/v2\/posts"}],"about":[{"href":"https:\/\/www.notibras.com\/site\/wp-json\/wp\/v2\/types\/post"}],"author":[{"embeddable":true,"href":"https:\/\/www.notibras.com\/site\/wp-json\/wp\/v2\/users\/2"}],"replies":[{"embeddable":true,"href":"https:\/\/www.notibras.com\/site\/wp-json\/wp\/v2\/comments?post=323777"}],"version-history":[{"count":1,"href":"https:\/\/www.notibras.com\/site\/wp-json\/wp\/v2\/posts\/323777\/revisions"}],"predecessor-version":[{"id":323779,"href":"https:\/\/www.notibras.com\/site\/wp-json\/wp\/v2\/posts\/323777\/revisions\/323779"}],"wp:featuredmedia":[{"embeddable":true,"href":"https:\/\/www.notibras.com\/site\/wp-json\/wp\/v2\/media\/323778"}],"wp:attachment":[{"href":"https:\/\/www.notibras.com\/site\/wp-json\/wp\/v2\/media?parent=323777"}],"wp:term":[{"taxonomy":"category","embeddable":true,"href":"https:\/\/www.notibras.com\/site\/wp-json\/wp\/v2\/categories?post=323777"},{"taxonomy":"post_tag","embeddable":true,"href":"https:\/\/www.notibras.com\/site\/wp-json\/wp\/v2\/tags?post=323777"}],"curies":[{"name":"wp","href":"https:\/\/api.w.org\/{rel}","templated":true}]}}