{"id":32382,"date":"2014-12-28T20:42:32","date_gmt":"2014-12-28T23:42:32","guid":{"rendered":"http:\/\/www.notibras.com\/site\/?p=32382"},"modified":"2014-12-28T20:42:32","modified_gmt":"2014-12-28T23:42:32","slug":"grandes-empresas-respondem-por-queda-no-caixa-do-tesouro","status":"publish","type":"post","link":"https:\/\/www.notibras.com\/site\/grandes-empresas-respondem-por-queda-no-caixa-do-tesouro\/","title":{"rendered":"Grandes empresas respondem por queda no caixa do Tesouro"},"content":{"rendered":"<p>A crise econ\u00f4mica que derrubou a arrecada\u00e7\u00e3o e afetou as contas p\u00fablicos este ano concentra-se nas grandes empresas, principalmente do setor financeiro. De acordo com a Receita Federal, a queda na lucratividade das maiores companhias representa o principal fator econ\u00f4mico por tr\u00e1s da diminui\u00e7\u00e3o real (descontada a infla\u00e7\u00e3o) de 0,99% da arrecada\u00e7\u00e3o federal este ano.<\/p>\n<p>O grande respons\u00e1vel pela queda na arrecada\u00e7\u00e3o federal de janeiro a novembro foi a amplia\u00e7\u00e3o dos setores beneficiados com desonera\u00e7\u00f5es, que fizeram o governo arrecadar R$ 22,815 bilh\u00f5es a menos que em 2013. A redu\u00e7\u00e3o de tributos, no entanto, est\u00e1 ligada a mudan\u00e7as na lei (fatores legislativos), n\u00e3o a fatores econ\u00f4micos, como a menor lucratividade das empresas em um ano de baixo crescimento da produ\u00e7\u00e3o e do consumo.<\/p>\n<p>De janeiro a novembro, a arrecada\u00e7\u00e3o de Imposto de Renda Pessoa Jur\u00eddica (IRPJ) e da Contribui\u00e7\u00e3o Social sobre o Lucro L\u00edquido (CSLL), tributos ligados ao lucro das empresas, caiu 2,58% (R$ 4,785 bilh\u00f5es) em rela\u00e7\u00e3o ao mesmo per\u00edodo de 2013. A diferen\u00e7a considera a infla\u00e7\u00e3o oficial pelo \u00cdndice Nacional de Pre\u00e7os ao Consumidor Amplo (IPCA). A desagrega\u00e7\u00e3o dos n\u00fameros, no entanto, mostra que as grandes companhias lideram a queda.<\/p>\n<p>O pagamento de IRPJ e da CSLL com base na revis\u00e3o das estimativas mensais de lucro caiu R$ 11,9 bilh\u00f5es (14,23%) descontando a infla\u00e7\u00e3o pelo IPCA. Obrigat\u00f3rio para institui\u00e7\u00f5es financeiras e empresas com receita bruta de pelo menos R$ 78 milh\u00f5es em um ano (R$ 6,5 milh\u00f5es por m\u00eas), o regime permite que as companhias recolham os dois tributos com base em previs\u00f5es de lucro. Caso as estimativas n\u00e3o se confirmem, as empresas emitem balancetes e pagam menos nos meses seguintes.<\/p>\n<blockquote><p>Segundo o chefe do Centro de Estudos Tribut\u00e1rios e Aduaneiros da Receita, Claudemir Malaquias, o baixo crescimento econ\u00f4mico impactou o lucro das grandes empresas, trazendo reflexos para a arrecada\u00e7\u00e3o. A diminui\u00e7\u00e3o no recolhimento com base nas estimativas mensais concentra-se nas institui\u00e7\u00f5es financeiras, que pagaram R$ 7,848 bilh\u00f5es a menos. As grandes companhias dos demais setores da economia deixaram de recolher os R$ 4,052 bilh\u00f5es restantes, resultando na diferen\u00e7a de R$ 11,9 bilh\u00f5es nessa modalidade de pagamento.<\/p><\/blockquote>\n<p>A queda real nas receitas do IRPJ e da CSLL s\u00f3 n\u00e3o foi maior por causa das pequenas e m\u00e9dias empresas. De janeiro a novembro, o recolhimento com base no lucro presumido, usado pelas empresas de menor porte, subiu R$ 1,927 bilh\u00e3o, alta de 4,49% acima da infla\u00e7\u00e3o pelo IPCA. Nessa modalidade, as empresas pagam os tributos com base numa al\u00edquota sobre as receitas, sem necessidade de balan\u00e7os cont\u00e1beis detalhados.<\/p>\n<p>As outras modalidades de recolhimento ajudaram a compensar a perda de arrecada\u00e7\u00e3o do IRPJ e da CSLL, por\u00e9m, em intensidade insuficiente para reverter a queda. O pagamento da declara\u00e7\u00e3o de ajuste, tamb\u00e9m feito por grandes empresas, rendeu R$ 2,165 bilh\u00f5es a mais em 2014 do que no ano passado. O recolhimento determinado por lan\u00e7amentos de of\u00edcio e por decis\u00f5es judicais aumentou R$ 2,173 bilh\u00f5es. Houve ainda o aumento de R$ 850 milh\u00f5es atribu\u00eddo a outros fatores, resultando na diminui\u00e7\u00e3o final de R$ 4,785 bilh\u00f5es na receita dos dois tributos.<\/p>\n<p><strong>Wellton M\u00e1ximo, ABr<\/strong><\/p>\n","protected":false},"excerpt":{"rendered":"<p>A crise econ\u00f4mica que derrubou a arrecada\u00e7\u00e3o e afetou as contas p\u00fablicos este ano concentra-se nas grandes empresas, principalmente do setor financeiro. De acordo com a Receita Federal, a queda na lucratividade das maiores companhias representa o principal fator econ\u00f4mico por tr\u00e1s da diminui\u00e7\u00e3o real (descontada a infla\u00e7\u00e3o) de 0,99% da arrecada\u00e7\u00e3o federal este ano. [&hellip;]<\/p>\n","protected":false},"author":2,"featured_media":32383,"comment_status":"open","ping_status":"closed","sticky":false,"template":"","format":"standard","meta":{"_acf_changed":false,"footnotes":""},"categories":[16],"tags":[],"class_list":["post-32382","post","type-post","status-publish","format-standard","has-post-thumbnail","hentry","category-brasil"],"acf":[],"yoast_head":"<!-- This site is optimized with the Yoast SEO plugin v27.2 - https:\/\/yoast.com\/product\/yoast-seo-wordpress\/ -->\n<title>Grandes empresas respondem por queda no caixa do Tesouro - Notibras<\/title>\n<meta name=\"robots\" content=\"index, follow, max-snippet:-1, max-image-preview:large, max-video-preview:-1\" \/>\n<link rel=\"canonical\" href=\"https:\/\/www.notibras.com\/site\/grandes-empresas-respondem-por-queda-no-caixa-do-tesouro\/\" \/>\n<meta property=\"og:locale\" content=\"pt_BR\" \/>\n<meta property=\"og:type\" content=\"article\" \/>\n<meta property=\"og:title\" content=\"Grandes empresas respondem por queda no caixa do Tesouro - Notibras\" \/>\n<meta property=\"og:description\" content=\"A crise econ\u00f4mica que derrubou a arrecada\u00e7\u00e3o e afetou as contas p\u00fablicos este ano concentra-se nas grandes empresas, principalmente do setor financeiro. De acordo com a Receita Federal, a queda na lucratividade das maiores companhias representa o principal fator econ\u00f4mico por tr\u00e1s da diminui\u00e7\u00e3o real (descontada a infla\u00e7\u00e3o) de 0,99% da arrecada\u00e7\u00e3o federal este ano. [&hellip;]\" \/>\n<meta property=\"og:url\" content=\"https:\/\/www.notibras.com\/site\/grandes-empresas-respondem-por-queda-no-caixa-do-tesouro\/\" \/>\n<meta property=\"og:site_name\" content=\"Notibras\" \/>\n<meta property=\"article:publisher\" content=\"https:\/\/www.facebook.com\/notibras\/\" \/>\n<meta property=\"article:published_time\" content=\"2014-12-28T23:42:32+00:00\" \/>\n<meta property=\"og:image\" content=\"https:\/\/www.notibras.com\/site\/wp-content\/uploads\/2014\/12\/imposto-de-renda-blog-ademilar.jpg\" \/>\n\t<meta property=\"og:image:width\" content=\"512\" \/>\n\t<meta property=\"og:image:height\" content=\"384\" \/>\n\t<meta property=\"og:image:type\" content=\"image\/jpeg\" \/>\n<meta name=\"author\" content=\"Reda\u00e7\u00e3o\" \/>\n<meta name=\"twitter:card\" content=\"summary_large_image\" \/>\n<meta name=\"twitter:creator\" content=\"@Notibras\" \/>\n<meta name=\"twitter:site\" content=\"@Notibras\" \/>\n<meta name=\"twitter:label1\" content=\"Escrito por\" \/>\n\t<meta name=\"twitter:data1\" content=\"Reda\u00e7\u00e3o\" \/>\n\t<meta name=\"twitter:label2\" content=\"Est. tempo de leitura\" \/>\n\t<meta name=\"twitter:data2\" content=\"3 minutos\" \/>\n<script type=\"application\/ld+json\" class=\"yoast-schema-graph\">{\"@context\":\"https:\/\/schema.org\",\"@graph\":[{\"@type\":\"Article\",\"@id\":\"https:\/\/www.notibras.com\/site\/grandes-empresas-respondem-por-queda-no-caixa-do-tesouro\/#article\",\"isPartOf\":{\"@id\":\"https:\/\/www.notibras.com\/site\/grandes-empresas-respondem-por-queda-no-caixa-do-tesouro\/\"},\"author\":{\"name\":\"Reda\u00e7\u00e3o\",\"@id\":\"https:\/\/www.notibras.com\/site\/#\/schema\/person\/36ab0979449956132d3e5b517ea76ac8\"},\"headline\":\"Grandes empresas respondem por queda no caixa do Tesouro\",\"datePublished\":\"2014-12-28T23:42:32+00:00\",\"mainEntityOfPage\":{\"@id\":\"https:\/\/www.notibras.com\/site\/grandes-empresas-respondem-por-queda-no-caixa-do-tesouro\/\"},\"wordCount\":570,\"commentCount\":0,\"publisher\":{\"@id\":\"https:\/\/www.notibras.com\/site\/#organization\"},\"image\":{\"@id\":\"https:\/\/www.notibras.com\/site\/grandes-empresas-respondem-por-queda-no-caixa-do-tesouro\/#primaryimage\"},\"thumbnailUrl\":\"https:\/\/www.notibras.com\/site\/wp-content\/uploads\/2014\/12\/imposto-de-renda-blog-ademilar.jpg\",\"articleSection\":[\"Brasil\"],\"inLanguage\":\"pt-BR\",\"potentialAction\":[{\"@type\":\"CommentAction\",\"name\":\"Comment\",\"target\":[\"https:\/\/www.notibras.com\/site\/grandes-empresas-respondem-por-queda-no-caixa-do-tesouro\/#respond\"]}]},{\"@type\":\"WebPage\",\"@id\":\"https:\/\/www.notibras.com\/site\/grandes-empresas-respondem-por-queda-no-caixa-do-tesouro\/\",\"url\":\"https:\/\/www.notibras.com\/site\/grandes-empresas-respondem-por-queda-no-caixa-do-tesouro\/\",\"name\":\"Grandes empresas respondem por queda no caixa do Tesouro - Notibras\",\"isPartOf\":{\"@id\":\"https:\/\/www.notibras.com\/site\/#website\"},\"primaryImageOfPage\":{\"@id\":\"https:\/\/www.notibras.com\/site\/grandes-empresas-respondem-por-queda-no-caixa-do-tesouro\/#primaryimage\"},\"image\":{\"@id\":\"https:\/\/www.notibras.com\/site\/grandes-empresas-respondem-por-queda-no-caixa-do-tesouro\/#primaryimage\"},\"thumbnailUrl\":\"https:\/\/www.notibras.com\/site\/wp-content\/uploads\/2014\/12\/imposto-de-renda-blog-ademilar.jpg\",\"datePublished\":\"2014-12-28T23:42:32+00:00\",\"breadcrumb\":{\"@id\":\"https:\/\/www.notibras.com\/site\/grandes-empresas-respondem-por-queda-no-caixa-do-tesouro\/#breadcrumb\"},\"inLanguage\":\"pt-BR\",\"potentialAction\":[{\"@type\":\"ReadAction\",\"target\":[\"https:\/\/www.notibras.com\/site\/grandes-empresas-respondem-por-queda-no-caixa-do-tesouro\/\"]}]},{\"@type\":\"ImageObject\",\"inLanguage\":\"pt-BR\",\"@id\":\"https:\/\/www.notibras.com\/site\/grandes-empresas-respondem-por-queda-no-caixa-do-tesouro\/#primaryimage\",\"url\":\"https:\/\/www.notibras.com\/site\/wp-content\/uploads\/2014\/12\/imposto-de-renda-blog-ademilar.jpg\",\"contentUrl\":\"https:\/\/www.notibras.com\/site\/wp-content\/uploads\/2014\/12\/imposto-de-renda-blog-ademilar.jpg\",\"width\":512,\"height\":384},{\"@type\":\"BreadcrumbList\",\"@id\":\"https:\/\/www.notibras.com\/site\/grandes-empresas-respondem-por-queda-no-caixa-do-tesouro\/#breadcrumb\",\"itemListElement\":[{\"@type\":\"ListItem\",\"position\":1,\"name\":\"In\u00edcio\",\"item\":\"https:\/\/www.notibras.com\/site\/\"},{\"@type\":\"ListItem\",\"position\":2,\"name\":\"Grandes empresas respondem por queda no caixa do Tesouro\"}]},{\"@type\":\"WebSite\",\"@id\":\"https:\/\/www.notibras.com\/site\/#website\",\"url\":\"https:\/\/www.notibras.com\/site\/\",\"name\":\"Notibras\",\"description\":\"Not\u00edcias de Bras\u00edlia, do Brasil e do Mundo\",\"publisher\":{\"@id\":\"https:\/\/www.notibras.com\/site\/#organization\"},\"potentialAction\":[{\"@type\":\"SearchAction\",\"target\":{\"@type\":\"EntryPoint\",\"urlTemplate\":\"https:\/\/www.notibras.com\/site\/?s={search_term_string}\"},\"query-input\":{\"@type\":\"PropertyValueSpecification\",\"valueRequired\":true,\"valueName\":\"search_term_string\"}}],\"inLanguage\":\"pt-BR\"},{\"@type\":\"Organization\",\"@id\":\"https:\/\/www.notibras.com\/site\/#organization\",\"name\":\"Grupo Notibras de Comunica\u00e7\u00e3o\",\"url\":\"https:\/\/www.notibras.com\/site\/\",\"logo\":{\"@type\":\"ImageObject\",\"inLanguage\":\"pt-BR\",\"@id\":\"https:\/\/www.notibras.com\/site\/#\/schema\/logo\/image\/\",\"url\":\"https:\/\/www.notibras.com\/site\/wp-content\/uploads\/2023\/01\/notibras23.png\",\"contentUrl\":\"https:\/\/www.notibras.com\/site\/wp-content\/uploads\/2023\/01\/notibras23.png\",\"width\":350,\"height\":87,\"caption\":\"Grupo Notibras de Comunica\u00e7\u00e3o\"},\"image\":{\"@id\":\"https:\/\/www.notibras.com\/site\/#\/schema\/logo\/image\/\"},\"sameAs\":[\"https:\/\/www.facebook.com\/notibras\/\",\"https:\/\/x.com\/Notibras\",\"https:\/\/www.instagram.com\/notibras\/\"]},{\"@type\":\"Person\",\"@id\":\"https:\/\/www.notibras.com\/site\/#\/schema\/person\/36ab0979449956132d3e5b517ea76ac8\",\"name\":\"Reda\u00e7\u00e3o\",\"image\":{\"@type\":\"ImageObject\",\"inLanguage\":\"pt-BR\",\"@id\":\"https:\/\/secure.gravatar.com\/avatar\/e0a867bdedb85fd243eadf09663511f96fc81e0720a4a42581f334ad4303aa6b?s=96&d=mm&r=g\",\"url\":\"https:\/\/secure.gravatar.com\/avatar\/e0a867bdedb85fd243eadf09663511f96fc81e0720a4a42581f334ad4303aa6b?s=96&d=mm&r=g\",\"contentUrl\":\"https:\/\/secure.gravatar.com\/avatar\/e0a867bdedb85fd243eadf09663511f96fc81e0720a4a42581f334ad4303aa6b?s=96&d=mm&r=g\",\"caption\":\"Reda\u00e7\u00e3o\"}}]}<\/script>\n<!-- \/ Yoast SEO plugin. -->","yoast_head_json":{"title":"Grandes empresas respondem por queda no caixa do Tesouro - Notibras","robots":{"index":"index","follow":"follow","max-snippet":"max-snippet:-1","max-image-preview":"max-image-preview:large","max-video-preview":"max-video-preview:-1"},"canonical":"https:\/\/www.notibras.com\/site\/grandes-empresas-respondem-por-queda-no-caixa-do-tesouro\/","og_locale":"pt_BR","og_type":"article","og_title":"Grandes empresas respondem por queda no caixa do Tesouro - Notibras","og_description":"A crise econ\u00f4mica que derrubou a arrecada\u00e7\u00e3o e afetou as contas p\u00fablicos este ano concentra-se nas grandes empresas, principalmente do setor financeiro. De acordo com a Receita Federal, a queda na lucratividade das maiores companhias representa o principal fator econ\u00f4mico por tr\u00e1s da diminui\u00e7\u00e3o real (descontada a infla\u00e7\u00e3o) de 0,99% da arrecada\u00e7\u00e3o federal este ano. [&hellip;]","og_url":"https:\/\/www.notibras.com\/site\/grandes-empresas-respondem-por-queda-no-caixa-do-tesouro\/","og_site_name":"Notibras","article_publisher":"https:\/\/www.facebook.com\/notibras\/","article_published_time":"2014-12-28T23:42:32+00:00","og_image":[{"width":512,"height":384,"url":"https:\/\/www.notibras.com\/site\/wp-content\/uploads\/2014\/12\/imposto-de-renda-blog-ademilar.jpg","type":"image\/jpeg"}],"author":"Reda\u00e7\u00e3o","twitter_card":"summary_large_image","twitter_creator":"@Notibras","twitter_site":"@Notibras","twitter_misc":{"Escrito por":"Reda\u00e7\u00e3o","Est. tempo de leitura":"3 minutos"},"schema":{"@context":"https:\/\/schema.org","@graph":[{"@type":"Article","@id":"https:\/\/www.notibras.com\/site\/grandes-empresas-respondem-por-queda-no-caixa-do-tesouro\/#article","isPartOf":{"@id":"https:\/\/www.notibras.com\/site\/grandes-empresas-respondem-por-queda-no-caixa-do-tesouro\/"},"author":{"name":"Reda\u00e7\u00e3o","@id":"https:\/\/www.notibras.com\/site\/#\/schema\/person\/36ab0979449956132d3e5b517ea76ac8"},"headline":"Grandes empresas respondem por queda no caixa do Tesouro","datePublished":"2014-12-28T23:42:32+00:00","mainEntityOfPage":{"@id":"https:\/\/www.notibras.com\/site\/grandes-empresas-respondem-por-queda-no-caixa-do-tesouro\/"},"wordCount":570,"commentCount":0,"publisher":{"@id":"https:\/\/www.notibras.com\/site\/#organization"},"image":{"@id":"https:\/\/www.notibras.com\/site\/grandes-empresas-respondem-por-queda-no-caixa-do-tesouro\/#primaryimage"},"thumbnailUrl":"https:\/\/www.notibras.com\/site\/wp-content\/uploads\/2014\/12\/imposto-de-renda-blog-ademilar.jpg","articleSection":["Brasil"],"inLanguage":"pt-BR","potentialAction":[{"@type":"CommentAction","name":"Comment","target":["https:\/\/www.notibras.com\/site\/grandes-empresas-respondem-por-queda-no-caixa-do-tesouro\/#respond"]}]},{"@type":"WebPage","@id":"https:\/\/www.notibras.com\/site\/grandes-empresas-respondem-por-queda-no-caixa-do-tesouro\/","url":"https:\/\/www.notibras.com\/site\/grandes-empresas-respondem-por-queda-no-caixa-do-tesouro\/","name":"Grandes empresas respondem por queda no caixa do Tesouro - Notibras","isPartOf":{"@id":"https:\/\/www.notibras.com\/site\/#website"},"primaryImageOfPage":{"@id":"https:\/\/www.notibras.com\/site\/grandes-empresas-respondem-por-queda-no-caixa-do-tesouro\/#primaryimage"},"image":{"@id":"https:\/\/www.notibras.com\/site\/grandes-empresas-respondem-por-queda-no-caixa-do-tesouro\/#primaryimage"},"thumbnailUrl":"https:\/\/www.notibras.com\/site\/wp-content\/uploads\/2014\/12\/imposto-de-renda-blog-ademilar.jpg","datePublished":"2014-12-28T23:42:32+00:00","breadcrumb":{"@id":"https:\/\/www.notibras.com\/site\/grandes-empresas-respondem-por-queda-no-caixa-do-tesouro\/#breadcrumb"},"inLanguage":"pt-BR","potentialAction":[{"@type":"ReadAction","target":["https:\/\/www.notibras.com\/site\/grandes-empresas-respondem-por-queda-no-caixa-do-tesouro\/"]}]},{"@type":"ImageObject","inLanguage":"pt-BR","@id":"https:\/\/www.notibras.com\/site\/grandes-empresas-respondem-por-queda-no-caixa-do-tesouro\/#primaryimage","url":"https:\/\/www.notibras.com\/site\/wp-content\/uploads\/2014\/12\/imposto-de-renda-blog-ademilar.jpg","contentUrl":"https:\/\/www.notibras.com\/site\/wp-content\/uploads\/2014\/12\/imposto-de-renda-blog-ademilar.jpg","width":512,"height":384},{"@type":"BreadcrumbList","@id":"https:\/\/www.notibras.com\/site\/grandes-empresas-respondem-por-queda-no-caixa-do-tesouro\/#breadcrumb","itemListElement":[{"@type":"ListItem","position":1,"name":"In\u00edcio","item":"https:\/\/www.notibras.com\/site\/"},{"@type":"ListItem","position":2,"name":"Grandes empresas respondem por queda no caixa do Tesouro"}]},{"@type":"WebSite","@id":"https:\/\/www.notibras.com\/site\/#website","url":"https:\/\/www.notibras.com\/site\/","name":"Notibras","description":"Not\u00edcias de Bras\u00edlia, do Brasil e do Mundo","publisher":{"@id":"https:\/\/www.notibras.com\/site\/#organization"},"potentialAction":[{"@type":"SearchAction","target":{"@type":"EntryPoint","urlTemplate":"https:\/\/www.notibras.com\/site\/?s={search_term_string}"},"query-input":{"@type":"PropertyValueSpecification","valueRequired":true,"valueName":"search_term_string"}}],"inLanguage":"pt-BR"},{"@type":"Organization","@id":"https:\/\/www.notibras.com\/site\/#organization","name":"Grupo Notibras de Comunica\u00e7\u00e3o","url":"https:\/\/www.notibras.com\/site\/","logo":{"@type":"ImageObject","inLanguage":"pt-BR","@id":"https:\/\/www.notibras.com\/site\/#\/schema\/logo\/image\/","url":"https:\/\/www.notibras.com\/site\/wp-content\/uploads\/2023\/01\/notibras23.png","contentUrl":"https:\/\/www.notibras.com\/site\/wp-content\/uploads\/2023\/01\/notibras23.png","width":350,"height":87,"caption":"Grupo Notibras de Comunica\u00e7\u00e3o"},"image":{"@id":"https:\/\/www.notibras.com\/site\/#\/schema\/logo\/image\/"},"sameAs":["https:\/\/www.facebook.com\/notibras\/","https:\/\/x.com\/Notibras","https:\/\/www.instagram.com\/notibras\/"]},{"@type":"Person","@id":"https:\/\/www.notibras.com\/site\/#\/schema\/person\/36ab0979449956132d3e5b517ea76ac8","name":"Reda\u00e7\u00e3o","image":{"@type":"ImageObject","inLanguage":"pt-BR","@id":"https:\/\/secure.gravatar.com\/avatar\/e0a867bdedb85fd243eadf09663511f96fc81e0720a4a42581f334ad4303aa6b?s=96&d=mm&r=g","url":"https:\/\/secure.gravatar.com\/avatar\/e0a867bdedb85fd243eadf09663511f96fc81e0720a4a42581f334ad4303aa6b?s=96&d=mm&r=g","contentUrl":"https:\/\/secure.gravatar.com\/avatar\/e0a867bdedb85fd243eadf09663511f96fc81e0720a4a42581f334ad4303aa6b?s=96&d=mm&r=g","caption":"Reda\u00e7\u00e3o"}}]}},"amp_enabled":true,"_links":{"self":[{"href":"https:\/\/www.notibras.com\/site\/wp-json\/wp\/v2\/posts\/32382","targetHints":{"allow":["GET"]}}],"collection":[{"href":"https:\/\/www.notibras.com\/site\/wp-json\/wp\/v2\/posts"}],"about":[{"href":"https:\/\/www.notibras.com\/site\/wp-json\/wp\/v2\/types\/post"}],"author":[{"embeddable":true,"href":"https:\/\/www.notibras.com\/site\/wp-json\/wp\/v2\/users\/2"}],"replies":[{"embeddable":true,"href":"https:\/\/www.notibras.com\/site\/wp-json\/wp\/v2\/comments?post=32382"}],"version-history":[{"count":0,"href":"https:\/\/www.notibras.com\/site\/wp-json\/wp\/v2\/posts\/32382\/revisions"}],"wp:featuredmedia":[{"embeddable":true,"href":"https:\/\/www.notibras.com\/site\/wp-json\/wp\/v2\/media\/32383"}],"wp:attachment":[{"href":"https:\/\/www.notibras.com\/site\/wp-json\/wp\/v2\/media?parent=32382"}],"wp:term":[{"taxonomy":"category","embeddable":true,"href":"https:\/\/www.notibras.com\/site\/wp-json\/wp\/v2\/categories?post=32382"},{"taxonomy":"post_tag","embeddable":true,"href":"https:\/\/www.notibras.com\/site\/wp-json\/wp\/v2\/tags?post=32382"}],"curies":[{"name":"wp","href":"https:\/\/api.w.org\/{rel}","templated":true}]}}