{"id":323850,"date":"2024-03-05T06:07:22","date_gmt":"2024-03-05T09:07:22","guid":{"rendered":"https:\/\/www.notibras.com\/site\/?p=323850"},"modified":"2024-03-05T06:07:22","modified_gmt":"2024-03-05T09:07:22","slug":"djefferson-e-na-piscina-no-campo-o-loco-e-abreu","status":"publish","type":"post","link":"https:\/\/www.notibras.com\/site\/djefferson-e-na-piscina-no-campo-o-loco-e-abreu\/","title":{"rendered":"Djefferson \u00e9 na piscina; no campo, o loco \u00e9 Abreu"},"content":{"rendered":"<p>H\u00e1 alguns anos, minha ent\u00e3o filha mais nova, hoje a do meio, e eu est\u00e1vamos brincando em uma piscina. Minha esposa come\u00e7ou a jogar uma bola para a gente. Em uma dessas, n\u00e3o sei por que, gritei: \u201cDjefferson!!!\u201d. Sim, isso mesmo. N\u00e3o foi \u201cJefferson\u201d, mas a refer\u00eancia, obviamente, foi a do ent\u00e3o goleiro do Botafogo. Creio que foi a empolga\u00e7\u00e3o do momento, pois tive que me esticar todo para fazer uma defesa e, por isso, acabei colocando um \u201cD\u201d intrometido.<\/p>\n<p>Ao contr\u00e1rio do meu alter ego, o Jefferson sempre me pareceu ser o goleiro mais econ\u00f4mico que j\u00e1 vi. Nem sei se cham\u00e1-lo de econ\u00f4mico seja o adjetivo mais adequado. Seja como for, o Jefferson jamais foi espalhafatoso como, por exemplo, o Paulo S\u00e9rgio, que tamb\u00e9m jogou no Botafogo no in\u00edcio dos anos 1980. Este sim fazia umas pontes t\u00e3o pl\u00e1sticas, que mereciam ser pintadas pela Tarsila do Amaral. Era muito bonito de se ver! J\u00e1 as defesas do Jefferson sempre me pareceram aquelas de um goleiro de 25 anos jogando em um time de crian\u00e7as. Isso porque ele sempre me deu a impress\u00e3o de que aquilo era extremamente f\u00e1cil para ele, que sempre considerei bem maior que o pr\u00f3prio gol.<\/p>\n<p>Provavelmente, voc\u00ea deve pensar que eu errei ao gritar \u201cDjefferson\u201d, pois o l\u00f3gico para muitas pessoas seria gritar \u201cPaulo S\u00e9rgio\u201d. N\u00e3o que o Paulo S\u00e9rgio n\u00e3o merecesse tal homenagem nas minhas horas de lazer. Mas \u00e9 que talvez eu tenha o alter ego muito gigante e n\u00e3o poderia deixar de exaltar as qualidades do maior goleiro que j\u00e1 vi.<\/p>\n<p>Meu pai, certamente, n\u00e3o concordaria comigo, pois, apesar de vasca\u00edno, sempre considerou o Manga o maior dos maiores. E olha que meu pai era f\u00e3 do Barbosa! Posso concordar em parte com meu pai. Afinal, o Manga faz parte dos anais do Botafogo, est\u00e1 eternamente gravado na mem\u00f3ria do clube. Ali\u00e1s, o Manga j\u00e1 jogou muito no meu time de bot\u00e3o, mas nessa \u00e9poca n\u00e3o existia o Jefferson. Se eu fosse ter um novo time hoje, o Manga teria que esquentar no banco. Mas tamb\u00e9m entraria de vez em quando, pois as contus\u00f5es tamb\u00e9m acontecem entre os bot\u00f5es. Se voc\u00ea discorda, creio que nunca jogou.<\/p>\n<p>Voltemos ao l\u00fadico dia na piscina&#8230; Minha filha tamb\u00e9m aderiu \u00e0 brincadeira e come\u00e7ou a gritar \u201cDjefferson\u201d a cada defesa. Minha esposa ria disso tudo. Ela, que me conhece muito bem, percebeu o tal \u201cD\u201d a mais, que, a cada nova ponte, ficava ainda mais sonoro. Tenho at\u00e9 uma pontinha de certeza de que ela queria esgoelar um \u201cDjefferson\u201d, mas ela \u00e9 meio contida e n\u00e3o gosta de enaltecer jogadores de outros times: ela \u00e9 palmeirense. Mas acredito que ela gritava por dentro \u201cDjefferson\u201d, tamanha a deliciosa divers\u00e3o que est\u00e1vamos vivendo na piscina.<\/p>\n<p>Apesar desse lapso temporal, qualquer defesa que fa\u00e7o continua merecendo um \u201cDjefferson\u201d. Se a minha esposa me joga uma chave e eu consigo peg\u00e1-la no ar, j\u00e1 sai um \u201cDjefferson\u201d. Qualquer objeto que consigo agarrar, dou um \u201cDjefferson\u201d, mesmo que seja apenas em pensamento, pois nem sempre d\u00e1 para ficar gritando, especialmente em locais p\u00fablicos. Com certeza, as pessoas ficariam espantadas, provavelmente me chamando de louco. Mas, pensando bem, Loco \u00e9 o Abreu.<\/p>\n","protected":false},"excerpt":{"rendered":"<p>H\u00e1 alguns anos, minha ent\u00e3o filha mais nova, hoje a do meio, e eu est\u00e1vamos brincando em uma piscina. Minha esposa come\u00e7ou a jogar uma bola para a gente. Em uma dessas, n\u00e3o sei por que, gritei: \u201cDjefferson!!!\u201d. Sim, isso mesmo. N\u00e3o foi \u201cJefferson\u201d, mas a refer\u00eancia, obviamente, foi a do ent\u00e3o goleiro do Botafogo. [&hellip;]<\/p>\n","protected":false},"author":2,"featured_media":323851,"comment_status":"closed","ping_status":"closed","sticky":false,"template":"","format":"standard","meta":{"_acf_changed":false,"footnotes":""},"categories":[161],"tags":[],"class_list":["post-323850","post","type-post","status-publish","format-standard","has-post-thumbnail","hentry","category-quadradinho-em-foco"],"acf":[],"yoast_head":"<!-- This site is optimized with the Yoast SEO plugin v27.2 - https:\/\/yoast.com\/product\/yoast-seo-wordpress\/ -->\n<title>Djefferson \u00e9 na piscina; no campo, o loco \u00e9 Abreu - Notibras<\/title>\n<meta name=\"robots\" content=\"index, follow, max-snippet:-1, max-image-preview:large, max-video-preview:-1\" \/>\n<link rel=\"canonical\" href=\"https:\/\/www.notibras.com\/site\/djefferson-e-na-piscina-no-campo-o-loco-e-abreu\/\" \/>\n<meta property=\"og:locale\" content=\"pt_BR\" \/>\n<meta property=\"og:type\" content=\"article\" \/>\n<meta property=\"og:title\" content=\"Djefferson \u00e9 na piscina; no campo, o loco \u00e9 Abreu - Notibras\" \/>\n<meta property=\"og:description\" content=\"H\u00e1 alguns anos, minha ent\u00e3o filha mais nova, hoje a do meio, e eu est\u00e1vamos brincando em uma piscina. Minha esposa come\u00e7ou a jogar uma bola para a gente. Em uma dessas, n\u00e3o sei por que, gritei: \u201cDjefferson!!!\u201d. Sim, isso mesmo. N\u00e3o foi \u201cJefferson\u201d, mas a refer\u00eancia, obviamente, foi a do ent\u00e3o goleiro do Botafogo. [&hellip;]\" \/>\n<meta property=\"og:url\" content=\"https:\/\/www.notibras.com\/site\/djefferson-e-na-piscina-no-campo-o-loco-e-abreu\/\" \/>\n<meta property=\"og:site_name\" content=\"Notibras\" \/>\n<meta property=\"article:publisher\" content=\"https:\/\/www.facebook.com\/notibras\/\" \/>\n<meta property=\"article:published_time\" content=\"2024-03-05T09:07:22+00:00\" \/>\n<meta property=\"og:image\" content=\"https:\/\/www.notibras.com\/site\/wp-content\/uploads\/2024\/03\/ea09a230-496a-4a89-81df-0818e05332d3.jpeg\" \/>\n\t<meta property=\"og:image:width\" content=\"1024\" \/>\n\t<meta property=\"og:image:height\" content=\"1024\" \/>\n\t<meta property=\"og:image:type\" content=\"image\/jpeg\" \/>\n<meta name=\"author\" content=\"Reda\u00e7\u00e3o\" \/>\n<meta name=\"twitter:card\" content=\"summary_large_image\" \/>\n<meta name=\"twitter:creator\" content=\"@Notibras\" \/>\n<meta name=\"twitter:site\" content=\"@Notibras\" \/>\n<meta name=\"twitter:label1\" content=\"Escrito por\" \/>\n\t<meta name=\"twitter:data1\" content=\"Reda\u00e7\u00e3o\" \/>\n\t<meta name=\"twitter:label2\" content=\"Est. tempo de leitura\" \/>\n\t<meta name=\"twitter:data2\" content=\"4 minutos\" \/>\n<script type=\"application\/ld+json\" class=\"yoast-schema-graph\">{\"@context\":\"https:\/\/schema.org\",\"@graph\":[{\"@type\":\"Article\",\"@id\":\"https:\/\/www.notibras.com\/site\/djefferson-e-na-piscina-no-campo-o-loco-e-abreu\/#article\",\"isPartOf\":{\"@id\":\"https:\/\/www.notibras.com\/site\/djefferson-e-na-piscina-no-campo-o-loco-e-abreu\/\"},\"author\":{\"name\":\"Reda\u00e7\u00e3o\",\"@id\":\"https:\/\/www.notibras.com\/site\/#\/schema\/person\/36ab0979449956132d3e5b517ea76ac8\"},\"headline\":\"Djefferson \u00e9 na piscina; no campo, o loco \u00e9 Abreu\",\"datePublished\":\"2024-03-05T09:07:22+00:00\",\"mainEntityOfPage\":{\"@id\":\"https:\/\/www.notibras.com\/site\/djefferson-e-na-piscina-no-campo-o-loco-e-abreu\/\"},\"wordCount\":578,\"publisher\":{\"@id\":\"https:\/\/www.notibras.com\/site\/#organization\"},\"image\":{\"@id\":\"https:\/\/www.notibras.com\/site\/djefferson-e-na-piscina-no-campo-o-loco-e-abreu\/#primaryimage\"},\"thumbnailUrl\":\"https:\/\/www.notibras.com\/site\/wp-content\/uploads\/2024\/03\/ea09a230-496a-4a89-81df-0818e05332d3.jpeg\",\"articleSection\":[\"Quadradinho em Foco\"],\"inLanguage\":\"pt-BR\"},{\"@type\":\"WebPage\",\"@id\":\"https:\/\/www.notibras.com\/site\/djefferson-e-na-piscina-no-campo-o-loco-e-abreu\/\",\"url\":\"https:\/\/www.notibras.com\/site\/djefferson-e-na-piscina-no-campo-o-loco-e-abreu\/\",\"name\":\"Djefferson \u00e9 na piscina; no campo, o loco \u00e9 Abreu - Notibras\",\"isPartOf\":{\"@id\":\"https:\/\/www.notibras.com\/site\/#website\"},\"primaryImageOfPage\":{\"@id\":\"https:\/\/www.notibras.com\/site\/djefferson-e-na-piscina-no-campo-o-loco-e-abreu\/#primaryimage\"},\"image\":{\"@id\":\"https:\/\/www.notibras.com\/site\/djefferson-e-na-piscina-no-campo-o-loco-e-abreu\/#primaryimage\"},\"thumbnailUrl\":\"https:\/\/www.notibras.com\/site\/wp-content\/uploads\/2024\/03\/ea09a230-496a-4a89-81df-0818e05332d3.jpeg\",\"datePublished\":\"2024-03-05T09:07:22+00:00\",\"breadcrumb\":{\"@id\":\"https:\/\/www.notibras.com\/site\/djefferson-e-na-piscina-no-campo-o-loco-e-abreu\/#breadcrumb\"},\"inLanguage\":\"pt-BR\",\"potentialAction\":[{\"@type\":\"ReadAction\",\"target\":[\"https:\/\/www.notibras.com\/site\/djefferson-e-na-piscina-no-campo-o-loco-e-abreu\/\"]}]},{\"@type\":\"ImageObject\",\"inLanguage\":\"pt-BR\",\"@id\":\"https:\/\/www.notibras.com\/site\/djefferson-e-na-piscina-no-campo-o-loco-e-abreu\/#primaryimage\",\"url\":\"https:\/\/www.notibras.com\/site\/wp-content\/uploads\/2024\/03\/ea09a230-496a-4a89-81df-0818e05332d3.jpeg\",\"contentUrl\":\"https:\/\/www.notibras.com\/site\/wp-content\/uploads\/2024\/03\/ea09a230-496a-4a89-81df-0818e05332d3.jpeg\",\"width\":1024,\"height\":1024},{\"@type\":\"BreadcrumbList\",\"@id\":\"https:\/\/www.notibras.com\/site\/djefferson-e-na-piscina-no-campo-o-loco-e-abreu\/#breadcrumb\",\"itemListElement\":[{\"@type\":\"ListItem\",\"position\":1,\"name\":\"In\u00edcio\",\"item\":\"https:\/\/www.notibras.com\/site\/\"},{\"@type\":\"ListItem\",\"position\":2,\"name\":\"Djefferson \u00e9 na piscina; no campo, o loco \u00e9 Abreu\"}]},{\"@type\":\"WebSite\",\"@id\":\"https:\/\/www.notibras.com\/site\/#website\",\"url\":\"https:\/\/www.notibras.com\/site\/\",\"name\":\"Notibras\",\"description\":\"Not\u00edcias de Bras\u00edlia, do Brasil e do Mundo\",\"publisher\":{\"@id\":\"https:\/\/www.notibras.com\/site\/#organization\"},\"potentialAction\":[{\"@type\":\"SearchAction\",\"target\":{\"@type\":\"EntryPoint\",\"urlTemplate\":\"https:\/\/www.notibras.com\/site\/?s={search_term_string}\"},\"query-input\":{\"@type\":\"PropertyValueSpecification\",\"valueRequired\":true,\"valueName\":\"search_term_string\"}}],\"inLanguage\":\"pt-BR\"},{\"@type\":\"Organization\",\"@id\":\"https:\/\/www.notibras.com\/site\/#organization\",\"name\":\"Grupo Notibras de Comunica\u00e7\u00e3o\",\"url\":\"https:\/\/www.notibras.com\/site\/\",\"logo\":{\"@type\":\"ImageObject\",\"inLanguage\":\"pt-BR\",\"@id\":\"https:\/\/www.notibras.com\/site\/#\/schema\/logo\/image\/\",\"url\":\"https:\/\/www.notibras.com\/site\/wp-content\/uploads\/2023\/01\/notibras23.png\",\"contentUrl\":\"https:\/\/www.notibras.com\/site\/wp-content\/uploads\/2023\/01\/notibras23.png\",\"width\":350,\"height\":87,\"caption\":\"Grupo Notibras de Comunica\u00e7\u00e3o\"},\"image\":{\"@id\":\"https:\/\/www.notibras.com\/site\/#\/schema\/logo\/image\/\"},\"sameAs\":[\"https:\/\/www.facebook.com\/notibras\/\",\"https:\/\/x.com\/Notibras\",\"https:\/\/www.instagram.com\/notibras\/\"]},{\"@type\":\"Person\",\"@id\":\"https:\/\/www.notibras.com\/site\/#\/schema\/person\/36ab0979449956132d3e5b517ea76ac8\",\"name\":\"Reda\u00e7\u00e3o\",\"image\":{\"@type\":\"ImageObject\",\"inLanguage\":\"pt-BR\",\"@id\":\"https:\/\/secure.gravatar.com\/avatar\/e0a867bdedb85fd243eadf09663511f96fc81e0720a4a42581f334ad4303aa6b?s=96&d=mm&r=g\",\"url\":\"https:\/\/secure.gravatar.com\/avatar\/e0a867bdedb85fd243eadf09663511f96fc81e0720a4a42581f334ad4303aa6b?s=96&d=mm&r=g\",\"contentUrl\":\"https:\/\/secure.gravatar.com\/avatar\/e0a867bdedb85fd243eadf09663511f96fc81e0720a4a42581f334ad4303aa6b?s=96&d=mm&r=g\",\"caption\":\"Reda\u00e7\u00e3o\"}}]}<\/script>\n<!-- \/ Yoast SEO plugin. -->","yoast_head_json":{"title":"Djefferson \u00e9 na piscina; no campo, o loco \u00e9 Abreu - Notibras","robots":{"index":"index","follow":"follow","max-snippet":"max-snippet:-1","max-image-preview":"max-image-preview:large","max-video-preview":"max-video-preview:-1"},"canonical":"https:\/\/www.notibras.com\/site\/djefferson-e-na-piscina-no-campo-o-loco-e-abreu\/","og_locale":"pt_BR","og_type":"article","og_title":"Djefferson \u00e9 na piscina; no campo, o loco \u00e9 Abreu - Notibras","og_description":"H\u00e1 alguns anos, minha ent\u00e3o filha mais nova, hoje a do meio, e eu est\u00e1vamos brincando em uma piscina. Minha esposa come\u00e7ou a jogar uma bola para a gente. Em uma dessas, n\u00e3o sei por que, gritei: \u201cDjefferson!!!\u201d. Sim, isso mesmo. N\u00e3o foi \u201cJefferson\u201d, mas a refer\u00eancia, obviamente, foi a do ent\u00e3o goleiro do Botafogo. [&hellip;]","og_url":"https:\/\/www.notibras.com\/site\/djefferson-e-na-piscina-no-campo-o-loco-e-abreu\/","og_site_name":"Notibras","article_publisher":"https:\/\/www.facebook.com\/notibras\/","article_published_time":"2024-03-05T09:07:22+00:00","og_image":[{"width":1024,"height":1024,"url":"https:\/\/www.notibras.com\/site\/wp-content\/uploads\/2024\/03\/ea09a230-496a-4a89-81df-0818e05332d3.jpeg","type":"image\/jpeg"}],"author":"Reda\u00e7\u00e3o","twitter_card":"summary_large_image","twitter_creator":"@Notibras","twitter_site":"@Notibras","twitter_misc":{"Escrito por":"Reda\u00e7\u00e3o","Est. tempo de leitura":"4 minutos"},"schema":{"@context":"https:\/\/schema.org","@graph":[{"@type":"Article","@id":"https:\/\/www.notibras.com\/site\/djefferson-e-na-piscina-no-campo-o-loco-e-abreu\/#article","isPartOf":{"@id":"https:\/\/www.notibras.com\/site\/djefferson-e-na-piscina-no-campo-o-loco-e-abreu\/"},"author":{"name":"Reda\u00e7\u00e3o","@id":"https:\/\/www.notibras.com\/site\/#\/schema\/person\/36ab0979449956132d3e5b517ea76ac8"},"headline":"Djefferson \u00e9 na piscina; no campo, o loco \u00e9 Abreu","datePublished":"2024-03-05T09:07:22+00:00","mainEntityOfPage":{"@id":"https:\/\/www.notibras.com\/site\/djefferson-e-na-piscina-no-campo-o-loco-e-abreu\/"},"wordCount":578,"publisher":{"@id":"https:\/\/www.notibras.com\/site\/#organization"},"image":{"@id":"https:\/\/www.notibras.com\/site\/djefferson-e-na-piscina-no-campo-o-loco-e-abreu\/#primaryimage"},"thumbnailUrl":"https:\/\/www.notibras.com\/site\/wp-content\/uploads\/2024\/03\/ea09a230-496a-4a89-81df-0818e05332d3.jpeg","articleSection":["Quadradinho em Foco"],"inLanguage":"pt-BR"},{"@type":"WebPage","@id":"https:\/\/www.notibras.com\/site\/djefferson-e-na-piscina-no-campo-o-loco-e-abreu\/","url":"https:\/\/www.notibras.com\/site\/djefferson-e-na-piscina-no-campo-o-loco-e-abreu\/","name":"Djefferson \u00e9 na piscina; no campo, o loco \u00e9 Abreu - Notibras","isPartOf":{"@id":"https:\/\/www.notibras.com\/site\/#website"},"primaryImageOfPage":{"@id":"https:\/\/www.notibras.com\/site\/djefferson-e-na-piscina-no-campo-o-loco-e-abreu\/#primaryimage"},"image":{"@id":"https:\/\/www.notibras.com\/site\/djefferson-e-na-piscina-no-campo-o-loco-e-abreu\/#primaryimage"},"thumbnailUrl":"https:\/\/www.notibras.com\/site\/wp-content\/uploads\/2024\/03\/ea09a230-496a-4a89-81df-0818e05332d3.jpeg","datePublished":"2024-03-05T09:07:22+00:00","breadcrumb":{"@id":"https:\/\/www.notibras.com\/site\/djefferson-e-na-piscina-no-campo-o-loco-e-abreu\/#breadcrumb"},"inLanguage":"pt-BR","potentialAction":[{"@type":"ReadAction","target":["https:\/\/www.notibras.com\/site\/djefferson-e-na-piscina-no-campo-o-loco-e-abreu\/"]}]},{"@type":"ImageObject","inLanguage":"pt-BR","@id":"https:\/\/www.notibras.com\/site\/djefferson-e-na-piscina-no-campo-o-loco-e-abreu\/#primaryimage","url":"https:\/\/www.notibras.com\/site\/wp-content\/uploads\/2024\/03\/ea09a230-496a-4a89-81df-0818e05332d3.jpeg","contentUrl":"https:\/\/www.notibras.com\/site\/wp-content\/uploads\/2024\/03\/ea09a230-496a-4a89-81df-0818e05332d3.jpeg","width":1024,"height":1024},{"@type":"BreadcrumbList","@id":"https:\/\/www.notibras.com\/site\/djefferson-e-na-piscina-no-campo-o-loco-e-abreu\/#breadcrumb","itemListElement":[{"@type":"ListItem","position":1,"name":"In\u00edcio","item":"https:\/\/www.notibras.com\/site\/"},{"@type":"ListItem","position":2,"name":"Djefferson \u00e9 na piscina; no campo, o loco \u00e9 Abreu"}]},{"@type":"WebSite","@id":"https:\/\/www.notibras.com\/site\/#website","url":"https:\/\/www.notibras.com\/site\/","name":"Notibras","description":"Not\u00edcias de Bras\u00edlia, do Brasil e do Mundo","publisher":{"@id":"https:\/\/www.notibras.com\/site\/#organization"},"potentialAction":[{"@type":"SearchAction","target":{"@type":"EntryPoint","urlTemplate":"https:\/\/www.notibras.com\/site\/?s={search_term_string}"},"query-input":{"@type":"PropertyValueSpecification","valueRequired":true,"valueName":"search_term_string"}}],"inLanguage":"pt-BR"},{"@type":"Organization","@id":"https:\/\/www.notibras.com\/site\/#organization","name":"Grupo Notibras de Comunica\u00e7\u00e3o","url":"https:\/\/www.notibras.com\/site\/","logo":{"@type":"ImageObject","inLanguage":"pt-BR","@id":"https:\/\/www.notibras.com\/site\/#\/schema\/logo\/image\/","url":"https:\/\/www.notibras.com\/site\/wp-content\/uploads\/2023\/01\/notibras23.png","contentUrl":"https:\/\/www.notibras.com\/site\/wp-content\/uploads\/2023\/01\/notibras23.png","width":350,"height":87,"caption":"Grupo Notibras de Comunica\u00e7\u00e3o"},"image":{"@id":"https:\/\/www.notibras.com\/site\/#\/schema\/logo\/image\/"},"sameAs":["https:\/\/www.facebook.com\/notibras\/","https:\/\/x.com\/Notibras","https:\/\/www.instagram.com\/notibras\/"]},{"@type":"Person","@id":"https:\/\/www.notibras.com\/site\/#\/schema\/person\/36ab0979449956132d3e5b517ea76ac8","name":"Reda\u00e7\u00e3o","image":{"@type":"ImageObject","inLanguage":"pt-BR","@id":"https:\/\/secure.gravatar.com\/avatar\/e0a867bdedb85fd243eadf09663511f96fc81e0720a4a42581f334ad4303aa6b?s=96&d=mm&r=g","url":"https:\/\/secure.gravatar.com\/avatar\/e0a867bdedb85fd243eadf09663511f96fc81e0720a4a42581f334ad4303aa6b?s=96&d=mm&r=g","contentUrl":"https:\/\/secure.gravatar.com\/avatar\/e0a867bdedb85fd243eadf09663511f96fc81e0720a4a42581f334ad4303aa6b?s=96&d=mm&r=g","caption":"Reda\u00e7\u00e3o"}}]}},"amp_enabled":true,"_links":{"self":[{"href":"https:\/\/www.notibras.com\/site\/wp-json\/wp\/v2\/posts\/323850","targetHints":{"allow":["GET"]}}],"collection":[{"href":"https:\/\/www.notibras.com\/site\/wp-json\/wp\/v2\/posts"}],"about":[{"href":"https:\/\/www.notibras.com\/site\/wp-json\/wp\/v2\/types\/post"}],"author":[{"embeddable":true,"href":"https:\/\/www.notibras.com\/site\/wp-json\/wp\/v2\/users\/2"}],"replies":[{"embeddable":true,"href":"https:\/\/www.notibras.com\/site\/wp-json\/wp\/v2\/comments?post=323850"}],"version-history":[{"count":1,"href":"https:\/\/www.notibras.com\/site\/wp-json\/wp\/v2\/posts\/323850\/revisions"}],"predecessor-version":[{"id":323852,"href":"https:\/\/www.notibras.com\/site\/wp-json\/wp\/v2\/posts\/323850\/revisions\/323852"}],"wp:featuredmedia":[{"embeddable":true,"href":"https:\/\/www.notibras.com\/site\/wp-json\/wp\/v2\/media\/323851"}],"wp:attachment":[{"href":"https:\/\/www.notibras.com\/site\/wp-json\/wp\/v2\/media?parent=323850"}],"wp:term":[{"taxonomy":"category","embeddable":true,"href":"https:\/\/www.notibras.com\/site\/wp-json\/wp\/v2\/categories?post=323850"},{"taxonomy":"post_tag","embeddable":true,"href":"https:\/\/www.notibras.com\/site\/wp-json\/wp\/v2\/tags?post=323850"}],"curies":[{"name":"wp","href":"https:\/\/api.w.org\/{rel}","templated":true}]}}