{"id":323853,"date":"2024-03-05T00:00:05","date_gmt":"2024-03-05T03:00:05","guid":{"rendered":"https:\/\/www.notibras.com\/site\/?p=323853"},"modified":"2024-03-05T06:17:44","modified_gmt":"2024-03-05T09:17:44","slug":"conferencia-nacional-de-cultura-reune-3-mil-pessoas","status":"publish","type":"post","link":"https:\/\/www.notibras.com\/site\/conferencia-nacional-de-cultura-reune-3-mil-pessoas\/","title":{"rendered":"Confer\u00eancia Nacional de Cultura re\u00fane 3 mil pessoas"},"content":{"rendered":"<p>Ap\u00f3s um intervalo de 11 anos, come\u00e7ou na segunda-feira (4), em Bras\u00edlia, a quarta Confer\u00eancia Nacional de Cultura (4\u00aa CNC). O evento deve reunir mais de 3 mil participantes de todo o pa\u00eds para debater pol\u00edticas p\u00fablicas de cultura.<\/p>\n<p>Com tema Democracia e Direito \u00e0 Cultura, a confer\u00eancia vai at\u00e9 sexta-feira (8) e marca o retorno do Minist\u00e9rio da Cultura, h\u00e1 pouco mais de um ano, ap\u00f3s ser extinto em 2019.<\/p>\n<p>A ministra da Cultura, Margareth Menezes, explicou em entrevista coletiva \u00e0 imprensa, ela explicou que a confer\u00eancia \u00e9 um espa\u00e7o para ouvir as demandas do setor, com o olhar de quem atua nele.<\/p>\n<p>A ministra tamb\u00e9m valorizou a participa\u00e7\u00e3o no evento de representantes dos povos origin\u00e1rios, negros e de todas as partes do pa\u00eds.<\/p>\n<p>\u201cO Minist\u00e9rio da Cultura n\u00e3o faz a cultura virar pol\u00edtica de Estado sozinho, mas em conjunto porque a cultura \u00e9 coletiva. E com ou sem Minist\u00e9rio da Cultura, ela existe. Com o Minist\u00e9rio da Cultura, a gente elabora pol\u00edticas, consolida, d\u00e1 uma dire\u00e7\u00e3o, a gente consegue tamb\u00e9m compreender o que \u00e9 necess\u00e1rio a partir dessas escutas, como est\u00e3o fazendo aqui na confer\u00eancia.\u201d<\/p>\n<p>As propostas aprovadas durante o evento servir\u00e3o de base para definir diretrizes do Plano Nacional de Cultura, que tem o objetivo de orientar o desenvolvimento de programas, projetos e a\u00e7\u00f5es culturais que garantam a valoriza\u00e7\u00e3o, o reconhecimento, a promo\u00e7\u00e3o e a preserva\u00e7\u00e3o da diversidade cultural existente no Brasil.<\/p>\n<p><strong>Democratiza\u00e7\u00e3o da cultura<\/strong><br \/>\nQuestionada sobre a democratiza\u00e7\u00e3o do acesso \u00e0 cultura, a ministra explicou que os recursos federais das leis Paulo Gustavo e Aldir Blanc 2, est\u00e3o sendo repassados ao setor, como forma de fomentar o direto \u00e0 cultura e apoiar financeiramente os profissionais do ramo.<\/p>\n<p>A ministra do MinC entende que o fomento precisa chegar de maneira mais ampla.<\/p>\n<p>\u201cExistem pessoas fazendo cultura em todas as regi\u00f5es brasileiras. A grande maioria que n\u00e3o teve oportunidade de ter esse fomento, est\u00e1 tendo agora. Hoje, h\u00e1 essa oportunidade, em um pa\u00eds que tem quase 7 milh\u00f5es de pessoas trabalhando no setor cultural, de ter o fomento chegando em suas cidades, em seus estados, para poder fazer o acontecimento\u201d.<\/p>\n<p>J\u00e1 o secret\u00e1rio-executivo do MinC, M\u00e1rcio Tavares, destacou a cria\u00e7\u00e3o da Diretoria da Promo\u00e7\u00e3o das Culturas Populares, dentro do minist\u00e9rio, e do projeto de lei que reconhece mestres e mestras de cultura como detentores de saberes e fazeres das culturas populares.<\/p>\n<p>\u201cN\u00f3s queremos que ele seja aprovado para poder viabilizar o apoio direto a esses referentes da nossa cultura, que precisam do apoio e do reconhecimento do Estado atrav\u00e9s de um dispositivo legal.\u201d<\/p>\n<p>A ministra Margareth Menezes acrescentou que as refer\u00eancias trazidas das culturas populares servem de mem\u00f3ria, porque nelas est\u00e3o os registros da identidade cultural do pa\u00eds.<\/p>\n<p>\u201cEsse contexto cultural \u00e9 mem\u00f3ria de identidade e tem que ser respeitado dessa forma. A gente n\u00e3o pode podar isso, porque se a gente for podar, tiraremos a possibilidade das futuras gera\u00e7\u00f5es de entender o que \u00e9 que a gente defende. E um pa\u00eds que defende a sua pot\u00eancia cultural tem uma outra estrutura diante do olhar de outros pa\u00edses.\u201d<\/p>\n<p><strong>Mulheres<\/strong><br \/>\nSegundo Margareth, a atual gest\u00e3o est\u00e1 oferecendo aten\u00e7\u00e3o direta \u00e0s mulheres fazedoras de cultura, com editais p\u00fablicos \u2013 como o Pr\u00eamio Carolina Maria de Jesus e o edital Ruth de Souza \u2013 para investir em projetos de produ\u00e7\u00e3o de obras cinematogr\u00e1ficas dirigidas por mulheres cis ou transg\u00eanero.<\/p>\n<p>\u201cVimos que a grande maioria das pessoas que est\u00e3o nesse lugar do fomento cultural s\u00e3o mulheres e n\u00f3s queremos dar cada vez mais uma aten\u00e7\u00e3o a isso\u201d, priorizou a ministra.<\/p>\n<p><strong>Custo amaz\u00f4nico<\/strong><br \/>\nSobre os custos elevados de deslocamento e dificuldades log\u00edsticas para realizar eventos e instalar equipamentos p\u00fablicos na Regi\u00e3o Norte do pa\u00eds, o secret\u00e1rio-Executivo adiantou que o chamado Custo Amaz\u00f4nico ser\u00e1 tema de debate durante a 4\u00aa CNC.<\/p>\n<p>\u201cEssa \u00e9 uma grande agenda dos agentes culturais da Regi\u00e3o Norte, tanto dos gestores, quanto dos fazedores de cultura. E n\u00f3s vamos ter que dividir isso, tanto com estudos que o Minist\u00e9rio da Cultura est\u00e1 disposto a fazer e a colaborar, mas com um debate, n\u00e3o s\u00f3 com os delegados, mas com a sociedade civil.\u201d<\/p>\n<p><strong>Economia e cultura<\/strong><br \/>\nA 4\u00aa Confer\u00eancia Nacional de Cultura, realizada pelo MinC, tem apoio da Organiza\u00e7\u00e3o de Estados Ibero-Americanos para a Educa\u00e7\u00e3o, a Ci\u00eancia e a Cultura no Brasil (OEI) e do Banco do Brasil.<\/p>\n<p>O diretor da OEI, Leonardo Barchini chamou a aten\u00e7\u00e3o para o aspecto econ\u00f4mico que permeia as pol\u00edticas p\u00fablicas do setor cultural. Ele citou um estudo feito pela OEI com a Comiss\u00e3o Econ\u00f4mica para a Am\u00e9rica Latina e o Caribe (Cepal) que aponta a cultura como respons\u00e1vel por 3,17% do Produto Interno Bruto (PIB), no Brasil. \u201cA cultura \u00e9 um mecanismo de inclus\u00e3o social e econ\u00f4mica. \u00c9 um mecanismo de desenvolvimento econ\u00f4mico.\u201d<\/p>\n<p>\u201cA gente precisa enxergar a ind\u00fastria criativa e o mercado da cultura como um motor de desenvolvimento econ\u00f4mico tamb\u00e9m. E tirar um pouco essa vis\u00e3o ideologizada de que a cultura \u00e9 apenas essa festa, que n\u00e3o diz muita coisa. Ela \u00e9 festa, \u00e9 importante a gente se divertir, \u00e9 importante para a nossa alma. Mas, tamb\u00e9m \u00e9 desenvolvimento econ\u00f4mico. Ent\u00e3o, os governos, a sociedade civil, a imprensa, todo mundo tem que estar engajado e defender todas as manifesta\u00e7\u00f5es culturais.\u201d<\/p>\n<p>Para a presidente do Banco do Brasil, Tarciana Medeiros, fazer cultura \u00e9 um ato de resist\u00eancia. Ela defendeu o apoio que o BB d\u00e1 ao setor.<\/p>\n<p>\u201cA gente inclui financeiramente pessoas, desenvolve comunidades, a gente fomenta toda uma ind\u00fastria, que movimenta um pa\u00eds inteiro. Ent\u00e3o, manter instrumentos culturais de qualidade, com programa\u00e7\u00e3o adequada para o estado onde voc\u00ea est\u00e1 inserido, para a comunidade onde voc\u00ea est\u00e1 inserida, trazendo cultura do Brasil para os brasileiros, \u00e9 algo que \u00e9 economicamente vi\u00e1vel.\u201d<\/p>\n","protected":false},"excerpt":{"rendered":"<p>Ap\u00f3s um intervalo de 11 anos, come\u00e7ou na segunda-feira (4), em Bras\u00edlia, a quarta Confer\u00eancia Nacional de Cultura (4\u00aa CNC). O evento deve reunir mais de 3 mil participantes de todo o pa\u00eds para debater pol\u00edticas p\u00fablicas de cultura. Com tema Democracia e Direito \u00e0 Cultura, a confer\u00eancia vai at\u00e9 sexta-feira (8) e marca o [&hellip;]<\/p>\n","protected":false},"author":2,"featured_media":323854,"comment_status":"closed","ping_status":"closed","sticky":false,"template":"","format":"standard","meta":{"_acf_changed":false,"footnotes":""},"categories":[161],"tags":[],"class_list":["post-323853","post","type-post","status-publish","format-standard","has-post-thumbnail","hentry","category-quadradinho-em-foco"],"acf":[],"yoast_head":"<!-- This site is optimized with the Yoast SEO plugin v27.2 - https:\/\/yoast.com\/product\/yoast-seo-wordpress\/ -->\n<title>Confer\u00eancia Nacional de Cultura re\u00fane 3 mil pessoas - Notibras<\/title>\n<meta name=\"robots\" content=\"index, follow, max-snippet:-1, max-image-preview:large, max-video-preview:-1\" \/>\n<link rel=\"canonical\" href=\"https:\/\/www.notibras.com\/site\/conferencia-nacional-de-cultura-reune-3-mil-pessoas\/\" \/>\n<meta property=\"og:locale\" content=\"pt_BR\" \/>\n<meta property=\"og:type\" content=\"article\" \/>\n<meta property=\"og:title\" content=\"Confer\u00eancia Nacional de Cultura re\u00fane 3 mil pessoas - Notibras\" \/>\n<meta property=\"og:description\" content=\"Ap\u00f3s um intervalo de 11 anos, come\u00e7ou na segunda-feira (4), em Bras\u00edlia, a quarta Confer\u00eancia Nacional de Cultura (4\u00aa CNC). O evento deve reunir mais de 3 mil participantes de todo o pa\u00eds para debater pol\u00edticas p\u00fablicas de cultura. Com tema Democracia e Direito \u00e0 Cultura, a confer\u00eancia vai at\u00e9 sexta-feira (8) e marca o [&hellip;]\" \/>\n<meta property=\"og:url\" content=\"https:\/\/www.notibras.com\/site\/conferencia-nacional-de-cultura-reune-3-mil-pessoas\/\" \/>\n<meta property=\"og:site_name\" content=\"Notibras\" \/>\n<meta property=\"article:publisher\" content=\"https:\/\/www.facebook.com\/notibras\/\" \/>\n<meta property=\"article:published_time\" content=\"2024-03-05T03:00:05+00:00\" \/>\n<meta property=\"article:modified_time\" content=\"2024-03-05T09:17:44+00:00\" \/>\n<meta property=\"og:image\" content=\"https:\/\/www.notibras.com\/site\/wp-content\/uploads\/2024\/03\/cultura.evento.df_.webp\" \/>\n\t<meta property=\"og:image:width\" content=\"1170\" \/>\n\t<meta property=\"og:image:height\" content=\"700\" \/>\n\t<meta property=\"og:image:type\" content=\"image\/webp\" \/>\n<meta name=\"author\" content=\"Reda\u00e7\u00e3o\" \/>\n<meta name=\"twitter:card\" content=\"summary_large_image\" \/>\n<meta name=\"twitter:creator\" content=\"@Notibras\" \/>\n<meta name=\"twitter:site\" content=\"@Notibras\" \/>\n<meta name=\"twitter:label1\" content=\"Escrito por\" \/>\n\t<meta name=\"twitter:data1\" content=\"Reda\u00e7\u00e3o\" \/>\n\t<meta name=\"twitter:label2\" content=\"Est. tempo de leitura\" \/>\n\t<meta name=\"twitter:data2\" content=\"6 minutos\" \/>\n<script type=\"application\/ld+json\" class=\"yoast-schema-graph\">{\"@context\":\"https:\/\/schema.org\",\"@graph\":[{\"@type\":\"Article\",\"@id\":\"https:\/\/www.notibras.com\/site\/conferencia-nacional-de-cultura-reune-3-mil-pessoas\/#article\",\"isPartOf\":{\"@id\":\"https:\/\/www.notibras.com\/site\/conferencia-nacional-de-cultura-reune-3-mil-pessoas\/\"},\"author\":{\"name\":\"Reda\u00e7\u00e3o\",\"@id\":\"https:\/\/www.notibras.com\/site\/#\/schema\/person\/36ab0979449956132d3e5b517ea76ac8\"},\"headline\":\"Confer\u00eancia Nacional de Cultura re\u00fane 3 mil pessoas\",\"datePublished\":\"2024-03-05T03:00:05+00:00\",\"dateModified\":\"2024-03-05T09:17:44+00:00\",\"mainEntityOfPage\":{\"@id\":\"https:\/\/www.notibras.com\/site\/conferencia-nacional-de-cultura-reune-3-mil-pessoas\/\"},\"wordCount\":1031,\"publisher\":{\"@id\":\"https:\/\/www.notibras.com\/site\/#organization\"},\"image\":{\"@id\":\"https:\/\/www.notibras.com\/site\/conferencia-nacional-de-cultura-reune-3-mil-pessoas\/#primaryimage\"},\"thumbnailUrl\":\"https:\/\/www.notibras.com\/site\/wp-content\/uploads\/2024\/03\/cultura.evento.df_.webp\",\"articleSection\":[\"Quadradinho em Foco\"],\"inLanguage\":\"pt-BR\"},{\"@type\":\"WebPage\",\"@id\":\"https:\/\/www.notibras.com\/site\/conferencia-nacional-de-cultura-reune-3-mil-pessoas\/\",\"url\":\"https:\/\/www.notibras.com\/site\/conferencia-nacional-de-cultura-reune-3-mil-pessoas\/\",\"name\":\"Confer\u00eancia Nacional de Cultura re\u00fane 3 mil pessoas - Notibras\",\"isPartOf\":{\"@id\":\"https:\/\/www.notibras.com\/site\/#website\"},\"primaryImageOfPage\":{\"@id\":\"https:\/\/www.notibras.com\/site\/conferencia-nacional-de-cultura-reune-3-mil-pessoas\/#primaryimage\"},\"image\":{\"@id\":\"https:\/\/www.notibras.com\/site\/conferencia-nacional-de-cultura-reune-3-mil-pessoas\/#primaryimage\"},\"thumbnailUrl\":\"https:\/\/www.notibras.com\/site\/wp-content\/uploads\/2024\/03\/cultura.evento.df_.webp\",\"datePublished\":\"2024-03-05T03:00:05+00:00\",\"dateModified\":\"2024-03-05T09:17:44+00:00\",\"breadcrumb\":{\"@id\":\"https:\/\/www.notibras.com\/site\/conferencia-nacional-de-cultura-reune-3-mil-pessoas\/#breadcrumb\"},\"inLanguage\":\"pt-BR\",\"potentialAction\":[{\"@type\":\"ReadAction\",\"target\":[\"https:\/\/www.notibras.com\/site\/conferencia-nacional-de-cultura-reune-3-mil-pessoas\/\"]}]},{\"@type\":\"ImageObject\",\"inLanguage\":\"pt-BR\",\"@id\":\"https:\/\/www.notibras.com\/site\/conferencia-nacional-de-cultura-reune-3-mil-pessoas\/#primaryimage\",\"url\":\"https:\/\/www.notibras.com\/site\/wp-content\/uploads\/2024\/03\/cultura.evento.df_.webp\",\"contentUrl\":\"https:\/\/www.notibras.com\/site\/wp-content\/uploads\/2024\/03\/cultura.evento.df_.webp\",\"width\":1170,\"height\":700},{\"@type\":\"BreadcrumbList\",\"@id\":\"https:\/\/www.notibras.com\/site\/conferencia-nacional-de-cultura-reune-3-mil-pessoas\/#breadcrumb\",\"itemListElement\":[{\"@type\":\"ListItem\",\"position\":1,\"name\":\"In\u00edcio\",\"item\":\"https:\/\/www.notibras.com\/site\/\"},{\"@type\":\"ListItem\",\"position\":2,\"name\":\"Confer\u00eancia Nacional de Cultura re\u00fane 3 mil pessoas\"}]},{\"@type\":\"WebSite\",\"@id\":\"https:\/\/www.notibras.com\/site\/#website\",\"url\":\"https:\/\/www.notibras.com\/site\/\",\"name\":\"Notibras\",\"description\":\"Not\u00edcias de Bras\u00edlia, do Brasil e do Mundo\",\"publisher\":{\"@id\":\"https:\/\/www.notibras.com\/site\/#organization\"},\"potentialAction\":[{\"@type\":\"SearchAction\",\"target\":{\"@type\":\"EntryPoint\",\"urlTemplate\":\"https:\/\/www.notibras.com\/site\/?s={search_term_string}\"},\"query-input\":{\"@type\":\"PropertyValueSpecification\",\"valueRequired\":true,\"valueName\":\"search_term_string\"}}],\"inLanguage\":\"pt-BR\"},{\"@type\":\"Organization\",\"@id\":\"https:\/\/www.notibras.com\/site\/#organization\",\"name\":\"Grupo Notibras de Comunica\u00e7\u00e3o\",\"url\":\"https:\/\/www.notibras.com\/site\/\",\"logo\":{\"@type\":\"ImageObject\",\"inLanguage\":\"pt-BR\",\"@id\":\"https:\/\/www.notibras.com\/site\/#\/schema\/logo\/image\/\",\"url\":\"https:\/\/www.notibras.com\/site\/wp-content\/uploads\/2023\/01\/notibras23.png\",\"contentUrl\":\"https:\/\/www.notibras.com\/site\/wp-content\/uploads\/2023\/01\/notibras23.png\",\"width\":350,\"height\":87,\"caption\":\"Grupo Notibras de Comunica\u00e7\u00e3o\"},\"image\":{\"@id\":\"https:\/\/www.notibras.com\/site\/#\/schema\/logo\/image\/\"},\"sameAs\":[\"https:\/\/www.facebook.com\/notibras\/\",\"https:\/\/x.com\/Notibras\",\"https:\/\/www.instagram.com\/notibras\/\"]},{\"@type\":\"Person\",\"@id\":\"https:\/\/www.notibras.com\/site\/#\/schema\/person\/36ab0979449956132d3e5b517ea76ac8\",\"name\":\"Reda\u00e7\u00e3o\",\"image\":{\"@type\":\"ImageObject\",\"inLanguage\":\"pt-BR\",\"@id\":\"https:\/\/secure.gravatar.com\/avatar\/e0a867bdedb85fd243eadf09663511f96fc81e0720a4a42581f334ad4303aa6b?s=96&d=mm&r=g\",\"url\":\"https:\/\/secure.gravatar.com\/avatar\/e0a867bdedb85fd243eadf09663511f96fc81e0720a4a42581f334ad4303aa6b?s=96&d=mm&r=g\",\"contentUrl\":\"https:\/\/secure.gravatar.com\/avatar\/e0a867bdedb85fd243eadf09663511f96fc81e0720a4a42581f334ad4303aa6b?s=96&d=mm&r=g\",\"caption\":\"Reda\u00e7\u00e3o\"}}]}<\/script>\n<!-- \/ Yoast SEO plugin. -->","yoast_head_json":{"title":"Confer\u00eancia Nacional de Cultura re\u00fane 3 mil pessoas - Notibras","robots":{"index":"index","follow":"follow","max-snippet":"max-snippet:-1","max-image-preview":"max-image-preview:large","max-video-preview":"max-video-preview:-1"},"canonical":"https:\/\/www.notibras.com\/site\/conferencia-nacional-de-cultura-reune-3-mil-pessoas\/","og_locale":"pt_BR","og_type":"article","og_title":"Confer\u00eancia Nacional de Cultura re\u00fane 3 mil pessoas - Notibras","og_description":"Ap\u00f3s um intervalo de 11 anos, come\u00e7ou na segunda-feira (4), em Bras\u00edlia, a quarta Confer\u00eancia Nacional de Cultura (4\u00aa CNC). O evento deve reunir mais de 3 mil participantes de todo o pa\u00eds para debater pol\u00edticas p\u00fablicas de cultura. Com tema Democracia e Direito \u00e0 Cultura, a confer\u00eancia vai at\u00e9 sexta-feira (8) e marca o [&hellip;]","og_url":"https:\/\/www.notibras.com\/site\/conferencia-nacional-de-cultura-reune-3-mil-pessoas\/","og_site_name":"Notibras","article_publisher":"https:\/\/www.facebook.com\/notibras\/","article_published_time":"2024-03-05T03:00:05+00:00","article_modified_time":"2024-03-05T09:17:44+00:00","og_image":[{"width":1170,"height":700,"url":"https:\/\/www.notibras.com\/site\/wp-content\/uploads\/2024\/03\/cultura.evento.df_.webp","type":"image\/webp"}],"author":"Reda\u00e7\u00e3o","twitter_card":"summary_large_image","twitter_creator":"@Notibras","twitter_site":"@Notibras","twitter_misc":{"Escrito por":"Reda\u00e7\u00e3o","Est. tempo de leitura":"6 minutos"},"schema":{"@context":"https:\/\/schema.org","@graph":[{"@type":"Article","@id":"https:\/\/www.notibras.com\/site\/conferencia-nacional-de-cultura-reune-3-mil-pessoas\/#article","isPartOf":{"@id":"https:\/\/www.notibras.com\/site\/conferencia-nacional-de-cultura-reune-3-mil-pessoas\/"},"author":{"name":"Reda\u00e7\u00e3o","@id":"https:\/\/www.notibras.com\/site\/#\/schema\/person\/36ab0979449956132d3e5b517ea76ac8"},"headline":"Confer\u00eancia Nacional de Cultura re\u00fane 3 mil pessoas","datePublished":"2024-03-05T03:00:05+00:00","dateModified":"2024-03-05T09:17:44+00:00","mainEntityOfPage":{"@id":"https:\/\/www.notibras.com\/site\/conferencia-nacional-de-cultura-reune-3-mil-pessoas\/"},"wordCount":1031,"publisher":{"@id":"https:\/\/www.notibras.com\/site\/#organization"},"image":{"@id":"https:\/\/www.notibras.com\/site\/conferencia-nacional-de-cultura-reune-3-mil-pessoas\/#primaryimage"},"thumbnailUrl":"https:\/\/www.notibras.com\/site\/wp-content\/uploads\/2024\/03\/cultura.evento.df_.webp","articleSection":["Quadradinho em Foco"],"inLanguage":"pt-BR"},{"@type":"WebPage","@id":"https:\/\/www.notibras.com\/site\/conferencia-nacional-de-cultura-reune-3-mil-pessoas\/","url":"https:\/\/www.notibras.com\/site\/conferencia-nacional-de-cultura-reune-3-mil-pessoas\/","name":"Confer\u00eancia Nacional de Cultura re\u00fane 3 mil pessoas - Notibras","isPartOf":{"@id":"https:\/\/www.notibras.com\/site\/#website"},"primaryImageOfPage":{"@id":"https:\/\/www.notibras.com\/site\/conferencia-nacional-de-cultura-reune-3-mil-pessoas\/#primaryimage"},"image":{"@id":"https:\/\/www.notibras.com\/site\/conferencia-nacional-de-cultura-reune-3-mil-pessoas\/#primaryimage"},"thumbnailUrl":"https:\/\/www.notibras.com\/site\/wp-content\/uploads\/2024\/03\/cultura.evento.df_.webp","datePublished":"2024-03-05T03:00:05+00:00","dateModified":"2024-03-05T09:17:44+00:00","breadcrumb":{"@id":"https:\/\/www.notibras.com\/site\/conferencia-nacional-de-cultura-reune-3-mil-pessoas\/#breadcrumb"},"inLanguage":"pt-BR","potentialAction":[{"@type":"ReadAction","target":["https:\/\/www.notibras.com\/site\/conferencia-nacional-de-cultura-reune-3-mil-pessoas\/"]}]},{"@type":"ImageObject","inLanguage":"pt-BR","@id":"https:\/\/www.notibras.com\/site\/conferencia-nacional-de-cultura-reune-3-mil-pessoas\/#primaryimage","url":"https:\/\/www.notibras.com\/site\/wp-content\/uploads\/2024\/03\/cultura.evento.df_.webp","contentUrl":"https:\/\/www.notibras.com\/site\/wp-content\/uploads\/2024\/03\/cultura.evento.df_.webp","width":1170,"height":700},{"@type":"BreadcrumbList","@id":"https:\/\/www.notibras.com\/site\/conferencia-nacional-de-cultura-reune-3-mil-pessoas\/#breadcrumb","itemListElement":[{"@type":"ListItem","position":1,"name":"In\u00edcio","item":"https:\/\/www.notibras.com\/site\/"},{"@type":"ListItem","position":2,"name":"Confer\u00eancia Nacional de Cultura re\u00fane 3 mil pessoas"}]},{"@type":"WebSite","@id":"https:\/\/www.notibras.com\/site\/#website","url":"https:\/\/www.notibras.com\/site\/","name":"Notibras","description":"Not\u00edcias de Bras\u00edlia, do Brasil e do Mundo","publisher":{"@id":"https:\/\/www.notibras.com\/site\/#organization"},"potentialAction":[{"@type":"SearchAction","target":{"@type":"EntryPoint","urlTemplate":"https:\/\/www.notibras.com\/site\/?s={search_term_string}"},"query-input":{"@type":"PropertyValueSpecification","valueRequired":true,"valueName":"search_term_string"}}],"inLanguage":"pt-BR"},{"@type":"Organization","@id":"https:\/\/www.notibras.com\/site\/#organization","name":"Grupo Notibras de Comunica\u00e7\u00e3o","url":"https:\/\/www.notibras.com\/site\/","logo":{"@type":"ImageObject","inLanguage":"pt-BR","@id":"https:\/\/www.notibras.com\/site\/#\/schema\/logo\/image\/","url":"https:\/\/www.notibras.com\/site\/wp-content\/uploads\/2023\/01\/notibras23.png","contentUrl":"https:\/\/www.notibras.com\/site\/wp-content\/uploads\/2023\/01\/notibras23.png","width":350,"height":87,"caption":"Grupo Notibras de Comunica\u00e7\u00e3o"},"image":{"@id":"https:\/\/www.notibras.com\/site\/#\/schema\/logo\/image\/"},"sameAs":["https:\/\/www.facebook.com\/notibras\/","https:\/\/x.com\/Notibras","https:\/\/www.instagram.com\/notibras\/"]},{"@type":"Person","@id":"https:\/\/www.notibras.com\/site\/#\/schema\/person\/36ab0979449956132d3e5b517ea76ac8","name":"Reda\u00e7\u00e3o","image":{"@type":"ImageObject","inLanguage":"pt-BR","@id":"https:\/\/secure.gravatar.com\/avatar\/e0a867bdedb85fd243eadf09663511f96fc81e0720a4a42581f334ad4303aa6b?s=96&d=mm&r=g","url":"https:\/\/secure.gravatar.com\/avatar\/e0a867bdedb85fd243eadf09663511f96fc81e0720a4a42581f334ad4303aa6b?s=96&d=mm&r=g","contentUrl":"https:\/\/secure.gravatar.com\/avatar\/e0a867bdedb85fd243eadf09663511f96fc81e0720a4a42581f334ad4303aa6b?s=96&d=mm&r=g","caption":"Reda\u00e7\u00e3o"}}]}},"amp_enabled":true,"_links":{"self":[{"href":"https:\/\/www.notibras.com\/site\/wp-json\/wp\/v2\/posts\/323853","targetHints":{"allow":["GET"]}}],"collection":[{"href":"https:\/\/www.notibras.com\/site\/wp-json\/wp\/v2\/posts"}],"about":[{"href":"https:\/\/www.notibras.com\/site\/wp-json\/wp\/v2\/types\/post"}],"author":[{"embeddable":true,"href":"https:\/\/www.notibras.com\/site\/wp-json\/wp\/v2\/users\/2"}],"replies":[{"embeddable":true,"href":"https:\/\/www.notibras.com\/site\/wp-json\/wp\/v2\/comments?post=323853"}],"version-history":[{"count":1,"href":"https:\/\/www.notibras.com\/site\/wp-json\/wp\/v2\/posts\/323853\/revisions"}],"predecessor-version":[{"id":323855,"href":"https:\/\/www.notibras.com\/site\/wp-json\/wp\/v2\/posts\/323853\/revisions\/323855"}],"wp:featuredmedia":[{"embeddable":true,"href":"https:\/\/www.notibras.com\/site\/wp-json\/wp\/v2\/media\/323854"}],"wp:attachment":[{"href":"https:\/\/www.notibras.com\/site\/wp-json\/wp\/v2\/media?parent=323853"}],"wp:term":[{"taxonomy":"category","embeddable":true,"href":"https:\/\/www.notibras.com\/site\/wp-json\/wp\/v2\/categories?post=323853"},{"taxonomy":"post_tag","embeddable":true,"href":"https:\/\/www.notibras.com\/site\/wp-json\/wp\/v2\/tags?post=323853"}],"curies":[{"name":"wp","href":"https:\/\/api.w.org\/{rel}","templated":true}]}}