{"id":323856,"date":"2024-03-05T00:29:35","date_gmt":"2024-03-05T03:29:35","guid":{"rendered":"https:\/\/www.notibras.com\/site\/?p=323856"},"modified":"2024-03-05T06:31:03","modified_gmt":"2024-03-05T09:31:03","slug":"dia-de-conscientizacao-destaca-importancia-da-vacinacao","status":"publish","type":"post","link":"https:\/\/www.notibras.com\/site\/dia-de-conscientizacao-destaca-importancia-da-vacinacao\/","title":{"rendered":"Dia de conscientiza\u00e7\u00e3o destaca import\u00e2ncia da vacina\u00e7\u00e3o"},"content":{"rendered":"<p>No Brasil, cerca de 10 milh\u00f5es de pessoas est\u00e3o infectadas pelo papilomav\u00edrus humano, conhecido como HPV. A estimativa \u00e9 que a cada ano no pa\u00eds surjam 700 mil casos novos dessa infec\u00e7\u00e3o, que \u00e9 transmitida atrav\u00e9s de rela\u00e7\u00e3o sexual.<\/p>\n<p>O HPV \u00e9 a principal causa de c\u00e2ncer de colo de \u00fatero, al\u00e9m de ter rela\u00e7\u00e3o com outros tipos de c\u00e2ncer em homens e mulheres e com o surgimento de verrugas na regi\u00e3o genital e no \u00e2nus.<\/p>\n<p>Na segunda, 4 de mar\u00e7o, dia Mundial de Conscientiza\u00e7\u00e3o sobre o HPV, especialistas destacaram a import\u00e2ncia da preven\u00e7\u00e3o e da detec\u00e7\u00e3o precoce da infec\u00e7\u00e3o para reduzir os danos relacionados ao v\u00edrus.<\/p>\n<p>A vacina \u00e9 a principal forma de prevenir a infec\u00e7\u00e3o por HPV, destaca Luiz Augusto Maltoni, cirurgi\u00e3o oncol\u00f3gico e diretor executivo da Funda\u00e7\u00e3o do C\u00e2ncer.<\/p>\n<p>\u201cEla \u00e9 altamente eficaz, principalmente para esses tipos do HPV que s\u00e3o os cancer\u00edgenos. E, portanto, \u00e9 fundamental e important\u00edssimo que as pessoas se vacinem. A vacina est\u00e1 dispon\u00edvel no SUS, pode ser aplicada em qualquer posto de sa\u00fade. \u00c9 importante que todos os jovens, adolescentes, entre 9 a 14 anos sejam vacinados. A import\u00e2ncia de fazer isso nessa faixa et\u00e1ria \u00e9 devido ao fato de estarem se vacinando antes do in\u00edcio da atividade sexual e, portanto, ficarem protegidos da infec\u00e7\u00e3o pelo HPV. Fora isso, as pessoas imunossuprimidas, aquelas que s\u00e3o portadoras do HIV\/Aids, pacientes portadores de c\u00e2ncer, submetidos a transplantes, eles t\u00eam uma faixa et\u00e1ria mais abrangente para vacina\u00e7\u00e3o. No caso dos homens, at\u00e9 25, 26 anos. E nas mulheres at\u00e9 45 anos. Ent\u00e3o, \u00e9 uma vacina extremamente segura e que, de fato, protege contra o v\u00edrus do HPV\u201d, assegura o m\u00e9dico.<\/p>\n<p>A cobertura vacinal contra o HPV no Brasil est\u00e1 abaixo da meta de 90%, como recomenda a Organiza\u00e7\u00e3o Mundial de Sa\u00fade. Segundo Maltoni, a principal causa para a taxa de imuniza\u00e7\u00e3o baixa \u00e9 o desconhecimento.<\/p>\n<p>\u201cO desconhecimento \u00e9 um dos principais fatores. As pessoas n\u00e3o conhecem. Uma pesquisa feita por n\u00f3s, na Funda\u00e7\u00e3o, indica que as pessoas n\u00e3o sabem que a vacina protege contra as verrugas, contra o c\u00e2ncer do colo do \u00fatero, esses c\u00e2nceres relacionados ao HPV. E tamb\u00e9m desconhecem o fato de que a vacina \u00e9 extremamente segura. Infelizmente a gente tem no nosso meio, e mesmo no mundo, alguns movimentos anti-vacina completamente absurdos. Anti-ci\u00eancia. As vacinas salvaram milh\u00f5es e milh\u00f5es de pessoas em todo o mundo\u201d, alerta.<\/p>\n<p>A vacina contra o HPV est\u00e1 dispon\u00edvel nos postos de sa\u00fade para meninas e meninos de 9 a 14 anos e o esquema de imuniza\u00e7\u00e3o \u00e9 de 2 doses.<\/p>\n","protected":false},"excerpt":{"rendered":"<p>No Brasil, cerca de 10 milh\u00f5es de pessoas est\u00e3o infectadas pelo papilomav\u00edrus humano, conhecido como HPV. A estimativa \u00e9 que a cada ano no pa\u00eds surjam 700 mil casos novos dessa infec\u00e7\u00e3o, que \u00e9 transmitida atrav\u00e9s de rela\u00e7\u00e3o sexual. O HPV \u00e9 a principal causa de c\u00e2ncer de colo de \u00fatero, al\u00e9m de ter rela\u00e7\u00e3o [&hellip;]<\/p>\n","protected":false},"author":2,"featured_media":323857,"comment_status":"closed","ping_status":"closed","sticky":false,"template":"","format":"standard","meta":{"_acf_changed":false,"footnotes":""},"categories":[161],"tags":[],"class_list":["post-323856","post","type-post","status-publish","format-standard","has-post-thumbnail","hentry","category-quadradinho-em-foco"],"acf":[],"yoast_head":"<!-- This site is optimized with the Yoast SEO plugin v27.2 - https:\/\/yoast.com\/product\/yoast-seo-wordpress\/ -->\n<title>Dia de conscientiza\u00e7\u00e3o destaca import\u00e2ncia da vacina\u00e7\u00e3o - Notibras<\/title>\n<meta name=\"robots\" content=\"index, follow, max-snippet:-1, max-image-preview:large, max-video-preview:-1\" \/>\n<link rel=\"canonical\" href=\"https:\/\/www.notibras.com\/site\/dia-de-conscientizacao-destaca-importancia-da-vacinacao\/\" \/>\n<meta property=\"og:locale\" content=\"pt_BR\" \/>\n<meta property=\"og:type\" content=\"article\" \/>\n<meta property=\"og:title\" content=\"Dia de conscientiza\u00e7\u00e3o destaca import\u00e2ncia da vacina\u00e7\u00e3o - Notibras\" \/>\n<meta property=\"og:description\" content=\"No Brasil, cerca de 10 milh\u00f5es de pessoas est\u00e3o infectadas pelo papilomav\u00edrus humano, conhecido como HPV. A estimativa \u00e9 que a cada ano no pa\u00eds surjam 700 mil casos novos dessa infec\u00e7\u00e3o, que \u00e9 transmitida atrav\u00e9s de rela\u00e7\u00e3o sexual. O HPV \u00e9 a principal causa de c\u00e2ncer de colo de \u00fatero, al\u00e9m de ter rela\u00e7\u00e3o [&hellip;]\" \/>\n<meta property=\"og:url\" content=\"https:\/\/www.notibras.com\/site\/dia-de-conscientizacao-destaca-importancia-da-vacinacao\/\" \/>\n<meta property=\"og:site_name\" content=\"Notibras\" \/>\n<meta property=\"article:publisher\" content=\"https:\/\/www.facebook.com\/notibras\/\" \/>\n<meta property=\"article:published_time\" content=\"2024-03-05T03:29:35+00:00\" \/>\n<meta property=\"article:modified_time\" content=\"2024-03-05T09:31:03+00:00\" \/>\n<meta property=\"og:image\" content=\"https:\/\/www.notibras.com\/site\/wp-content\/uploads\/2024\/03\/vacinahpv.5.webp\" \/>\n\t<meta property=\"og:image:width\" content=\"1170\" \/>\n\t<meta property=\"og:image:height\" content=\"700\" \/>\n\t<meta property=\"og:image:type\" content=\"image\/webp\" \/>\n<meta name=\"author\" content=\"Reda\u00e7\u00e3o\" \/>\n<meta name=\"twitter:card\" content=\"summary_large_image\" \/>\n<meta name=\"twitter:creator\" content=\"@Notibras\" \/>\n<meta name=\"twitter:site\" content=\"@Notibras\" \/>\n<meta name=\"twitter:label1\" content=\"Escrito por\" \/>\n\t<meta name=\"twitter:data1\" content=\"Reda\u00e7\u00e3o\" \/>\n\t<meta name=\"twitter:label2\" content=\"Est. tempo de leitura\" \/>\n\t<meta name=\"twitter:data2\" content=\"3 minutos\" \/>\n<script type=\"application\/ld+json\" class=\"yoast-schema-graph\">{\"@context\":\"https:\/\/schema.org\",\"@graph\":[{\"@type\":\"Article\",\"@id\":\"https:\/\/www.notibras.com\/site\/dia-de-conscientizacao-destaca-importancia-da-vacinacao\/#article\",\"isPartOf\":{\"@id\":\"https:\/\/www.notibras.com\/site\/dia-de-conscientizacao-destaca-importancia-da-vacinacao\/\"},\"author\":{\"name\":\"Reda\u00e7\u00e3o\",\"@id\":\"https:\/\/www.notibras.com\/site\/#\/schema\/person\/36ab0979449956132d3e5b517ea76ac8\"},\"headline\":\"Dia de conscientiza\u00e7\u00e3o destaca import\u00e2ncia da vacina\u00e7\u00e3o\",\"datePublished\":\"2024-03-05T03:29:35+00:00\",\"dateModified\":\"2024-03-05T09:31:03+00:00\",\"mainEntityOfPage\":{\"@id\":\"https:\/\/www.notibras.com\/site\/dia-de-conscientizacao-destaca-importancia-da-vacinacao\/\"},\"wordCount\":467,\"publisher\":{\"@id\":\"https:\/\/www.notibras.com\/site\/#organization\"},\"image\":{\"@id\":\"https:\/\/www.notibras.com\/site\/dia-de-conscientizacao-destaca-importancia-da-vacinacao\/#primaryimage\"},\"thumbnailUrl\":\"https:\/\/www.notibras.com\/site\/wp-content\/uploads\/2024\/03\/vacinahpv.5.webp\",\"articleSection\":[\"Quadradinho em Foco\"],\"inLanguage\":\"pt-BR\"},{\"@type\":\"WebPage\",\"@id\":\"https:\/\/www.notibras.com\/site\/dia-de-conscientizacao-destaca-importancia-da-vacinacao\/\",\"url\":\"https:\/\/www.notibras.com\/site\/dia-de-conscientizacao-destaca-importancia-da-vacinacao\/\",\"name\":\"Dia de conscientiza\u00e7\u00e3o destaca import\u00e2ncia da vacina\u00e7\u00e3o - Notibras\",\"isPartOf\":{\"@id\":\"https:\/\/www.notibras.com\/site\/#website\"},\"primaryImageOfPage\":{\"@id\":\"https:\/\/www.notibras.com\/site\/dia-de-conscientizacao-destaca-importancia-da-vacinacao\/#primaryimage\"},\"image\":{\"@id\":\"https:\/\/www.notibras.com\/site\/dia-de-conscientizacao-destaca-importancia-da-vacinacao\/#primaryimage\"},\"thumbnailUrl\":\"https:\/\/www.notibras.com\/site\/wp-content\/uploads\/2024\/03\/vacinahpv.5.webp\",\"datePublished\":\"2024-03-05T03:29:35+00:00\",\"dateModified\":\"2024-03-05T09:31:03+00:00\",\"breadcrumb\":{\"@id\":\"https:\/\/www.notibras.com\/site\/dia-de-conscientizacao-destaca-importancia-da-vacinacao\/#breadcrumb\"},\"inLanguage\":\"pt-BR\",\"potentialAction\":[{\"@type\":\"ReadAction\",\"target\":[\"https:\/\/www.notibras.com\/site\/dia-de-conscientizacao-destaca-importancia-da-vacinacao\/\"]}]},{\"@type\":\"ImageObject\",\"inLanguage\":\"pt-BR\",\"@id\":\"https:\/\/www.notibras.com\/site\/dia-de-conscientizacao-destaca-importancia-da-vacinacao\/#primaryimage\",\"url\":\"https:\/\/www.notibras.com\/site\/wp-content\/uploads\/2024\/03\/vacinahpv.5.webp\",\"contentUrl\":\"https:\/\/www.notibras.com\/site\/wp-content\/uploads\/2024\/03\/vacinahpv.5.webp\",\"width\":1170,\"height\":700},{\"@type\":\"BreadcrumbList\",\"@id\":\"https:\/\/www.notibras.com\/site\/dia-de-conscientizacao-destaca-importancia-da-vacinacao\/#breadcrumb\",\"itemListElement\":[{\"@type\":\"ListItem\",\"position\":1,\"name\":\"In\u00edcio\",\"item\":\"https:\/\/www.notibras.com\/site\/\"},{\"@type\":\"ListItem\",\"position\":2,\"name\":\"Dia de conscientiza\u00e7\u00e3o destaca import\u00e2ncia da vacina\u00e7\u00e3o\"}]},{\"@type\":\"WebSite\",\"@id\":\"https:\/\/www.notibras.com\/site\/#website\",\"url\":\"https:\/\/www.notibras.com\/site\/\",\"name\":\"Notibras\",\"description\":\"Not\u00edcias de Bras\u00edlia, do Brasil e do Mundo\",\"publisher\":{\"@id\":\"https:\/\/www.notibras.com\/site\/#organization\"},\"potentialAction\":[{\"@type\":\"SearchAction\",\"target\":{\"@type\":\"EntryPoint\",\"urlTemplate\":\"https:\/\/www.notibras.com\/site\/?s={search_term_string}\"},\"query-input\":{\"@type\":\"PropertyValueSpecification\",\"valueRequired\":true,\"valueName\":\"search_term_string\"}}],\"inLanguage\":\"pt-BR\"},{\"@type\":\"Organization\",\"@id\":\"https:\/\/www.notibras.com\/site\/#organization\",\"name\":\"Grupo Notibras de Comunica\u00e7\u00e3o\",\"url\":\"https:\/\/www.notibras.com\/site\/\",\"logo\":{\"@type\":\"ImageObject\",\"inLanguage\":\"pt-BR\",\"@id\":\"https:\/\/www.notibras.com\/site\/#\/schema\/logo\/image\/\",\"url\":\"https:\/\/www.notibras.com\/site\/wp-content\/uploads\/2023\/01\/notibras23.png\",\"contentUrl\":\"https:\/\/www.notibras.com\/site\/wp-content\/uploads\/2023\/01\/notibras23.png\",\"width\":350,\"height\":87,\"caption\":\"Grupo Notibras de Comunica\u00e7\u00e3o\"},\"image\":{\"@id\":\"https:\/\/www.notibras.com\/site\/#\/schema\/logo\/image\/\"},\"sameAs\":[\"https:\/\/www.facebook.com\/notibras\/\",\"https:\/\/x.com\/Notibras\",\"https:\/\/www.instagram.com\/notibras\/\"]},{\"@type\":\"Person\",\"@id\":\"https:\/\/www.notibras.com\/site\/#\/schema\/person\/36ab0979449956132d3e5b517ea76ac8\",\"name\":\"Reda\u00e7\u00e3o\",\"image\":{\"@type\":\"ImageObject\",\"inLanguage\":\"pt-BR\",\"@id\":\"https:\/\/secure.gravatar.com\/avatar\/e0a867bdedb85fd243eadf09663511f96fc81e0720a4a42581f334ad4303aa6b?s=96&d=mm&r=g\",\"url\":\"https:\/\/secure.gravatar.com\/avatar\/e0a867bdedb85fd243eadf09663511f96fc81e0720a4a42581f334ad4303aa6b?s=96&d=mm&r=g\",\"contentUrl\":\"https:\/\/secure.gravatar.com\/avatar\/e0a867bdedb85fd243eadf09663511f96fc81e0720a4a42581f334ad4303aa6b?s=96&d=mm&r=g\",\"caption\":\"Reda\u00e7\u00e3o\"}}]}<\/script>\n<!-- \/ Yoast SEO plugin. -->","yoast_head_json":{"title":"Dia de conscientiza\u00e7\u00e3o destaca import\u00e2ncia da vacina\u00e7\u00e3o - Notibras","robots":{"index":"index","follow":"follow","max-snippet":"max-snippet:-1","max-image-preview":"max-image-preview:large","max-video-preview":"max-video-preview:-1"},"canonical":"https:\/\/www.notibras.com\/site\/dia-de-conscientizacao-destaca-importancia-da-vacinacao\/","og_locale":"pt_BR","og_type":"article","og_title":"Dia de conscientiza\u00e7\u00e3o destaca import\u00e2ncia da vacina\u00e7\u00e3o - Notibras","og_description":"No Brasil, cerca de 10 milh\u00f5es de pessoas est\u00e3o infectadas pelo papilomav\u00edrus humano, conhecido como HPV. A estimativa \u00e9 que a cada ano no pa\u00eds surjam 700 mil casos novos dessa infec\u00e7\u00e3o, que \u00e9 transmitida atrav\u00e9s de rela\u00e7\u00e3o sexual. O HPV \u00e9 a principal causa de c\u00e2ncer de colo de \u00fatero, al\u00e9m de ter rela\u00e7\u00e3o [&hellip;]","og_url":"https:\/\/www.notibras.com\/site\/dia-de-conscientizacao-destaca-importancia-da-vacinacao\/","og_site_name":"Notibras","article_publisher":"https:\/\/www.facebook.com\/notibras\/","article_published_time":"2024-03-05T03:29:35+00:00","article_modified_time":"2024-03-05T09:31:03+00:00","og_image":[{"width":1170,"height":700,"url":"https:\/\/www.notibras.com\/site\/wp-content\/uploads\/2024\/03\/vacinahpv.5.webp","type":"image\/webp"}],"author":"Reda\u00e7\u00e3o","twitter_card":"summary_large_image","twitter_creator":"@Notibras","twitter_site":"@Notibras","twitter_misc":{"Escrito por":"Reda\u00e7\u00e3o","Est. tempo de leitura":"3 minutos"},"schema":{"@context":"https:\/\/schema.org","@graph":[{"@type":"Article","@id":"https:\/\/www.notibras.com\/site\/dia-de-conscientizacao-destaca-importancia-da-vacinacao\/#article","isPartOf":{"@id":"https:\/\/www.notibras.com\/site\/dia-de-conscientizacao-destaca-importancia-da-vacinacao\/"},"author":{"name":"Reda\u00e7\u00e3o","@id":"https:\/\/www.notibras.com\/site\/#\/schema\/person\/36ab0979449956132d3e5b517ea76ac8"},"headline":"Dia de conscientiza\u00e7\u00e3o destaca import\u00e2ncia da vacina\u00e7\u00e3o","datePublished":"2024-03-05T03:29:35+00:00","dateModified":"2024-03-05T09:31:03+00:00","mainEntityOfPage":{"@id":"https:\/\/www.notibras.com\/site\/dia-de-conscientizacao-destaca-importancia-da-vacinacao\/"},"wordCount":467,"publisher":{"@id":"https:\/\/www.notibras.com\/site\/#organization"},"image":{"@id":"https:\/\/www.notibras.com\/site\/dia-de-conscientizacao-destaca-importancia-da-vacinacao\/#primaryimage"},"thumbnailUrl":"https:\/\/www.notibras.com\/site\/wp-content\/uploads\/2024\/03\/vacinahpv.5.webp","articleSection":["Quadradinho em Foco"],"inLanguage":"pt-BR"},{"@type":"WebPage","@id":"https:\/\/www.notibras.com\/site\/dia-de-conscientizacao-destaca-importancia-da-vacinacao\/","url":"https:\/\/www.notibras.com\/site\/dia-de-conscientizacao-destaca-importancia-da-vacinacao\/","name":"Dia de conscientiza\u00e7\u00e3o destaca import\u00e2ncia da vacina\u00e7\u00e3o - Notibras","isPartOf":{"@id":"https:\/\/www.notibras.com\/site\/#website"},"primaryImageOfPage":{"@id":"https:\/\/www.notibras.com\/site\/dia-de-conscientizacao-destaca-importancia-da-vacinacao\/#primaryimage"},"image":{"@id":"https:\/\/www.notibras.com\/site\/dia-de-conscientizacao-destaca-importancia-da-vacinacao\/#primaryimage"},"thumbnailUrl":"https:\/\/www.notibras.com\/site\/wp-content\/uploads\/2024\/03\/vacinahpv.5.webp","datePublished":"2024-03-05T03:29:35+00:00","dateModified":"2024-03-05T09:31:03+00:00","breadcrumb":{"@id":"https:\/\/www.notibras.com\/site\/dia-de-conscientizacao-destaca-importancia-da-vacinacao\/#breadcrumb"},"inLanguage":"pt-BR","potentialAction":[{"@type":"ReadAction","target":["https:\/\/www.notibras.com\/site\/dia-de-conscientizacao-destaca-importancia-da-vacinacao\/"]}]},{"@type":"ImageObject","inLanguage":"pt-BR","@id":"https:\/\/www.notibras.com\/site\/dia-de-conscientizacao-destaca-importancia-da-vacinacao\/#primaryimage","url":"https:\/\/www.notibras.com\/site\/wp-content\/uploads\/2024\/03\/vacinahpv.5.webp","contentUrl":"https:\/\/www.notibras.com\/site\/wp-content\/uploads\/2024\/03\/vacinahpv.5.webp","width":1170,"height":700},{"@type":"BreadcrumbList","@id":"https:\/\/www.notibras.com\/site\/dia-de-conscientizacao-destaca-importancia-da-vacinacao\/#breadcrumb","itemListElement":[{"@type":"ListItem","position":1,"name":"In\u00edcio","item":"https:\/\/www.notibras.com\/site\/"},{"@type":"ListItem","position":2,"name":"Dia de conscientiza\u00e7\u00e3o destaca import\u00e2ncia da vacina\u00e7\u00e3o"}]},{"@type":"WebSite","@id":"https:\/\/www.notibras.com\/site\/#website","url":"https:\/\/www.notibras.com\/site\/","name":"Notibras","description":"Not\u00edcias de Bras\u00edlia, do Brasil e do Mundo","publisher":{"@id":"https:\/\/www.notibras.com\/site\/#organization"},"potentialAction":[{"@type":"SearchAction","target":{"@type":"EntryPoint","urlTemplate":"https:\/\/www.notibras.com\/site\/?s={search_term_string}"},"query-input":{"@type":"PropertyValueSpecification","valueRequired":true,"valueName":"search_term_string"}}],"inLanguage":"pt-BR"},{"@type":"Organization","@id":"https:\/\/www.notibras.com\/site\/#organization","name":"Grupo Notibras de Comunica\u00e7\u00e3o","url":"https:\/\/www.notibras.com\/site\/","logo":{"@type":"ImageObject","inLanguage":"pt-BR","@id":"https:\/\/www.notibras.com\/site\/#\/schema\/logo\/image\/","url":"https:\/\/www.notibras.com\/site\/wp-content\/uploads\/2023\/01\/notibras23.png","contentUrl":"https:\/\/www.notibras.com\/site\/wp-content\/uploads\/2023\/01\/notibras23.png","width":350,"height":87,"caption":"Grupo Notibras de Comunica\u00e7\u00e3o"},"image":{"@id":"https:\/\/www.notibras.com\/site\/#\/schema\/logo\/image\/"},"sameAs":["https:\/\/www.facebook.com\/notibras\/","https:\/\/x.com\/Notibras","https:\/\/www.instagram.com\/notibras\/"]},{"@type":"Person","@id":"https:\/\/www.notibras.com\/site\/#\/schema\/person\/36ab0979449956132d3e5b517ea76ac8","name":"Reda\u00e7\u00e3o","image":{"@type":"ImageObject","inLanguage":"pt-BR","@id":"https:\/\/secure.gravatar.com\/avatar\/e0a867bdedb85fd243eadf09663511f96fc81e0720a4a42581f334ad4303aa6b?s=96&d=mm&r=g","url":"https:\/\/secure.gravatar.com\/avatar\/e0a867bdedb85fd243eadf09663511f96fc81e0720a4a42581f334ad4303aa6b?s=96&d=mm&r=g","contentUrl":"https:\/\/secure.gravatar.com\/avatar\/e0a867bdedb85fd243eadf09663511f96fc81e0720a4a42581f334ad4303aa6b?s=96&d=mm&r=g","caption":"Reda\u00e7\u00e3o"}}]}},"amp_enabled":true,"_links":{"self":[{"href":"https:\/\/www.notibras.com\/site\/wp-json\/wp\/v2\/posts\/323856","targetHints":{"allow":["GET"]}}],"collection":[{"href":"https:\/\/www.notibras.com\/site\/wp-json\/wp\/v2\/posts"}],"about":[{"href":"https:\/\/www.notibras.com\/site\/wp-json\/wp\/v2\/types\/post"}],"author":[{"embeddable":true,"href":"https:\/\/www.notibras.com\/site\/wp-json\/wp\/v2\/users\/2"}],"replies":[{"embeddable":true,"href":"https:\/\/www.notibras.com\/site\/wp-json\/wp\/v2\/comments?post=323856"}],"version-history":[{"count":1,"href":"https:\/\/www.notibras.com\/site\/wp-json\/wp\/v2\/posts\/323856\/revisions"}],"predecessor-version":[{"id":323858,"href":"https:\/\/www.notibras.com\/site\/wp-json\/wp\/v2\/posts\/323856\/revisions\/323858"}],"wp:featuredmedia":[{"embeddable":true,"href":"https:\/\/www.notibras.com\/site\/wp-json\/wp\/v2\/media\/323857"}],"wp:attachment":[{"href":"https:\/\/www.notibras.com\/site\/wp-json\/wp\/v2\/media?parent=323856"}],"wp:term":[{"taxonomy":"category","embeddable":true,"href":"https:\/\/www.notibras.com\/site\/wp-json\/wp\/v2\/categories?post=323856"},{"taxonomy":"post_tag","embeddable":true,"href":"https:\/\/www.notibras.com\/site\/wp-json\/wp\/v2\/tags?post=323856"}],"curies":[{"name":"wp","href":"https:\/\/api.w.org\/{rel}","templated":true}]}}