{"id":32388,"date":"2014-12-28T16:52:42","date_gmt":"2014-12-28T19:52:42","guid":{"rendered":"http:\/\/www.notibras.com\/site\/?p=32388"},"modified":"2014-12-28T20:55:49","modified_gmt":"2014-12-28T23:55:49","slug":"pais-vao-ser-obrigados-a-pagar-passagem-aerea-para-bebes-de-colo","status":"publish","type":"post","link":"https:\/\/www.notibras.com\/site\/pais-vao-ser-obrigados-a-pagar-passagem-aerea-para-bebes-de-colo\/","title":{"rendered":"Pais v\u00e3o ser obrigados a pagar passagens a\u00e9reas para beb\u00eas"},"content":{"rendered":"<p class=\"text\">A Ag\u00eancia Nacional de Avia\u00e7\u00e3o Civil (Anac) planeja liberar as empresas a\u00e9reas para cobrar passagens de beb\u00eas de colo.<\/p>\n<p class=\"text\">A norma atual estabelece que crian\u00e7as de zero a dois anos que ficam no colo dos pais paguem no m\u00e1ximo 10% do valor pago pelo adulto \u2013 na pr\u00e1tica, nenhuma das companhias cobra.<\/p>\n<p class=\"text\">Contudo, foram as pr\u00f3prias companhias que pediram a libera\u00e7\u00e3o da tarifa, alegando que o valor dos bilhetes dos adultos j\u00e1 \u00e9 desregulado.<\/p>\n<blockquote>\n<p class=\"text\">A inten\u00e7\u00e3o consta em documento sobre mudan\u00e7as nas condi\u00e7\u00f5es de transportes feito pela Superintend\u00eancia de Regula\u00e7\u00e3o Econ\u00f4mica da Anac.<\/p>\n<\/blockquote>\n<p class=\"text\">Chamado de &#8220;nota t\u00e9cnica&#8221;, o documento serve de base para uma consulta p\u00fablica aberta em novembro para mudar regras no setor. At\u00e9 junho de 2015, o documento ir\u00e1 para audi\u00eancia p\u00fablica.<\/p>\n<p class=\"text\">A Associa\u00e7\u00e3o Brasileira de Empresas A\u00e9reas (Abear) afirmou que a medida aumentaria a competitividade no setor.<\/p>\n","protected":false},"excerpt":{"rendered":"<p>A Ag\u00eancia Nacional de Avia\u00e7\u00e3o Civil (Anac) planeja liberar as empresas a\u00e9reas para cobrar passagens de beb\u00eas de colo. A norma atual estabelece que crian\u00e7as de zero a dois anos que ficam no colo dos pais paguem no m\u00e1ximo 10% do valor pago pelo adulto \u2013 na pr\u00e1tica, nenhuma das companhias cobra. Contudo, foram as [&hellip;]<\/p>\n","protected":false},"author":2,"featured_media":32389,"comment_status":"open","ping_status":"closed","sticky":false,"template":"","format":"standard","meta":{"_acf_changed":false,"footnotes":""},"categories":[16],"tags":[],"class_list":["post-32388","post","type-post","status-publish","format-standard","has-post-thumbnail","hentry","category-brasil"],"acf":[],"yoast_head":"<!-- This site is optimized with the Yoast SEO plugin v27.2 - https:\/\/yoast.com\/product\/yoast-seo-wordpress\/ -->\n<title>Pais v\u00e3o ser obrigados a pagar passagens a\u00e9reas para beb\u00eas - Notibras<\/title>\n<meta name=\"robots\" content=\"index, follow, max-snippet:-1, max-image-preview:large, max-video-preview:-1\" \/>\n<link rel=\"canonical\" href=\"https:\/\/www.notibras.com\/site\/pais-vao-ser-obrigados-a-pagar-passagem-aerea-para-bebes-de-colo\/\" \/>\n<meta property=\"og:locale\" content=\"pt_BR\" \/>\n<meta property=\"og:type\" content=\"article\" \/>\n<meta property=\"og:title\" content=\"Pais v\u00e3o ser obrigados a pagar passagens a\u00e9reas para beb\u00eas - Notibras\" \/>\n<meta property=\"og:description\" content=\"A Ag\u00eancia Nacional de Avia\u00e7\u00e3o Civil (Anac) planeja liberar as empresas a\u00e9reas para cobrar passagens de beb\u00eas de colo. A norma atual estabelece que crian\u00e7as de zero a dois anos que ficam no colo dos pais paguem no m\u00e1ximo 10% do valor pago pelo adulto \u2013 na pr\u00e1tica, nenhuma das companhias cobra. Contudo, foram as [&hellip;]\" \/>\n<meta property=\"og:url\" content=\"https:\/\/www.notibras.com\/site\/pais-vao-ser-obrigados-a-pagar-passagem-aerea-para-bebes-de-colo\/\" \/>\n<meta property=\"og:site_name\" content=\"Notibras\" \/>\n<meta property=\"article:publisher\" content=\"https:\/\/www.facebook.com\/notibras\/\" \/>\n<meta property=\"article:published_time\" content=\"2014-12-28T19:52:42+00:00\" \/>\n<meta property=\"article:modified_time\" content=\"2014-12-28T23:55:49+00:00\" \/>\n<meta property=\"og:image\" content=\"https:\/\/www.notibras.com\/site\/wp-content\/uploads\/2014\/12\/negocios-aereas-anac-mes.jpg\" \/>\n\t<meta property=\"og:image:width\" content=\"460\" \/>\n\t<meta property=\"og:image:height\" content=\"340\" \/>\n\t<meta property=\"og:image:type\" content=\"image\/jpeg\" \/>\n<meta name=\"author\" content=\"Reda\u00e7\u00e3o\" \/>\n<meta name=\"twitter:card\" content=\"summary_large_image\" \/>\n<meta name=\"twitter:creator\" content=\"@Notibras\" \/>\n<meta name=\"twitter:site\" content=\"@Notibras\" \/>\n<meta name=\"twitter:label1\" content=\"Escrito por\" \/>\n\t<meta name=\"twitter:data1\" content=\"Reda\u00e7\u00e3o\" \/>\n\t<meta name=\"twitter:label2\" content=\"Est. tempo de leitura\" \/>\n\t<meta name=\"twitter:data2\" content=\"1 minuto\" \/>\n<script type=\"application\/ld+json\" class=\"yoast-schema-graph\">{\"@context\":\"https:\/\/schema.org\",\"@graph\":[{\"@type\":\"Article\",\"@id\":\"https:\/\/www.notibras.com\/site\/pais-vao-ser-obrigados-a-pagar-passagem-aerea-para-bebes-de-colo\/#article\",\"isPartOf\":{\"@id\":\"https:\/\/www.notibras.com\/site\/pais-vao-ser-obrigados-a-pagar-passagem-aerea-para-bebes-de-colo\/\"},\"author\":{\"name\":\"Reda\u00e7\u00e3o\",\"@id\":\"https:\/\/www.notibras.com\/site\/#\/schema\/person\/36ab0979449956132d3e5b517ea76ac8\"},\"headline\":\"Pais v\u00e3o ser obrigados a pagar passagens a\u00e9reas para beb\u00eas\",\"datePublished\":\"2014-12-28T19:52:42+00:00\",\"dateModified\":\"2014-12-28T23:55:49+00:00\",\"mainEntityOfPage\":{\"@id\":\"https:\/\/www.notibras.com\/site\/pais-vao-ser-obrigados-a-pagar-passagem-aerea-para-bebes-de-colo\/\"},\"wordCount\":170,\"commentCount\":0,\"publisher\":{\"@id\":\"https:\/\/www.notibras.com\/site\/#organization\"},\"image\":{\"@id\":\"https:\/\/www.notibras.com\/site\/pais-vao-ser-obrigados-a-pagar-passagem-aerea-para-bebes-de-colo\/#primaryimage\"},\"thumbnailUrl\":\"https:\/\/www.notibras.com\/site\/wp-content\/uploads\/2014\/12\/negocios-aereas-anac-mes.jpg\",\"articleSection\":[\"Brasil\"],\"inLanguage\":\"pt-BR\",\"potentialAction\":[{\"@type\":\"CommentAction\",\"name\":\"Comment\",\"target\":[\"https:\/\/www.notibras.com\/site\/pais-vao-ser-obrigados-a-pagar-passagem-aerea-para-bebes-de-colo\/#respond\"]}]},{\"@type\":\"WebPage\",\"@id\":\"https:\/\/www.notibras.com\/site\/pais-vao-ser-obrigados-a-pagar-passagem-aerea-para-bebes-de-colo\/\",\"url\":\"https:\/\/www.notibras.com\/site\/pais-vao-ser-obrigados-a-pagar-passagem-aerea-para-bebes-de-colo\/\",\"name\":\"Pais v\u00e3o ser obrigados a pagar passagens a\u00e9reas para beb\u00eas - Notibras\",\"isPartOf\":{\"@id\":\"https:\/\/www.notibras.com\/site\/#website\"},\"primaryImageOfPage\":{\"@id\":\"https:\/\/www.notibras.com\/site\/pais-vao-ser-obrigados-a-pagar-passagem-aerea-para-bebes-de-colo\/#primaryimage\"},\"image\":{\"@id\":\"https:\/\/www.notibras.com\/site\/pais-vao-ser-obrigados-a-pagar-passagem-aerea-para-bebes-de-colo\/#primaryimage\"},\"thumbnailUrl\":\"https:\/\/www.notibras.com\/site\/wp-content\/uploads\/2014\/12\/negocios-aereas-anac-mes.jpg\",\"datePublished\":\"2014-12-28T19:52:42+00:00\",\"dateModified\":\"2014-12-28T23:55:49+00:00\",\"breadcrumb\":{\"@id\":\"https:\/\/www.notibras.com\/site\/pais-vao-ser-obrigados-a-pagar-passagem-aerea-para-bebes-de-colo\/#breadcrumb\"},\"inLanguage\":\"pt-BR\",\"potentialAction\":[{\"@type\":\"ReadAction\",\"target\":[\"https:\/\/www.notibras.com\/site\/pais-vao-ser-obrigados-a-pagar-passagem-aerea-para-bebes-de-colo\/\"]}]},{\"@type\":\"ImageObject\",\"inLanguage\":\"pt-BR\",\"@id\":\"https:\/\/www.notibras.com\/site\/pais-vao-ser-obrigados-a-pagar-passagem-aerea-para-bebes-de-colo\/#primaryimage\",\"url\":\"https:\/\/www.notibras.com\/site\/wp-content\/uploads\/2014\/12\/negocios-aereas-anac-mes.jpg\",\"contentUrl\":\"https:\/\/www.notibras.com\/site\/wp-content\/uploads\/2014\/12\/negocios-aereas-anac-mes.jpg\",\"width\":460,\"height\":340},{\"@type\":\"BreadcrumbList\",\"@id\":\"https:\/\/www.notibras.com\/site\/pais-vao-ser-obrigados-a-pagar-passagem-aerea-para-bebes-de-colo\/#breadcrumb\",\"itemListElement\":[{\"@type\":\"ListItem\",\"position\":1,\"name\":\"In\u00edcio\",\"item\":\"https:\/\/www.notibras.com\/site\/\"},{\"@type\":\"ListItem\",\"position\":2,\"name\":\"Pais v\u00e3o ser obrigados a pagar passagens a\u00e9reas para beb\u00eas\"}]},{\"@type\":\"WebSite\",\"@id\":\"https:\/\/www.notibras.com\/site\/#website\",\"url\":\"https:\/\/www.notibras.com\/site\/\",\"name\":\"Notibras\",\"description\":\"Not\u00edcias de Bras\u00edlia, do Brasil e do Mundo\",\"publisher\":{\"@id\":\"https:\/\/www.notibras.com\/site\/#organization\"},\"potentialAction\":[{\"@type\":\"SearchAction\",\"target\":{\"@type\":\"EntryPoint\",\"urlTemplate\":\"https:\/\/www.notibras.com\/site\/?s={search_term_string}\"},\"query-input\":{\"@type\":\"PropertyValueSpecification\",\"valueRequired\":true,\"valueName\":\"search_term_string\"}}],\"inLanguage\":\"pt-BR\"},{\"@type\":\"Organization\",\"@id\":\"https:\/\/www.notibras.com\/site\/#organization\",\"name\":\"Grupo Notibras de Comunica\u00e7\u00e3o\",\"url\":\"https:\/\/www.notibras.com\/site\/\",\"logo\":{\"@type\":\"ImageObject\",\"inLanguage\":\"pt-BR\",\"@id\":\"https:\/\/www.notibras.com\/site\/#\/schema\/logo\/image\/\",\"url\":\"https:\/\/www.notibras.com\/site\/wp-content\/uploads\/2023\/01\/notibras23.png\",\"contentUrl\":\"https:\/\/www.notibras.com\/site\/wp-content\/uploads\/2023\/01\/notibras23.png\",\"width\":350,\"height\":87,\"caption\":\"Grupo Notibras de Comunica\u00e7\u00e3o\"},\"image\":{\"@id\":\"https:\/\/www.notibras.com\/site\/#\/schema\/logo\/image\/\"},\"sameAs\":[\"https:\/\/www.facebook.com\/notibras\/\",\"https:\/\/x.com\/Notibras\",\"https:\/\/www.instagram.com\/notibras\/\"]},{\"@type\":\"Person\",\"@id\":\"https:\/\/www.notibras.com\/site\/#\/schema\/person\/36ab0979449956132d3e5b517ea76ac8\",\"name\":\"Reda\u00e7\u00e3o\",\"image\":{\"@type\":\"ImageObject\",\"inLanguage\":\"pt-BR\",\"@id\":\"https:\/\/secure.gravatar.com\/avatar\/e0a867bdedb85fd243eadf09663511f96fc81e0720a4a42581f334ad4303aa6b?s=96&d=mm&r=g\",\"url\":\"https:\/\/secure.gravatar.com\/avatar\/e0a867bdedb85fd243eadf09663511f96fc81e0720a4a42581f334ad4303aa6b?s=96&d=mm&r=g\",\"contentUrl\":\"https:\/\/secure.gravatar.com\/avatar\/e0a867bdedb85fd243eadf09663511f96fc81e0720a4a42581f334ad4303aa6b?s=96&d=mm&r=g\",\"caption\":\"Reda\u00e7\u00e3o\"}}]}<\/script>\n<!-- \/ Yoast SEO plugin. -->","yoast_head_json":{"title":"Pais v\u00e3o ser obrigados a pagar passagens a\u00e9reas para beb\u00eas - Notibras","robots":{"index":"index","follow":"follow","max-snippet":"max-snippet:-1","max-image-preview":"max-image-preview:large","max-video-preview":"max-video-preview:-1"},"canonical":"https:\/\/www.notibras.com\/site\/pais-vao-ser-obrigados-a-pagar-passagem-aerea-para-bebes-de-colo\/","og_locale":"pt_BR","og_type":"article","og_title":"Pais v\u00e3o ser obrigados a pagar passagens a\u00e9reas para beb\u00eas - Notibras","og_description":"A Ag\u00eancia Nacional de Avia\u00e7\u00e3o Civil (Anac) planeja liberar as empresas a\u00e9reas para cobrar passagens de beb\u00eas de colo. A norma atual estabelece que crian\u00e7as de zero a dois anos que ficam no colo dos pais paguem no m\u00e1ximo 10% do valor pago pelo adulto \u2013 na pr\u00e1tica, nenhuma das companhias cobra. Contudo, foram as [&hellip;]","og_url":"https:\/\/www.notibras.com\/site\/pais-vao-ser-obrigados-a-pagar-passagem-aerea-para-bebes-de-colo\/","og_site_name":"Notibras","article_publisher":"https:\/\/www.facebook.com\/notibras\/","article_published_time":"2014-12-28T19:52:42+00:00","article_modified_time":"2014-12-28T23:55:49+00:00","og_image":[{"width":460,"height":340,"url":"https:\/\/www.notibras.com\/site\/wp-content\/uploads\/2014\/12\/negocios-aereas-anac-mes.jpg","type":"image\/jpeg"}],"author":"Reda\u00e7\u00e3o","twitter_card":"summary_large_image","twitter_creator":"@Notibras","twitter_site":"@Notibras","twitter_misc":{"Escrito por":"Reda\u00e7\u00e3o","Est. tempo de leitura":"1 minuto"},"schema":{"@context":"https:\/\/schema.org","@graph":[{"@type":"Article","@id":"https:\/\/www.notibras.com\/site\/pais-vao-ser-obrigados-a-pagar-passagem-aerea-para-bebes-de-colo\/#article","isPartOf":{"@id":"https:\/\/www.notibras.com\/site\/pais-vao-ser-obrigados-a-pagar-passagem-aerea-para-bebes-de-colo\/"},"author":{"name":"Reda\u00e7\u00e3o","@id":"https:\/\/www.notibras.com\/site\/#\/schema\/person\/36ab0979449956132d3e5b517ea76ac8"},"headline":"Pais v\u00e3o ser obrigados a pagar passagens a\u00e9reas para beb\u00eas","datePublished":"2014-12-28T19:52:42+00:00","dateModified":"2014-12-28T23:55:49+00:00","mainEntityOfPage":{"@id":"https:\/\/www.notibras.com\/site\/pais-vao-ser-obrigados-a-pagar-passagem-aerea-para-bebes-de-colo\/"},"wordCount":170,"commentCount":0,"publisher":{"@id":"https:\/\/www.notibras.com\/site\/#organization"},"image":{"@id":"https:\/\/www.notibras.com\/site\/pais-vao-ser-obrigados-a-pagar-passagem-aerea-para-bebes-de-colo\/#primaryimage"},"thumbnailUrl":"https:\/\/www.notibras.com\/site\/wp-content\/uploads\/2014\/12\/negocios-aereas-anac-mes.jpg","articleSection":["Brasil"],"inLanguage":"pt-BR","potentialAction":[{"@type":"CommentAction","name":"Comment","target":["https:\/\/www.notibras.com\/site\/pais-vao-ser-obrigados-a-pagar-passagem-aerea-para-bebes-de-colo\/#respond"]}]},{"@type":"WebPage","@id":"https:\/\/www.notibras.com\/site\/pais-vao-ser-obrigados-a-pagar-passagem-aerea-para-bebes-de-colo\/","url":"https:\/\/www.notibras.com\/site\/pais-vao-ser-obrigados-a-pagar-passagem-aerea-para-bebes-de-colo\/","name":"Pais v\u00e3o ser obrigados a pagar passagens a\u00e9reas para beb\u00eas - Notibras","isPartOf":{"@id":"https:\/\/www.notibras.com\/site\/#website"},"primaryImageOfPage":{"@id":"https:\/\/www.notibras.com\/site\/pais-vao-ser-obrigados-a-pagar-passagem-aerea-para-bebes-de-colo\/#primaryimage"},"image":{"@id":"https:\/\/www.notibras.com\/site\/pais-vao-ser-obrigados-a-pagar-passagem-aerea-para-bebes-de-colo\/#primaryimage"},"thumbnailUrl":"https:\/\/www.notibras.com\/site\/wp-content\/uploads\/2014\/12\/negocios-aereas-anac-mes.jpg","datePublished":"2014-12-28T19:52:42+00:00","dateModified":"2014-12-28T23:55:49+00:00","breadcrumb":{"@id":"https:\/\/www.notibras.com\/site\/pais-vao-ser-obrigados-a-pagar-passagem-aerea-para-bebes-de-colo\/#breadcrumb"},"inLanguage":"pt-BR","potentialAction":[{"@type":"ReadAction","target":["https:\/\/www.notibras.com\/site\/pais-vao-ser-obrigados-a-pagar-passagem-aerea-para-bebes-de-colo\/"]}]},{"@type":"ImageObject","inLanguage":"pt-BR","@id":"https:\/\/www.notibras.com\/site\/pais-vao-ser-obrigados-a-pagar-passagem-aerea-para-bebes-de-colo\/#primaryimage","url":"https:\/\/www.notibras.com\/site\/wp-content\/uploads\/2014\/12\/negocios-aereas-anac-mes.jpg","contentUrl":"https:\/\/www.notibras.com\/site\/wp-content\/uploads\/2014\/12\/negocios-aereas-anac-mes.jpg","width":460,"height":340},{"@type":"BreadcrumbList","@id":"https:\/\/www.notibras.com\/site\/pais-vao-ser-obrigados-a-pagar-passagem-aerea-para-bebes-de-colo\/#breadcrumb","itemListElement":[{"@type":"ListItem","position":1,"name":"In\u00edcio","item":"https:\/\/www.notibras.com\/site\/"},{"@type":"ListItem","position":2,"name":"Pais v\u00e3o ser obrigados a pagar passagens a\u00e9reas para beb\u00eas"}]},{"@type":"WebSite","@id":"https:\/\/www.notibras.com\/site\/#website","url":"https:\/\/www.notibras.com\/site\/","name":"Notibras","description":"Not\u00edcias de Bras\u00edlia, do Brasil e do Mundo","publisher":{"@id":"https:\/\/www.notibras.com\/site\/#organization"},"potentialAction":[{"@type":"SearchAction","target":{"@type":"EntryPoint","urlTemplate":"https:\/\/www.notibras.com\/site\/?s={search_term_string}"},"query-input":{"@type":"PropertyValueSpecification","valueRequired":true,"valueName":"search_term_string"}}],"inLanguage":"pt-BR"},{"@type":"Organization","@id":"https:\/\/www.notibras.com\/site\/#organization","name":"Grupo Notibras de Comunica\u00e7\u00e3o","url":"https:\/\/www.notibras.com\/site\/","logo":{"@type":"ImageObject","inLanguage":"pt-BR","@id":"https:\/\/www.notibras.com\/site\/#\/schema\/logo\/image\/","url":"https:\/\/www.notibras.com\/site\/wp-content\/uploads\/2023\/01\/notibras23.png","contentUrl":"https:\/\/www.notibras.com\/site\/wp-content\/uploads\/2023\/01\/notibras23.png","width":350,"height":87,"caption":"Grupo Notibras de Comunica\u00e7\u00e3o"},"image":{"@id":"https:\/\/www.notibras.com\/site\/#\/schema\/logo\/image\/"},"sameAs":["https:\/\/www.facebook.com\/notibras\/","https:\/\/x.com\/Notibras","https:\/\/www.instagram.com\/notibras\/"]},{"@type":"Person","@id":"https:\/\/www.notibras.com\/site\/#\/schema\/person\/36ab0979449956132d3e5b517ea76ac8","name":"Reda\u00e7\u00e3o","image":{"@type":"ImageObject","inLanguage":"pt-BR","@id":"https:\/\/secure.gravatar.com\/avatar\/e0a867bdedb85fd243eadf09663511f96fc81e0720a4a42581f334ad4303aa6b?s=96&d=mm&r=g","url":"https:\/\/secure.gravatar.com\/avatar\/e0a867bdedb85fd243eadf09663511f96fc81e0720a4a42581f334ad4303aa6b?s=96&d=mm&r=g","contentUrl":"https:\/\/secure.gravatar.com\/avatar\/e0a867bdedb85fd243eadf09663511f96fc81e0720a4a42581f334ad4303aa6b?s=96&d=mm&r=g","caption":"Reda\u00e7\u00e3o"}}]}},"amp_enabled":true,"_links":{"self":[{"href":"https:\/\/www.notibras.com\/site\/wp-json\/wp\/v2\/posts\/32388","targetHints":{"allow":["GET"]}}],"collection":[{"href":"https:\/\/www.notibras.com\/site\/wp-json\/wp\/v2\/posts"}],"about":[{"href":"https:\/\/www.notibras.com\/site\/wp-json\/wp\/v2\/types\/post"}],"author":[{"embeddable":true,"href":"https:\/\/www.notibras.com\/site\/wp-json\/wp\/v2\/users\/2"}],"replies":[{"embeddable":true,"href":"https:\/\/www.notibras.com\/site\/wp-json\/wp\/v2\/comments?post=32388"}],"version-history":[{"count":0,"href":"https:\/\/www.notibras.com\/site\/wp-json\/wp\/v2\/posts\/32388\/revisions"}],"wp:featuredmedia":[{"embeddable":true,"href":"https:\/\/www.notibras.com\/site\/wp-json\/wp\/v2\/media\/32389"}],"wp:attachment":[{"href":"https:\/\/www.notibras.com\/site\/wp-json\/wp\/v2\/media?parent=32388"}],"wp:term":[{"taxonomy":"category","embeddable":true,"href":"https:\/\/www.notibras.com\/site\/wp-json\/wp\/v2\/categories?post=32388"},{"taxonomy":"post_tag","embeddable":true,"href":"https:\/\/www.notibras.com\/site\/wp-json\/wp\/v2\/tags?post=32388"}],"curies":[{"name":"wp","href":"https:\/\/api.w.org\/{rel}","templated":true}]}}