{"id":323902,"date":"2024-03-05T11:28:10","date_gmt":"2024-03-05T14:28:10","guid":{"rendered":"https:\/\/www.notibras.com\/site\/?p=323902"},"modified":"2024-03-05T11:28:35","modified_gmt":"2024-03-05T14:28:35","slug":"catar-latinhas-vira-poesia-silente-na-vida-de-maria","status":"publish","type":"post","link":"https:\/\/www.notibras.com\/site\/catar-latinhas-vira-poesia-silente-na-vida-de-maria\/","title":{"rendered":"Catar latinhas vira poesia silente na vida de Maria"},"content":{"rendered":"<p>A paisagem brilha com os raios do Sol. Um C\u00e9u azul turquesa e um mar verde que se estende at\u00e9 a \u00c1frica. Para alcan\u00e7ar a praia, vielas estreitas aqui e acol\u00e1, esquecidas na pequena cidade litor\u00e2nea, onde o tumulto do cotidiano parece n\u00e3o alcan\u00e7ar. \u00c9 nesse ambiente que uma figura se destaca, embora seja muitas vezes negligenciada por olhares apressados. Dona Maria \u00e9 seu nome, e sua presen\u00e7a \u00e9 uma esp\u00e9cie de poesia silenciosa que permeia o cen\u00e1rio urbano.<\/p>\n<p>Ela \u00e9 uma senhora idosa, com rugas entalhadas em seu rosto como vest\u00edgios de hist\u00f3rias que guardou para si mesma. Seu cabelo branco, desgrenhado pelo vento, parece sussurrar segredos de tempos passados. Mas o que mais chama a aten\u00e7\u00e3o \u00e9 o seu cajado, n\u00e3o como uma marca de fraqueza, mas como um s\u00edmbolo de for\u00e7a e determina\u00e7\u00e3o.<\/p>\n<p>Dona Maria \u00e9 uma catadora de latinhas. Com passos lentos e cuidadosos, ela percorre as ruas, curvando-se ocasionalmente para recolher as pequenas preciosidades que outros descartaram. Seu cajado, inicialmente destinado a sustentar seu corpo envelhecido, tornou-se uma extens\u00e3o de sua identidade, um companheiro leal em sua jornada di\u00e1ria.<\/p>\n<p>Enquanto ela caminha, a vara retesada faz um suave ru\u00eddo na rua coberta de paralelep\u00edpedos, como uma batida compassada que marca o ritmo de sua vida. Nota-se que as pessoas olham para ela com um misto de curiosidade e compaix\u00e3o, mas poucos realmente entendem a profundidade de sua exist\u00eancia.<\/p>\n<p>Para Dona Maria, cada lata que ela recolhe \u00e9 mais do que apenas sucata. \u00c9 uma oportunidade de sobreviv\u00eancia, uma pequena vit\u00f3ria em um mundo que muitas vezes a relega ao esquecimento. Ela conhece o valor do trabalho \u00e1rduo e da perseveran\u00e7a, li\u00e7\u00f5es que a vida lhe ensinou da maneira mais dif\u00edcil.<\/p>\n<p>\u00c0 noite, quando a cidade se acalma e as ruas ficam desertas, Dona Maria volta para sua humilde moradia, carregando consigo as recompensas de seu dia de trabalho. Ela n\u00e3o tem riquezas materiais para exibir, mas seu cora\u00e7\u00e3o est\u00e1 cheio de dignidade e resili\u00eancia.<\/p>\n<p>Dona Maria \u00e9 mais do que apenas uma idosa catadora de latinhas. \u00c9 um s\u00edmbolo de perseveran\u00e7a, testemunha silenciosa da beleza que pode ser encontrada nas margens da sociedade. Cumprimentamo-nos, presenteamo-nos com sorrisos m\u00fatuos. Ficou a certeza de que enquanto ela continuar percorrendo as ruas com o cajado em m\u00e3os, sua presen\u00e7a continuar\u00e1 a ecoar como um lembrete poderoso de que a verdadeira grandeza reside na determina\u00e7\u00e3o de enfrentar os desafios da vida com coragem e dignidade.<\/p>\n","protected":false},"excerpt":{"rendered":"<p>A paisagem brilha com os raios do Sol. Um C\u00e9u azul turquesa e um mar verde que se estende at\u00e9 a \u00c1frica. Para alcan\u00e7ar a praia, vielas estreitas aqui e acol\u00e1, esquecidas na pequena cidade litor\u00e2nea, onde o tumulto do cotidiano parece n\u00e3o alcan\u00e7ar. \u00c9 nesse ambiente que uma figura se destaca, embora seja muitas [&hellip;]<\/p>\n","protected":false},"author":2,"featured_media":323903,"comment_status":"closed","ping_status":"closed","sticky":false,"template":"","format":"standard","meta":{"_acf_changed":false,"footnotes":""},"categories":[166,167,168,169,165,170,171,172,173,174],"tags":[],"class_list":["post-323902","post","type-post","status-publish","format-standard","has-post-thumbnail","hentry","category-alagoas","category-bahia","category-ceara","category-maranhao","category-nordeste","category-paraiba-nordeste","category-pernambuco-nordeste","category-piaui","category-rio-grande-do-norte","category-sergipe"],"acf":[],"yoast_head":"<!-- This site is optimized with the Yoast SEO plugin v27.5 - https:\/\/yoast.com\/product\/yoast-seo-wordpress\/ -->\n<title>Catar latinhas vira poesia silente na vida de Maria - Notibras<\/title>\n<meta name=\"robots\" content=\"index, follow, max-snippet:-1, max-image-preview:large, max-video-preview:-1\" \/>\n<link rel=\"canonical\" href=\"https:\/\/www.notibras.com\/site\/catar-latinhas-vira-poesia-silente-na-vida-de-maria\/\" \/>\n<meta property=\"og:locale\" content=\"pt_BR\" \/>\n<meta property=\"og:type\" content=\"article\" \/>\n<meta property=\"og:title\" content=\"Catar latinhas vira poesia silente na vida de Maria - Notibras\" \/>\n<meta property=\"og:description\" content=\"A paisagem brilha com os raios do Sol. Um C\u00e9u azul turquesa e um mar verde que se estende at\u00e9 a \u00c1frica. Para alcan\u00e7ar a praia, vielas estreitas aqui e acol\u00e1, esquecidas na pequena cidade litor\u00e2nea, onde o tumulto do cotidiano parece n\u00e3o alcan\u00e7ar. \u00c9 nesse ambiente que uma figura se destaca, embora seja muitas [&hellip;]\" \/>\n<meta property=\"og:url\" content=\"https:\/\/www.notibras.com\/site\/catar-latinhas-vira-poesia-silente-na-vida-de-maria\/\" \/>\n<meta property=\"og:site_name\" content=\"Notibras\" \/>\n<meta property=\"article:publisher\" content=\"https:\/\/www.facebook.com\/notibras\/\" \/>\n<meta property=\"article:published_time\" content=\"2024-03-05T14:28:10+00:00\" \/>\n<meta property=\"article:modified_time\" content=\"2024-03-05T14:28:35+00:00\" \/>\n<meta property=\"og:image\" content=\"https:\/\/www.notibras.com\/site\/wp-content\/uploads\/2024\/03\/56450685-af25-4913-86b2-de4f6b36669a.jpeg\" \/>\n\t<meta property=\"og:image:width\" content=\"1024\" \/>\n\t<meta property=\"og:image:height\" content=\"1024\" \/>\n\t<meta property=\"og:image:type\" content=\"image\/jpeg\" \/>\n<meta name=\"author\" content=\"Reda\u00e7\u00e3o\" \/>\n<meta name=\"twitter:card\" content=\"summary_large_image\" \/>\n<meta name=\"twitter:creator\" content=\"@Notibras\" \/>\n<meta name=\"twitter:site\" content=\"@Notibras\" \/>\n<meta name=\"twitter:label1\" content=\"Escrito por\" \/>\n\t<meta name=\"twitter:data1\" content=\"Reda\u00e7\u00e3o\" \/>\n\t<meta name=\"twitter:label2\" content=\"Est. tempo de leitura\" \/>\n\t<meta name=\"twitter:data2\" content=\"3 minutos\" \/>\n<script type=\"application\/ld+json\" class=\"yoast-schema-graph\">{\"@context\":\"https:\\\/\\\/schema.org\",\"@graph\":[{\"@type\":\"Article\",\"@id\":\"https:\\\/\\\/www.notibras.com\\\/site\\\/catar-latinhas-vira-poesia-silente-na-vida-de-maria\\\/#article\",\"isPartOf\":{\"@id\":\"https:\\\/\\\/www.notibras.com\\\/site\\\/catar-latinhas-vira-poesia-silente-na-vida-de-maria\\\/\"},\"author\":{\"name\":\"Reda\u00e7\u00e3o\",\"@id\":\"https:\\\/\\\/www.notibras.com\\\/site\\\/#\\\/schema\\\/person\\\/36ab0979449956132d3e5b517ea76ac8\"},\"headline\":\"Catar latinhas vira poesia silente na vida de Maria\",\"datePublished\":\"2024-03-05T14:28:10+00:00\",\"dateModified\":\"2024-03-05T14:28:35+00:00\",\"mainEntityOfPage\":{\"@id\":\"https:\\\/\\\/www.notibras.com\\\/site\\\/catar-latinhas-vira-poesia-silente-na-vida-de-maria\\\/\"},\"wordCount\":439,\"publisher\":{\"@id\":\"https:\\\/\\\/www.notibras.com\\\/site\\\/#organization\"},\"image\":{\"@id\":\"https:\\\/\\\/www.notibras.com\\\/site\\\/catar-latinhas-vira-poesia-silente-na-vida-de-maria\\\/#primaryimage\"},\"thumbnailUrl\":\"https:\\\/\\\/www.notibras.com\\\/site\\\/wp-content\\\/uploads\\\/2024\\\/03\\\/56450685-af25-4913-86b2-de4f6b36669a.jpeg\",\"articleSection\":[\"Alagoas\",\"Bahia\",\"Cear\u00e1\",\"Maranh\u00e3o\",\"Nordeste\",\"Para\u00edba\",\"Pernambuco\",\"Piau\u00ed\",\"Rio Grande do Norte\",\"Sergipe\"],\"inLanguage\":\"pt-BR\"},{\"@type\":\"WebPage\",\"@id\":\"https:\\\/\\\/www.notibras.com\\\/site\\\/catar-latinhas-vira-poesia-silente-na-vida-de-maria\\\/\",\"url\":\"https:\\\/\\\/www.notibras.com\\\/site\\\/catar-latinhas-vira-poesia-silente-na-vida-de-maria\\\/\",\"name\":\"Catar latinhas vira poesia silente na vida de Maria - Notibras\",\"isPartOf\":{\"@id\":\"https:\\\/\\\/www.notibras.com\\\/site\\\/#website\"},\"primaryImageOfPage\":{\"@id\":\"https:\\\/\\\/www.notibras.com\\\/site\\\/catar-latinhas-vira-poesia-silente-na-vida-de-maria\\\/#primaryimage\"},\"image\":{\"@id\":\"https:\\\/\\\/www.notibras.com\\\/site\\\/catar-latinhas-vira-poesia-silente-na-vida-de-maria\\\/#primaryimage\"},\"thumbnailUrl\":\"https:\\\/\\\/www.notibras.com\\\/site\\\/wp-content\\\/uploads\\\/2024\\\/03\\\/56450685-af25-4913-86b2-de4f6b36669a.jpeg\",\"datePublished\":\"2024-03-05T14:28:10+00:00\",\"dateModified\":\"2024-03-05T14:28:35+00:00\",\"breadcrumb\":{\"@id\":\"https:\\\/\\\/www.notibras.com\\\/site\\\/catar-latinhas-vira-poesia-silente-na-vida-de-maria\\\/#breadcrumb\"},\"inLanguage\":\"pt-BR\",\"potentialAction\":[{\"@type\":\"ReadAction\",\"target\":[\"https:\\\/\\\/www.notibras.com\\\/site\\\/catar-latinhas-vira-poesia-silente-na-vida-de-maria\\\/\"]}]},{\"@type\":\"ImageObject\",\"inLanguage\":\"pt-BR\",\"@id\":\"https:\\\/\\\/www.notibras.com\\\/site\\\/catar-latinhas-vira-poesia-silente-na-vida-de-maria\\\/#primaryimage\",\"url\":\"https:\\\/\\\/www.notibras.com\\\/site\\\/wp-content\\\/uploads\\\/2024\\\/03\\\/56450685-af25-4913-86b2-de4f6b36669a.jpeg\",\"contentUrl\":\"https:\\\/\\\/www.notibras.com\\\/site\\\/wp-content\\\/uploads\\\/2024\\\/03\\\/56450685-af25-4913-86b2-de4f6b36669a.jpeg\",\"width\":1024,\"height\":1024},{\"@type\":\"BreadcrumbList\",\"@id\":\"https:\\\/\\\/www.notibras.com\\\/site\\\/catar-latinhas-vira-poesia-silente-na-vida-de-maria\\\/#breadcrumb\",\"itemListElement\":[{\"@type\":\"ListItem\",\"position\":1,\"name\":\"In\u00edcio\",\"item\":\"https:\\\/\\\/www.notibras.com\\\/site\\\/\"},{\"@type\":\"ListItem\",\"position\":2,\"name\":\"Catar latinhas vira poesia silente na vida de Maria\"}]},{\"@type\":\"WebSite\",\"@id\":\"https:\\\/\\\/www.notibras.com\\\/site\\\/#website\",\"url\":\"https:\\\/\\\/www.notibras.com\\\/site\\\/\",\"name\":\"Notibras\",\"description\":\"Not\u00edcias de Bras\u00edlia, do Brasil e do Mundo\",\"publisher\":{\"@id\":\"https:\\\/\\\/www.notibras.com\\\/site\\\/#organization\"},\"potentialAction\":[{\"@type\":\"SearchAction\",\"target\":{\"@type\":\"EntryPoint\",\"urlTemplate\":\"https:\\\/\\\/www.notibras.com\\\/site\\\/?s={search_term_string}\"},\"query-input\":{\"@type\":\"PropertyValueSpecification\",\"valueRequired\":true,\"valueName\":\"search_term_string\"}}],\"inLanguage\":\"pt-BR\"},{\"@type\":\"Organization\",\"@id\":\"https:\\\/\\\/www.notibras.com\\\/site\\\/#organization\",\"name\":\"Grupo Notibras de Comunica\u00e7\u00e3o\",\"url\":\"https:\\\/\\\/www.notibras.com\\\/site\\\/\",\"logo\":{\"@type\":\"ImageObject\",\"inLanguage\":\"pt-BR\",\"@id\":\"https:\\\/\\\/www.notibras.com\\\/site\\\/#\\\/schema\\\/logo\\\/image\\\/\",\"url\":\"https:\\\/\\\/www.notibras.com\\\/site\\\/wp-content\\\/uploads\\\/2023\\\/01\\\/notibras23.png\",\"contentUrl\":\"https:\\\/\\\/www.notibras.com\\\/site\\\/wp-content\\\/uploads\\\/2023\\\/01\\\/notibras23.png\",\"width\":350,\"height\":87,\"caption\":\"Grupo Notibras de Comunica\u00e7\u00e3o\"},\"image\":{\"@id\":\"https:\\\/\\\/www.notibras.com\\\/site\\\/#\\\/schema\\\/logo\\\/image\\\/\"},\"sameAs\":[\"https:\\\/\\\/www.facebook.com\\\/notibras\\\/\",\"https:\\\/\\\/x.com\\\/Notibras\",\"https:\\\/\\\/www.instagram.com\\\/notibras\\\/\"]},{\"@type\":\"Person\",\"@id\":\"https:\\\/\\\/www.notibras.com\\\/site\\\/#\\\/schema\\\/person\\\/36ab0979449956132d3e5b517ea76ac8\",\"name\":\"Reda\u00e7\u00e3o\",\"image\":{\"@type\":\"ImageObject\",\"inLanguage\":\"pt-BR\",\"@id\":\"https:\\\/\\\/secure.gravatar.com\\\/avatar\\\/e0a867bdedb85fd243eadf09663511f96fc81e0720a4a42581f334ad4303aa6b?s=96&d=mm&r=g\",\"url\":\"https:\\\/\\\/secure.gravatar.com\\\/avatar\\\/e0a867bdedb85fd243eadf09663511f96fc81e0720a4a42581f334ad4303aa6b?s=96&d=mm&r=g\",\"contentUrl\":\"https:\\\/\\\/secure.gravatar.com\\\/avatar\\\/e0a867bdedb85fd243eadf09663511f96fc81e0720a4a42581f334ad4303aa6b?s=96&d=mm&r=g\",\"caption\":\"Reda\u00e7\u00e3o\"}}]}<\/script>\n<!-- \/ Yoast SEO plugin. -->","yoast_head_json":{"title":"Catar latinhas vira poesia silente na vida de Maria - Notibras","robots":{"index":"index","follow":"follow","max-snippet":"max-snippet:-1","max-image-preview":"max-image-preview:large","max-video-preview":"max-video-preview:-1"},"canonical":"https:\/\/www.notibras.com\/site\/catar-latinhas-vira-poesia-silente-na-vida-de-maria\/","og_locale":"pt_BR","og_type":"article","og_title":"Catar latinhas vira poesia silente na vida de Maria - Notibras","og_description":"A paisagem brilha com os raios do Sol. Um C\u00e9u azul turquesa e um mar verde que se estende at\u00e9 a \u00c1frica. Para alcan\u00e7ar a praia, vielas estreitas aqui e acol\u00e1, esquecidas na pequena cidade litor\u00e2nea, onde o tumulto do cotidiano parece n\u00e3o alcan\u00e7ar. \u00c9 nesse ambiente que uma figura se destaca, embora seja muitas [&hellip;]","og_url":"https:\/\/www.notibras.com\/site\/catar-latinhas-vira-poesia-silente-na-vida-de-maria\/","og_site_name":"Notibras","article_publisher":"https:\/\/www.facebook.com\/notibras\/","article_published_time":"2024-03-05T14:28:10+00:00","article_modified_time":"2024-03-05T14:28:35+00:00","og_image":[{"width":1024,"height":1024,"url":"https:\/\/www.notibras.com\/site\/wp-content\/uploads\/2024\/03\/56450685-af25-4913-86b2-de4f6b36669a.jpeg","type":"image\/jpeg"}],"author":"Reda\u00e7\u00e3o","twitter_card":"summary_large_image","twitter_creator":"@Notibras","twitter_site":"@Notibras","twitter_misc":{"Escrito por":"Reda\u00e7\u00e3o","Est. tempo de leitura":"3 minutos"},"schema":{"@context":"https:\/\/schema.org","@graph":[{"@type":"Article","@id":"https:\/\/www.notibras.com\/site\/catar-latinhas-vira-poesia-silente-na-vida-de-maria\/#article","isPartOf":{"@id":"https:\/\/www.notibras.com\/site\/catar-latinhas-vira-poesia-silente-na-vida-de-maria\/"},"author":{"name":"Reda\u00e7\u00e3o","@id":"https:\/\/www.notibras.com\/site\/#\/schema\/person\/36ab0979449956132d3e5b517ea76ac8"},"headline":"Catar latinhas vira poesia silente na vida de Maria","datePublished":"2024-03-05T14:28:10+00:00","dateModified":"2024-03-05T14:28:35+00:00","mainEntityOfPage":{"@id":"https:\/\/www.notibras.com\/site\/catar-latinhas-vira-poesia-silente-na-vida-de-maria\/"},"wordCount":439,"publisher":{"@id":"https:\/\/www.notibras.com\/site\/#organization"},"image":{"@id":"https:\/\/www.notibras.com\/site\/catar-latinhas-vira-poesia-silente-na-vida-de-maria\/#primaryimage"},"thumbnailUrl":"https:\/\/www.notibras.com\/site\/wp-content\/uploads\/2024\/03\/56450685-af25-4913-86b2-de4f6b36669a.jpeg","articleSection":["Alagoas","Bahia","Cear\u00e1","Maranh\u00e3o","Nordeste","Para\u00edba","Pernambuco","Piau\u00ed","Rio Grande do Norte","Sergipe"],"inLanguage":"pt-BR"},{"@type":"WebPage","@id":"https:\/\/www.notibras.com\/site\/catar-latinhas-vira-poesia-silente-na-vida-de-maria\/","url":"https:\/\/www.notibras.com\/site\/catar-latinhas-vira-poesia-silente-na-vida-de-maria\/","name":"Catar latinhas vira poesia silente na vida de Maria - Notibras","isPartOf":{"@id":"https:\/\/www.notibras.com\/site\/#website"},"primaryImageOfPage":{"@id":"https:\/\/www.notibras.com\/site\/catar-latinhas-vira-poesia-silente-na-vida-de-maria\/#primaryimage"},"image":{"@id":"https:\/\/www.notibras.com\/site\/catar-latinhas-vira-poesia-silente-na-vida-de-maria\/#primaryimage"},"thumbnailUrl":"https:\/\/www.notibras.com\/site\/wp-content\/uploads\/2024\/03\/56450685-af25-4913-86b2-de4f6b36669a.jpeg","datePublished":"2024-03-05T14:28:10+00:00","dateModified":"2024-03-05T14:28:35+00:00","breadcrumb":{"@id":"https:\/\/www.notibras.com\/site\/catar-latinhas-vira-poesia-silente-na-vida-de-maria\/#breadcrumb"},"inLanguage":"pt-BR","potentialAction":[{"@type":"ReadAction","target":["https:\/\/www.notibras.com\/site\/catar-latinhas-vira-poesia-silente-na-vida-de-maria\/"]}]},{"@type":"ImageObject","inLanguage":"pt-BR","@id":"https:\/\/www.notibras.com\/site\/catar-latinhas-vira-poesia-silente-na-vida-de-maria\/#primaryimage","url":"https:\/\/www.notibras.com\/site\/wp-content\/uploads\/2024\/03\/56450685-af25-4913-86b2-de4f6b36669a.jpeg","contentUrl":"https:\/\/www.notibras.com\/site\/wp-content\/uploads\/2024\/03\/56450685-af25-4913-86b2-de4f6b36669a.jpeg","width":1024,"height":1024},{"@type":"BreadcrumbList","@id":"https:\/\/www.notibras.com\/site\/catar-latinhas-vira-poesia-silente-na-vida-de-maria\/#breadcrumb","itemListElement":[{"@type":"ListItem","position":1,"name":"In\u00edcio","item":"https:\/\/www.notibras.com\/site\/"},{"@type":"ListItem","position":2,"name":"Catar latinhas vira poesia silente na vida de Maria"}]},{"@type":"WebSite","@id":"https:\/\/www.notibras.com\/site\/#website","url":"https:\/\/www.notibras.com\/site\/","name":"Notibras","description":"Not\u00edcias de Bras\u00edlia, do Brasil e do Mundo","publisher":{"@id":"https:\/\/www.notibras.com\/site\/#organization"},"potentialAction":[{"@type":"SearchAction","target":{"@type":"EntryPoint","urlTemplate":"https:\/\/www.notibras.com\/site\/?s={search_term_string}"},"query-input":{"@type":"PropertyValueSpecification","valueRequired":true,"valueName":"search_term_string"}}],"inLanguage":"pt-BR"},{"@type":"Organization","@id":"https:\/\/www.notibras.com\/site\/#organization","name":"Grupo Notibras de Comunica\u00e7\u00e3o","url":"https:\/\/www.notibras.com\/site\/","logo":{"@type":"ImageObject","inLanguage":"pt-BR","@id":"https:\/\/www.notibras.com\/site\/#\/schema\/logo\/image\/","url":"https:\/\/www.notibras.com\/site\/wp-content\/uploads\/2023\/01\/notibras23.png","contentUrl":"https:\/\/www.notibras.com\/site\/wp-content\/uploads\/2023\/01\/notibras23.png","width":350,"height":87,"caption":"Grupo Notibras de Comunica\u00e7\u00e3o"},"image":{"@id":"https:\/\/www.notibras.com\/site\/#\/schema\/logo\/image\/"},"sameAs":["https:\/\/www.facebook.com\/notibras\/","https:\/\/x.com\/Notibras","https:\/\/www.instagram.com\/notibras\/"]},{"@type":"Person","@id":"https:\/\/www.notibras.com\/site\/#\/schema\/person\/36ab0979449956132d3e5b517ea76ac8","name":"Reda\u00e7\u00e3o","image":{"@type":"ImageObject","inLanguage":"pt-BR","@id":"https:\/\/secure.gravatar.com\/avatar\/e0a867bdedb85fd243eadf09663511f96fc81e0720a4a42581f334ad4303aa6b?s=96&d=mm&r=g","url":"https:\/\/secure.gravatar.com\/avatar\/e0a867bdedb85fd243eadf09663511f96fc81e0720a4a42581f334ad4303aa6b?s=96&d=mm&r=g","contentUrl":"https:\/\/secure.gravatar.com\/avatar\/e0a867bdedb85fd243eadf09663511f96fc81e0720a4a42581f334ad4303aa6b?s=96&d=mm&r=g","caption":"Reda\u00e7\u00e3o"}}]}},"amp_enabled":true,"_links":{"self":[{"href":"https:\/\/www.notibras.com\/site\/wp-json\/wp\/v2\/posts\/323902","targetHints":{"allow":["GET"]}}],"collection":[{"href":"https:\/\/www.notibras.com\/site\/wp-json\/wp\/v2\/posts"}],"about":[{"href":"https:\/\/www.notibras.com\/site\/wp-json\/wp\/v2\/types\/post"}],"author":[{"embeddable":true,"href":"https:\/\/www.notibras.com\/site\/wp-json\/wp\/v2\/users\/2"}],"replies":[{"embeddable":true,"href":"https:\/\/www.notibras.com\/site\/wp-json\/wp\/v2\/comments?post=323902"}],"version-history":[{"count":1,"href":"https:\/\/www.notibras.com\/site\/wp-json\/wp\/v2\/posts\/323902\/revisions"}],"predecessor-version":[{"id":323904,"href":"https:\/\/www.notibras.com\/site\/wp-json\/wp\/v2\/posts\/323902\/revisions\/323904"}],"wp:featuredmedia":[{"embeddable":true,"href":"https:\/\/www.notibras.com\/site\/wp-json\/wp\/v2\/media\/323903"}],"wp:attachment":[{"href":"https:\/\/www.notibras.com\/site\/wp-json\/wp\/v2\/media?parent=323902"}],"wp:term":[{"taxonomy":"category","embeddable":true,"href":"https:\/\/www.notibras.com\/site\/wp-json\/wp\/v2\/categories?post=323902"},{"taxonomy":"post_tag","embeddable":true,"href":"https:\/\/www.notibras.com\/site\/wp-json\/wp\/v2\/tags?post=323902"}],"curies":[{"name":"wp","href":"https:\/\/api.w.org\/{rel}","templated":true}]}}