{"id":323911,"date":"2024-03-05T11:30:55","date_gmt":"2024-03-05T14:30:55","guid":{"rendered":"https:\/\/www.notibras.com\/site\/?p=323911"},"modified":"2024-03-05T13:33:42","modified_gmt":"2024-03-05T16:33:42","slug":"grass-que-perdeu-para-ibaneis-fica-8-anos-fora-de-eleicoes","status":"publish","type":"post","link":"https:\/\/www.notibras.com\/site\/grass-que-perdeu-para-ibaneis-fica-8-anos-fora-de-eleicoes\/","title":{"rendered":"Grass, que perdeu para Ibaneis, fica 8 anos fora de elei\u00e7\u00f5es"},"content":{"rendered":"<p>O Tribunal Regional Eleitoral do Distrito Federal (TRE-DF) decidiu por 4 votos a 2 tornar o soci\u00f3logo Leandro Grass (PV), ex-candidato ao governo do DF, ineleg\u00edvel por 8 anos, por abuso dos meios de comunica\u00e7\u00e3o durante a campanha de 2022. Ainda \u00e9 poss\u00edvel recorrer da decis\u00e3o.<\/p>\n<p>A inelegibilidade tamb\u00e9m atinge Olgamir Amancia Ferreira, candidata a vice-governadora na chapa de Grass, que ficou em segundo lugar na elei\u00e7\u00e3o. A maioria do TRE-DF considerou que a dupla teve participa\u00e7\u00e3o na dissemina\u00e7\u00e3o de not\u00edcias falsas e desinforma\u00e7\u00e3o sobre o ent\u00e3o candidato Ibaneis Rocha (MDB), incluindo cal\u00fanias e difama\u00e7\u00f5es.<\/p>\n<p>A maioria dos desembargadores acolheu as alega\u00e7\u00f5es da coliga\u00e7\u00e3o Unidos pelo DF, de Ibaneis, segundo as quais Grass teria utilizado o hor\u00e1rio gratuito na TV, no r\u00e1dio e tamb\u00e9m na internet para disseminar desinforma\u00e7\u00e3o sobre o governador, que tentava a reelei\u00e7\u00e3o.<\/p>\n<p>Como agravante, foi apontada a participa\u00e7\u00e3o de Ricardo Taffner, coordenador de comunica\u00e7\u00e3o da campanha de Grass, na publica\u00e7\u00e3o do material falso. Ele foi multado em R$ 20 mil pela maioria do TRE-DF.<\/p>\n<p>O relator do caso, desembargador Mario-Zam Belmiro Rosa, ficou vencido na vota\u00e7\u00e3o. Para ele, eventuais fake news disseminadas pela campanha de Grass n\u00e3o tiveram gravidade suficiente para afetar o resultado do pleito, tendo em vista inclusive que Ibaneis conseguiu se reeleger. Ele foi seguido pelo desembargador Dem\u00e9trius Gomes Cavalcanti.<\/p>\n<p>Atual presidente do Instituto do Patrim\u00f4nio Hist\u00f3rico e Art\u00edstico Nacional (Iphan), vinculado ao Minist\u00e9rio da Cultura, Grass comentou o caso em sua conta na rede social X.<\/p>\n<p>Grass agradeceu as mensagens de apoio e disse que vai recorrer da decis\u00e3o, \u201cconfiando na justi\u00e7a e na verdade, que com certeza prevalecer\u00e3o\u201d.<\/p>\n","protected":false},"excerpt":{"rendered":"<p>O Tribunal Regional Eleitoral do Distrito Federal (TRE-DF) decidiu por 4 votos a 2 tornar o soci\u00f3logo Leandro Grass (PV), ex-candidato ao governo do DF, ineleg\u00edvel por 8 anos, por abuso dos meios de comunica\u00e7\u00e3o durante a campanha de 2022. Ainda \u00e9 poss\u00edvel recorrer da decis\u00e3o. A inelegibilidade tamb\u00e9m atinge Olgamir Amancia Ferreira, candidata a [&hellip;]<\/p>\n","protected":false},"author":2,"featured_media":323912,"comment_status":"closed","ping_status":"closed","sticky":false,"template":"","format":"standard","meta":{"_acf_changed":false,"footnotes":""},"categories":[161],"tags":[95],"class_list":["post-323911","post","type-post","status-publish","format-standard","has-post-thumbnail","hentry","category-quadradinho-em-foco","tag-capa"],"acf":[],"yoast_head":"<!-- This site is optimized with the Yoast SEO plugin v27.5 - https:\/\/yoast.com\/product\/yoast-seo-wordpress\/ -->\n<title>Grass, que perdeu para Ibaneis, fica 8 anos fora de elei\u00e7\u00f5es - Notibras<\/title>\n<meta name=\"robots\" content=\"index, follow, max-snippet:-1, max-image-preview:large, max-video-preview:-1\" \/>\n<link rel=\"canonical\" href=\"https:\/\/www.notibras.com\/site\/grass-que-perdeu-para-ibaneis-fica-8-anos-fora-de-eleicoes\/\" \/>\n<meta property=\"og:locale\" content=\"pt_BR\" \/>\n<meta property=\"og:type\" content=\"article\" \/>\n<meta property=\"og:title\" content=\"Grass, que perdeu para Ibaneis, fica 8 anos fora de elei\u00e7\u00f5es - Notibras\" \/>\n<meta property=\"og:description\" content=\"O Tribunal Regional Eleitoral do Distrito Federal (TRE-DF) decidiu por 4 votos a 2 tornar o soci\u00f3logo Leandro Grass (PV), ex-candidato ao governo do DF, ineleg\u00edvel por 8 anos, por abuso dos meios de comunica\u00e7\u00e3o durante a campanha de 2022. Ainda \u00e9 poss\u00edvel recorrer da decis\u00e3o. A inelegibilidade tamb\u00e9m atinge Olgamir Amancia Ferreira, candidata a [&hellip;]\" \/>\n<meta property=\"og:url\" content=\"https:\/\/www.notibras.com\/site\/grass-que-perdeu-para-ibaneis-fica-8-anos-fora-de-eleicoes\/\" \/>\n<meta property=\"og:site_name\" content=\"Notibras\" \/>\n<meta property=\"article:publisher\" content=\"https:\/\/www.facebook.com\/notibras\/\" \/>\n<meta property=\"article:published_time\" content=\"2024-03-05T14:30:55+00:00\" \/>\n<meta property=\"article:modified_time\" content=\"2024-03-05T16:33:42+00:00\" \/>\n<meta property=\"og:image\" content=\"https:\/\/www.notibras.com\/site\/wp-content\/uploads\/2024\/03\/grass.fora_.webp\" \/>\n\t<meta property=\"og:image:width\" content=\"1170\" \/>\n\t<meta property=\"og:image:height\" content=\"700\" \/>\n\t<meta property=\"og:image:type\" content=\"image\/webp\" \/>\n<meta name=\"author\" content=\"Reda\u00e7\u00e3o\" \/>\n<meta name=\"twitter:card\" content=\"summary_large_image\" \/>\n<meta name=\"twitter:creator\" content=\"@Notibras\" \/>\n<meta name=\"twitter:site\" content=\"@Notibras\" \/>\n<meta name=\"twitter:label1\" content=\"Escrito por\" \/>\n\t<meta name=\"twitter:data1\" content=\"Reda\u00e7\u00e3o\" \/>\n\t<meta name=\"twitter:label2\" content=\"Est. tempo de leitura\" \/>\n\t<meta name=\"twitter:data2\" content=\"2 minutos\" \/>\n<script type=\"application\/ld+json\" class=\"yoast-schema-graph\">{\"@context\":\"https:\\\/\\\/schema.org\",\"@graph\":[{\"@type\":\"Article\",\"@id\":\"https:\\\/\\\/www.notibras.com\\\/site\\\/grass-que-perdeu-para-ibaneis-fica-8-anos-fora-de-eleicoes\\\/#article\",\"isPartOf\":{\"@id\":\"https:\\\/\\\/www.notibras.com\\\/site\\\/grass-que-perdeu-para-ibaneis-fica-8-anos-fora-de-eleicoes\\\/\"},\"author\":{\"name\":\"Reda\u00e7\u00e3o\",\"@id\":\"https:\\\/\\\/www.notibras.com\\\/site\\\/#\\\/schema\\\/person\\\/36ab0979449956132d3e5b517ea76ac8\"},\"headline\":\"Grass, que perdeu para Ibaneis, fica 8 anos fora de elei\u00e7\u00f5es\",\"datePublished\":\"2024-03-05T14:30:55+00:00\",\"dateModified\":\"2024-03-05T16:33:42+00:00\",\"mainEntityOfPage\":{\"@id\":\"https:\\\/\\\/www.notibras.com\\\/site\\\/grass-que-perdeu-para-ibaneis-fica-8-anos-fora-de-eleicoes\\\/\"},\"wordCount\":306,\"publisher\":{\"@id\":\"https:\\\/\\\/www.notibras.com\\\/site\\\/#organization\"},\"image\":{\"@id\":\"https:\\\/\\\/www.notibras.com\\\/site\\\/grass-que-perdeu-para-ibaneis-fica-8-anos-fora-de-eleicoes\\\/#primaryimage\"},\"thumbnailUrl\":\"https:\\\/\\\/www.notibras.com\\\/site\\\/wp-content\\\/uploads\\\/2024\\\/03\\\/grass.fora_.webp\",\"keywords\":[\"capa\"],\"articleSection\":[\"Quadradinho em Foco\"],\"inLanguage\":\"pt-BR\"},{\"@type\":\"WebPage\",\"@id\":\"https:\\\/\\\/www.notibras.com\\\/site\\\/grass-que-perdeu-para-ibaneis-fica-8-anos-fora-de-eleicoes\\\/\",\"url\":\"https:\\\/\\\/www.notibras.com\\\/site\\\/grass-que-perdeu-para-ibaneis-fica-8-anos-fora-de-eleicoes\\\/\",\"name\":\"Grass, que perdeu para Ibaneis, fica 8 anos fora de elei\u00e7\u00f5es - Notibras\",\"isPartOf\":{\"@id\":\"https:\\\/\\\/www.notibras.com\\\/site\\\/#website\"},\"primaryImageOfPage\":{\"@id\":\"https:\\\/\\\/www.notibras.com\\\/site\\\/grass-que-perdeu-para-ibaneis-fica-8-anos-fora-de-eleicoes\\\/#primaryimage\"},\"image\":{\"@id\":\"https:\\\/\\\/www.notibras.com\\\/site\\\/grass-que-perdeu-para-ibaneis-fica-8-anos-fora-de-eleicoes\\\/#primaryimage\"},\"thumbnailUrl\":\"https:\\\/\\\/www.notibras.com\\\/site\\\/wp-content\\\/uploads\\\/2024\\\/03\\\/grass.fora_.webp\",\"datePublished\":\"2024-03-05T14:30:55+00:00\",\"dateModified\":\"2024-03-05T16:33:42+00:00\",\"breadcrumb\":{\"@id\":\"https:\\\/\\\/www.notibras.com\\\/site\\\/grass-que-perdeu-para-ibaneis-fica-8-anos-fora-de-eleicoes\\\/#breadcrumb\"},\"inLanguage\":\"pt-BR\",\"potentialAction\":[{\"@type\":\"ReadAction\",\"target\":[\"https:\\\/\\\/www.notibras.com\\\/site\\\/grass-que-perdeu-para-ibaneis-fica-8-anos-fora-de-eleicoes\\\/\"]}]},{\"@type\":\"ImageObject\",\"inLanguage\":\"pt-BR\",\"@id\":\"https:\\\/\\\/www.notibras.com\\\/site\\\/grass-que-perdeu-para-ibaneis-fica-8-anos-fora-de-eleicoes\\\/#primaryimage\",\"url\":\"https:\\\/\\\/www.notibras.com\\\/site\\\/wp-content\\\/uploads\\\/2024\\\/03\\\/grass.fora_.webp\",\"contentUrl\":\"https:\\\/\\\/www.notibras.com\\\/site\\\/wp-content\\\/uploads\\\/2024\\\/03\\\/grass.fora_.webp\",\"width\":1170,\"height\":700},{\"@type\":\"BreadcrumbList\",\"@id\":\"https:\\\/\\\/www.notibras.com\\\/site\\\/grass-que-perdeu-para-ibaneis-fica-8-anos-fora-de-eleicoes\\\/#breadcrumb\",\"itemListElement\":[{\"@type\":\"ListItem\",\"position\":1,\"name\":\"In\u00edcio\",\"item\":\"https:\\\/\\\/www.notibras.com\\\/site\\\/\"},{\"@type\":\"ListItem\",\"position\":2,\"name\":\"Grass, que perdeu para Ibaneis, fica 8 anos fora de elei\u00e7\u00f5es\"}]},{\"@type\":\"WebSite\",\"@id\":\"https:\\\/\\\/www.notibras.com\\\/site\\\/#website\",\"url\":\"https:\\\/\\\/www.notibras.com\\\/site\\\/\",\"name\":\"Notibras\",\"description\":\"Not\u00edcias de Bras\u00edlia, do Brasil e do Mundo\",\"publisher\":{\"@id\":\"https:\\\/\\\/www.notibras.com\\\/site\\\/#organization\"},\"potentialAction\":[{\"@type\":\"SearchAction\",\"target\":{\"@type\":\"EntryPoint\",\"urlTemplate\":\"https:\\\/\\\/www.notibras.com\\\/site\\\/?s={search_term_string}\"},\"query-input\":{\"@type\":\"PropertyValueSpecification\",\"valueRequired\":true,\"valueName\":\"search_term_string\"}}],\"inLanguage\":\"pt-BR\"},{\"@type\":\"Organization\",\"@id\":\"https:\\\/\\\/www.notibras.com\\\/site\\\/#organization\",\"name\":\"Grupo Notibras de Comunica\u00e7\u00e3o\",\"url\":\"https:\\\/\\\/www.notibras.com\\\/site\\\/\",\"logo\":{\"@type\":\"ImageObject\",\"inLanguage\":\"pt-BR\",\"@id\":\"https:\\\/\\\/www.notibras.com\\\/site\\\/#\\\/schema\\\/logo\\\/image\\\/\",\"url\":\"https:\\\/\\\/www.notibras.com\\\/site\\\/wp-content\\\/uploads\\\/2023\\\/01\\\/notibras23.png\",\"contentUrl\":\"https:\\\/\\\/www.notibras.com\\\/site\\\/wp-content\\\/uploads\\\/2023\\\/01\\\/notibras23.png\",\"width\":350,\"height\":87,\"caption\":\"Grupo Notibras de Comunica\u00e7\u00e3o\"},\"image\":{\"@id\":\"https:\\\/\\\/www.notibras.com\\\/site\\\/#\\\/schema\\\/logo\\\/image\\\/\"},\"sameAs\":[\"https:\\\/\\\/www.facebook.com\\\/notibras\\\/\",\"https:\\\/\\\/x.com\\\/Notibras\",\"https:\\\/\\\/www.instagram.com\\\/notibras\\\/\"]},{\"@type\":\"Person\",\"@id\":\"https:\\\/\\\/www.notibras.com\\\/site\\\/#\\\/schema\\\/person\\\/36ab0979449956132d3e5b517ea76ac8\",\"name\":\"Reda\u00e7\u00e3o\",\"image\":{\"@type\":\"ImageObject\",\"inLanguage\":\"pt-BR\",\"@id\":\"https:\\\/\\\/secure.gravatar.com\\\/avatar\\\/e0a867bdedb85fd243eadf09663511f96fc81e0720a4a42581f334ad4303aa6b?s=96&d=mm&r=g\",\"url\":\"https:\\\/\\\/secure.gravatar.com\\\/avatar\\\/e0a867bdedb85fd243eadf09663511f96fc81e0720a4a42581f334ad4303aa6b?s=96&d=mm&r=g\",\"contentUrl\":\"https:\\\/\\\/secure.gravatar.com\\\/avatar\\\/e0a867bdedb85fd243eadf09663511f96fc81e0720a4a42581f334ad4303aa6b?s=96&d=mm&r=g\",\"caption\":\"Reda\u00e7\u00e3o\"}}]}<\/script>\n<!-- \/ Yoast SEO plugin. -->","yoast_head_json":{"title":"Grass, que perdeu para Ibaneis, fica 8 anos fora de elei\u00e7\u00f5es - Notibras","robots":{"index":"index","follow":"follow","max-snippet":"max-snippet:-1","max-image-preview":"max-image-preview:large","max-video-preview":"max-video-preview:-1"},"canonical":"https:\/\/www.notibras.com\/site\/grass-que-perdeu-para-ibaneis-fica-8-anos-fora-de-eleicoes\/","og_locale":"pt_BR","og_type":"article","og_title":"Grass, que perdeu para Ibaneis, fica 8 anos fora de elei\u00e7\u00f5es - Notibras","og_description":"O Tribunal Regional Eleitoral do Distrito Federal (TRE-DF) decidiu por 4 votos a 2 tornar o soci\u00f3logo Leandro Grass (PV), ex-candidato ao governo do DF, ineleg\u00edvel por 8 anos, por abuso dos meios de comunica\u00e7\u00e3o durante a campanha de 2022. Ainda \u00e9 poss\u00edvel recorrer da decis\u00e3o. A inelegibilidade tamb\u00e9m atinge Olgamir Amancia Ferreira, candidata a [&hellip;]","og_url":"https:\/\/www.notibras.com\/site\/grass-que-perdeu-para-ibaneis-fica-8-anos-fora-de-eleicoes\/","og_site_name":"Notibras","article_publisher":"https:\/\/www.facebook.com\/notibras\/","article_published_time":"2024-03-05T14:30:55+00:00","article_modified_time":"2024-03-05T16:33:42+00:00","og_image":[{"width":1170,"height":700,"url":"https:\/\/www.notibras.com\/site\/wp-content\/uploads\/2024\/03\/grass.fora_.webp","type":"image\/webp"}],"author":"Reda\u00e7\u00e3o","twitter_card":"summary_large_image","twitter_creator":"@Notibras","twitter_site":"@Notibras","twitter_misc":{"Escrito por":"Reda\u00e7\u00e3o","Est. tempo de leitura":"2 minutos"},"schema":{"@context":"https:\/\/schema.org","@graph":[{"@type":"Article","@id":"https:\/\/www.notibras.com\/site\/grass-que-perdeu-para-ibaneis-fica-8-anos-fora-de-eleicoes\/#article","isPartOf":{"@id":"https:\/\/www.notibras.com\/site\/grass-que-perdeu-para-ibaneis-fica-8-anos-fora-de-eleicoes\/"},"author":{"name":"Reda\u00e7\u00e3o","@id":"https:\/\/www.notibras.com\/site\/#\/schema\/person\/36ab0979449956132d3e5b517ea76ac8"},"headline":"Grass, que perdeu para Ibaneis, fica 8 anos fora de elei\u00e7\u00f5es","datePublished":"2024-03-05T14:30:55+00:00","dateModified":"2024-03-05T16:33:42+00:00","mainEntityOfPage":{"@id":"https:\/\/www.notibras.com\/site\/grass-que-perdeu-para-ibaneis-fica-8-anos-fora-de-eleicoes\/"},"wordCount":306,"publisher":{"@id":"https:\/\/www.notibras.com\/site\/#organization"},"image":{"@id":"https:\/\/www.notibras.com\/site\/grass-que-perdeu-para-ibaneis-fica-8-anos-fora-de-eleicoes\/#primaryimage"},"thumbnailUrl":"https:\/\/www.notibras.com\/site\/wp-content\/uploads\/2024\/03\/grass.fora_.webp","keywords":["capa"],"articleSection":["Quadradinho em Foco"],"inLanguage":"pt-BR"},{"@type":"WebPage","@id":"https:\/\/www.notibras.com\/site\/grass-que-perdeu-para-ibaneis-fica-8-anos-fora-de-eleicoes\/","url":"https:\/\/www.notibras.com\/site\/grass-que-perdeu-para-ibaneis-fica-8-anos-fora-de-eleicoes\/","name":"Grass, que perdeu para Ibaneis, fica 8 anos fora de elei\u00e7\u00f5es - Notibras","isPartOf":{"@id":"https:\/\/www.notibras.com\/site\/#website"},"primaryImageOfPage":{"@id":"https:\/\/www.notibras.com\/site\/grass-que-perdeu-para-ibaneis-fica-8-anos-fora-de-eleicoes\/#primaryimage"},"image":{"@id":"https:\/\/www.notibras.com\/site\/grass-que-perdeu-para-ibaneis-fica-8-anos-fora-de-eleicoes\/#primaryimage"},"thumbnailUrl":"https:\/\/www.notibras.com\/site\/wp-content\/uploads\/2024\/03\/grass.fora_.webp","datePublished":"2024-03-05T14:30:55+00:00","dateModified":"2024-03-05T16:33:42+00:00","breadcrumb":{"@id":"https:\/\/www.notibras.com\/site\/grass-que-perdeu-para-ibaneis-fica-8-anos-fora-de-eleicoes\/#breadcrumb"},"inLanguage":"pt-BR","potentialAction":[{"@type":"ReadAction","target":["https:\/\/www.notibras.com\/site\/grass-que-perdeu-para-ibaneis-fica-8-anos-fora-de-eleicoes\/"]}]},{"@type":"ImageObject","inLanguage":"pt-BR","@id":"https:\/\/www.notibras.com\/site\/grass-que-perdeu-para-ibaneis-fica-8-anos-fora-de-eleicoes\/#primaryimage","url":"https:\/\/www.notibras.com\/site\/wp-content\/uploads\/2024\/03\/grass.fora_.webp","contentUrl":"https:\/\/www.notibras.com\/site\/wp-content\/uploads\/2024\/03\/grass.fora_.webp","width":1170,"height":700},{"@type":"BreadcrumbList","@id":"https:\/\/www.notibras.com\/site\/grass-que-perdeu-para-ibaneis-fica-8-anos-fora-de-eleicoes\/#breadcrumb","itemListElement":[{"@type":"ListItem","position":1,"name":"In\u00edcio","item":"https:\/\/www.notibras.com\/site\/"},{"@type":"ListItem","position":2,"name":"Grass, que perdeu para Ibaneis, fica 8 anos fora de elei\u00e7\u00f5es"}]},{"@type":"WebSite","@id":"https:\/\/www.notibras.com\/site\/#website","url":"https:\/\/www.notibras.com\/site\/","name":"Notibras","description":"Not\u00edcias de Bras\u00edlia, do Brasil e do Mundo","publisher":{"@id":"https:\/\/www.notibras.com\/site\/#organization"},"potentialAction":[{"@type":"SearchAction","target":{"@type":"EntryPoint","urlTemplate":"https:\/\/www.notibras.com\/site\/?s={search_term_string}"},"query-input":{"@type":"PropertyValueSpecification","valueRequired":true,"valueName":"search_term_string"}}],"inLanguage":"pt-BR"},{"@type":"Organization","@id":"https:\/\/www.notibras.com\/site\/#organization","name":"Grupo Notibras de Comunica\u00e7\u00e3o","url":"https:\/\/www.notibras.com\/site\/","logo":{"@type":"ImageObject","inLanguage":"pt-BR","@id":"https:\/\/www.notibras.com\/site\/#\/schema\/logo\/image\/","url":"https:\/\/www.notibras.com\/site\/wp-content\/uploads\/2023\/01\/notibras23.png","contentUrl":"https:\/\/www.notibras.com\/site\/wp-content\/uploads\/2023\/01\/notibras23.png","width":350,"height":87,"caption":"Grupo Notibras de Comunica\u00e7\u00e3o"},"image":{"@id":"https:\/\/www.notibras.com\/site\/#\/schema\/logo\/image\/"},"sameAs":["https:\/\/www.facebook.com\/notibras\/","https:\/\/x.com\/Notibras","https:\/\/www.instagram.com\/notibras\/"]},{"@type":"Person","@id":"https:\/\/www.notibras.com\/site\/#\/schema\/person\/36ab0979449956132d3e5b517ea76ac8","name":"Reda\u00e7\u00e3o","image":{"@type":"ImageObject","inLanguage":"pt-BR","@id":"https:\/\/secure.gravatar.com\/avatar\/e0a867bdedb85fd243eadf09663511f96fc81e0720a4a42581f334ad4303aa6b?s=96&d=mm&r=g","url":"https:\/\/secure.gravatar.com\/avatar\/e0a867bdedb85fd243eadf09663511f96fc81e0720a4a42581f334ad4303aa6b?s=96&d=mm&r=g","contentUrl":"https:\/\/secure.gravatar.com\/avatar\/e0a867bdedb85fd243eadf09663511f96fc81e0720a4a42581f334ad4303aa6b?s=96&d=mm&r=g","caption":"Reda\u00e7\u00e3o"}}]}},"amp_enabled":true,"_links":{"self":[{"href":"https:\/\/www.notibras.com\/site\/wp-json\/wp\/v2\/posts\/323911","targetHints":{"allow":["GET"]}}],"collection":[{"href":"https:\/\/www.notibras.com\/site\/wp-json\/wp\/v2\/posts"}],"about":[{"href":"https:\/\/www.notibras.com\/site\/wp-json\/wp\/v2\/types\/post"}],"author":[{"embeddable":true,"href":"https:\/\/www.notibras.com\/site\/wp-json\/wp\/v2\/users\/2"}],"replies":[{"embeddable":true,"href":"https:\/\/www.notibras.com\/site\/wp-json\/wp\/v2\/comments?post=323911"}],"version-history":[{"count":1,"href":"https:\/\/www.notibras.com\/site\/wp-json\/wp\/v2\/posts\/323911\/revisions"}],"predecessor-version":[{"id":323913,"href":"https:\/\/www.notibras.com\/site\/wp-json\/wp\/v2\/posts\/323911\/revisions\/323913"}],"wp:featuredmedia":[{"embeddable":true,"href":"https:\/\/www.notibras.com\/site\/wp-json\/wp\/v2\/media\/323912"}],"wp:attachment":[{"href":"https:\/\/www.notibras.com\/site\/wp-json\/wp\/v2\/media?parent=323911"}],"wp:term":[{"taxonomy":"category","embeddable":true,"href":"https:\/\/www.notibras.com\/site\/wp-json\/wp\/v2\/categories?post=323911"},{"taxonomy":"post_tag","embeddable":true,"href":"https:\/\/www.notibras.com\/site\/wp-json\/wp\/v2\/tags?post=323911"}],"curies":[{"name":"wp","href":"https:\/\/api.w.org\/{rel}","templated":true}]}}