{"id":323917,"date":"2024-03-05T11:44:07","date_gmt":"2024-03-05T14:44:07","guid":{"rendered":"https:\/\/www.notibras.com\/site\/?p=323917"},"modified":"2024-03-05T13:46:25","modified_gmt":"2024-03-05T16:46:25","slug":"casos-de-dengue-este-ano-ja-superam-o-total-de-2023","status":"publish","type":"post","link":"https:\/\/www.notibras.com\/site\/casos-de-dengue-este-ano-ja-superam-o-total-de-2023\/","title":{"rendered":"Casos de dengue este ano j\u00e1 superam o total de 2023"},"content":{"rendered":"<p>Dados do Painel de Monitoramento de Arboviroses do Minist\u00e9rio da Sa\u00fade mostram que pelo menos cinco estados e o Distrito Federal j\u00e1 acumulam mais casos de dengue nas primeiras semanas de 2024 do que em todo o ano de 2023.<\/p>\n<p>At\u00e9 segunda-feira (4), o Amap\u00e1 contabilizava 1.950 casos prov\u00e1veis da doen\u00e7a contra 1.237 no ano passado. No Amazonas, s\u00e3o 8.304 casos prov\u00e1veis contra 6.450. Em Goi\u00e1s, a propor\u00e7\u00e3o \u00e9 de 69.737 casos prov\u00e1veis contra 69.718. No Rio de Janeiro, s\u00e3o 92.445 casos prov\u00e1veis contra 49.330. Em Roraima, a propor\u00e7\u00e3o \u00e9 de 299 casos prov\u00e1veis contra 237. J\u00e1 o Distrito Federal tem 117.588 casos prov\u00e1veis contra 38.584 em 2023.<\/p>\n<p>No Amap\u00e1, o coeficiente de incid\u00eancia da dengue \u00e9 de 265,9 casos para cada grupo de 100 mil habitantes. No Amazonas, s\u00e3o 210,7 casos para cada 100 mil habitantes. Em Goi\u00e1s, 988,4 casos para cada 100 mil habitantes. No Rio de Janeiro, s\u00e3o 575,8 casos para cada 100 mil habitantes. Em Roraima, 47 casos para cada 100 mil habitantes. E no Distrito Federal, 4.174,1 casos para cada 100 mil habitantes.<\/p>\n<p>Das unidades federativas com casos que superam os de 2023, Acre, Distrito Federal, Goi\u00e1s e Rio de Janeiro decretaram emerg\u00eancia em sa\u00fade p\u00fablica em raz\u00e3o da explos\u00e3o de casos de dengue. Minas Gerais tamb\u00e9m decretou emerg\u00eancia e j\u00e1 registra, em 2024, um n\u00famero bem pr\u00f3ximo ao total de casos prov\u00e1veis contabilizados em 2023: s\u00e3o 407.977 casos contabilizados nas primeiras semanas deste ano contra 408.393 ao longo de todo o ano passado.<\/p>\n<p>Esp\u00edrito Santo, Santa Catarina e S\u00e3o Paulo tamb\u00e9m decretaram emerg\u00eancia em sa\u00fade p\u00fablica \u2013 o primeiro tem 43.743 casos prov\u00e1veis de dengue contra 138.426 no ano passado, o segundo, 35.536 casos contra 144.368 em 2023 e o terceiro, 217.633 contra 339.604.<\/p>\n","protected":false},"excerpt":{"rendered":"<p>Dados do Painel de Monitoramento de Arboviroses do Minist\u00e9rio da Sa\u00fade mostram que pelo menos cinco estados e o Distrito Federal j\u00e1 acumulam mais casos de dengue nas primeiras semanas de 2024 do que em todo o ano de 2023. At\u00e9 segunda-feira (4), o Amap\u00e1 contabilizava 1.950 casos prov\u00e1veis da doen\u00e7a contra 1.237 no ano [&hellip;]<\/p>\n","protected":false},"author":2,"featured_media":323918,"comment_status":"closed","ping_status":"closed","sticky":false,"template":"","format":"standard","meta":{"_acf_changed":false,"footnotes":""},"categories":[161],"tags":[95],"class_list":["post-323917","post","type-post","status-publish","format-standard","has-post-thumbnail","hentry","category-quadradinho-em-foco","tag-capa"],"acf":[],"yoast_head":"<!-- This site is optimized with the Yoast SEO plugin v27.2 - https:\/\/yoast.com\/product\/yoast-seo-wordpress\/ -->\n<title>Casos de dengue este ano j\u00e1 superam o total de 2023 - Notibras<\/title>\n<meta name=\"robots\" content=\"index, follow, max-snippet:-1, max-image-preview:large, max-video-preview:-1\" \/>\n<link rel=\"canonical\" href=\"https:\/\/www.notibras.com\/site\/casos-de-dengue-este-ano-ja-superam-o-total-de-2023\/\" \/>\n<meta property=\"og:locale\" content=\"pt_BR\" \/>\n<meta property=\"og:type\" content=\"article\" \/>\n<meta property=\"og:title\" content=\"Casos de dengue este ano j\u00e1 superam o total de 2023 - Notibras\" \/>\n<meta property=\"og:description\" content=\"Dados do Painel de Monitoramento de Arboviroses do Minist\u00e9rio da Sa\u00fade mostram que pelo menos cinco estados e o Distrito Federal j\u00e1 acumulam mais casos de dengue nas primeiras semanas de 2024 do que em todo o ano de 2023. At\u00e9 segunda-feira (4), o Amap\u00e1 contabilizava 1.950 casos prov\u00e1veis da doen\u00e7a contra 1.237 no ano [&hellip;]\" \/>\n<meta property=\"og:url\" content=\"https:\/\/www.notibras.com\/site\/casos-de-dengue-este-ano-ja-superam-o-total-de-2023\/\" \/>\n<meta property=\"og:site_name\" content=\"Notibras\" \/>\n<meta property=\"article:publisher\" content=\"https:\/\/www.facebook.com\/notibras\/\" \/>\n<meta property=\"article:published_time\" content=\"2024-03-05T14:44:07+00:00\" \/>\n<meta property=\"article:modified_time\" content=\"2024-03-05T16:46:25+00:00\" \/>\n<meta property=\"og:image\" content=\"https:\/\/www.notibras.com\/site\/wp-content\/uploads\/2024\/03\/dengue23.24.webp\" \/>\n\t<meta property=\"og:image:width\" content=\"1170\" \/>\n\t<meta property=\"og:image:height\" content=\"700\" \/>\n\t<meta property=\"og:image:type\" content=\"image\/webp\" \/>\n<meta name=\"author\" content=\"Reda\u00e7\u00e3o\" \/>\n<meta name=\"twitter:card\" content=\"summary_large_image\" \/>\n<meta name=\"twitter:creator\" content=\"@Notibras\" \/>\n<meta name=\"twitter:site\" content=\"@Notibras\" \/>\n<meta name=\"twitter:label1\" content=\"Escrito por\" \/>\n\t<meta name=\"twitter:data1\" content=\"Reda\u00e7\u00e3o\" \/>\n\t<meta name=\"twitter:label2\" content=\"Est. tempo de leitura\" \/>\n\t<meta name=\"twitter:data2\" content=\"2 minutos\" \/>\n<script type=\"application\/ld+json\" class=\"yoast-schema-graph\">{\"@context\":\"https:\/\/schema.org\",\"@graph\":[{\"@type\":\"Article\",\"@id\":\"https:\/\/www.notibras.com\/site\/casos-de-dengue-este-ano-ja-superam-o-total-de-2023\/#article\",\"isPartOf\":{\"@id\":\"https:\/\/www.notibras.com\/site\/casos-de-dengue-este-ano-ja-superam-o-total-de-2023\/\"},\"author\":{\"name\":\"Reda\u00e7\u00e3o\",\"@id\":\"https:\/\/www.notibras.com\/site\/#\/schema\/person\/36ab0979449956132d3e5b517ea76ac8\"},\"headline\":\"Casos de dengue este ano j\u00e1 superam o total de 2023\",\"datePublished\":\"2024-03-05T14:44:07+00:00\",\"dateModified\":\"2024-03-05T16:46:25+00:00\",\"mainEntityOfPage\":{\"@id\":\"https:\/\/www.notibras.com\/site\/casos-de-dengue-este-ano-ja-superam-o-total-de-2023\/\"},\"wordCount\":293,\"publisher\":{\"@id\":\"https:\/\/www.notibras.com\/site\/#organization\"},\"image\":{\"@id\":\"https:\/\/www.notibras.com\/site\/casos-de-dengue-este-ano-ja-superam-o-total-de-2023\/#primaryimage\"},\"thumbnailUrl\":\"https:\/\/www.notibras.com\/site\/wp-content\/uploads\/2024\/03\/dengue23.24.webp\",\"keywords\":[\"capa\"],\"articleSection\":[\"Quadradinho em Foco\"],\"inLanguage\":\"pt-BR\"},{\"@type\":\"WebPage\",\"@id\":\"https:\/\/www.notibras.com\/site\/casos-de-dengue-este-ano-ja-superam-o-total-de-2023\/\",\"url\":\"https:\/\/www.notibras.com\/site\/casos-de-dengue-este-ano-ja-superam-o-total-de-2023\/\",\"name\":\"Casos de dengue este ano j\u00e1 superam o total de 2023 - Notibras\",\"isPartOf\":{\"@id\":\"https:\/\/www.notibras.com\/site\/#website\"},\"primaryImageOfPage\":{\"@id\":\"https:\/\/www.notibras.com\/site\/casos-de-dengue-este-ano-ja-superam-o-total-de-2023\/#primaryimage\"},\"image\":{\"@id\":\"https:\/\/www.notibras.com\/site\/casos-de-dengue-este-ano-ja-superam-o-total-de-2023\/#primaryimage\"},\"thumbnailUrl\":\"https:\/\/www.notibras.com\/site\/wp-content\/uploads\/2024\/03\/dengue23.24.webp\",\"datePublished\":\"2024-03-05T14:44:07+00:00\",\"dateModified\":\"2024-03-05T16:46:25+00:00\",\"breadcrumb\":{\"@id\":\"https:\/\/www.notibras.com\/site\/casos-de-dengue-este-ano-ja-superam-o-total-de-2023\/#breadcrumb\"},\"inLanguage\":\"pt-BR\",\"potentialAction\":[{\"@type\":\"ReadAction\",\"target\":[\"https:\/\/www.notibras.com\/site\/casos-de-dengue-este-ano-ja-superam-o-total-de-2023\/\"]}]},{\"@type\":\"ImageObject\",\"inLanguage\":\"pt-BR\",\"@id\":\"https:\/\/www.notibras.com\/site\/casos-de-dengue-este-ano-ja-superam-o-total-de-2023\/#primaryimage\",\"url\":\"https:\/\/www.notibras.com\/site\/wp-content\/uploads\/2024\/03\/dengue23.24.webp\",\"contentUrl\":\"https:\/\/www.notibras.com\/site\/wp-content\/uploads\/2024\/03\/dengue23.24.webp\",\"width\":1170,\"height\":700},{\"@type\":\"BreadcrumbList\",\"@id\":\"https:\/\/www.notibras.com\/site\/casos-de-dengue-este-ano-ja-superam-o-total-de-2023\/#breadcrumb\",\"itemListElement\":[{\"@type\":\"ListItem\",\"position\":1,\"name\":\"In\u00edcio\",\"item\":\"https:\/\/www.notibras.com\/site\/\"},{\"@type\":\"ListItem\",\"position\":2,\"name\":\"Casos de dengue este ano j\u00e1 superam o total de 2023\"}]},{\"@type\":\"WebSite\",\"@id\":\"https:\/\/www.notibras.com\/site\/#website\",\"url\":\"https:\/\/www.notibras.com\/site\/\",\"name\":\"Notibras\",\"description\":\"Not\u00edcias de Bras\u00edlia, do Brasil e do Mundo\",\"publisher\":{\"@id\":\"https:\/\/www.notibras.com\/site\/#organization\"},\"potentialAction\":[{\"@type\":\"SearchAction\",\"target\":{\"@type\":\"EntryPoint\",\"urlTemplate\":\"https:\/\/www.notibras.com\/site\/?s={search_term_string}\"},\"query-input\":{\"@type\":\"PropertyValueSpecification\",\"valueRequired\":true,\"valueName\":\"search_term_string\"}}],\"inLanguage\":\"pt-BR\"},{\"@type\":\"Organization\",\"@id\":\"https:\/\/www.notibras.com\/site\/#organization\",\"name\":\"Grupo Notibras de Comunica\u00e7\u00e3o\",\"url\":\"https:\/\/www.notibras.com\/site\/\",\"logo\":{\"@type\":\"ImageObject\",\"inLanguage\":\"pt-BR\",\"@id\":\"https:\/\/www.notibras.com\/site\/#\/schema\/logo\/image\/\",\"url\":\"https:\/\/www.notibras.com\/site\/wp-content\/uploads\/2023\/01\/notibras23.png\",\"contentUrl\":\"https:\/\/www.notibras.com\/site\/wp-content\/uploads\/2023\/01\/notibras23.png\",\"width\":350,\"height\":87,\"caption\":\"Grupo Notibras de Comunica\u00e7\u00e3o\"},\"image\":{\"@id\":\"https:\/\/www.notibras.com\/site\/#\/schema\/logo\/image\/\"},\"sameAs\":[\"https:\/\/www.facebook.com\/notibras\/\",\"https:\/\/x.com\/Notibras\",\"https:\/\/www.instagram.com\/notibras\/\"]},{\"@type\":\"Person\",\"@id\":\"https:\/\/www.notibras.com\/site\/#\/schema\/person\/36ab0979449956132d3e5b517ea76ac8\",\"name\":\"Reda\u00e7\u00e3o\",\"image\":{\"@type\":\"ImageObject\",\"inLanguage\":\"pt-BR\",\"@id\":\"https:\/\/secure.gravatar.com\/avatar\/e0a867bdedb85fd243eadf09663511f96fc81e0720a4a42581f334ad4303aa6b?s=96&d=mm&r=g\",\"url\":\"https:\/\/secure.gravatar.com\/avatar\/e0a867bdedb85fd243eadf09663511f96fc81e0720a4a42581f334ad4303aa6b?s=96&d=mm&r=g\",\"contentUrl\":\"https:\/\/secure.gravatar.com\/avatar\/e0a867bdedb85fd243eadf09663511f96fc81e0720a4a42581f334ad4303aa6b?s=96&d=mm&r=g\",\"caption\":\"Reda\u00e7\u00e3o\"}}]}<\/script>\n<!-- \/ Yoast SEO plugin. -->","yoast_head_json":{"title":"Casos de dengue este ano j\u00e1 superam o total de 2023 - Notibras","robots":{"index":"index","follow":"follow","max-snippet":"max-snippet:-1","max-image-preview":"max-image-preview:large","max-video-preview":"max-video-preview:-1"},"canonical":"https:\/\/www.notibras.com\/site\/casos-de-dengue-este-ano-ja-superam-o-total-de-2023\/","og_locale":"pt_BR","og_type":"article","og_title":"Casos de dengue este ano j\u00e1 superam o total de 2023 - Notibras","og_description":"Dados do Painel de Monitoramento de Arboviroses do Minist\u00e9rio da Sa\u00fade mostram que pelo menos cinco estados e o Distrito Federal j\u00e1 acumulam mais casos de dengue nas primeiras semanas de 2024 do que em todo o ano de 2023. At\u00e9 segunda-feira (4), o Amap\u00e1 contabilizava 1.950 casos prov\u00e1veis da doen\u00e7a contra 1.237 no ano [&hellip;]","og_url":"https:\/\/www.notibras.com\/site\/casos-de-dengue-este-ano-ja-superam-o-total-de-2023\/","og_site_name":"Notibras","article_publisher":"https:\/\/www.facebook.com\/notibras\/","article_published_time":"2024-03-05T14:44:07+00:00","article_modified_time":"2024-03-05T16:46:25+00:00","og_image":[{"width":1170,"height":700,"url":"https:\/\/www.notibras.com\/site\/wp-content\/uploads\/2024\/03\/dengue23.24.webp","type":"image\/webp"}],"author":"Reda\u00e7\u00e3o","twitter_card":"summary_large_image","twitter_creator":"@Notibras","twitter_site":"@Notibras","twitter_misc":{"Escrito por":"Reda\u00e7\u00e3o","Est. tempo de leitura":"2 minutos"},"schema":{"@context":"https:\/\/schema.org","@graph":[{"@type":"Article","@id":"https:\/\/www.notibras.com\/site\/casos-de-dengue-este-ano-ja-superam-o-total-de-2023\/#article","isPartOf":{"@id":"https:\/\/www.notibras.com\/site\/casos-de-dengue-este-ano-ja-superam-o-total-de-2023\/"},"author":{"name":"Reda\u00e7\u00e3o","@id":"https:\/\/www.notibras.com\/site\/#\/schema\/person\/36ab0979449956132d3e5b517ea76ac8"},"headline":"Casos de dengue este ano j\u00e1 superam o total de 2023","datePublished":"2024-03-05T14:44:07+00:00","dateModified":"2024-03-05T16:46:25+00:00","mainEntityOfPage":{"@id":"https:\/\/www.notibras.com\/site\/casos-de-dengue-este-ano-ja-superam-o-total-de-2023\/"},"wordCount":293,"publisher":{"@id":"https:\/\/www.notibras.com\/site\/#organization"},"image":{"@id":"https:\/\/www.notibras.com\/site\/casos-de-dengue-este-ano-ja-superam-o-total-de-2023\/#primaryimage"},"thumbnailUrl":"https:\/\/www.notibras.com\/site\/wp-content\/uploads\/2024\/03\/dengue23.24.webp","keywords":["capa"],"articleSection":["Quadradinho em Foco"],"inLanguage":"pt-BR"},{"@type":"WebPage","@id":"https:\/\/www.notibras.com\/site\/casos-de-dengue-este-ano-ja-superam-o-total-de-2023\/","url":"https:\/\/www.notibras.com\/site\/casos-de-dengue-este-ano-ja-superam-o-total-de-2023\/","name":"Casos de dengue este ano j\u00e1 superam o total de 2023 - Notibras","isPartOf":{"@id":"https:\/\/www.notibras.com\/site\/#website"},"primaryImageOfPage":{"@id":"https:\/\/www.notibras.com\/site\/casos-de-dengue-este-ano-ja-superam-o-total-de-2023\/#primaryimage"},"image":{"@id":"https:\/\/www.notibras.com\/site\/casos-de-dengue-este-ano-ja-superam-o-total-de-2023\/#primaryimage"},"thumbnailUrl":"https:\/\/www.notibras.com\/site\/wp-content\/uploads\/2024\/03\/dengue23.24.webp","datePublished":"2024-03-05T14:44:07+00:00","dateModified":"2024-03-05T16:46:25+00:00","breadcrumb":{"@id":"https:\/\/www.notibras.com\/site\/casos-de-dengue-este-ano-ja-superam-o-total-de-2023\/#breadcrumb"},"inLanguage":"pt-BR","potentialAction":[{"@type":"ReadAction","target":["https:\/\/www.notibras.com\/site\/casos-de-dengue-este-ano-ja-superam-o-total-de-2023\/"]}]},{"@type":"ImageObject","inLanguage":"pt-BR","@id":"https:\/\/www.notibras.com\/site\/casos-de-dengue-este-ano-ja-superam-o-total-de-2023\/#primaryimage","url":"https:\/\/www.notibras.com\/site\/wp-content\/uploads\/2024\/03\/dengue23.24.webp","contentUrl":"https:\/\/www.notibras.com\/site\/wp-content\/uploads\/2024\/03\/dengue23.24.webp","width":1170,"height":700},{"@type":"BreadcrumbList","@id":"https:\/\/www.notibras.com\/site\/casos-de-dengue-este-ano-ja-superam-o-total-de-2023\/#breadcrumb","itemListElement":[{"@type":"ListItem","position":1,"name":"In\u00edcio","item":"https:\/\/www.notibras.com\/site\/"},{"@type":"ListItem","position":2,"name":"Casos de dengue este ano j\u00e1 superam o total de 2023"}]},{"@type":"WebSite","@id":"https:\/\/www.notibras.com\/site\/#website","url":"https:\/\/www.notibras.com\/site\/","name":"Notibras","description":"Not\u00edcias de Bras\u00edlia, do Brasil e do Mundo","publisher":{"@id":"https:\/\/www.notibras.com\/site\/#organization"},"potentialAction":[{"@type":"SearchAction","target":{"@type":"EntryPoint","urlTemplate":"https:\/\/www.notibras.com\/site\/?s={search_term_string}"},"query-input":{"@type":"PropertyValueSpecification","valueRequired":true,"valueName":"search_term_string"}}],"inLanguage":"pt-BR"},{"@type":"Organization","@id":"https:\/\/www.notibras.com\/site\/#organization","name":"Grupo Notibras de Comunica\u00e7\u00e3o","url":"https:\/\/www.notibras.com\/site\/","logo":{"@type":"ImageObject","inLanguage":"pt-BR","@id":"https:\/\/www.notibras.com\/site\/#\/schema\/logo\/image\/","url":"https:\/\/www.notibras.com\/site\/wp-content\/uploads\/2023\/01\/notibras23.png","contentUrl":"https:\/\/www.notibras.com\/site\/wp-content\/uploads\/2023\/01\/notibras23.png","width":350,"height":87,"caption":"Grupo Notibras de Comunica\u00e7\u00e3o"},"image":{"@id":"https:\/\/www.notibras.com\/site\/#\/schema\/logo\/image\/"},"sameAs":["https:\/\/www.facebook.com\/notibras\/","https:\/\/x.com\/Notibras","https:\/\/www.instagram.com\/notibras\/"]},{"@type":"Person","@id":"https:\/\/www.notibras.com\/site\/#\/schema\/person\/36ab0979449956132d3e5b517ea76ac8","name":"Reda\u00e7\u00e3o","image":{"@type":"ImageObject","inLanguage":"pt-BR","@id":"https:\/\/secure.gravatar.com\/avatar\/e0a867bdedb85fd243eadf09663511f96fc81e0720a4a42581f334ad4303aa6b?s=96&d=mm&r=g","url":"https:\/\/secure.gravatar.com\/avatar\/e0a867bdedb85fd243eadf09663511f96fc81e0720a4a42581f334ad4303aa6b?s=96&d=mm&r=g","contentUrl":"https:\/\/secure.gravatar.com\/avatar\/e0a867bdedb85fd243eadf09663511f96fc81e0720a4a42581f334ad4303aa6b?s=96&d=mm&r=g","caption":"Reda\u00e7\u00e3o"}}]}},"amp_enabled":true,"_links":{"self":[{"href":"https:\/\/www.notibras.com\/site\/wp-json\/wp\/v2\/posts\/323917","targetHints":{"allow":["GET"]}}],"collection":[{"href":"https:\/\/www.notibras.com\/site\/wp-json\/wp\/v2\/posts"}],"about":[{"href":"https:\/\/www.notibras.com\/site\/wp-json\/wp\/v2\/types\/post"}],"author":[{"embeddable":true,"href":"https:\/\/www.notibras.com\/site\/wp-json\/wp\/v2\/users\/2"}],"replies":[{"embeddable":true,"href":"https:\/\/www.notibras.com\/site\/wp-json\/wp\/v2\/comments?post=323917"}],"version-history":[{"count":1,"href":"https:\/\/www.notibras.com\/site\/wp-json\/wp\/v2\/posts\/323917\/revisions"}],"predecessor-version":[{"id":323919,"href":"https:\/\/www.notibras.com\/site\/wp-json\/wp\/v2\/posts\/323917\/revisions\/323919"}],"wp:featuredmedia":[{"embeddable":true,"href":"https:\/\/www.notibras.com\/site\/wp-json\/wp\/v2\/media\/323918"}],"wp:attachment":[{"href":"https:\/\/www.notibras.com\/site\/wp-json\/wp\/v2\/media?parent=323917"}],"wp:term":[{"taxonomy":"category","embeddable":true,"href":"https:\/\/www.notibras.com\/site\/wp-json\/wp\/v2\/categories?post=323917"},{"taxonomy":"post_tag","embeddable":true,"href":"https:\/\/www.notibras.com\/site\/wp-json\/wp\/v2\/tags?post=323917"}],"curies":[{"name":"wp","href":"https:\/\/api.w.org\/{rel}","templated":true}]}}