{"id":323956,"date":"2024-03-06T00:00:47","date_gmt":"2024-03-06T03:00:47","guid":{"rendered":"https:\/\/www.notibras.com\/site\/?p=323956"},"modified":"2024-03-06T05:33:30","modified_gmt":"2024-03-06T08:33:30","slug":"abertas-inscricoes-para-olimpiada-brasileira-de-astronomia","status":"publish","type":"post","link":"https:\/\/www.notibras.com\/site\/abertas-inscricoes-para-olimpiada-brasileira-de-astronomia\/","title":{"rendered":"Abertas inscri\u00e7\u00f5es para Olimp\u00edada Brasileira de Astronomia"},"content":{"rendered":"<p>A Olimp\u00edada Brasileira de Astronomia e Astron\u00e1utica (OBA) j\u00e1 abriu inscri\u00e7\u00f5es para sua 27\u00aa edi\u00e7\u00e3o. A participa\u00e7\u00e3o \u00e9 gratuita e voltada para estudantes dos n\u00edveis fundamental e m\u00e9dio de todo o pa\u00eds. As escolas n\u00e3o cadastradas interessadas em participar ou com a inscri\u00e7\u00e3o inativa precisam criar uma conta no site. O prazo final \u00e9 at\u00e9 o dia 1\u00ba de maio de 2024.<\/p>\n<p>Aplicada por meio de uma prova \u00fanica, a olimp\u00edada \u00e9 dividida em quatro n\u00edveis. O n\u00edvel 1 \u00e9 aplicado em estudantes do 1\u00ba ao 3\u00ba ano do fundamental. O n\u00edvel 2, \u00e9 do 4\u00ba ao 5\u00ba ano. O n\u00edvel 3, do 6\u00ba ao 9\u00ba ano. J\u00e1 o n\u00edvel 4, \u00e9 destinada ao ensino m\u00e9dio. O exame presencial acontece no dia 17 de maio. A prova tem dez perguntas, sendo sete de astronomia e tr\u00eas de astron\u00e1utica.<\/p>\n<p>Al\u00e9m disso, os melhores classificados no n\u00edvel 4 s\u00e3o convidados para participar de seletivas que escolhem os alunos que v\u00e3o representar o pa\u00eds nas Olimp\u00edadas Internacional de Astronomia e Astrof\u00edsica (IOAA) e na Latino-Americana de Astronomia e Astron\u00e1utica (OLAA).<\/p>\n<p><strong>Prepara\u00e7\u00e3o<\/strong><br \/>\nOs estudantes podem se preparar estudando provas anteriores. No site oficial da OBA h\u00e1 quest\u00f5es e gabaritos de todas as edi\u00e7\u00f5es. Al\u00e9m disso, o embaixador da olimp\u00edada, professor Ivys Urquiza, vai oferecer uma playlist especial no canal F\u00edsica Total, no Youtube, com resolu\u00e7\u00e3o de diversos exames da OBA.<\/p>\n<p>Segundo o professor Jo\u00e3o Canalle, presidente e coordenador do concurso, astr\u00f4nomo da Universidade do Estado do Rio de Janeiro (UERJ), a edi\u00e7\u00e3o de 2023 contou com a participa\u00e7\u00e3o de quase 1,4 milh\u00e3o de estudantes, com a distribui\u00e7\u00e3o de 50.619 medalhas para os quatro n\u00edveis.<\/p>\n<p>\u201cPor meio das atividades e provas, conseguimos atualizar professores e ensinar alunos de forma l\u00fadica e participativa\u201d, afirmou Canalle.<\/p>\n<p>Para ele, o evento tem como miss\u00e3o tornar o aprendizado estimulante e gratificante, mostrando que o ensino come\u00e7a na escola e ultrapassa as barreiras das salas de aula. \u201cSempre ouvimos hist\u00f3rias incr\u00edveis de alunos e professores falando sobre como a participa\u00e7\u00e3o na OBA motivou os jovens nos estudos\u201d.<\/p>\n<p>O astr\u00f4nomo lembra ainda que as olimp\u00edadas cient\u00edficas abrem portas para o ensino universit\u00e1rio. Por exemplo, h\u00e1 institui\u00e7\u00f5es de ensino superior que est\u00e3o disponibilizando vagas e bolsas para medalhistas ol\u00edmpicos, como o Centro Universit\u00e1rio Facens, a Universidade Estadual de Campinas (Unicamp), Universidade de S\u00e3o Paulo (USP), Universidade Estadual Paulista (Unesp), Universidade Federal de Itajub\u00e1 (Unifei); Instituto Federal do Sul de Minas Gerais, e Universidade Federal do Mato Grosso do Sul (UFMS) entre outras institui\u00e7\u00f5es de ensino.<\/p>\n","protected":false},"excerpt":{"rendered":"<p>A Olimp\u00edada Brasileira de Astronomia e Astron\u00e1utica (OBA) j\u00e1 abriu inscri\u00e7\u00f5es para sua 27\u00aa edi\u00e7\u00e3o. A participa\u00e7\u00e3o \u00e9 gratuita e voltada para estudantes dos n\u00edveis fundamental e m\u00e9dio de todo o pa\u00eds. As escolas n\u00e3o cadastradas interessadas em participar ou com a inscri\u00e7\u00e3o inativa precisam criar uma conta no site. O prazo final \u00e9 at\u00e9 [&hellip;]<\/p>\n","protected":false},"author":2,"featured_media":323957,"comment_status":"closed","ping_status":"closed","sticky":false,"template":"","format":"standard","meta":{"_acf_changed":false,"footnotes":""},"categories":[161],"tags":[],"class_list":["post-323956","post","type-post","status-publish","format-standard","has-post-thumbnail","hentry","category-quadradinho-em-foco"],"acf":[],"yoast_head":"<!-- This site is optimized with the Yoast SEO plugin v27.2 - https:\/\/yoast.com\/product\/yoast-seo-wordpress\/ -->\n<title>Abertas inscri\u00e7\u00f5es para Olimp\u00edada Brasileira de Astronomia - Notibras<\/title>\n<meta name=\"robots\" content=\"index, follow, max-snippet:-1, max-image-preview:large, max-video-preview:-1\" \/>\n<link rel=\"canonical\" href=\"https:\/\/www.notibras.com\/site\/abertas-inscricoes-para-olimpiada-brasileira-de-astronomia\/\" \/>\n<meta property=\"og:locale\" content=\"pt_BR\" \/>\n<meta property=\"og:type\" content=\"article\" \/>\n<meta property=\"og:title\" content=\"Abertas inscri\u00e7\u00f5es para Olimp\u00edada Brasileira de Astronomia - Notibras\" \/>\n<meta property=\"og:description\" content=\"A Olimp\u00edada Brasileira de Astronomia e Astron\u00e1utica (OBA) j\u00e1 abriu inscri\u00e7\u00f5es para sua 27\u00aa edi\u00e7\u00e3o. A participa\u00e7\u00e3o \u00e9 gratuita e voltada para estudantes dos n\u00edveis fundamental e m\u00e9dio de todo o pa\u00eds. As escolas n\u00e3o cadastradas interessadas em participar ou com a inscri\u00e7\u00e3o inativa precisam criar uma conta no site. O prazo final \u00e9 at\u00e9 [&hellip;]\" \/>\n<meta property=\"og:url\" content=\"https:\/\/www.notibras.com\/site\/abertas-inscricoes-para-olimpiada-brasileira-de-astronomia\/\" \/>\n<meta property=\"og:site_name\" content=\"Notibras\" \/>\n<meta property=\"article:publisher\" content=\"https:\/\/www.facebook.com\/notibras\/\" \/>\n<meta property=\"article:published_time\" content=\"2024-03-06T03:00:47+00:00\" \/>\n<meta property=\"article:modified_time\" content=\"2024-03-06T08:33:30+00:00\" \/>\n<meta property=\"og:image\" content=\"https:\/\/www.notibras.com\/site\/wp-content\/uploads\/2024\/03\/olimpmate.webp\" \/>\n\t<meta property=\"og:image:width\" content=\"1170\" \/>\n\t<meta property=\"og:image:height\" content=\"700\" \/>\n\t<meta property=\"og:image:type\" content=\"image\/webp\" \/>\n<meta name=\"author\" content=\"Reda\u00e7\u00e3o\" \/>\n<meta name=\"twitter:card\" content=\"summary_large_image\" \/>\n<meta name=\"twitter:creator\" content=\"@Notibras\" \/>\n<meta name=\"twitter:site\" content=\"@Notibras\" \/>\n<meta name=\"twitter:label1\" content=\"Escrito por\" \/>\n\t<meta name=\"twitter:data1\" content=\"Reda\u00e7\u00e3o\" \/>\n\t<meta name=\"twitter:label2\" content=\"Est. tempo de leitura\" \/>\n\t<meta name=\"twitter:data2\" content=\"3 minutos\" \/>\n<script type=\"application\/ld+json\" class=\"yoast-schema-graph\">{\"@context\":\"https:\/\/schema.org\",\"@graph\":[{\"@type\":\"Article\",\"@id\":\"https:\/\/www.notibras.com\/site\/abertas-inscricoes-para-olimpiada-brasileira-de-astronomia\/#article\",\"isPartOf\":{\"@id\":\"https:\/\/www.notibras.com\/site\/abertas-inscricoes-para-olimpiada-brasileira-de-astronomia\/\"},\"author\":{\"name\":\"Reda\u00e7\u00e3o\",\"@id\":\"https:\/\/www.notibras.com\/site\/#\/schema\/person\/36ab0979449956132d3e5b517ea76ac8\"},\"headline\":\"Abertas inscri\u00e7\u00f5es para Olimp\u00edada Brasileira de Astronomia\",\"datePublished\":\"2024-03-06T03:00:47+00:00\",\"dateModified\":\"2024-03-06T08:33:30+00:00\",\"mainEntityOfPage\":{\"@id\":\"https:\/\/www.notibras.com\/site\/abertas-inscricoes-para-olimpiada-brasileira-de-astronomia\/\"},\"wordCount\":455,\"publisher\":{\"@id\":\"https:\/\/www.notibras.com\/site\/#organization\"},\"image\":{\"@id\":\"https:\/\/www.notibras.com\/site\/abertas-inscricoes-para-olimpiada-brasileira-de-astronomia\/#primaryimage\"},\"thumbnailUrl\":\"https:\/\/www.notibras.com\/site\/wp-content\/uploads\/2024\/03\/olimpmate.webp\",\"articleSection\":[\"Quadradinho em Foco\"],\"inLanguage\":\"pt-BR\"},{\"@type\":\"WebPage\",\"@id\":\"https:\/\/www.notibras.com\/site\/abertas-inscricoes-para-olimpiada-brasileira-de-astronomia\/\",\"url\":\"https:\/\/www.notibras.com\/site\/abertas-inscricoes-para-olimpiada-brasileira-de-astronomia\/\",\"name\":\"Abertas inscri\u00e7\u00f5es para Olimp\u00edada Brasileira de Astronomia - Notibras\",\"isPartOf\":{\"@id\":\"https:\/\/www.notibras.com\/site\/#website\"},\"primaryImageOfPage\":{\"@id\":\"https:\/\/www.notibras.com\/site\/abertas-inscricoes-para-olimpiada-brasileira-de-astronomia\/#primaryimage\"},\"image\":{\"@id\":\"https:\/\/www.notibras.com\/site\/abertas-inscricoes-para-olimpiada-brasileira-de-astronomia\/#primaryimage\"},\"thumbnailUrl\":\"https:\/\/www.notibras.com\/site\/wp-content\/uploads\/2024\/03\/olimpmate.webp\",\"datePublished\":\"2024-03-06T03:00:47+00:00\",\"dateModified\":\"2024-03-06T08:33:30+00:00\",\"breadcrumb\":{\"@id\":\"https:\/\/www.notibras.com\/site\/abertas-inscricoes-para-olimpiada-brasileira-de-astronomia\/#breadcrumb\"},\"inLanguage\":\"pt-BR\",\"potentialAction\":[{\"@type\":\"ReadAction\",\"target\":[\"https:\/\/www.notibras.com\/site\/abertas-inscricoes-para-olimpiada-brasileira-de-astronomia\/\"]}]},{\"@type\":\"ImageObject\",\"inLanguage\":\"pt-BR\",\"@id\":\"https:\/\/www.notibras.com\/site\/abertas-inscricoes-para-olimpiada-brasileira-de-astronomia\/#primaryimage\",\"url\":\"https:\/\/www.notibras.com\/site\/wp-content\/uploads\/2024\/03\/olimpmate.webp\",\"contentUrl\":\"https:\/\/www.notibras.com\/site\/wp-content\/uploads\/2024\/03\/olimpmate.webp\",\"width\":1170,\"height\":700},{\"@type\":\"BreadcrumbList\",\"@id\":\"https:\/\/www.notibras.com\/site\/abertas-inscricoes-para-olimpiada-brasileira-de-astronomia\/#breadcrumb\",\"itemListElement\":[{\"@type\":\"ListItem\",\"position\":1,\"name\":\"In\u00edcio\",\"item\":\"https:\/\/www.notibras.com\/site\/\"},{\"@type\":\"ListItem\",\"position\":2,\"name\":\"Abertas inscri\u00e7\u00f5es para Olimp\u00edada Brasileira de Astronomia\"}]},{\"@type\":\"WebSite\",\"@id\":\"https:\/\/www.notibras.com\/site\/#website\",\"url\":\"https:\/\/www.notibras.com\/site\/\",\"name\":\"Notibras\",\"description\":\"Not\u00edcias de Bras\u00edlia, do Brasil e do Mundo\",\"publisher\":{\"@id\":\"https:\/\/www.notibras.com\/site\/#organization\"},\"potentialAction\":[{\"@type\":\"SearchAction\",\"target\":{\"@type\":\"EntryPoint\",\"urlTemplate\":\"https:\/\/www.notibras.com\/site\/?s={search_term_string}\"},\"query-input\":{\"@type\":\"PropertyValueSpecification\",\"valueRequired\":true,\"valueName\":\"search_term_string\"}}],\"inLanguage\":\"pt-BR\"},{\"@type\":\"Organization\",\"@id\":\"https:\/\/www.notibras.com\/site\/#organization\",\"name\":\"Grupo Notibras de Comunica\u00e7\u00e3o\",\"url\":\"https:\/\/www.notibras.com\/site\/\",\"logo\":{\"@type\":\"ImageObject\",\"inLanguage\":\"pt-BR\",\"@id\":\"https:\/\/www.notibras.com\/site\/#\/schema\/logo\/image\/\",\"url\":\"https:\/\/www.notibras.com\/site\/wp-content\/uploads\/2023\/01\/notibras23.png\",\"contentUrl\":\"https:\/\/www.notibras.com\/site\/wp-content\/uploads\/2023\/01\/notibras23.png\",\"width\":350,\"height\":87,\"caption\":\"Grupo Notibras de Comunica\u00e7\u00e3o\"},\"image\":{\"@id\":\"https:\/\/www.notibras.com\/site\/#\/schema\/logo\/image\/\"},\"sameAs\":[\"https:\/\/www.facebook.com\/notibras\/\",\"https:\/\/x.com\/Notibras\",\"https:\/\/www.instagram.com\/notibras\/\"]},{\"@type\":\"Person\",\"@id\":\"https:\/\/www.notibras.com\/site\/#\/schema\/person\/36ab0979449956132d3e5b517ea76ac8\",\"name\":\"Reda\u00e7\u00e3o\",\"image\":{\"@type\":\"ImageObject\",\"inLanguage\":\"pt-BR\",\"@id\":\"https:\/\/secure.gravatar.com\/avatar\/e0a867bdedb85fd243eadf09663511f96fc81e0720a4a42581f334ad4303aa6b?s=96&d=mm&r=g\",\"url\":\"https:\/\/secure.gravatar.com\/avatar\/e0a867bdedb85fd243eadf09663511f96fc81e0720a4a42581f334ad4303aa6b?s=96&d=mm&r=g\",\"contentUrl\":\"https:\/\/secure.gravatar.com\/avatar\/e0a867bdedb85fd243eadf09663511f96fc81e0720a4a42581f334ad4303aa6b?s=96&d=mm&r=g\",\"caption\":\"Reda\u00e7\u00e3o\"}}]}<\/script>\n<!-- \/ Yoast SEO plugin. -->","yoast_head_json":{"title":"Abertas inscri\u00e7\u00f5es para Olimp\u00edada Brasileira de Astronomia - Notibras","robots":{"index":"index","follow":"follow","max-snippet":"max-snippet:-1","max-image-preview":"max-image-preview:large","max-video-preview":"max-video-preview:-1"},"canonical":"https:\/\/www.notibras.com\/site\/abertas-inscricoes-para-olimpiada-brasileira-de-astronomia\/","og_locale":"pt_BR","og_type":"article","og_title":"Abertas inscri\u00e7\u00f5es para Olimp\u00edada Brasileira de Astronomia - Notibras","og_description":"A Olimp\u00edada Brasileira de Astronomia e Astron\u00e1utica (OBA) j\u00e1 abriu inscri\u00e7\u00f5es para sua 27\u00aa edi\u00e7\u00e3o. A participa\u00e7\u00e3o \u00e9 gratuita e voltada para estudantes dos n\u00edveis fundamental e m\u00e9dio de todo o pa\u00eds. As escolas n\u00e3o cadastradas interessadas em participar ou com a inscri\u00e7\u00e3o inativa precisam criar uma conta no site. O prazo final \u00e9 at\u00e9 [&hellip;]","og_url":"https:\/\/www.notibras.com\/site\/abertas-inscricoes-para-olimpiada-brasileira-de-astronomia\/","og_site_name":"Notibras","article_publisher":"https:\/\/www.facebook.com\/notibras\/","article_published_time":"2024-03-06T03:00:47+00:00","article_modified_time":"2024-03-06T08:33:30+00:00","og_image":[{"width":1170,"height":700,"url":"https:\/\/www.notibras.com\/site\/wp-content\/uploads\/2024\/03\/olimpmate.webp","type":"image\/webp"}],"author":"Reda\u00e7\u00e3o","twitter_card":"summary_large_image","twitter_creator":"@Notibras","twitter_site":"@Notibras","twitter_misc":{"Escrito por":"Reda\u00e7\u00e3o","Est. tempo de leitura":"3 minutos"},"schema":{"@context":"https:\/\/schema.org","@graph":[{"@type":"Article","@id":"https:\/\/www.notibras.com\/site\/abertas-inscricoes-para-olimpiada-brasileira-de-astronomia\/#article","isPartOf":{"@id":"https:\/\/www.notibras.com\/site\/abertas-inscricoes-para-olimpiada-brasileira-de-astronomia\/"},"author":{"name":"Reda\u00e7\u00e3o","@id":"https:\/\/www.notibras.com\/site\/#\/schema\/person\/36ab0979449956132d3e5b517ea76ac8"},"headline":"Abertas inscri\u00e7\u00f5es para Olimp\u00edada Brasileira de Astronomia","datePublished":"2024-03-06T03:00:47+00:00","dateModified":"2024-03-06T08:33:30+00:00","mainEntityOfPage":{"@id":"https:\/\/www.notibras.com\/site\/abertas-inscricoes-para-olimpiada-brasileira-de-astronomia\/"},"wordCount":455,"publisher":{"@id":"https:\/\/www.notibras.com\/site\/#organization"},"image":{"@id":"https:\/\/www.notibras.com\/site\/abertas-inscricoes-para-olimpiada-brasileira-de-astronomia\/#primaryimage"},"thumbnailUrl":"https:\/\/www.notibras.com\/site\/wp-content\/uploads\/2024\/03\/olimpmate.webp","articleSection":["Quadradinho em Foco"],"inLanguage":"pt-BR"},{"@type":"WebPage","@id":"https:\/\/www.notibras.com\/site\/abertas-inscricoes-para-olimpiada-brasileira-de-astronomia\/","url":"https:\/\/www.notibras.com\/site\/abertas-inscricoes-para-olimpiada-brasileira-de-astronomia\/","name":"Abertas inscri\u00e7\u00f5es para Olimp\u00edada Brasileira de Astronomia - Notibras","isPartOf":{"@id":"https:\/\/www.notibras.com\/site\/#website"},"primaryImageOfPage":{"@id":"https:\/\/www.notibras.com\/site\/abertas-inscricoes-para-olimpiada-brasileira-de-astronomia\/#primaryimage"},"image":{"@id":"https:\/\/www.notibras.com\/site\/abertas-inscricoes-para-olimpiada-brasileira-de-astronomia\/#primaryimage"},"thumbnailUrl":"https:\/\/www.notibras.com\/site\/wp-content\/uploads\/2024\/03\/olimpmate.webp","datePublished":"2024-03-06T03:00:47+00:00","dateModified":"2024-03-06T08:33:30+00:00","breadcrumb":{"@id":"https:\/\/www.notibras.com\/site\/abertas-inscricoes-para-olimpiada-brasileira-de-astronomia\/#breadcrumb"},"inLanguage":"pt-BR","potentialAction":[{"@type":"ReadAction","target":["https:\/\/www.notibras.com\/site\/abertas-inscricoes-para-olimpiada-brasileira-de-astronomia\/"]}]},{"@type":"ImageObject","inLanguage":"pt-BR","@id":"https:\/\/www.notibras.com\/site\/abertas-inscricoes-para-olimpiada-brasileira-de-astronomia\/#primaryimage","url":"https:\/\/www.notibras.com\/site\/wp-content\/uploads\/2024\/03\/olimpmate.webp","contentUrl":"https:\/\/www.notibras.com\/site\/wp-content\/uploads\/2024\/03\/olimpmate.webp","width":1170,"height":700},{"@type":"BreadcrumbList","@id":"https:\/\/www.notibras.com\/site\/abertas-inscricoes-para-olimpiada-brasileira-de-astronomia\/#breadcrumb","itemListElement":[{"@type":"ListItem","position":1,"name":"In\u00edcio","item":"https:\/\/www.notibras.com\/site\/"},{"@type":"ListItem","position":2,"name":"Abertas inscri\u00e7\u00f5es para Olimp\u00edada Brasileira de Astronomia"}]},{"@type":"WebSite","@id":"https:\/\/www.notibras.com\/site\/#website","url":"https:\/\/www.notibras.com\/site\/","name":"Notibras","description":"Not\u00edcias de Bras\u00edlia, do Brasil e do Mundo","publisher":{"@id":"https:\/\/www.notibras.com\/site\/#organization"},"potentialAction":[{"@type":"SearchAction","target":{"@type":"EntryPoint","urlTemplate":"https:\/\/www.notibras.com\/site\/?s={search_term_string}"},"query-input":{"@type":"PropertyValueSpecification","valueRequired":true,"valueName":"search_term_string"}}],"inLanguage":"pt-BR"},{"@type":"Organization","@id":"https:\/\/www.notibras.com\/site\/#organization","name":"Grupo Notibras de Comunica\u00e7\u00e3o","url":"https:\/\/www.notibras.com\/site\/","logo":{"@type":"ImageObject","inLanguage":"pt-BR","@id":"https:\/\/www.notibras.com\/site\/#\/schema\/logo\/image\/","url":"https:\/\/www.notibras.com\/site\/wp-content\/uploads\/2023\/01\/notibras23.png","contentUrl":"https:\/\/www.notibras.com\/site\/wp-content\/uploads\/2023\/01\/notibras23.png","width":350,"height":87,"caption":"Grupo Notibras de Comunica\u00e7\u00e3o"},"image":{"@id":"https:\/\/www.notibras.com\/site\/#\/schema\/logo\/image\/"},"sameAs":["https:\/\/www.facebook.com\/notibras\/","https:\/\/x.com\/Notibras","https:\/\/www.instagram.com\/notibras\/"]},{"@type":"Person","@id":"https:\/\/www.notibras.com\/site\/#\/schema\/person\/36ab0979449956132d3e5b517ea76ac8","name":"Reda\u00e7\u00e3o","image":{"@type":"ImageObject","inLanguage":"pt-BR","@id":"https:\/\/secure.gravatar.com\/avatar\/e0a867bdedb85fd243eadf09663511f96fc81e0720a4a42581f334ad4303aa6b?s=96&d=mm&r=g","url":"https:\/\/secure.gravatar.com\/avatar\/e0a867bdedb85fd243eadf09663511f96fc81e0720a4a42581f334ad4303aa6b?s=96&d=mm&r=g","contentUrl":"https:\/\/secure.gravatar.com\/avatar\/e0a867bdedb85fd243eadf09663511f96fc81e0720a4a42581f334ad4303aa6b?s=96&d=mm&r=g","caption":"Reda\u00e7\u00e3o"}}]}},"amp_enabled":true,"_links":{"self":[{"href":"https:\/\/www.notibras.com\/site\/wp-json\/wp\/v2\/posts\/323956","targetHints":{"allow":["GET"]}}],"collection":[{"href":"https:\/\/www.notibras.com\/site\/wp-json\/wp\/v2\/posts"}],"about":[{"href":"https:\/\/www.notibras.com\/site\/wp-json\/wp\/v2\/types\/post"}],"author":[{"embeddable":true,"href":"https:\/\/www.notibras.com\/site\/wp-json\/wp\/v2\/users\/2"}],"replies":[{"embeddable":true,"href":"https:\/\/www.notibras.com\/site\/wp-json\/wp\/v2\/comments?post=323956"}],"version-history":[{"count":1,"href":"https:\/\/www.notibras.com\/site\/wp-json\/wp\/v2\/posts\/323956\/revisions"}],"predecessor-version":[{"id":323958,"href":"https:\/\/www.notibras.com\/site\/wp-json\/wp\/v2\/posts\/323956\/revisions\/323958"}],"wp:featuredmedia":[{"embeddable":true,"href":"https:\/\/www.notibras.com\/site\/wp-json\/wp\/v2\/media\/323957"}],"wp:attachment":[{"href":"https:\/\/www.notibras.com\/site\/wp-json\/wp\/v2\/media?parent=323956"}],"wp:term":[{"taxonomy":"category","embeddable":true,"href":"https:\/\/www.notibras.com\/site\/wp-json\/wp\/v2\/categories?post=323956"},{"taxonomy":"post_tag","embeddable":true,"href":"https:\/\/www.notibras.com\/site\/wp-json\/wp\/v2\/tags?post=323956"}],"curies":[{"name":"wp","href":"https:\/\/api.w.org\/{rel}","templated":true}]}}