{"id":323962,"date":"2024-03-06T00:00:09","date_gmt":"2024-03-06T03:00:09","guid":{"rendered":"https:\/\/www.notibras.com\/site\/?p=323962"},"modified":"2024-03-06T05:54:52","modified_gmt":"2024-03-06T08:54:52","slug":"quem-pegou-dengue-deve-ter-cautela-para-doar-sangue","status":"publish","type":"post","link":"https:\/\/www.notibras.com\/site\/quem-pegou-dengue-deve-ter-cautela-para-doar-sangue\/","title":{"rendered":"Quem pegou dengue deve ter cautela para doar sangue"},"content":{"rendered":"<p>Pessoas que tiveram dengue ou que tomaram a vacina contra a doen\u00e7a devem aguardar prazos espec\u00edficos para poder doar sangue. As orienta\u00e7\u00f5es sobre triagem de candidatos voltadas a servi\u00e7os de hemoterapia constam em nota t\u00e9cnica publicada pela Ag\u00eancia Nacional de Vigil\u00e2ncia Sanit\u00e1ria (Anvisa) e pelo Minist\u00e9rio da Sa\u00fade.<\/p>\n<p>Em nota, a Anvisa informou que evid\u00eancias cient\u00edficas demonstram que h\u00e1 risco de transmiss\u00e3o da dengue por transfus\u00e3o sangu\u00ednea. Quando uma pessoa recebe sangue contaminado com o v\u00edrus, h\u00e1 uma probabilidade de 38% de que ela seja infectada e desenvolva a doen\u00e7a ap\u00f3s a transfus\u00e3o.<\/p>\n<p>A ag\u00eancia destaca que, por esse motivo e \u201cpor precau\u00e7\u00e3o\u201d, pessoas que tiveram dengue ou tomaram a vacina recentemente n\u00e3o podem doar sangue por um per\u00edodo determinado de tempo, conforme os seguintes crit\u00e9rios:<\/p>\n<p>pessoas que tiveram dengue comum devem aguardar 30 dias ap\u00f3s a recupera\u00e7\u00e3o completa;<br \/>\npessoas que tiveram dengue grave devem aguardar 180 dias ap\u00f3s a recupera\u00e7\u00e3o completa;<br \/>\npessoas que tiveram contato sexual com pessoas que tiveram dengue nos \u00faltimos 30 dias dever\u00e3o aguardar 30 dias ap\u00f3s o \u00faltimo contato sexual;<br \/>\npessoas que tomaram a vacina contra a dengue devem aguardar 30 dias ap\u00f3s a vacina\u00e7\u00e3o.<\/p>\n<p><strong>P\u00f3s-doa\u00e7\u00e3o<\/strong><br \/>\nA Anvisa pede ainda que os servi\u00e7os de hemoterapia orientem os doadores caso confirmem diagn\u00f3stico por dengue logo ap\u00f3s a doa\u00e7\u00e3o de sangue. \u201cO doador deve informar ao servi\u00e7o caso tenha resultado confirmado de dengue ou apresente sintomas como febre ou diarreia at\u00e9 14 dias ap\u00f3s a doa\u00e7\u00e3o\u201d.<\/p>\n<p>\u201cA informa\u00e7\u00e3o \u00e9 necess\u00e1ria para que os servi\u00e7os possam resgatar eventuais hemocomponentes em estoque e\/ou acompanhar os pacientes, receptores do material\u2019, explicou a ag\u00eancia.<\/p>\n<p><strong>Imunoglobulinas x vacinas<\/strong><br \/>\nA nota destaca ainda que, conforme instru\u00e7\u00f5es dos fabricantes das vacinas contra dengue dispon\u00edveis no Brasil, pacientes que est\u00e3o recebendo tratamento com imunoglobulinas ou hemocomponentes contendo imunoglobulinas, como sangue ou plasma, devem esperar pelo menos 6 semanas e, preferencialmente, 3 meses ap\u00f3s o t\u00e9rmino do tratamento para tomar a vacina.<\/p>\n<p>\u201cO objetivo dessa recomenda\u00e7\u00e3o \u00e9 n\u00e3o comprometer a efic\u00e1cia das vacinas nesses pacientes. A Anvisa incentiva a doa\u00e7\u00e3o de sangue e recomenda que todos os brasileiros visitem os servi\u00e7os de hemoterapia, conhecidos como bancos de sangue, para verificar se est\u00e3o aptos a doar sangue com seguran\u00e7a. Dessa forma, podem ajudar a salvar vidas e praticar uma boa a\u00e7\u00e3o.\u201d<\/p>\n","protected":false},"excerpt":{"rendered":"<p>Pessoas que tiveram dengue ou que tomaram a vacina contra a doen\u00e7a devem aguardar prazos espec\u00edficos para poder doar sangue. As orienta\u00e7\u00f5es sobre triagem de candidatos voltadas a servi\u00e7os de hemoterapia constam em nota t\u00e9cnica publicada pela Ag\u00eancia Nacional de Vigil\u00e2ncia Sanit\u00e1ria (Anvisa) e pelo Minist\u00e9rio da Sa\u00fade. Em nota, a Anvisa informou que evid\u00eancias [&hellip;]<\/p>\n","protected":false},"author":2,"featured_media":323963,"comment_status":"closed","ping_status":"closed","sticky":false,"template":"","format":"standard","meta":{"_acf_changed":false,"footnotes":""},"categories":[161],"tags":[],"class_list":["post-323962","post","type-post","status-publish","format-standard","has-post-thumbnail","hentry","category-quadradinho-em-foco"],"acf":[],"yoast_head":"<!-- This site is optimized with the Yoast SEO plugin v27.2 - https:\/\/yoast.com\/product\/yoast-seo-wordpress\/ -->\n<title>Quem pegou dengue deve ter cautela para doar sangue - Notibras<\/title>\n<meta name=\"robots\" content=\"index, follow, max-snippet:-1, max-image-preview:large, max-video-preview:-1\" \/>\n<link rel=\"canonical\" href=\"https:\/\/www.notibras.com\/site\/quem-pegou-dengue-deve-ter-cautela-para-doar-sangue\/\" \/>\n<meta property=\"og:locale\" content=\"pt_BR\" \/>\n<meta property=\"og:type\" content=\"article\" \/>\n<meta property=\"og:title\" content=\"Quem pegou dengue deve ter cautela para doar sangue - Notibras\" \/>\n<meta property=\"og:description\" content=\"Pessoas que tiveram dengue ou que tomaram a vacina contra a doen\u00e7a devem aguardar prazos espec\u00edficos para poder doar sangue. As orienta\u00e7\u00f5es sobre triagem de candidatos voltadas a servi\u00e7os de hemoterapia constam em nota t\u00e9cnica publicada pela Ag\u00eancia Nacional de Vigil\u00e2ncia Sanit\u00e1ria (Anvisa) e pelo Minist\u00e9rio da Sa\u00fade. Em nota, a Anvisa informou que evid\u00eancias [&hellip;]\" \/>\n<meta property=\"og:url\" content=\"https:\/\/www.notibras.com\/site\/quem-pegou-dengue-deve-ter-cautela-para-doar-sangue\/\" \/>\n<meta property=\"og:site_name\" content=\"Notibras\" \/>\n<meta property=\"article:publisher\" content=\"https:\/\/www.facebook.com\/notibras\/\" \/>\n<meta property=\"article:published_time\" content=\"2024-03-06T03:00:09+00:00\" \/>\n<meta property=\"article:modified_time\" content=\"2024-03-06T08:54:52+00:00\" \/>\n<meta property=\"og:image\" content=\"https:\/\/www.notibras.com\/site\/wp-content\/uploads\/2024\/03\/dengue.sangue.webp\" \/>\n\t<meta property=\"og:image:width\" content=\"1170\" \/>\n\t<meta property=\"og:image:height\" content=\"700\" \/>\n\t<meta property=\"og:image:type\" content=\"image\/webp\" \/>\n<meta name=\"author\" content=\"Reda\u00e7\u00e3o\" \/>\n<meta name=\"twitter:card\" content=\"summary_large_image\" \/>\n<meta name=\"twitter:creator\" content=\"@Notibras\" \/>\n<meta name=\"twitter:site\" content=\"@Notibras\" \/>\n<meta name=\"twitter:label1\" content=\"Escrito por\" \/>\n\t<meta name=\"twitter:data1\" content=\"Reda\u00e7\u00e3o\" \/>\n\t<meta name=\"twitter:label2\" content=\"Est. tempo de leitura\" \/>\n\t<meta name=\"twitter:data2\" content=\"3 minutos\" \/>\n<script type=\"application\/ld+json\" class=\"yoast-schema-graph\">{\"@context\":\"https:\/\/schema.org\",\"@graph\":[{\"@type\":\"Article\",\"@id\":\"https:\/\/www.notibras.com\/site\/quem-pegou-dengue-deve-ter-cautela-para-doar-sangue\/#article\",\"isPartOf\":{\"@id\":\"https:\/\/www.notibras.com\/site\/quem-pegou-dengue-deve-ter-cautela-para-doar-sangue\/\"},\"author\":{\"name\":\"Reda\u00e7\u00e3o\",\"@id\":\"https:\/\/www.notibras.com\/site\/#\/schema\/person\/36ab0979449956132d3e5b517ea76ac8\"},\"headline\":\"Quem pegou dengue deve ter cautela para doar sangue\",\"datePublished\":\"2024-03-06T03:00:09+00:00\",\"dateModified\":\"2024-03-06T08:54:52+00:00\",\"mainEntityOfPage\":{\"@id\":\"https:\/\/www.notibras.com\/site\/quem-pegou-dengue-deve-ter-cautela-para-doar-sangue\/\"},\"wordCount\":431,\"publisher\":{\"@id\":\"https:\/\/www.notibras.com\/site\/#organization\"},\"image\":{\"@id\":\"https:\/\/www.notibras.com\/site\/quem-pegou-dengue-deve-ter-cautela-para-doar-sangue\/#primaryimage\"},\"thumbnailUrl\":\"https:\/\/www.notibras.com\/site\/wp-content\/uploads\/2024\/03\/dengue.sangue.webp\",\"articleSection\":[\"Quadradinho em Foco\"],\"inLanguage\":\"pt-BR\"},{\"@type\":\"WebPage\",\"@id\":\"https:\/\/www.notibras.com\/site\/quem-pegou-dengue-deve-ter-cautela-para-doar-sangue\/\",\"url\":\"https:\/\/www.notibras.com\/site\/quem-pegou-dengue-deve-ter-cautela-para-doar-sangue\/\",\"name\":\"Quem pegou dengue deve ter cautela para doar sangue - Notibras\",\"isPartOf\":{\"@id\":\"https:\/\/www.notibras.com\/site\/#website\"},\"primaryImageOfPage\":{\"@id\":\"https:\/\/www.notibras.com\/site\/quem-pegou-dengue-deve-ter-cautela-para-doar-sangue\/#primaryimage\"},\"image\":{\"@id\":\"https:\/\/www.notibras.com\/site\/quem-pegou-dengue-deve-ter-cautela-para-doar-sangue\/#primaryimage\"},\"thumbnailUrl\":\"https:\/\/www.notibras.com\/site\/wp-content\/uploads\/2024\/03\/dengue.sangue.webp\",\"datePublished\":\"2024-03-06T03:00:09+00:00\",\"dateModified\":\"2024-03-06T08:54:52+00:00\",\"breadcrumb\":{\"@id\":\"https:\/\/www.notibras.com\/site\/quem-pegou-dengue-deve-ter-cautela-para-doar-sangue\/#breadcrumb\"},\"inLanguage\":\"pt-BR\",\"potentialAction\":[{\"@type\":\"ReadAction\",\"target\":[\"https:\/\/www.notibras.com\/site\/quem-pegou-dengue-deve-ter-cautela-para-doar-sangue\/\"]}]},{\"@type\":\"ImageObject\",\"inLanguage\":\"pt-BR\",\"@id\":\"https:\/\/www.notibras.com\/site\/quem-pegou-dengue-deve-ter-cautela-para-doar-sangue\/#primaryimage\",\"url\":\"https:\/\/www.notibras.com\/site\/wp-content\/uploads\/2024\/03\/dengue.sangue.webp\",\"contentUrl\":\"https:\/\/www.notibras.com\/site\/wp-content\/uploads\/2024\/03\/dengue.sangue.webp\",\"width\":1170,\"height\":700},{\"@type\":\"BreadcrumbList\",\"@id\":\"https:\/\/www.notibras.com\/site\/quem-pegou-dengue-deve-ter-cautela-para-doar-sangue\/#breadcrumb\",\"itemListElement\":[{\"@type\":\"ListItem\",\"position\":1,\"name\":\"In\u00edcio\",\"item\":\"https:\/\/www.notibras.com\/site\/\"},{\"@type\":\"ListItem\",\"position\":2,\"name\":\"Quem pegou dengue deve ter cautela para doar sangue\"}]},{\"@type\":\"WebSite\",\"@id\":\"https:\/\/www.notibras.com\/site\/#website\",\"url\":\"https:\/\/www.notibras.com\/site\/\",\"name\":\"Notibras\",\"description\":\"Not\u00edcias de Bras\u00edlia, do Brasil e do Mundo\",\"publisher\":{\"@id\":\"https:\/\/www.notibras.com\/site\/#organization\"},\"potentialAction\":[{\"@type\":\"SearchAction\",\"target\":{\"@type\":\"EntryPoint\",\"urlTemplate\":\"https:\/\/www.notibras.com\/site\/?s={search_term_string}\"},\"query-input\":{\"@type\":\"PropertyValueSpecification\",\"valueRequired\":true,\"valueName\":\"search_term_string\"}}],\"inLanguage\":\"pt-BR\"},{\"@type\":\"Organization\",\"@id\":\"https:\/\/www.notibras.com\/site\/#organization\",\"name\":\"Grupo Notibras de Comunica\u00e7\u00e3o\",\"url\":\"https:\/\/www.notibras.com\/site\/\",\"logo\":{\"@type\":\"ImageObject\",\"inLanguage\":\"pt-BR\",\"@id\":\"https:\/\/www.notibras.com\/site\/#\/schema\/logo\/image\/\",\"url\":\"https:\/\/www.notibras.com\/site\/wp-content\/uploads\/2023\/01\/notibras23.png\",\"contentUrl\":\"https:\/\/www.notibras.com\/site\/wp-content\/uploads\/2023\/01\/notibras23.png\",\"width\":350,\"height\":87,\"caption\":\"Grupo Notibras de Comunica\u00e7\u00e3o\"},\"image\":{\"@id\":\"https:\/\/www.notibras.com\/site\/#\/schema\/logo\/image\/\"},\"sameAs\":[\"https:\/\/www.facebook.com\/notibras\/\",\"https:\/\/x.com\/Notibras\",\"https:\/\/www.instagram.com\/notibras\/\"]},{\"@type\":\"Person\",\"@id\":\"https:\/\/www.notibras.com\/site\/#\/schema\/person\/36ab0979449956132d3e5b517ea76ac8\",\"name\":\"Reda\u00e7\u00e3o\",\"image\":{\"@type\":\"ImageObject\",\"inLanguage\":\"pt-BR\",\"@id\":\"https:\/\/secure.gravatar.com\/avatar\/e0a867bdedb85fd243eadf09663511f96fc81e0720a4a42581f334ad4303aa6b?s=96&d=mm&r=g\",\"url\":\"https:\/\/secure.gravatar.com\/avatar\/e0a867bdedb85fd243eadf09663511f96fc81e0720a4a42581f334ad4303aa6b?s=96&d=mm&r=g\",\"contentUrl\":\"https:\/\/secure.gravatar.com\/avatar\/e0a867bdedb85fd243eadf09663511f96fc81e0720a4a42581f334ad4303aa6b?s=96&d=mm&r=g\",\"caption\":\"Reda\u00e7\u00e3o\"}}]}<\/script>\n<!-- \/ Yoast SEO plugin. -->","yoast_head_json":{"title":"Quem pegou dengue deve ter cautela para doar sangue - Notibras","robots":{"index":"index","follow":"follow","max-snippet":"max-snippet:-1","max-image-preview":"max-image-preview:large","max-video-preview":"max-video-preview:-1"},"canonical":"https:\/\/www.notibras.com\/site\/quem-pegou-dengue-deve-ter-cautela-para-doar-sangue\/","og_locale":"pt_BR","og_type":"article","og_title":"Quem pegou dengue deve ter cautela para doar sangue - Notibras","og_description":"Pessoas que tiveram dengue ou que tomaram a vacina contra a doen\u00e7a devem aguardar prazos espec\u00edficos para poder doar sangue. As orienta\u00e7\u00f5es sobre triagem de candidatos voltadas a servi\u00e7os de hemoterapia constam em nota t\u00e9cnica publicada pela Ag\u00eancia Nacional de Vigil\u00e2ncia Sanit\u00e1ria (Anvisa) e pelo Minist\u00e9rio da Sa\u00fade. Em nota, a Anvisa informou que evid\u00eancias [&hellip;]","og_url":"https:\/\/www.notibras.com\/site\/quem-pegou-dengue-deve-ter-cautela-para-doar-sangue\/","og_site_name":"Notibras","article_publisher":"https:\/\/www.facebook.com\/notibras\/","article_published_time":"2024-03-06T03:00:09+00:00","article_modified_time":"2024-03-06T08:54:52+00:00","og_image":[{"width":1170,"height":700,"url":"https:\/\/www.notibras.com\/site\/wp-content\/uploads\/2024\/03\/dengue.sangue.webp","type":"image\/webp"}],"author":"Reda\u00e7\u00e3o","twitter_card":"summary_large_image","twitter_creator":"@Notibras","twitter_site":"@Notibras","twitter_misc":{"Escrito por":"Reda\u00e7\u00e3o","Est. tempo de leitura":"3 minutos"},"schema":{"@context":"https:\/\/schema.org","@graph":[{"@type":"Article","@id":"https:\/\/www.notibras.com\/site\/quem-pegou-dengue-deve-ter-cautela-para-doar-sangue\/#article","isPartOf":{"@id":"https:\/\/www.notibras.com\/site\/quem-pegou-dengue-deve-ter-cautela-para-doar-sangue\/"},"author":{"name":"Reda\u00e7\u00e3o","@id":"https:\/\/www.notibras.com\/site\/#\/schema\/person\/36ab0979449956132d3e5b517ea76ac8"},"headline":"Quem pegou dengue deve ter cautela para doar sangue","datePublished":"2024-03-06T03:00:09+00:00","dateModified":"2024-03-06T08:54:52+00:00","mainEntityOfPage":{"@id":"https:\/\/www.notibras.com\/site\/quem-pegou-dengue-deve-ter-cautela-para-doar-sangue\/"},"wordCount":431,"publisher":{"@id":"https:\/\/www.notibras.com\/site\/#organization"},"image":{"@id":"https:\/\/www.notibras.com\/site\/quem-pegou-dengue-deve-ter-cautela-para-doar-sangue\/#primaryimage"},"thumbnailUrl":"https:\/\/www.notibras.com\/site\/wp-content\/uploads\/2024\/03\/dengue.sangue.webp","articleSection":["Quadradinho em Foco"],"inLanguage":"pt-BR"},{"@type":"WebPage","@id":"https:\/\/www.notibras.com\/site\/quem-pegou-dengue-deve-ter-cautela-para-doar-sangue\/","url":"https:\/\/www.notibras.com\/site\/quem-pegou-dengue-deve-ter-cautela-para-doar-sangue\/","name":"Quem pegou dengue deve ter cautela para doar sangue - Notibras","isPartOf":{"@id":"https:\/\/www.notibras.com\/site\/#website"},"primaryImageOfPage":{"@id":"https:\/\/www.notibras.com\/site\/quem-pegou-dengue-deve-ter-cautela-para-doar-sangue\/#primaryimage"},"image":{"@id":"https:\/\/www.notibras.com\/site\/quem-pegou-dengue-deve-ter-cautela-para-doar-sangue\/#primaryimage"},"thumbnailUrl":"https:\/\/www.notibras.com\/site\/wp-content\/uploads\/2024\/03\/dengue.sangue.webp","datePublished":"2024-03-06T03:00:09+00:00","dateModified":"2024-03-06T08:54:52+00:00","breadcrumb":{"@id":"https:\/\/www.notibras.com\/site\/quem-pegou-dengue-deve-ter-cautela-para-doar-sangue\/#breadcrumb"},"inLanguage":"pt-BR","potentialAction":[{"@type":"ReadAction","target":["https:\/\/www.notibras.com\/site\/quem-pegou-dengue-deve-ter-cautela-para-doar-sangue\/"]}]},{"@type":"ImageObject","inLanguage":"pt-BR","@id":"https:\/\/www.notibras.com\/site\/quem-pegou-dengue-deve-ter-cautela-para-doar-sangue\/#primaryimage","url":"https:\/\/www.notibras.com\/site\/wp-content\/uploads\/2024\/03\/dengue.sangue.webp","contentUrl":"https:\/\/www.notibras.com\/site\/wp-content\/uploads\/2024\/03\/dengue.sangue.webp","width":1170,"height":700},{"@type":"BreadcrumbList","@id":"https:\/\/www.notibras.com\/site\/quem-pegou-dengue-deve-ter-cautela-para-doar-sangue\/#breadcrumb","itemListElement":[{"@type":"ListItem","position":1,"name":"In\u00edcio","item":"https:\/\/www.notibras.com\/site\/"},{"@type":"ListItem","position":2,"name":"Quem pegou dengue deve ter cautela para doar sangue"}]},{"@type":"WebSite","@id":"https:\/\/www.notibras.com\/site\/#website","url":"https:\/\/www.notibras.com\/site\/","name":"Notibras","description":"Not\u00edcias de Bras\u00edlia, do Brasil e do Mundo","publisher":{"@id":"https:\/\/www.notibras.com\/site\/#organization"},"potentialAction":[{"@type":"SearchAction","target":{"@type":"EntryPoint","urlTemplate":"https:\/\/www.notibras.com\/site\/?s={search_term_string}"},"query-input":{"@type":"PropertyValueSpecification","valueRequired":true,"valueName":"search_term_string"}}],"inLanguage":"pt-BR"},{"@type":"Organization","@id":"https:\/\/www.notibras.com\/site\/#organization","name":"Grupo Notibras de Comunica\u00e7\u00e3o","url":"https:\/\/www.notibras.com\/site\/","logo":{"@type":"ImageObject","inLanguage":"pt-BR","@id":"https:\/\/www.notibras.com\/site\/#\/schema\/logo\/image\/","url":"https:\/\/www.notibras.com\/site\/wp-content\/uploads\/2023\/01\/notibras23.png","contentUrl":"https:\/\/www.notibras.com\/site\/wp-content\/uploads\/2023\/01\/notibras23.png","width":350,"height":87,"caption":"Grupo Notibras de Comunica\u00e7\u00e3o"},"image":{"@id":"https:\/\/www.notibras.com\/site\/#\/schema\/logo\/image\/"},"sameAs":["https:\/\/www.facebook.com\/notibras\/","https:\/\/x.com\/Notibras","https:\/\/www.instagram.com\/notibras\/"]},{"@type":"Person","@id":"https:\/\/www.notibras.com\/site\/#\/schema\/person\/36ab0979449956132d3e5b517ea76ac8","name":"Reda\u00e7\u00e3o","image":{"@type":"ImageObject","inLanguage":"pt-BR","@id":"https:\/\/secure.gravatar.com\/avatar\/e0a867bdedb85fd243eadf09663511f96fc81e0720a4a42581f334ad4303aa6b?s=96&d=mm&r=g","url":"https:\/\/secure.gravatar.com\/avatar\/e0a867bdedb85fd243eadf09663511f96fc81e0720a4a42581f334ad4303aa6b?s=96&d=mm&r=g","contentUrl":"https:\/\/secure.gravatar.com\/avatar\/e0a867bdedb85fd243eadf09663511f96fc81e0720a4a42581f334ad4303aa6b?s=96&d=mm&r=g","caption":"Reda\u00e7\u00e3o"}}]}},"amp_enabled":true,"_links":{"self":[{"href":"https:\/\/www.notibras.com\/site\/wp-json\/wp\/v2\/posts\/323962","targetHints":{"allow":["GET"]}}],"collection":[{"href":"https:\/\/www.notibras.com\/site\/wp-json\/wp\/v2\/posts"}],"about":[{"href":"https:\/\/www.notibras.com\/site\/wp-json\/wp\/v2\/types\/post"}],"author":[{"embeddable":true,"href":"https:\/\/www.notibras.com\/site\/wp-json\/wp\/v2\/users\/2"}],"replies":[{"embeddable":true,"href":"https:\/\/www.notibras.com\/site\/wp-json\/wp\/v2\/comments?post=323962"}],"version-history":[{"count":1,"href":"https:\/\/www.notibras.com\/site\/wp-json\/wp\/v2\/posts\/323962\/revisions"}],"predecessor-version":[{"id":323964,"href":"https:\/\/www.notibras.com\/site\/wp-json\/wp\/v2\/posts\/323962\/revisions\/323964"}],"wp:featuredmedia":[{"embeddable":true,"href":"https:\/\/www.notibras.com\/site\/wp-json\/wp\/v2\/media\/323963"}],"wp:attachment":[{"href":"https:\/\/www.notibras.com\/site\/wp-json\/wp\/v2\/media?parent=323962"}],"wp:term":[{"taxonomy":"category","embeddable":true,"href":"https:\/\/www.notibras.com\/site\/wp-json\/wp\/v2\/categories?post=323962"},{"taxonomy":"post_tag","embeddable":true,"href":"https:\/\/www.notibras.com\/site\/wp-json\/wp\/v2\/tags?post=323962"}],"curies":[{"name":"wp","href":"https:\/\/api.w.org\/{rel}","templated":true}]}}