{"id":323965,"date":"2024-03-06T00:01:21","date_gmt":"2024-03-06T03:01:21","guid":{"rendered":"https:\/\/www.notibras.com\/site\/?p=323965"},"modified":"2024-03-06T06:08:25","modified_gmt":"2024-03-06T09:08:25","slug":"doacao-e-fonte-de-cura-para-bebes-em-uti-neonatal","status":"publish","type":"post","link":"https:\/\/www.notibras.com\/site\/doacao-e-fonte-de-cura-para-bebes-em-uti-neonatal\/","title":{"rendered":"Doa\u00e7\u00e3o \u00e9 fonte de cura para beb\u00eas em UTI neonatal"},"content":{"rendered":"<p>O leite materno \u00e9 o mais completo para alimentar o rec\u00e9m-nascido, pois \u00e9 rico em nutrientes e em agentes imunobiol\u00f3gicos que protegem contra v\u00e1rias doen\u00e7as. Em crian\u00e7as menores de 5 anos, o alimento pode reduzir em at\u00e9 13% as mortes evit\u00e1veis nessa faixa et\u00e1ria.<\/p>\n<p>\u201cAl\u00e9m de fornecer todos os nutrientes essenciais ao beb\u00ea, o leite materno \u00e9 facilmente digerido, o que reduz o risco de alergias alimentares e problemas gastrointestinais\u201d, aponta a coordenadora das Pol\u00edticas de Aleitamento Materno da Secretaria de Sa\u00fade (SES-DF), Mariane Curado Borges.<\/p>\n<p>Nem toda m\u00e3e, contudo, consegue amamentar, seja por dificuldades pr\u00e1ticas, seja por um parto prematuro que exige a interna\u00e7\u00e3o do beb\u00ea na Unidade de Terapia Intensiva (UTI) Neonatal. Nesses casos, os beb\u00eas dependem do leite de um dos dez Bancos de Leite Humano (BLH) do Distrito Federal.<\/p>\n<p>\u00c9 o caso da pequena Maria Cec\u00edlia, hoje com 3 meses. Ela nasceu na 26\u00aa semana de gesta\u00e7\u00e3o, pesando apenas 735 g. A m\u00e3e Deisiane Santiago de Souza conta das inseguran\u00e7as com o nascimento prematuro da filha somado ao fato de que ainda n\u00e3o tinha come\u00e7ado a produzir leite. \u201cFoi muito sofrimento. \u00c9 a minha primeira filha e eu n\u00e3o sabia nada sobre amamenta\u00e7\u00e3o nem que pudesse procurar aux\u00edlio no banco de leite. Meu pensamento era sempre de que ela passaria fome\u201d, lembra a vendedora.<\/p>\n<p>Mas Deisiane conseguiu suporte com os profissionais do BLH e Maria Cec\u00edlia est\u00e1 mais forte. Al\u00e9m do leite doado, a m\u00e3e recebeu orienta\u00e7\u00f5es sobre massagem, ordenha e coleta. A filha est\u00e1 com 2 kg e ainda segue internada na UTI Neonatal do Hospital Regional de Taguatinga (HRT).<\/p>\n<p>A hist\u00f3ria de Deisiane e Maria Cec\u00edlia ilustra a hist\u00f3ria de tantos outros pacientes. O leite humano segue como protagonista no fortalecimento de beb\u00eas prematuros e\/ou internados. Cada pote de leite doado pode beneficiar at\u00e9 dez rec\u00e9m-nascidos. Toda pessoa que amamenta pode ser uma doadora, basta estar com a sa\u00fade em dia e n\u00e3o usar medicamento que seja incompat\u00edvel com a amamenta\u00e7\u00e3o.<\/p>\n<p>Quem quiser doar pode ligar para o n\u00famero 160 \u2013 op\u00e7\u00e3o 4, ou se cadastrar no site do Amamenta Bras\u00edlia. A pessoa ir\u00e1 receber orienta\u00e7\u00f5es sobre como realizar a coleta e o armazenamento do leite em casa, sem a necessidade de deslocamento aos hospitais. Uma equipe do Corpo de Bombeiros do DF far\u00e1 a entrega do kit para coleta e, semanalmente, ir\u00e1 \u00e0 resid\u00eancia buscar a doa\u00e7\u00e3o.<\/p>\n<p><strong>Queda de arrecada\u00e7\u00e3o<\/strong><br \/>\nO DF se destaca pelos \u00edndices de aleitamento materno e tamb\u00e9m \u00e9 refer\u00eancia nacional na pol\u00edtica de BLH. O final e o in\u00edcio de ano, por\u00e9m, costumam provocar uma redu\u00e7\u00e3o nas doa\u00e7\u00f5es de leite e, consequentemente, uma queda importante nos estoques.<\/p>\n<p>Os BHLs do DF tem como meta arrecadar dois mil litros de leite por m\u00eas. O montante abastece um estoque que atende, em m\u00e9dia, 250 beb\u00eas por dia, internados nos hospitais da capital federal. \u201cDe novembro do ano passado at\u00e9 agora, fevereiro, ficamos abaixo dessa meta mensal\u201d, aponta a coordenadora. \u201cPassamos de 2 mil litros em outubro a 1.750 litros em novembro. Fechamos janeiro com apenas 1.500 litros de leite coletado. A expectativa \u00e9 de que em mar\u00e7o os estoques voltem a subir.\u201d<\/p>\n<p>Segundo a Borges, \u00e9 comum a redu\u00e7\u00e3o nas doa\u00e7\u00f5es durante o per\u00edodo de f\u00e9rias. O carnaval logo ap\u00f3s tamb\u00e9m impactou. Por isso, segundo ela, \u00e9 fundamental a colabora\u00e7\u00e3o de lactantes saud\u00e1veis. \u201cO gesto salva vidas\u201d, refor\u00e7a.<\/p>\n<p>O leite materno n\u00e3o apenas encurta as estadias hospitalares de rec\u00e9m-nascidos, como tamb\u00e9m proporciona um futuro saud\u00e1vel a essas crian\u00e7as<\/p>\n<p><strong>Alimento completo<\/strong><br \/>\nO leite materno n\u00e3o apenas encurta as estadias hospitalares de rec\u00e9m-nascidos, como tamb\u00e9m proporciona um futuro saud\u00e1vel a essas crian\u00e7as. Segundo a Funda\u00e7\u00e3o Oswaldo Cruz (Fiocruz) e o Minist\u00e9rio da Sa\u00fade, beb\u00eas prematuros, ou que enfrentam patologias, apresentaram mais chances de recupera\u00e7\u00e3o e de desenvolverem uma boa sa\u00fade ao longo da vida ao receberem leite materno no per\u00edodo de interna\u00e7\u00e3o em UTI neonatal.<\/p>\n<p>Trata-se de um alimento especificamente adaptado \u00e0s necessidades do beb\u00ea. Em sua composi\u00e7\u00e3o, o leite humano apresenta carboidratos, prote\u00ednas, lip\u00eddios, vitaminas, minerais, subst\u00e2ncias imunocompetentes (imunoglobulina A, enzimas, interferon), al\u00e9m de fatores moduladores de crescimento e \u00e1cidos graxos essenciais, cruciais ao desenvolvimento do sistema nervoso e cerebral.<\/p>\n<p>Al\u00e9m disso, os componentes do leite materno variam ao longo do tempo, ajustando-se \u00e0s necessidades em constante mudan\u00e7a do beb\u00ea \u00e0 medida que cresce.<\/p>\n<p>A servidora da Secretaria de Educa\u00e7\u00e3o, Fernanda Evangelista de Sousa, \u00e9 m\u00e3e do pequeno Augusto, de 8 meses. Ela conta que sempre teve o desejo de doar leite, visto que tamb\u00e9m \u00e9 doadora de sangue. \u201cEntrei em contato com o banco de leite do Hospital Universit\u00e1rio de Bras\u00edlia [HUB] e foi bem r\u00e1pido. Enviei os exames que fiz no pr\u00e9-natal, fui cadastrada e logo entraram em contato comigo\u201d, conta. \u201cTeve semana que consegui doar cinco vidros. E eu tirava s\u00f3 uma vez por dia, pela manh\u00e3\u201d, celebra.<\/p>\n<p>Fernanda se emociona e afirma que a doa\u00e7\u00e3o de leite foi gratificante. \u201c\u00c9 uma trajet\u00f3ria muito bonita. Eu recebia cartinhas das m\u00e3es que precisaram do leite. Ler os testemunhos delas agradecendo foi lindo demais.\u201d<\/p>\n","protected":false},"excerpt":{"rendered":"<p>O leite materno \u00e9 o mais completo para alimentar o rec\u00e9m-nascido, pois \u00e9 rico em nutrientes e em agentes imunobiol\u00f3gicos que protegem contra v\u00e1rias doen\u00e7as. Em crian\u00e7as menores de 5 anos, o alimento pode reduzir em at\u00e9 13% as mortes evit\u00e1veis nessa faixa et\u00e1ria. \u201cAl\u00e9m de fornecer todos os nutrientes essenciais ao beb\u00ea, o leite [&hellip;]<\/p>\n","protected":false},"author":2,"featured_media":305240,"comment_status":"closed","ping_status":"closed","sticky":false,"template":"","format":"standard","meta":{"_acf_changed":false,"footnotes":""},"categories":[161],"tags":[],"class_list":["post-323965","post","type-post","status-publish","format-standard","has-post-thumbnail","hentry","category-quadradinho-em-foco"],"acf":[],"yoast_head":"<!-- This site is optimized with the Yoast SEO plugin v27.2 - https:\/\/yoast.com\/product\/yoast-seo-wordpress\/ -->\n<title>Doa\u00e7\u00e3o \u00e9 fonte de cura para beb\u00eas em UTI neonatal - Notibras<\/title>\n<meta name=\"robots\" content=\"index, follow, max-snippet:-1, max-image-preview:large, max-video-preview:-1\" \/>\n<link rel=\"canonical\" href=\"https:\/\/www.notibras.com\/site\/doacao-e-fonte-de-cura-para-bebes-em-uti-neonatal\/\" \/>\n<meta property=\"og:locale\" content=\"pt_BR\" \/>\n<meta property=\"og:type\" content=\"article\" \/>\n<meta property=\"og:title\" content=\"Doa\u00e7\u00e3o \u00e9 fonte de cura para beb\u00eas em UTI neonatal - Notibras\" \/>\n<meta property=\"og:description\" content=\"O leite materno \u00e9 o mais completo para alimentar o rec\u00e9m-nascido, pois \u00e9 rico em nutrientes e em agentes imunobiol\u00f3gicos que protegem contra v\u00e1rias doen\u00e7as. Em crian\u00e7as menores de 5 anos, o alimento pode reduzir em at\u00e9 13% as mortes evit\u00e1veis nessa faixa et\u00e1ria. \u201cAl\u00e9m de fornecer todos os nutrientes essenciais ao beb\u00ea, o leite [&hellip;]\" \/>\n<meta property=\"og:url\" content=\"https:\/\/www.notibras.com\/site\/doacao-e-fonte-de-cura-para-bebes-em-uti-neonatal\/\" \/>\n<meta property=\"og:site_name\" content=\"Notibras\" \/>\n<meta property=\"article:publisher\" content=\"https:\/\/www.facebook.com\/notibras\/\" \/>\n<meta property=\"article:published_time\" content=\"2024-03-06T03:01:21+00:00\" \/>\n<meta property=\"article:modified_time\" content=\"2024-03-06T09:08:25+00:00\" \/>\n<meta property=\"og:image\" content=\"https:\/\/www.notibras.com\/site\/wp-content\/uploads\/2023\/05\/leite_2.jpg\" \/>\n\t<meta property=\"og:image:width\" content=\"1170\" \/>\n\t<meta property=\"og:image:height\" content=\"700\" \/>\n\t<meta property=\"og:image:type\" content=\"image\/jpeg\" \/>\n<meta name=\"author\" content=\"Reda\u00e7\u00e3o\" \/>\n<meta name=\"twitter:card\" content=\"summary_large_image\" \/>\n<meta name=\"twitter:creator\" content=\"@Notibras\" \/>\n<meta name=\"twitter:site\" content=\"@Notibras\" \/>\n<meta name=\"twitter:label1\" content=\"Escrito por\" \/>\n\t<meta name=\"twitter:data1\" content=\"Reda\u00e7\u00e3o\" \/>\n\t<meta name=\"twitter:label2\" content=\"Est. tempo de leitura\" \/>\n\t<meta name=\"twitter:data2\" content=\"5 minutos\" \/>\n<script type=\"application\/ld+json\" class=\"yoast-schema-graph\">{\"@context\":\"https:\/\/schema.org\",\"@graph\":[{\"@type\":\"Article\",\"@id\":\"https:\/\/www.notibras.com\/site\/doacao-e-fonte-de-cura-para-bebes-em-uti-neonatal\/#article\",\"isPartOf\":{\"@id\":\"https:\/\/www.notibras.com\/site\/doacao-e-fonte-de-cura-para-bebes-em-uti-neonatal\/\"},\"author\":{\"name\":\"Reda\u00e7\u00e3o\",\"@id\":\"https:\/\/www.notibras.com\/site\/#\/schema\/person\/36ab0979449956132d3e5b517ea76ac8\"},\"headline\":\"Doa\u00e7\u00e3o \u00e9 fonte de cura para beb\u00eas em UTI neonatal\",\"datePublished\":\"2024-03-06T03:01:21+00:00\",\"dateModified\":\"2024-03-06T09:08:25+00:00\",\"mainEntityOfPage\":{\"@id\":\"https:\/\/www.notibras.com\/site\/doacao-e-fonte-de-cura-para-bebes-em-uti-neonatal\/\"},\"wordCount\":915,\"publisher\":{\"@id\":\"https:\/\/www.notibras.com\/site\/#organization\"},\"image\":{\"@id\":\"https:\/\/www.notibras.com\/site\/doacao-e-fonte-de-cura-para-bebes-em-uti-neonatal\/#primaryimage\"},\"thumbnailUrl\":\"https:\/\/www.notibras.com\/site\/wp-content\/uploads\/2023\/05\/leite_2.jpg\",\"articleSection\":[\"Quadradinho em Foco\"],\"inLanguage\":\"pt-BR\"},{\"@type\":\"WebPage\",\"@id\":\"https:\/\/www.notibras.com\/site\/doacao-e-fonte-de-cura-para-bebes-em-uti-neonatal\/\",\"url\":\"https:\/\/www.notibras.com\/site\/doacao-e-fonte-de-cura-para-bebes-em-uti-neonatal\/\",\"name\":\"Doa\u00e7\u00e3o \u00e9 fonte de cura para beb\u00eas em UTI neonatal - Notibras\",\"isPartOf\":{\"@id\":\"https:\/\/www.notibras.com\/site\/#website\"},\"primaryImageOfPage\":{\"@id\":\"https:\/\/www.notibras.com\/site\/doacao-e-fonte-de-cura-para-bebes-em-uti-neonatal\/#primaryimage\"},\"image\":{\"@id\":\"https:\/\/www.notibras.com\/site\/doacao-e-fonte-de-cura-para-bebes-em-uti-neonatal\/#primaryimage\"},\"thumbnailUrl\":\"https:\/\/www.notibras.com\/site\/wp-content\/uploads\/2023\/05\/leite_2.jpg\",\"datePublished\":\"2024-03-06T03:01:21+00:00\",\"dateModified\":\"2024-03-06T09:08:25+00:00\",\"breadcrumb\":{\"@id\":\"https:\/\/www.notibras.com\/site\/doacao-e-fonte-de-cura-para-bebes-em-uti-neonatal\/#breadcrumb\"},\"inLanguage\":\"pt-BR\",\"potentialAction\":[{\"@type\":\"ReadAction\",\"target\":[\"https:\/\/www.notibras.com\/site\/doacao-e-fonte-de-cura-para-bebes-em-uti-neonatal\/\"]}]},{\"@type\":\"ImageObject\",\"inLanguage\":\"pt-BR\",\"@id\":\"https:\/\/www.notibras.com\/site\/doacao-e-fonte-de-cura-para-bebes-em-uti-neonatal\/#primaryimage\",\"url\":\"https:\/\/www.notibras.com\/site\/wp-content\/uploads\/2023\/05\/leite_2.jpg\",\"contentUrl\":\"https:\/\/www.notibras.com\/site\/wp-content\/uploads\/2023\/05\/leite_2.jpg\",\"width\":1170,\"height\":700,\"caption\":\"Bras\u00edlia (DF - Os bancos de leite de Bras\u00edlia s\u00e3o considerados os melhores do pa\u00eds e possuem classifica\u00e7\u00e3o de Padr\u00e3o Ouro pelo Programa Internacional Ibero-Americano de Bancos de Leite Humano. Foto Sandro Ara\u00fajo\/Ag\u00eancia Sa\u00fade-DF\"},{\"@type\":\"BreadcrumbList\",\"@id\":\"https:\/\/www.notibras.com\/site\/doacao-e-fonte-de-cura-para-bebes-em-uti-neonatal\/#breadcrumb\",\"itemListElement\":[{\"@type\":\"ListItem\",\"position\":1,\"name\":\"In\u00edcio\",\"item\":\"https:\/\/www.notibras.com\/site\/\"},{\"@type\":\"ListItem\",\"position\":2,\"name\":\"Doa\u00e7\u00e3o \u00e9 fonte de cura para beb\u00eas em UTI neonatal\"}]},{\"@type\":\"WebSite\",\"@id\":\"https:\/\/www.notibras.com\/site\/#website\",\"url\":\"https:\/\/www.notibras.com\/site\/\",\"name\":\"Notibras\",\"description\":\"Not\u00edcias de Bras\u00edlia, do Brasil e do Mundo\",\"publisher\":{\"@id\":\"https:\/\/www.notibras.com\/site\/#organization\"},\"potentialAction\":[{\"@type\":\"SearchAction\",\"target\":{\"@type\":\"EntryPoint\",\"urlTemplate\":\"https:\/\/www.notibras.com\/site\/?s={search_term_string}\"},\"query-input\":{\"@type\":\"PropertyValueSpecification\",\"valueRequired\":true,\"valueName\":\"search_term_string\"}}],\"inLanguage\":\"pt-BR\"},{\"@type\":\"Organization\",\"@id\":\"https:\/\/www.notibras.com\/site\/#organization\",\"name\":\"Grupo Notibras de Comunica\u00e7\u00e3o\",\"url\":\"https:\/\/www.notibras.com\/site\/\",\"logo\":{\"@type\":\"ImageObject\",\"inLanguage\":\"pt-BR\",\"@id\":\"https:\/\/www.notibras.com\/site\/#\/schema\/logo\/image\/\",\"url\":\"https:\/\/www.notibras.com\/site\/wp-content\/uploads\/2023\/01\/notibras23.png\",\"contentUrl\":\"https:\/\/www.notibras.com\/site\/wp-content\/uploads\/2023\/01\/notibras23.png\",\"width\":350,\"height\":87,\"caption\":\"Grupo Notibras de Comunica\u00e7\u00e3o\"},\"image\":{\"@id\":\"https:\/\/www.notibras.com\/site\/#\/schema\/logo\/image\/\"},\"sameAs\":[\"https:\/\/www.facebook.com\/notibras\/\",\"https:\/\/x.com\/Notibras\",\"https:\/\/www.instagram.com\/notibras\/\"]},{\"@type\":\"Person\",\"@id\":\"https:\/\/www.notibras.com\/site\/#\/schema\/person\/36ab0979449956132d3e5b517ea76ac8\",\"name\":\"Reda\u00e7\u00e3o\",\"image\":{\"@type\":\"ImageObject\",\"inLanguage\":\"pt-BR\",\"@id\":\"https:\/\/secure.gravatar.com\/avatar\/e0a867bdedb85fd243eadf09663511f96fc81e0720a4a42581f334ad4303aa6b?s=96&d=mm&r=g\",\"url\":\"https:\/\/secure.gravatar.com\/avatar\/e0a867bdedb85fd243eadf09663511f96fc81e0720a4a42581f334ad4303aa6b?s=96&d=mm&r=g\",\"contentUrl\":\"https:\/\/secure.gravatar.com\/avatar\/e0a867bdedb85fd243eadf09663511f96fc81e0720a4a42581f334ad4303aa6b?s=96&d=mm&r=g\",\"caption\":\"Reda\u00e7\u00e3o\"}}]}<\/script>\n<!-- \/ Yoast SEO plugin. -->","yoast_head_json":{"title":"Doa\u00e7\u00e3o \u00e9 fonte de cura para beb\u00eas em UTI neonatal - Notibras","robots":{"index":"index","follow":"follow","max-snippet":"max-snippet:-1","max-image-preview":"max-image-preview:large","max-video-preview":"max-video-preview:-1"},"canonical":"https:\/\/www.notibras.com\/site\/doacao-e-fonte-de-cura-para-bebes-em-uti-neonatal\/","og_locale":"pt_BR","og_type":"article","og_title":"Doa\u00e7\u00e3o \u00e9 fonte de cura para beb\u00eas em UTI neonatal - Notibras","og_description":"O leite materno \u00e9 o mais completo para alimentar o rec\u00e9m-nascido, pois \u00e9 rico em nutrientes e em agentes imunobiol\u00f3gicos que protegem contra v\u00e1rias doen\u00e7as. Em crian\u00e7as menores de 5 anos, o alimento pode reduzir em at\u00e9 13% as mortes evit\u00e1veis nessa faixa et\u00e1ria. \u201cAl\u00e9m de fornecer todos os nutrientes essenciais ao beb\u00ea, o leite [&hellip;]","og_url":"https:\/\/www.notibras.com\/site\/doacao-e-fonte-de-cura-para-bebes-em-uti-neonatal\/","og_site_name":"Notibras","article_publisher":"https:\/\/www.facebook.com\/notibras\/","article_published_time":"2024-03-06T03:01:21+00:00","article_modified_time":"2024-03-06T09:08:25+00:00","og_image":[{"width":1170,"height":700,"url":"https:\/\/www.notibras.com\/site\/wp-content\/uploads\/2023\/05\/leite_2.jpg","type":"image\/jpeg"}],"author":"Reda\u00e7\u00e3o","twitter_card":"summary_large_image","twitter_creator":"@Notibras","twitter_site":"@Notibras","twitter_misc":{"Escrito por":"Reda\u00e7\u00e3o","Est. tempo de leitura":"5 minutos"},"schema":{"@context":"https:\/\/schema.org","@graph":[{"@type":"Article","@id":"https:\/\/www.notibras.com\/site\/doacao-e-fonte-de-cura-para-bebes-em-uti-neonatal\/#article","isPartOf":{"@id":"https:\/\/www.notibras.com\/site\/doacao-e-fonte-de-cura-para-bebes-em-uti-neonatal\/"},"author":{"name":"Reda\u00e7\u00e3o","@id":"https:\/\/www.notibras.com\/site\/#\/schema\/person\/36ab0979449956132d3e5b517ea76ac8"},"headline":"Doa\u00e7\u00e3o \u00e9 fonte de cura para beb\u00eas em UTI neonatal","datePublished":"2024-03-06T03:01:21+00:00","dateModified":"2024-03-06T09:08:25+00:00","mainEntityOfPage":{"@id":"https:\/\/www.notibras.com\/site\/doacao-e-fonte-de-cura-para-bebes-em-uti-neonatal\/"},"wordCount":915,"publisher":{"@id":"https:\/\/www.notibras.com\/site\/#organization"},"image":{"@id":"https:\/\/www.notibras.com\/site\/doacao-e-fonte-de-cura-para-bebes-em-uti-neonatal\/#primaryimage"},"thumbnailUrl":"https:\/\/www.notibras.com\/site\/wp-content\/uploads\/2023\/05\/leite_2.jpg","articleSection":["Quadradinho em Foco"],"inLanguage":"pt-BR"},{"@type":"WebPage","@id":"https:\/\/www.notibras.com\/site\/doacao-e-fonte-de-cura-para-bebes-em-uti-neonatal\/","url":"https:\/\/www.notibras.com\/site\/doacao-e-fonte-de-cura-para-bebes-em-uti-neonatal\/","name":"Doa\u00e7\u00e3o \u00e9 fonte de cura para beb\u00eas em UTI neonatal - Notibras","isPartOf":{"@id":"https:\/\/www.notibras.com\/site\/#website"},"primaryImageOfPage":{"@id":"https:\/\/www.notibras.com\/site\/doacao-e-fonte-de-cura-para-bebes-em-uti-neonatal\/#primaryimage"},"image":{"@id":"https:\/\/www.notibras.com\/site\/doacao-e-fonte-de-cura-para-bebes-em-uti-neonatal\/#primaryimage"},"thumbnailUrl":"https:\/\/www.notibras.com\/site\/wp-content\/uploads\/2023\/05\/leite_2.jpg","datePublished":"2024-03-06T03:01:21+00:00","dateModified":"2024-03-06T09:08:25+00:00","breadcrumb":{"@id":"https:\/\/www.notibras.com\/site\/doacao-e-fonte-de-cura-para-bebes-em-uti-neonatal\/#breadcrumb"},"inLanguage":"pt-BR","potentialAction":[{"@type":"ReadAction","target":["https:\/\/www.notibras.com\/site\/doacao-e-fonte-de-cura-para-bebes-em-uti-neonatal\/"]}]},{"@type":"ImageObject","inLanguage":"pt-BR","@id":"https:\/\/www.notibras.com\/site\/doacao-e-fonte-de-cura-para-bebes-em-uti-neonatal\/#primaryimage","url":"https:\/\/www.notibras.com\/site\/wp-content\/uploads\/2023\/05\/leite_2.jpg","contentUrl":"https:\/\/www.notibras.com\/site\/wp-content\/uploads\/2023\/05\/leite_2.jpg","width":1170,"height":700,"caption":"Bras\u00edlia (DF - Os bancos de leite de Bras\u00edlia s\u00e3o considerados os melhores do pa\u00eds e possuem classifica\u00e7\u00e3o de Padr\u00e3o Ouro pelo Programa Internacional Ibero-Americano de Bancos de Leite Humano. Foto Sandro Ara\u00fajo\/Ag\u00eancia Sa\u00fade-DF"},{"@type":"BreadcrumbList","@id":"https:\/\/www.notibras.com\/site\/doacao-e-fonte-de-cura-para-bebes-em-uti-neonatal\/#breadcrumb","itemListElement":[{"@type":"ListItem","position":1,"name":"In\u00edcio","item":"https:\/\/www.notibras.com\/site\/"},{"@type":"ListItem","position":2,"name":"Doa\u00e7\u00e3o \u00e9 fonte de cura para beb\u00eas em UTI neonatal"}]},{"@type":"WebSite","@id":"https:\/\/www.notibras.com\/site\/#website","url":"https:\/\/www.notibras.com\/site\/","name":"Notibras","description":"Not\u00edcias de Bras\u00edlia, do Brasil e do Mundo","publisher":{"@id":"https:\/\/www.notibras.com\/site\/#organization"},"potentialAction":[{"@type":"SearchAction","target":{"@type":"EntryPoint","urlTemplate":"https:\/\/www.notibras.com\/site\/?s={search_term_string}"},"query-input":{"@type":"PropertyValueSpecification","valueRequired":true,"valueName":"search_term_string"}}],"inLanguage":"pt-BR"},{"@type":"Organization","@id":"https:\/\/www.notibras.com\/site\/#organization","name":"Grupo Notibras de Comunica\u00e7\u00e3o","url":"https:\/\/www.notibras.com\/site\/","logo":{"@type":"ImageObject","inLanguage":"pt-BR","@id":"https:\/\/www.notibras.com\/site\/#\/schema\/logo\/image\/","url":"https:\/\/www.notibras.com\/site\/wp-content\/uploads\/2023\/01\/notibras23.png","contentUrl":"https:\/\/www.notibras.com\/site\/wp-content\/uploads\/2023\/01\/notibras23.png","width":350,"height":87,"caption":"Grupo Notibras de Comunica\u00e7\u00e3o"},"image":{"@id":"https:\/\/www.notibras.com\/site\/#\/schema\/logo\/image\/"},"sameAs":["https:\/\/www.facebook.com\/notibras\/","https:\/\/x.com\/Notibras","https:\/\/www.instagram.com\/notibras\/"]},{"@type":"Person","@id":"https:\/\/www.notibras.com\/site\/#\/schema\/person\/36ab0979449956132d3e5b517ea76ac8","name":"Reda\u00e7\u00e3o","image":{"@type":"ImageObject","inLanguage":"pt-BR","@id":"https:\/\/secure.gravatar.com\/avatar\/e0a867bdedb85fd243eadf09663511f96fc81e0720a4a42581f334ad4303aa6b?s=96&d=mm&r=g","url":"https:\/\/secure.gravatar.com\/avatar\/e0a867bdedb85fd243eadf09663511f96fc81e0720a4a42581f334ad4303aa6b?s=96&d=mm&r=g","contentUrl":"https:\/\/secure.gravatar.com\/avatar\/e0a867bdedb85fd243eadf09663511f96fc81e0720a4a42581f334ad4303aa6b?s=96&d=mm&r=g","caption":"Reda\u00e7\u00e3o"}}]}},"amp_enabled":true,"_links":{"self":[{"href":"https:\/\/www.notibras.com\/site\/wp-json\/wp\/v2\/posts\/323965","targetHints":{"allow":["GET"]}}],"collection":[{"href":"https:\/\/www.notibras.com\/site\/wp-json\/wp\/v2\/posts"}],"about":[{"href":"https:\/\/www.notibras.com\/site\/wp-json\/wp\/v2\/types\/post"}],"author":[{"embeddable":true,"href":"https:\/\/www.notibras.com\/site\/wp-json\/wp\/v2\/users\/2"}],"replies":[{"embeddable":true,"href":"https:\/\/www.notibras.com\/site\/wp-json\/wp\/v2\/comments?post=323965"}],"version-history":[{"count":1,"href":"https:\/\/www.notibras.com\/site\/wp-json\/wp\/v2\/posts\/323965\/revisions"}],"predecessor-version":[{"id":323966,"href":"https:\/\/www.notibras.com\/site\/wp-json\/wp\/v2\/posts\/323965\/revisions\/323966"}],"wp:featuredmedia":[{"embeddable":true,"href":"https:\/\/www.notibras.com\/site\/wp-json\/wp\/v2\/media\/305240"}],"wp:attachment":[{"href":"https:\/\/www.notibras.com\/site\/wp-json\/wp\/v2\/media?parent=323965"}],"wp:term":[{"taxonomy":"category","embeddable":true,"href":"https:\/\/www.notibras.com\/site\/wp-json\/wp\/v2\/categories?post=323965"},{"taxonomy":"post_tag","embeddable":true,"href":"https:\/\/www.notibras.com\/site\/wp-json\/wp\/v2\/tags?post=323965"}],"curies":[{"name":"wp","href":"https:\/\/api.w.org\/{rel}","templated":true}]}}