{"id":323967,"date":"2024-03-06T06:19:56","date_gmt":"2024-03-06T09:19:56","guid":{"rendered":"https:\/\/www.notibras.com\/site\/?p=323967"},"modified":"2024-03-06T06:19:56","modified_gmt":"2024-03-06T09:19:56","slug":"depois-da-covid-sem-olfato-amanda-perde-maresia","status":"publish","type":"post","link":"https:\/\/www.notibras.com\/site\/depois-da-covid-sem-olfato-amanda-perde-maresia\/","title":{"rendered":"Depois da covid, sem olfato, Amanda &#8216;perde&#8217; maresia"},"content":{"rendered":"<p>Amanda, carioca de Copacabana, todos os dias acordava bem cedinho, bebericava seu caf\u00e9 e, sem mesmo se preocupar se estava ou n\u00e3o com os cabelos no lugar, corria para a praia. J\u00e1 bem pertinho do mar, sentava-se, fechava os olhos e apenas sentia todo aquele aroma vindo das ondas, que quebravam mansinhas nessa quase aurora. Todos os dias, l\u00e1 estava aquela mulher sentada na areia, como se todos j\u00e1 soubessem que ela j\u00e1 fosse parte da bela paisagem.<\/p>\n<p>N\u00e3o fazia muito tempo, por\u00e9m, Amanda tinha pegado Covid-19. Na \u00e9poca n\u00e3o havia vacinas dispon\u00edveis para a popula\u00e7\u00e3o e, mesmo tendo sofrido horrores com o tal v\u00edrus, ela conseguiu sobreviver. Quase totalmente recuperada, a mulher retornou para seu apartamento, onde se manteve isolada durante um per\u00edodo. Queria refletir sobre a pr\u00f3pria morte, j\u00e1 que quase havia partido desta para melhor. N\u00e3o exatamente isso, pois quem mora em Copacabana dificilmente ir\u00e1 se deparar com algo mais divertido no outro lado.<\/p>\n<p>Seja como for, os dias foram passando at\u00e9 que Amanda resolveu retomar a sua rotina. Acordou antes mesmo que os primeiros raios solares brindassem a sua janela. Quase queimou a boca com a quentura do caf\u00e9, mas nem ligou. Deixou a x\u00edcara j\u00e1 vazia sobre a pia da cozinha e correu para o mar.<\/p>\n<p>J\u00e1 sentada diante das ondas, Amanda sentiu falta de alguma coisa. Algo a incomodava, mas todos ao redor pareciam n\u00e3o perceber, pois passavam e apenas a olhavam, como que felizes por ter aquela paisagem novamente brindada pela presen\u00e7a t\u00e3o familiar da Amanda. No entanto, de repente, uma l\u00e1grima escorreu pelos seus lindos olhos de um castanho profundo. Ela havia percebido que n\u00e3o conseguia mais sentir aquele cheiro t\u00e3o caracter\u00edstico dos que vivem pr\u00f3ximos \u00e0 praia. Amanda refletiu: &#8220;Poucas coisas s\u00e3o mais cariocas do que a maresia!&#8221;<\/p>\n","protected":false},"excerpt":{"rendered":"<p>Amanda, carioca de Copacabana, todos os dias acordava bem cedinho, bebericava seu caf\u00e9 e, sem mesmo se preocupar se estava ou n\u00e3o com os cabelos no lugar, corria para a praia. J\u00e1 bem pertinho do mar, sentava-se, fechava os olhos e apenas sentia todo aquele aroma vindo das ondas, que quebravam mansinhas nessa quase aurora. [&hellip;]<\/p>\n","protected":false},"author":2,"featured_media":323968,"comment_status":"closed","ping_status":"closed","sticky":false,"template":"","format":"standard","meta":{"_acf_changed":false,"footnotes":""},"categories":[161],"tags":[],"class_list":["post-323967","post","type-post","status-publish","format-standard","has-post-thumbnail","hentry","category-quadradinho-em-foco"],"acf":[],"yoast_head":"<!-- This site is optimized with the Yoast SEO plugin v27.2 - https:\/\/yoast.com\/product\/yoast-seo-wordpress\/ -->\n<title>Depois da covid, sem olfato, Amanda &#039;perde&#039; maresia - Notibras<\/title>\n<meta name=\"robots\" content=\"index, follow, max-snippet:-1, max-image-preview:large, max-video-preview:-1\" \/>\n<link rel=\"canonical\" href=\"https:\/\/www.notibras.com\/site\/depois-da-covid-sem-olfato-amanda-perde-maresia\/\" \/>\n<meta property=\"og:locale\" content=\"pt_BR\" \/>\n<meta property=\"og:type\" content=\"article\" \/>\n<meta property=\"og:title\" content=\"Depois da covid, sem olfato, Amanda &#039;perde&#039; maresia - Notibras\" \/>\n<meta property=\"og:description\" content=\"Amanda, carioca de Copacabana, todos os dias acordava bem cedinho, bebericava seu caf\u00e9 e, sem mesmo se preocupar se estava ou n\u00e3o com os cabelos no lugar, corria para a praia. J\u00e1 bem pertinho do mar, sentava-se, fechava os olhos e apenas sentia todo aquele aroma vindo das ondas, que quebravam mansinhas nessa quase aurora. [&hellip;]\" \/>\n<meta property=\"og:url\" content=\"https:\/\/www.notibras.com\/site\/depois-da-covid-sem-olfato-amanda-perde-maresia\/\" \/>\n<meta property=\"og:site_name\" content=\"Notibras\" \/>\n<meta property=\"article:publisher\" content=\"https:\/\/www.facebook.com\/notibras\/\" \/>\n<meta property=\"article:published_time\" content=\"2024-03-06T09:19:56+00:00\" \/>\n<meta property=\"og:image\" content=\"https:\/\/www.notibras.com\/site\/wp-content\/uploads\/2024\/03\/amanda.edu_.jpg\" \/>\n\t<meta property=\"og:image:width\" content=\"512\" \/>\n\t<meta property=\"og:image:height\" content=\"474\" \/>\n\t<meta property=\"og:image:type\" content=\"image\/jpeg\" \/>\n<meta name=\"author\" content=\"Reda\u00e7\u00e3o\" \/>\n<meta name=\"twitter:card\" content=\"summary_large_image\" \/>\n<meta name=\"twitter:creator\" content=\"@Notibras\" \/>\n<meta name=\"twitter:site\" content=\"@Notibras\" \/>\n<meta name=\"twitter:label1\" content=\"Escrito por\" \/>\n\t<meta name=\"twitter:data1\" content=\"Reda\u00e7\u00e3o\" \/>\n\t<meta name=\"twitter:label2\" content=\"Est. tempo de leitura\" \/>\n\t<meta name=\"twitter:data2\" content=\"2 minutos\" \/>\n<script type=\"application\/ld+json\" class=\"yoast-schema-graph\">{\"@context\":\"https:\/\/schema.org\",\"@graph\":[{\"@type\":\"Article\",\"@id\":\"https:\/\/www.notibras.com\/site\/depois-da-covid-sem-olfato-amanda-perde-maresia\/#article\",\"isPartOf\":{\"@id\":\"https:\/\/www.notibras.com\/site\/depois-da-covid-sem-olfato-amanda-perde-maresia\/\"},\"author\":{\"name\":\"Reda\u00e7\u00e3o\",\"@id\":\"https:\/\/www.notibras.com\/site\/#\/schema\/person\/36ab0979449956132d3e5b517ea76ac8\"},\"headline\":\"Depois da covid, sem olfato, Amanda &#8216;perde&#8217; maresia\",\"datePublished\":\"2024-03-06T09:19:56+00:00\",\"mainEntityOfPage\":{\"@id\":\"https:\/\/www.notibras.com\/site\/depois-da-covid-sem-olfato-amanda-perde-maresia\/\"},\"wordCount\":324,\"publisher\":{\"@id\":\"https:\/\/www.notibras.com\/site\/#organization\"},\"image\":{\"@id\":\"https:\/\/www.notibras.com\/site\/depois-da-covid-sem-olfato-amanda-perde-maresia\/#primaryimage\"},\"thumbnailUrl\":\"https:\/\/www.notibras.com\/site\/wp-content\/uploads\/2024\/03\/amanda.edu_.jpg\",\"articleSection\":[\"Quadradinho em Foco\"],\"inLanguage\":\"pt-BR\"},{\"@type\":\"WebPage\",\"@id\":\"https:\/\/www.notibras.com\/site\/depois-da-covid-sem-olfato-amanda-perde-maresia\/\",\"url\":\"https:\/\/www.notibras.com\/site\/depois-da-covid-sem-olfato-amanda-perde-maresia\/\",\"name\":\"Depois da covid, sem olfato, Amanda 'perde' maresia - Notibras\",\"isPartOf\":{\"@id\":\"https:\/\/www.notibras.com\/site\/#website\"},\"primaryImageOfPage\":{\"@id\":\"https:\/\/www.notibras.com\/site\/depois-da-covid-sem-olfato-amanda-perde-maresia\/#primaryimage\"},\"image\":{\"@id\":\"https:\/\/www.notibras.com\/site\/depois-da-covid-sem-olfato-amanda-perde-maresia\/#primaryimage\"},\"thumbnailUrl\":\"https:\/\/www.notibras.com\/site\/wp-content\/uploads\/2024\/03\/amanda.edu_.jpg\",\"datePublished\":\"2024-03-06T09:19:56+00:00\",\"breadcrumb\":{\"@id\":\"https:\/\/www.notibras.com\/site\/depois-da-covid-sem-olfato-amanda-perde-maresia\/#breadcrumb\"},\"inLanguage\":\"pt-BR\",\"potentialAction\":[{\"@type\":\"ReadAction\",\"target\":[\"https:\/\/www.notibras.com\/site\/depois-da-covid-sem-olfato-amanda-perde-maresia\/\"]}]},{\"@type\":\"ImageObject\",\"inLanguage\":\"pt-BR\",\"@id\":\"https:\/\/www.notibras.com\/site\/depois-da-covid-sem-olfato-amanda-perde-maresia\/#primaryimage\",\"url\":\"https:\/\/www.notibras.com\/site\/wp-content\/uploads\/2024\/03\/amanda.edu_.jpg\",\"contentUrl\":\"https:\/\/www.notibras.com\/site\/wp-content\/uploads\/2024\/03\/amanda.edu_.jpg\",\"width\":512,\"height\":474},{\"@type\":\"BreadcrumbList\",\"@id\":\"https:\/\/www.notibras.com\/site\/depois-da-covid-sem-olfato-amanda-perde-maresia\/#breadcrumb\",\"itemListElement\":[{\"@type\":\"ListItem\",\"position\":1,\"name\":\"In\u00edcio\",\"item\":\"https:\/\/www.notibras.com\/site\/\"},{\"@type\":\"ListItem\",\"position\":2,\"name\":\"Depois da covid, sem olfato, Amanda &#8216;perde&#8217; maresia\"}]},{\"@type\":\"WebSite\",\"@id\":\"https:\/\/www.notibras.com\/site\/#website\",\"url\":\"https:\/\/www.notibras.com\/site\/\",\"name\":\"Notibras\",\"description\":\"Not\u00edcias de Bras\u00edlia, do Brasil e do Mundo\",\"publisher\":{\"@id\":\"https:\/\/www.notibras.com\/site\/#organization\"},\"potentialAction\":[{\"@type\":\"SearchAction\",\"target\":{\"@type\":\"EntryPoint\",\"urlTemplate\":\"https:\/\/www.notibras.com\/site\/?s={search_term_string}\"},\"query-input\":{\"@type\":\"PropertyValueSpecification\",\"valueRequired\":true,\"valueName\":\"search_term_string\"}}],\"inLanguage\":\"pt-BR\"},{\"@type\":\"Organization\",\"@id\":\"https:\/\/www.notibras.com\/site\/#organization\",\"name\":\"Grupo Notibras de Comunica\u00e7\u00e3o\",\"url\":\"https:\/\/www.notibras.com\/site\/\",\"logo\":{\"@type\":\"ImageObject\",\"inLanguage\":\"pt-BR\",\"@id\":\"https:\/\/www.notibras.com\/site\/#\/schema\/logo\/image\/\",\"url\":\"https:\/\/www.notibras.com\/site\/wp-content\/uploads\/2023\/01\/notibras23.png\",\"contentUrl\":\"https:\/\/www.notibras.com\/site\/wp-content\/uploads\/2023\/01\/notibras23.png\",\"width\":350,\"height\":87,\"caption\":\"Grupo Notibras de Comunica\u00e7\u00e3o\"},\"image\":{\"@id\":\"https:\/\/www.notibras.com\/site\/#\/schema\/logo\/image\/\"},\"sameAs\":[\"https:\/\/www.facebook.com\/notibras\/\",\"https:\/\/x.com\/Notibras\",\"https:\/\/www.instagram.com\/notibras\/\"]},{\"@type\":\"Person\",\"@id\":\"https:\/\/www.notibras.com\/site\/#\/schema\/person\/36ab0979449956132d3e5b517ea76ac8\",\"name\":\"Reda\u00e7\u00e3o\",\"image\":{\"@type\":\"ImageObject\",\"inLanguage\":\"pt-BR\",\"@id\":\"https:\/\/secure.gravatar.com\/avatar\/e0a867bdedb85fd243eadf09663511f96fc81e0720a4a42581f334ad4303aa6b?s=96&d=mm&r=g\",\"url\":\"https:\/\/secure.gravatar.com\/avatar\/e0a867bdedb85fd243eadf09663511f96fc81e0720a4a42581f334ad4303aa6b?s=96&d=mm&r=g\",\"contentUrl\":\"https:\/\/secure.gravatar.com\/avatar\/e0a867bdedb85fd243eadf09663511f96fc81e0720a4a42581f334ad4303aa6b?s=96&d=mm&r=g\",\"caption\":\"Reda\u00e7\u00e3o\"}}]}<\/script>\n<!-- \/ Yoast SEO plugin. -->","yoast_head_json":{"title":"Depois da covid, sem olfato, Amanda 'perde' maresia - Notibras","robots":{"index":"index","follow":"follow","max-snippet":"max-snippet:-1","max-image-preview":"max-image-preview:large","max-video-preview":"max-video-preview:-1"},"canonical":"https:\/\/www.notibras.com\/site\/depois-da-covid-sem-olfato-amanda-perde-maresia\/","og_locale":"pt_BR","og_type":"article","og_title":"Depois da covid, sem olfato, Amanda 'perde' maresia - Notibras","og_description":"Amanda, carioca de Copacabana, todos os dias acordava bem cedinho, bebericava seu caf\u00e9 e, sem mesmo se preocupar se estava ou n\u00e3o com os cabelos no lugar, corria para a praia. J\u00e1 bem pertinho do mar, sentava-se, fechava os olhos e apenas sentia todo aquele aroma vindo das ondas, que quebravam mansinhas nessa quase aurora. [&hellip;]","og_url":"https:\/\/www.notibras.com\/site\/depois-da-covid-sem-olfato-amanda-perde-maresia\/","og_site_name":"Notibras","article_publisher":"https:\/\/www.facebook.com\/notibras\/","article_published_time":"2024-03-06T09:19:56+00:00","og_image":[{"width":512,"height":474,"url":"https:\/\/www.notibras.com\/site\/wp-content\/uploads\/2024\/03\/amanda.edu_.jpg","type":"image\/jpeg"}],"author":"Reda\u00e7\u00e3o","twitter_card":"summary_large_image","twitter_creator":"@Notibras","twitter_site":"@Notibras","twitter_misc":{"Escrito por":"Reda\u00e7\u00e3o","Est. tempo de leitura":"2 minutos"},"schema":{"@context":"https:\/\/schema.org","@graph":[{"@type":"Article","@id":"https:\/\/www.notibras.com\/site\/depois-da-covid-sem-olfato-amanda-perde-maresia\/#article","isPartOf":{"@id":"https:\/\/www.notibras.com\/site\/depois-da-covid-sem-olfato-amanda-perde-maresia\/"},"author":{"name":"Reda\u00e7\u00e3o","@id":"https:\/\/www.notibras.com\/site\/#\/schema\/person\/36ab0979449956132d3e5b517ea76ac8"},"headline":"Depois da covid, sem olfato, Amanda &#8216;perde&#8217; maresia","datePublished":"2024-03-06T09:19:56+00:00","mainEntityOfPage":{"@id":"https:\/\/www.notibras.com\/site\/depois-da-covid-sem-olfato-amanda-perde-maresia\/"},"wordCount":324,"publisher":{"@id":"https:\/\/www.notibras.com\/site\/#organization"},"image":{"@id":"https:\/\/www.notibras.com\/site\/depois-da-covid-sem-olfato-amanda-perde-maresia\/#primaryimage"},"thumbnailUrl":"https:\/\/www.notibras.com\/site\/wp-content\/uploads\/2024\/03\/amanda.edu_.jpg","articleSection":["Quadradinho em Foco"],"inLanguage":"pt-BR"},{"@type":"WebPage","@id":"https:\/\/www.notibras.com\/site\/depois-da-covid-sem-olfato-amanda-perde-maresia\/","url":"https:\/\/www.notibras.com\/site\/depois-da-covid-sem-olfato-amanda-perde-maresia\/","name":"Depois da covid, sem olfato, Amanda 'perde' maresia - Notibras","isPartOf":{"@id":"https:\/\/www.notibras.com\/site\/#website"},"primaryImageOfPage":{"@id":"https:\/\/www.notibras.com\/site\/depois-da-covid-sem-olfato-amanda-perde-maresia\/#primaryimage"},"image":{"@id":"https:\/\/www.notibras.com\/site\/depois-da-covid-sem-olfato-amanda-perde-maresia\/#primaryimage"},"thumbnailUrl":"https:\/\/www.notibras.com\/site\/wp-content\/uploads\/2024\/03\/amanda.edu_.jpg","datePublished":"2024-03-06T09:19:56+00:00","breadcrumb":{"@id":"https:\/\/www.notibras.com\/site\/depois-da-covid-sem-olfato-amanda-perde-maresia\/#breadcrumb"},"inLanguage":"pt-BR","potentialAction":[{"@type":"ReadAction","target":["https:\/\/www.notibras.com\/site\/depois-da-covid-sem-olfato-amanda-perde-maresia\/"]}]},{"@type":"ImageObject","inLanguage":"pt-BR","@id":"https:\/\/www.notibras.com\/site\/depois-da-covid-sem-olfato-amanda-perde-maresia\/#primaryimage","url":"https:\/\/www.notibras.com\/site\/wp-content\/uploads\/2024\/03\/amanda.edu_.jpg","contentUrl":"https:\/\/www.notibras.com\/site\/wp-content\/uploads\/2024\/03\/amanda.edu_.jpg","width":512,"height":474},{"@type":"BreadcrumbList","@id":"https:\/\/www.notibras.com\/site\/depois-da-covid-sem-olfato-amanda-perde-maresia\/#breadcrumb","itemListElement":[{"@type":"ListItem","position":1,"name":"In\u00edcio","item":"https:\/\/www.notibras.com\/site\/"},{"@type":"ListItem","position":2,"name":"Depois da covid, sem olfato, Amanda &#8216;perde&#8217; maresia"}]},{"@type":"WebSite","@id":"https:\/\/www.notibras.com\/site\/#website","url":"https:\/\/www.notibras.com\/site\/","name":"Notibras","description":"Not\u00edcias de Bras\u00edlia, do Brasil e do Mundo","publisher":{"@id":"https:\/\/www.notibras.com\/site\/#organization"},"potentialAction":[{"@type":"SearchAction","target":{"@type":"EntryPoint","urlTemplate":"https:\/\/www.notibras.com\/site\/?s={search_term_string}"},"query-input":{"@type":"PropertyValueSpecification","valueRequired":true,"valueName":"search_term_string"}}],"inLanguage":"pt-BR"},{"@type":"Organization","@id":"https:\/\/www.notibras.com\/site\/#organization","name":"Grupo Notibras de Comunica\u00e7\u00e3o","url":"https:\/\/www.notibras.com\/site\/","logo":{"@type":"ImageObject","inLanguage":"pt-BR","@id":"https:\/\/www.notibras.com\/site\/#\/schema\/logo\/image\/","url":"https:\/\/www.notibras.com\/site\/wp-content\/uploads\/2023\/01\/notibras23.png","contentUrl":"https:\/\/www.notibras.com\/site\/wp-content\/uploads\/2023\/01\/notibras23.png","width":350,"height":87,"caption":"Grupo Notibras de Comunica\u00e7\u00e3o"},"image":{"@id":"https:\/\/www.notibras.com\/site\/#\/schema\/logo\/image\/"},"sameAs":["https:\/\/www.facebook.com\/notibras\/","https:\/\/x.com\/Notibras","https:\/\/www.instagram.com\/notibras\/"]},{"@type":"Person","@id":"https:\/\/www.notibras.com\/site\/#\/schema\/person\/36ab0979449956132d3e5b517ea76ac8","name":"Reda\u00e7\u00e3o","image":{"@type":"ImageObject","inLanguage":"pt-BR","@id":"https:\/\/secure.gravatar.com\/avatar\/e0a867bdedb85fd243eadf09663511f96fc81e0720a4a42581f334ad4303aa6b?s=96&d=mm&r=g","url":"https:\/\/secure.gravatar.com\/avatar\/e0a867bdedb85fd243eadf09663511f96fc81e0720a4a42581f334ad4303aa6b?s=96&d=mm&r=g","contentUrl":"https:\/\/secure.gravatar.com\/avatar\/e0a867bdedb85fd243eadf09663511f96fc81e0720a4a42581f334ad4303aa6b?s=96&d=mm&r=g","caption":"Reda\u00e7\u00e3o"}}]}},"amp_enabled":true,"_links":{"self":[{"href":"https:\/\/www.notibras.com\/site\/wp-json\/wp\/v2\/posts\/323967","targetHints":{"allow":["GET"]}}],"collection":[{"href":"https:\/\/www.notibras.com\/site\/wp-json\/wp\/v2\/posts"}],"about":[{"href":"https:\/\/www.notibras.com\/site\/wp-json\/wp\/v2\/types\/post"}],"author":[{"embeddable":true,"href":"https:\/\/www.notibras.com\/site\/wp-json\/wp\/v2\/users\/2"}],"replies":[{"embeddable":true,"href":"https:\/\/www.notibras.com\/site\/wp-json\/wp\/v2\/comments?post=323967"}],"version-history":[{"count":1,"href":"https:\/\/www.notibras.com\/site\/wp-json\/wp\/v2\/posts\/323967\/revisions"}],"predecessor-version":[{"id":323969,"href":"https:\/\/www.notibras.com\/site\/wp-json\/wp\/v2\/posts\/323967\/revisions\/323969"}],"wp:featuredmedia":[{"embeddable":true,"href":"https:\/\/www.notibras.com\/site\/wp-json\/wp\/v2\/media\/323968"}],"wp:attachment":[{"href":"https:\/\/www.notibras.com\/site\/wp-json\/wp\/v2\/media?parent=323967"}],"wp:term":[{"taxonomy":"category","embeddable":true,"href":"https:\/\/www.notibras.com\/site\/wp-json\/wp\/v2\/categories?post=323967"},{"taxonomy":"post_tag","embeddable":true,"href":"https:\/\/www.notibras.com\/site\/wp-json\/wp\/v2\/tags?post=323967"}],"curies":[{"name":"wp","href":"https:\/\/api.w.org\/{rel}","templated":true}]}}