{"id":32404,"date":"2014-12-29T15:25:58","date_gmt":"2014-12-29T18:25:58","guid":{"rendered":"http:\/\/www.notibras.com\/site\/?p=32404"},"modified":"2014-12-29T15:26:54","modified_gmt":"2014-12-29T18:26:54","slug":"contas-publicas-registram-maior-deficit-dos-ultimos-14-anos","status":"publish","type":"post","link":"https:\/\/www.notibras.com\/site\/contas-publicas-registram-maior-deficit-dos-ultimos-14-anos\/","title":{"rendered":"Contas p\u00fablicas registram maior d\u00e9ficit dos \u00faltimos 14 anos"},"content":{"rendered":"<p>O setor p\u00fablico consolidado \u2013 que engloba governos federal, estaduais e municipais e empresas estatais \u2013 registrou d\u00e9ficit prim\u00e1rio de R$ 8,1 bilh\u00f5es em novembro. Esse \u00e9 o pior resultado para um m\u00eas de novembro desde o in\u00edcio da s\u00e9rie hist\u00f3rica do Banco Central (BC), em 2001. O resultado foi divulgado hoje (29) pelo BC.<\/p>\n<p>O Governo Central teve d\u00e9ficit de R$ 6,7 bilh\u00f5es em novembro e os governos regionais, de R$ 1,8 bilh\u00e3o, enquanto as empresas estatais apresentaram super\u00e1vit de R$ 368 milh\u00f5es.<\/p>\n<p>No ano, o resultado prim\u00e1rio acumula d\u00e9ficit de R$ 19,6 bilh\u00f5es, comparativamente a um super\u00e1vit de R$ 80,9 bilh\u00f5es no mesmo per\u00edodo de 2013. Considerando-se os fluxos acumulados em 12 meses, houve d\u00e9ficit prim\u00e1rio de R$ 9,2 bilh\u00f5es, 0,18% do Produto Interno Bruto (PIB), soma de todas as riquezas produzidas pelo pa\u00eds \u2013, ante super\u00e1vit de R$ 28,6 bilh\u00f5es (0,56% do PIB), em outubro.<\/p>\n<blockquote><p>\u201cEsse \u00e9 o primeiro d\u00e9ficit acumulado registrado em 12 meses pela s\u00e9rie hist\u00f3rica do Banco Central, portanto, o pior resultado para essa s\u00e9rie\u201d, disse o chefe adjunto do Departamento Econ\u00f4mico do Banco Central (BC), Fernando Rocha.<\/p><\/blockquote>\n<p>Os juros nominais, apropriados por compet\u00eancia, alcan\u00e7aram R$ 33,5 bilh\u00f5es em novembro, contra R$ 21,5 bilh\u00f5es em outubro.<\/p>\n<p>O resultado nominal, que inclui o resultado prim\u00e1rio e os juros nominais apropriados por compet\u00eancia, foi deficit\u00e1rio em R$ 41,6 bilh\u00f5es em novembro. De acordo com Fernando Rocha, \u00e9 o pior resultado para esse indicador em um m\u00eas de novembro.<\/p>\n<p>O chefe adjunto do Departamento Econ\u00f4mico do Banco Central citou algumas raz\u00f5es para os resultados negativos. \u201cEm rela\u00e7\u00e3o ao resultado prim\u00e1rio, primeiro cabe ressaltar o impacto de uma atividade econ\u00f4mica mais moderada em rela\u00e7\u00e3o a 2013, o que contribui para reduzir a receita de impostos e [a] arrecada\u00e7\u00e3o do governo. Em rela\u00e7\u00e3o aos juros da d\u00edvida p\u00fablica, cito o aumento de indicadores como a taxa Selic e o IPCA [\u00cdndice de Pre\u00e7os ao Consumidor Amplo]\u201d, disse Fernando Rocha.<\/p>\n<p>Na manh\u00e3 de hoje (29), a Secretaria do Tesouro Nacional divulgou que o Governo Central (Tesouro Nacional, Previd\u00eancia Social e Banco Central) teve resultado prim\u00e1rio deficit\u00e1rio em R$ 6,711 bilh\u00f5es, em novembro. Isso significa que o esfor\u00e7o fiscal n\u00e3o foi suficiente para garantir a economia para pagamento dos juros da d\u00edvida.<\/p>\n<p><strong>Yara Aquino, ABr<\/strong><\/p>\n<p>&nbsp;<\/p>\n","protected":false},"excerpt":{"rendered":"<p>O setor p\u00fablico consolidado \u2013 que engloba governos federal, estaduais e municipais e empresas estatais \u2013 registrou d\u00e9ficit prim\u00e1rio de R$ 8,1 bilh\u00f5es em novembro. Esse \u00e9 o pior resultado para um m\u00eas de novembro desde o in\u00edcio da s\u00e9rie hist\u00f3rica do Banco Central (BC), em 2001. O resultado foi divulgado hoje (29) pelo BC. [&hellip;]<\/p>\n","protected":false},"author":2,"featured_media":32406,"comment_status":"open","ping_status":"closed","sticky":false,"template":"","format":"standard","meta":{"_acf_changed":false,"footnotes":""},"categories":[16],"tags":[],"class_list":["post-32404","post","type-post","status-publish","format-standard","has-post-thumbnail","hentry","category-brasil"],"acf":[],"yoast_head":"<!-- This site is optimized with the Yoast SEO plugin v27.2 - https:\/\/yoast.com\/product\/yoast-seo-wordpress\/ -->\n<title>Contas p\u00fablicas registram maior d\u00e9ficit dos \u00faltimos 14 anos - Notibras<\/title>\n<meta name=\"robots\" content=\"index, follow, max-snippet:-1, max-image-preview:large, max-video-preview:-1\" \/>\n<link rel=\"canonical\" href=\"https:\/\/www.notibras.com\/site\/contas-publicas-registram-maior-deficit-dos-ultimos-14-anos\/\" \/>\n<meta property=\"og:locale\" content=\"pt_BR\" \/>\n<meta property=\"og:type\" content=\"article\" \/>\n<meta property=\"og:title\" content=\"Contas p\u00fablicas registram maior d\u00e9ficit dos \u00faltimos 14 anos - Notibras\" \/>\n<meta property=\"og:description\" content=\"O setor p\u00fablico consolidado \u2013 que engloba governos federal, estaduais e municipais e empresas estatais \u2013 registrou d\u00e9ficit prim\u00e1rio de R$ 8,1 bilh\u00f5es em novembro. Esse \u00e9 o pior resultado para um m\u00eas de novembro desde o in\u00edcio da s\u00e9rie hist\u00f3rica do Banco Central (BC), em 2001. O resultado foi divulgado hoje (29) pelo BC. [&hellip;]\" \/>\n<meta property=\"og:url\" content=\"https:\/\/www.notibras.com\/site\/contas-publicas-registram-maior-deficit-dos-ultimos-14-anos\/\" \/>\n<meta property=\"og:site_name\" content=\"Notibras\" \/>\n<meta property=\"article:publisher\" content=\"https:\/\/www.facebook.com\/notibras\/\" \/>\n<meta property=\"article:published_time\" content=\"2014-12-29T18:25:58+00:00\" \/>\n<meta property=\"article:modified_time\" content=\"2014-12-29T18:26:54+00:00\" \/>\n<meta property=\"og:image\" content=\"https:\/\/www.notibras.com\/site\/wp-content\/uploads\/2014\/12\/notas_real_50_2_de_1.jpg\" \/>\n\t<meta property=\"og:image:width\" content=\"580\" \/>\n\t<meta property=\"og:image:height\" content=\"388\" \/>\n\t<meta property=\"og:image:type\" content=\"image\/jpeg\" \/>\n<meta name=\"author\" content=\"Reda\u00e7\u00e3o\" \/>\n<meta name=\"twitter:card\" content=\"summary_large_image\" \/>\n<meta name=\"twitter:creator\" content=\"@Notibras\" \/>\n<meta name=\"twitter:site\" content=\"@Notibras\" \/>\n<meta name=\"twitter:label1\" content=\"Escrito por\" \/>\n\t<meta name=\"twitter:data1\" content=\"Reda\u00e7\u00e3o\" \/>\n\t<meta name=\"twitter:label2\" content=\"Est. tempo de leitura\" \/>\n\t<meta name=\"twitter:data2\" content=\"2 minutos\" \/>\n<script type=\"application\/ld+json\" class=\"yoast-schema-graph\">{\"@context\":\"https:\/\/schema.org\",\"@graph\":[{\"@type\":\"Article\",\"@id\":\"https:\/\/www.notibras.com\/site\/contas-publicas-registram-maior-deficit-dos-ultimos-14-anos\/#article\",\"isPartOf\":{\"@id\":\"https:\/\/www.notibras.com\/site\/contas-publicas-registram-maior-deficit-dos-ultimos-14-anos\/\"},\"author\":{\"name\":\"Reda\u00e7\u00e3o\",\"@id\":\"https:\/\/www.notibras.com\/site\/#\/schema\/person\/36ab0979449956132d3e5b517ea76ac8\"},\"headline\":\"Contas p\u00fablicas registram maior d\u00e9ficit dos \u00faltimos 14 anos\",\"datePublished\":\"2014-12-29T18:25:58+00:00\",\"dateModified\":\"2014-12-29T18:26:54+00:00\",\"mainEntityOfPage\":{\"@id\":\"https:\/\/www.notibras.com\/site\/contas-publicas-registram-maior-deficit-dos-ultimos-14-anos\/\"},\"wordCount\":415,\"commentCount\":0,\"publisher\":{\"@id\":\"https:\/\/www.notibras.com\/site\/#organization\"},\"image\":{\"@id\":\"https:\/\/www.notibras.com\/site\/contas-publicas-registram-maior-deficit-dos-ultimos-14-anos\/#primaryimage\"},\"thumbnailUrl\":\"https:\/\/www.notibras.com\/site\/wp-content\/uploads\/2014\/12\/notas_real_50_2_de_1.jpg\",\"articleSection\":[\"Brasil\"],\"inLanguage\":\"pt-BR\",\"potentialAction\":[{\"@type\":\"CommentAction\",\"name\":\"Comment\",\"target\":[\"https:\/\/www.notibras.com\/site\/contas-publicas-registram-maior-deficit-dos-ultimos-14-anos\/#respond\"]}]},{\"@type\":\"WebPage\",\"@id\":\"https:\/\/www.notibras.com\/site\/contas-publicas-registram-maior-deficit-dos-ultimos-14-anos\/\",\"url\":\"https:\/\/www.notibras.com\/site\/contas-publicas-registram-maior-deficit-dos-ultimos-14-anos\/\",\"name\":\"Contas p\u00fablicas registram maior d\u00e9ficit dos \u00faltimos 14 anos - Notibras\",\"isPartOf\":{\"@id\":\"https:\/\/www.notibras.com\/site\/#website\"},\"primaryImageOfPage\":{\"@id\":\"https:\/\/www.notibras.com\/site\/contas-publicas-registram-maior-deficit-dos-ultimos-14-anos\/#primaryimage\"},\"image\":{\"@id\":\"https:\/\/www.notibras.com\/site\/contas-publicas-registram-maior-deficit-dos-ultimos-14-anos\/#primaryimage\"},\"thumbnailUrl\":\"https:\/\/www.notibras.com\/site\/wp-content\/uploads\/2014\/12\/notas_real_50_2_de_1.jpg\",\"datePublished\":\"2014-12-29T18:25:58+00:00\",\"dateModified\":\"2014-12-29T18:26:54+00:00\",\"breadcrumb\":{\"@id\":\"https:\/\/www.notibras.com\/site\/contas-publicas-registram-maior-deficit-dos-ultimos-14-anos\/#breadcrumb\"},\"inLanguage\":\"pt-BR\",\"potentialAction\":[{\"@type\":\"ReadAction\",\"target\":[\"https:\/\/www.notibras.com\/site\/contas-publicas-registram-maior-deficit-dos-ultimos-14-anos\/\"]}]},{\"@type\":\"ImageObject\",\"inLanguage\":\"pt-BR\",\"@id\":\"https:\/\/www.notibras.com\/site\/contas-publicas-registram-maior-deficit-dos-ultimos-14-anos\/#primaryimage\",\"url\":\"https:\/\/www.notibras.com\/site\/wp-content\/uploads\/2014\/12\/notas_real_50_2_de_1.jpg\",\"contentUrl\":\"https:\/\/www.notibras.com\/site\/wp-content\/uploads\/2014\/12\/notas_real_50_2_de_1.jpg\",\"width\":580,\"height\":388},{\"@type\":\"BreadcrumbList\",\"@id\":\"https:\/\/www.notibras.com\/site\/contas-publicas-registram-maior-deficit-dos-ultimos-14-anos\/#breadcrumb\",\"itemListElement\":[{\"@type\":\"ListItem\",\"position\":1,\"name\":\"In\u00edcio\",\"item\":\"https:\/\/www.notibras.com\/site\/\"},{\"@type\":\"ListItem\",\"position\":2,\"name\":\"Contas p\u00fablicas registram maior d\u00e9ficit dos \u00faltimos 14 anos\"}]},{\"@type\":\"WebSite\",\"@id\":\"https:\/\/www.notibras.com\/site\/#website\",\"url\":\"https:\/\/www.notibras.com\/site\/\",\"name\":\"Notibras\",\"description\":\"Not\u00edcias de Bras\u00edlia, do Brasil e do Mundo\",\"publisher\":{\"@id\":\"https:\/\/www.notibras.com\/site\/#organization\"},\"potentialAction\":[{\"@type\":\"SearchAction\",\"target\":{\"@type\":\"EntryPoint\",\"urlTemplate\":\"https:\/\/www.notibras.com\/site\/?s={search_term_string}\"},\"query-input\":{\"@type\":\"PropertyValueSpecification\",\"valueRequired\":true,\"valueName\":\"search_term_string\"}}],\"inLanguage\":\"pt-BR\"},{\"@type\":\"Organization\",\"@id\":\"https:\/\/www.notibras.com\/site\/#organization\",\"name\":\"Grupo Notibras de Comunica\u00e7\u00e3o\",\"url\":\"https:\/\/www.notibras.com\/site\/\",\"logo\":{\"@type\":\"ImageObject\",\"inLanguage\":\"pt-BR\",\"@id\":\"https:\/\/www.notibras.com\/site\/#\/schema\/logo\/image\/\",\"url\":\"https:\/\/www.notibras.com\/site\/wp-content\/uploads\/2023\/01\/notibras23.png\",\"contentUrl\":\"https:\/\/www.notibras.com\/site\/wp-content\/uploads\/2023\/01\/notibras23.png\",\"width\":350,\"height\":87,\"caption\":\"Grupo Notibras de Comunica\u00e7\u00e3o\"},\"image\":{\"@id\":\"https:\/\/www.notibras.com\/site\/#\/schema\/logo\/image\/\"},\"sameAs\":[\"https:\/\/www.facebook.com\/notibras\/\",\"https:\/\/x.com\/Notibras\",\"https:\/\/www.instagram.com\/notibras\/\"]},{\"@type\":\"Person\",\"@id\":\"https:\/\/www.notibras.com\/site\/#\/schema\/person\/36ab0979449956132d3e5b517ea76ac8\",\"name\":\"Reda\u00e7\u00e3o\",\"image\":{\"@type\":\"ImageObject\",\"inLanguage\":\"pt-BR\",\"@id\":\"https:\/\/secure.gravatar.com\/avatar\/e0a867bdedb85fd243eadf09663511f96fc81e0720a4a42581f334ad4303aa6b?s=96&d=mm&r=g\",\"url\":\"https:\/\/secure.gravatar.com\/avatar\/e0a867bdedb85fd243eadf09663511f96fc81e0720a4a42581f334ad4303aa6b?s=96&d=mm&r=g\",\"contentUrl\":\"https:\/\/secure.gravatar.com\/avatar\/e0a867bdedb85fd243eadf09663511f96fc81e0720a4a42581f334ad4303aa6b?s=96&d=mm&r=g\",\"caption\":\"Reda\u00e7\u00e3o\"}}]}<\/script>\n<!-- \/ Yoast SEO plugin. -->","yoast_head_json":{"title":"Contas p\u00fablicas registram maior d\u00e9ficit dos \u00faltimos 14 anos - Notibras","robots":{"index":"index","follow":"follow","max-snippet":"max-snippet:-1","max-image-preview":"max-image-preview:large","max-video-preview":"max-video-preview:-1"},"canonical":"https:\/\/www.notibras.com\/site\/contas-publicas-registram-maior-deficit-dos-ultimos-14-anos\/","og_locale":"pt_BR","og_type":"article","og_title":"Contas p\u00fablicas registram maior d\u00e9ficit dos \u00faltimos 14 anos - Notibras","og_description":"O setor p\u00fablico consolidado \u2013 que engloba governos federal, estaduais e municipais e empresas estatais \u2013 registrou d\u00e9ficit prim\u00e1rio de R$ 8,1 bilh\u00f5es em novembro. Esse \u00e9 o pior resultado para um m\u00eas de novembro desde o in\u00edcio da s\u00e9rie hist\u00f3rica do Banco Central (BC), em 2001. O resultado foi divulgado hoje (29) pelo BC. [&hellip;]","og_url":"https:\/\/www.notibras.com\/site\/contas-publicas-registram-maior-deficit-dos-ultimos-14-anos\/","og_site_name":"Notibras","article_publisher":"https:\/\/www.facebook.com\/notibras\/","article_published_time":"2014-12-29T18:25:58+00:00","article_modified_time":"2014-12-29T18:26:54+00:00","og_image":[{"width":580,"height":388,"url":"https:\/\/www.notibras.com\/site\/wp-content\/uploads\/2014\/12\/notas_real_50_2_de_1.jpg","type":"image\/jpeg"}],"author":"Reda\u00e7\u00e3o","twitter_card":"summary_large_image","twitter_creator":"@Notibras","twitter_site":"@Notibras","twitter_misc":{"Escrito por":"Reda\u00e7\u00e3o","Est. tempo de leitura":"2 minutos"},"schema":{"@context":"https:\/\/schema.org","@graph":[{"@type":"Article","@id":"https:\/\/www.notibras.com\/site\/contas-publicas-registram-maior-deficit-dos-ultimos-14-anos\/#article","isPartOf":{"@id":"https:\/\/www.notibras.com\/site\/contas-publicas-registram-maior-deficit-dos-ultimos-14-anos\/"},"author":{"name":"Reda\u00e7\u00e3o","@id":"https:\/\/www.notibras.com\/site\/#\/schema\/person\/36ab0979449956132d3e5b517ea76ac8"},"headline":"Contas p\u00fablicas registram maior d\u00e9ficit dos \u00faltimos 14 anos","datePublished":"2014-12-29T18:25:58+00:00","dateModified":"2014-12-29T18:26:54+00:00","mainEntityOfPage":{"@id":"https:\/\/www.notibras.com\/site\/contas-publicas-registram-maior-deficit-dos-ultimos-14-anos\/"},"wordCount":415,"commentCount":0,"publisher":{"@id":"https:\/\/www.notibras.com\/site\/#organization"},"image":{"@id":"https:\/\/www.notibras.com\/site\/contas-publicas-registram-maior-deficit-dos-ultimos-14-anos\/#primaryimage"},"thumbnailUrl":"https:\/\/www.notibras.com\/site\/wp-content\/uploads\/2014\/12\/notas_real_50_2_de_1.jpg","articleSection":["Brasil"],"inLanguage":"pt-BR","potentialAction":[{"@type":"CommentAction","name":"Comment","target":["https:\/\/www.notibras.com\/site\/contas-publicas-registram-maior-deficit-dos-ultimos-14-anos\/#respond"]}]},{"@type":"WebPage","@id":"https:\/\/www.notibras.com\/site\/contas-publicas-registram-maior-deficit-dos-ultimos-14-anos\/","url":"https:\/\/www.notibras.com\/site\/contas-publicas-registram-maior-deficit-dos-ultimos-14-anos\/","name":"Contas p\u00fablicas registram maior d\u00e9ficit dos \u00faltimos 14 anos - Notibras","isPartOf":{"@id":"https:\/\/www.notibras.com\/site\/#website"},"primaryImageOfPage":{"@id":"https:\/\/www.notibras.com\/site\/contas-publicas-registram-maior-deficit-dos-ultimos-14-anos\/#primaryimage"},"image":{"@id":"https:\/\/www.notibras.com\/site\/contas-publicas-registram-maior-deficit-dos-ultimos-14-anos\/#primaryimage"},"thumbnailUrl":"https:\/\/www.notibras.com\/site\/wp-content\/uploads\/2014\/12\/notas_real_50_2_de_1.jpg","datePublished":"2014-12-29T18:25:58+00:00","dateModified":"2014-12-29T18:26:54+00:00","breadcrumb":{"@id":"https:\/\/www.notibras.com\/site\/contas-publicas-registram-maior-deficit-dos-ultimos-14-anos\/#breadcrumb"},"inLanguage":"pt-BR","potentialAction":[{"@type":"ReadAction","target":["https:\/\/www.notibras.com\/site\/contas-publicas-registram-maior-deficit-dos-ultimos-14-anos\/"]}]},{"@type":"ImageObject","inLanguage":"pt-BR","@id":"https:\/\/www.notibras.com\/site\/contas-publicas-registram-maior-deficit-dos-ultimos-14-anos\/#primaryimage","url":"https:\/\/www.notibras.com\/site\/wp-content\/uploads\/2014\/12\/notas_real_50_2_de_1.jpg","contentUrl":"https:\/\/www.notibras.com\/site\/wp-content\/uploads\/2014\/12\/notas_real_50_2_de_1.jpg","width":580,"height":388},{"@type":"BreadcrumbList","@id":"https:\/\/www.notibras.com\/site\/contas-publicas-registram-maior-deficit-dos-ultimos-14-anos\/#breadcrumb","itemListElement":[{"@type":"ListItem","position":1,"name":"In\u00edcio","item":"https:\/\/www.notibras.com\/site\/"},{"@type":"ListItem","position":2,"name":"Contas p\u00fablicas registram maior d\u00e9ficit dos \u00faltimos 14 anos"}]},{"@type":"WebSite","@id":"https:\/\/www.notibras.com\/site\/#website","url":"https:\/\/www.notibras.com\/site\/","name":"Notibras","description":"Not\u00edcias de Bras\u00edlia, do Brasil e do Mundo","publisher":{"@id":"https:\/\/www.notibras.com\/site\/#organization"},"potentialAction":[{"@type":"SearchAction","target":{"@type":"EntryPoint","urlTemplate":"https:\/\/www.notibras.com\/site\/?s={search_term_string}"},"query-input":{"@type":"PropertyValueSpecification","valueRequired":true,"valueName":"search_term_string"}}],"inLanguage":"pt-BR"},{"@type":"Organization","@id":"https:\/\/www.notibras.com\/site\/#organization","name":"Grupo Notibras de Comunica\u00e7\u00e3o","url":"https:\/\/www.notibras.com\/site\/","logo":{"@type":"ImageObject","inLanguage":"pt-BR","@id":"https:\/\/www.notibras.com\/site\/#\/schema\/logo\/image\/","url":"https:\/\/www.notibras.com\/site\/wp-content\/uploads\/2023\/01\/notibras23.png","contentUrl":"https:\/\/www.notibras.com\/site\/wp-content\/uploads\/2023\/01\/notibras23.png","width":350,"height":87,"caption":"Grupo Notibras de Comunica\u00e7\u00e3o"},"image":{"@id":"https:\/\/www.notibras.com\/site\/#\/schema\/logo\/image\/"},"sameAs":["https:\/\/www.facebook.com\/notibras\/","https:\/\/x.com\/Notibras","https:\/\/www.instagram.com\/notibras\/"]},{"@type":"Person","@id":"https:\/\/www.notibras.com\/site\/#\/schema\/person\/36ab0979449956132d3e5b517ea76ac8","name":"Reda\u00e7\u00e3o","image":{"@type":"ImageObject","inLanguage":"pt-BR","@id":"https:\/\/secure.gravatar.com\/avatar\/e0a867bdedb85fd243eadf09663511f96fc81e0720a4a42581f334ad4303aa6b?s=96&d=mm&r=g","url":"https:\/\/secure.gravatar.com\/avatar\/e0a867bdedb85fd243eadf09663511f96fc81e0720a4a42581f334ad4303aa6b?s=96&d=mm&r=g","contentUrl":"https:\/\/secure.gravatar.com\/avatar\/e0a867bdedb85fd243eadf09663511f96fc81e0720a4a42581f334ad4303aa6b?s=96&d=mm&r=g","caption":"Reda\u00e7\u00e3o"}}]}},"amp_enabled":true,"_links":{"self":[{"href":"https:\/\/www.notibras.com\/site\/wp-json\/wp\/v2\/posts\/32404","targetHints":{"allow":["GET"]}}],"collection":[{"href":"https:\/\/www.notibras.com\/site\/wp-json\/wp\/v2\/posts"}],"about":[{"href":"https:\/\/www.notibras.com\/site\/wp-json\/wp\/v2\/types\/post"}],"author":[{"embeddable":true,"href":"https:\/\/www.notibras.com\/site\/wp-json\/wp\/v2\/users\/2"}],"replies":[{"embeddable":true,"href":"https:\/\/www.notibras.com\/site\/wp-json\/wp\/v2\/comments?post=32404"}],"version-history":[{"count":0,"href":"https:\/\/www.notibras.com\/site\/wp-json\/wp\/v2\/posts\/32404\/revisions"}],"wp:featuredmedia":[{"embeddable":true,"href":"https:\/\/www.notibras.com\/site\/wp-json\/wp\/v2\/media\/32406"}],"wp:attachment":[{"href":"https:\/\/www.notibras.com\/site\/wp-json\/wp\/v2\/media?parent=32404"}],"wp:term":[{"taxonomy":"category","embeddable":true,"href":"https:\/\/www.notibras.com\/site\/wp-json\/wp\/v2\/categories?post=32404"},{"taxonomy":"post_tag","embeddable":true,"href":"https:\/\/www.notibras.com\/site\/wp-json\/wp\/v2\/tags?post=32404"}],"curies":[{"name":"wp","href":"https:\/\/api.w.org\/{rel}","templated":true}]}}