{"id":324063,"date":"2024-03-07T00:00:44","date_gmt":"2024-03-07T03:00:44","guid":{"rendered":"https:\/\/www.notibras.com\/site\/?p=324063"},"modified":"2024-03-07T07:02:09","modified_gmt":"2024-03-07T10:02:09","slug":"produtores-destacam-desafios-na-conferencia-de-cultura","status":"publish","type":"post","link":"https:\/\/www.notibras.com\/site\/produtores-destacam-desafios-na-conferencia-de-cultura\/","title":{"rendered":"Produtores destacam desafios na Confer\u00eancia de Cultura"},"content":{"rendered":"<p>A 4\u00aa Confer\u00eancia Nacional de Cultura (4\u00aa CNC), realizada pelo Minist\u00e9rio da Cultura e que se estende at\u00e9 a sexta, 8, est\u00e1 a todo vapor. O setor representa 3,11% do Produto Interno Bruto (PIB) brasileiro e emprega mais de 7,5 milh\u00f5es de pessoas.<\/p>\n<p>O encontro tem mobilizado gestores, trabalhadores e fazedores da cultura, a sociedade e o governo de todo o pa\u00eds para discutir o que deve ser inclu\u00eddo no pr\u00f3ximo Plano Nacional de Cultura. O PNC orienta o poder p\u00fablico na formula\u00e7\u00e3o de pol\u00edticas culturais e destina\u00e7\u00e3o de recursos ao setor.<\/p>\n<p>Salas tem\u00e1ticas re\u00fanem centenas de delegados que votam textos que tratam do desenvolvimento de programas e projetos; exig\u00eancia de reconhecimento e valoriza\u00e7\u00e3o dos profissionais, acesso a editais de cultura para destina\u00e7\u00e3o de recursos, patroc\u00ednios e parcerias; promo\u00e7\u00e3o e preserva\u00e7\u00e3o da diversidade cultural existente no Brasil e do desenvolvimento da economia criativa.<\/p>\n<p>A ministra da Cultura, Margareth Menezes, avalia que ap\u00f3s mais de dez anos sem a realiza\u00e7\u00e3o de uma confer\u00eancia nacional, a participa\u00e7\u00e3o social de quem, de fato, est\u00e1 envolvido com o segmento, tem sido valiosa nesta confer\u00eancia. \u201cAs pessoas que est\u00e3o aqui est\u00e3o credenciadas por suas comunidades, por suas representa\u00e7\u00f5es nos estados. E as confer\u00eancias tem\u00e1ticas servem para a gente, governo, ouvir. Para acolher o nosso novo plano nacional de cultura \u00e9 necess\u00e1rio fazer essa escuta. Entendo que foi muito ruim ficar mais de 10 anos sem confer\u00eancia.\u201d<\/p>\n<p><strong>Eixos tem\u00e1ticos<\/strong><br \/>\nNo Eixo 6 da Confer\u00eancia Nacional de Cultura, que trata do Direito \u00e0s Artes e Linguagens Digitais, houve pedido de garantia de fornecimento permanente de internet. Al\u00e9m da populariza\u00e7\u00e3o dos softwares livres ou abertos em ambientes gratuitos e de coopera\u00e7\u00e3o, que podem ser baixados e usados por qualquer pessoa, diferentemente dos softwares comercializados. Nestes, o pagamento da propriedade intelectual ao desenvolvedor, pode tornar invi\u00e1vel o acesso de usu\u00e1rios.<\/p>\n<p>Os presentes ainda solicitaram editais de digitaliza\u00e7\u00e3o de acervos para que documentos e livros n\u00e3o se percam na hist\u00f3ria e facilitem o acesso \u00e0 informa\u00e7\u00e3o.<\/p>\n<p>A soci\u00f3loga Laurene Ata\u00edde, que coordena a Associa\u00e7\u00e3o Folcl\u00f3rica Cord\u00e3o de P\u00e1ssaro Colibri de Outeiro, da Vila de Icoaraci, no Par\u00e1, pede a volta dos telecentros para integrar os moradores ao mundo e reavivar Pontos de Cultura Viva existentes na ilha. Devido \u00e0s d\u00e9cadas de experi\u00eancia como mestre de cultura popular, Laurene foi chamada de conselheira da ancestralidade digital.<\/p>\n<p>Ela detalha que a estrutura da associa\u00e7\u00e3o conta com biblioteca, sala de aula de dan\u00e7a, mas que houve uma descontinuidade dos servi\u00e7os e sucateamento de equipamentos. \u201c\u00c9 preciso que esse projeto retorne. Tiraram at\u00e9 a nossa internet. Precisamos que seja assegurada a perman\u00eancia da internet e que nenhum governo que entre venha retirar.\u201d<\/p>\n<p>A rede do M\u00eddia \u00cdndia , que re\u00fane 188 jovens ind\u00edgenas de diferentes povos, capacitados para fazer a ponte entre a tecnologia e ancestralidade e religiosidade, tamb\u00e9m teve voz nas discuss\u00f5es. O idealizador do ve\u00edculo, o jornalista e DJ Eric Marky Terena, quer, por meio da comunica\u00e7\u00e3o, mostrar ao mundo a luta dos ind\u00edgenas brasileiros at\u00e9 mesmo contra as fake news que afetam os povos.<\/p>\n<p>\u201c\u00c9 muito dif\u00edcil a gente trazer essa intelig\u00eancia artificial enquanto ainda estamos nos primeiros passos das comunidades tradicionais. Como falar sobre intelig\u00eancia artificial, que consegue identificar nosso gosto de roupa, nosso gosto musical, mas n\u00e3o consegue identificar crimes de desmatamento dentro das comunidades ind\u00edgenas?\u201d, questiona o ativista. E acrescenta \u201cLutamos muito contra fake news que desconstroem o que somos de verdade e imp\u00f5em uma inverdade de que queremos progresso e integra\u00e7\u00e3o, como ouvimos nos \u00faltimos anos.\u201d<\/p>\n<p>No 5\u00ba eixo da confer\u00eancia, que trata de Economia criativa diante de desafios como a informalidade, os produtores culturais reivindicam financiamento de projetos, profissionaliza\u00e7\u00e3o e acesso a mercados.<\/p>\n<p>O representante da sociedade civil Anderson Barros pediu que os produtores culturais sejam capacitados a entenderem os editais p\u00fablicos de financiamento de projetos, pois, segundo ele, a complexidade dos editais dificulta o amplo acesso e inscri\u00e7\u00e3o de projetos para recebimento de recursos.<\/p>\n<p>\u201cSempre s\u00e3o as mesmas pessoas que sabem como conseguir deixar o projeto eficiente para os editais, porque n\u00e3o h\u00e1 uma pol\u00edtica de forma\u00e7\u00e3o. Temos que cobrar os governos nas esferas municipais, estaduais e federal para que os editais sejam mais participativos, que garantam acesso ao jovem, aos produtores iniciantes. \u00c9 preciso forma\u00e7\u00e3o para que todo mundo possa ter condi\u00e7\u00f5es de ter experi\u00eancia\u201d.<\/p>\n<p><strong>Formaliza\u00e7\u00e3o<\/strong><br \/>\nPara aumentar a formaliza\u00e7\u00e3o dos trabalhadores do setor, o secret\u00e1rio de Cultura da Central \u00danica dos Trabalhadores (CUT) SP, Carlos F\u00e1bio (\u00cdndio), citou como avan\u00e7o o projeto de lei que regulamenta a atividade de motoristas de aplicativos. \u00cdndio adiantou que a entidade sindical tem cobrado solu\u00e7\u00f5es do Minist\u00e9rio da Cultura e que a confer\u00eancia nacional \u00e9 um importante canal para discutir a quest\u00e3o. \u201cO papel do trabalhador \u00e9 central no universo da cultura. Vamos continuar tentando viabilizar a quest\u00e3o dentro das esferas necess\u00e1rias para poder andar, como aconteceu com os trabalhadores de aplicativos, e vamos discutir as propostas nas conven\u00e7\u00f5es coletivas e acordos coletivos.\u201d<\/p>\n<p>A produtora cultural e diretora da Secretaria de Cultura de Salvador (BA) Maylla Pita defendeu pensamentos mais objetivos e metas mais abrangentes para o Plano Nacional de Cultura (PNC). \u201cA lei nacional Aldir Blanc fortalece a pol\u00edtica nacional do Cultura Viva e os pontos de cultura, em uma interlocu\u00e7\u00e3o. E \u00e9 importante que a gente pense em um plano de desenvolvimento da economia criativa que estabele\u00e7a arranjos institucionais, inclusivos e federativos, entre os entes. Isso \u00e9 imperativo\u201d.<\/p>\n","protected":false},"excerpt":{"rendered":"<p>A 4\u00aa Confer\u00eancia Nacional de Cultura (4\u00aa CNC), realizada pelo Minist\u00e9rio da Cultura e que se estende at\u00e9 a sexta, 8, est\u00e1 a todo vapor. O setor representa 3,11% do Produto Interno Bruto (PIB) brasileiro e emprega mais de 7,5 milh\u00f5es de pessoas. O encontro tem mobilizado gestores, trabalhadores e fazedores da cultura, a sociedade [&hellip;]<\/p>\n","protected":false},"author":2,"featured_media":324064,"comment_status":"closed","ping_status":"closed","sticky":false,"template":"","format":"standard","meta":{"_acf_changed":false,"footnotes":""},"categories":[161],"tags":[],"class_list":["post-324063","post","type-post","status-publish","format-standard","has-post-thumbnail","hentry","category-quadradinho-em-foco"],"acf":[],"yoast_head":"<!-- This site is optimized with the Yoast SEO plugin v27.2 - https:\/\/yoast.com\/product\/yoast-seo-wordpress\/ -->\n<title>Produtores destacam desafios na Confer\u00eancia de Cultura - Notibras<\/title>\n<meta name=\"robots\" content=\"index, follow, max-snippet:-1, max-image-preview:large, max-video-preview:-1\" \/>\n<link rel=\"canonical\" href=\"https:\/\/www.notibras.com\/site\/produtores-destacam-desafios-na-conferencia-de-cultura\/\" \/>\n<meta property=\"og:locale\" content=\"pt_BR\" \/>\n<meta property=\"og:type\" content=\"article\" \/>\n<meta property=\"og:title\" content=\"Produtores destacam desafios na Confer\u00eancia de Cultura - Notibras\" \/>\n<meta property=\"og:description\" content=\"A 4\u00aa Confer\u00eancia Nacional de Cultura (4\u00aa CNC), realizada pelo Minist\u00e9rio da Cultura e que se estende at\u00e9 a sexta, 8, est\u00e1 a todo vapor. O setor representa 3,11% do Produto Interno Bruto (PIB) brasileiro e emprega mais de 7,5 milh\u00f5es de pessoas. O encontro tem mobilizado gestores, trabalhadores e fazedores da cultura, a sociedade [&hellip;]\" \/>\n<meta property=\"og:url\" content=\"https:\/\/www.notibras.com\/site\/produtores-destacam-desafios-na-conferencia-de-cultura\/\" \/>\n<meta property=\"og:site_name\" content=\"Notibras\" \/>\n<meta property=\"article:publisher\" content=\"https:\/\/www.facebook.com\/notibras\/\" \/>\n<meta property=\"article:published_time\" content=\"2024-03-07T03:00:44+00:00\" \/>\n<meta property=\"article:modified_time\" content=\"2024-03-07T10:02:09+00:00\" \/>\n<meta property=\"og:image\" content=\"https:\/\/www.notibras.com\/site\/wp-content\/uploads\/2024\/03\/raf06076.jpg\" \/>\n\t<meta property=\"og:image:width\" content=\"1170\" \/>\n\t<meta property=\"og:image:height\" content=\"700\" \/>\n\t<meta property=\"og:image:type\" content=\"image\/jpeg\" \/>\n<meta name=\"author\" content=\"Reda\u00e7\u00e3o\" \/>\n<meta name=\"twitter:card\" content=\"summary_large_image\" \/>\n<meta name=\"twitter:creator\" content=\"@Notibras\" \/>\n<meta name=\"twitter:site\" content=\"@Notibras\" \/>\n<meta name=\"twitter:label1\" content=\"Escrito por\" \/>\n\t<meta name=\"twitter:data1\" content=\"Reda\u00e7\u00e3o\" \/>\n\t<meta name=\"twitter:label2\" content=\"Est. tempo de leitura\" \/>\n\t<meta name=\"twitter:data2\" content=\"6 minutos\" \/>\n<script type=\"application\/ld+json\" class=\"yoast-schema-graph\">{\"@context\":\"https:\/\/schema.org\",\"@graph\":[{\"@type\":\"Article\",\"@id\":\"https:\/\/www.notibras.com\/site\/produtores-destacam-desafios-na-conferencia-de-cultura\/#article\",\"isPartOf\":{\"@id\":\"https:\/\/www.notibras.com\/site\/produtores-destacam-desafios-na-conferencia-de-cultura\/\"},\"author\":{\"name\":\"Reda\u00e7\u00e3o\",\"@id\":\"https:\/\/www.notibras.com\/site\/#\/schema\/person\/36ab0979449956132d3e5b517ea76ac8\"},\"headline\":\"Produtores destacam desafios na Confer\u00eancia de Cultura\",\"datePublished\":\"2024-03-07T03:00:44+00:00\",\"dateModified\":\"2024-03-07T10:02:09+00:00\",\"mainEntityOfPage\":{\"@id\":\"https:\/\/www.notibras.com\/site\/produtores-destacam-desafios-na-conferencia-de-cultura\/\"},\"wordCount\":976,\"publisher\":{\"@id\":\"https:\/\/www.notibras.com\/site\/#organization\"},\"image\":{\"@id\":\"https:\/\/www.notibras.com\/site\/produtores-destacam-desafios-na-conferencia-de-cultura\/#primaryimage\"},\"thumbnailUrl\":\"https:\/\/www.notibras.com\/site\/wp-content\/uploads\/2024\/03\/raf06076.jpg\",\"articleSection\":[\"Quadradinho em Foco\"],\"inLanguage\":\"pt-BR\"},{\"@type\":\"WebPage\",\"@id\":\"https:\/\/www.notibras.com\/site\/produtores-destacam-desafios-na-conferencia-de-cultura\/\",\"url\":\"https:\/\/www.notibras.com\/site\/produtores-destacam-desafios-na-conferencia-de-cultura\/\",\"name\":\"Produtores destacam desafios na Confer\u00eancia de Cultura - Notibras\",\"isPartOf\":{\"@id\":\"https:\/\/www.notibras.com\/site\/#website\"},\"primaryImageOfPage\":{\"@id\":\"https:\/\/www.notibras.com\/site\/produtores-destacam-desafios-na-conferencia-de-cultura\/#primaryimage\"},\"image\":{\"@id\":\"https:\/\/www.notibras.com\/site\/produtores-destacam-desafios-na-conferencia-de-cultura\/#primaryimage\"},\"thumbnailUrl\":\"https:\/\/www.notibras.com\/site\/wp-content\/uploads\/2024\/03\/raf06076.jpg\",\"datePublished\":\"2024-03-07T03:00:44+00:00\",\"dateModified\":\"2024-03-07T10:02:09+00:00\",\"breadcrumb\":{\"@id\":\"https:\/\/www.notibras.com\/site\/produtores-destacam-desafios-na-conferencia-de-cultura\/#breadcrumb\"},\"inLanguage\":\"pt-BR\",\"potentialAction\":[{\"@type\":\"ReadAction\",\"target\":[\"https:\/\/www.notibras.com\/site\/produtores-destacam-desafios-na-conferencia-de-cultura\/\"]}]},{\"@type\":\"ImageObject\",\"inLanguage\":\"pt-BR\",\"@id\":\"https:\/\/www.notibras.com\/site\/produtores-destacam-desafios-na-conferencia-de-cultura\/#primaryimage\",\"url\":\"https:\/\/www.notibras.com\/site\/wp-content\/uploads\/2024\/03\/raf06076.jpg\",\"contentUrl\":\"https:\/\/www.notibras.com\/site\/wp-content\/uploads\/2024\/03\/raf06076.jpg\",\"width\":1170,\"height\":700},{\"@type\":\"BreadcrumbList\",\"@id\":\"https:\/\/www.notibras.com\/site\/produtores-destacam-desafios-na-conferencia-de-cultura\/#breadcrumb\",\"itemListElement\":[{\"@type\":\"ListItem\",\"position\":1,\"name\":\"In\u00edcio\",\"item\":\"https:\/\/www.notibras.com\/site\/\"},{\"@type\":\"ListItem\",\"position\":2,\"name\":\"Produtores destacam desafios na Confer\u00eancia de Cultura\"}]},{\"@type\":\"WebSite\",\"@id\":\"https:\/\/www.notibras.com\/site\/#website\",\"url\":\"https:\/\/www.notibras.com\/site\/\",\"name\":\"Notibras\",\"description\":\"Not\u00edcias de Bras\u00edlia, do Brasil e do Mundo\",\"publisher\":{\"@id\":\"https:\/\/www.notibras.com\/site\/#organization\"},\"potentialAction\":[{\"@type\":\"SearchAction\",\"target\":{\"@type\":\"EntryPoint\",\"urlTemplate\":\"https:\/\/www.notibras.com\/site\/?s={search_term_string}\"},\"query-input\":{\"@type\":\"PropertyValueSpecification\",\"valueRequired\":true,\"valueName\":\"search_term_string\"}}],\"inLanguage\":\"pt-BR\"},{\"@type\":\"Organization\",\"@id\":\"https:\/\/www.notibras.com\/site\/#organization\",\"name\":\"Grupo Notibras de Comunica\u00e7\u00e3o\",\"url\":\"https:\/\/www.notibras.com\/site\/\",\"logo\":{\"@type\":\"ImageObject\",\"inLanguage\":\"pt-BR\",\"@id\":\"https:\/\/www.notibras.com\/site\/#\/schema\/logo\/image\/\",\"url\":\"https:\/\/www.notibras.com\/site\/wp-content\/uploads\/2023\/01\/notibras23.png\",\"contentUrl\":\"https:\/\/www.notibras.com\/site\/wp-content\/uploads\/2023\/01\/notibras23.png\",\"width\":350,\"height\":87,\"caption\":\"Grupo Notibras de Comunica\u00e7\u00e3o\"},\"image\":{\"@id\":\"https:\/\/www.notibras.com\/site\/#\/schema\/logo\/image\/\"},\"sameAs\":[\"https:\/\/www.facebook.com\/notibras\/\",\"https:\/\/x.com\/Notibras\",\"https:\/\/www.instagram.com\/notibras\/\"]},{\"@type\":\"Person\",\"@id\":\"https:\/\/www.notibras.com\/site\/#\/schema\/person\/36ab0979449956132d3e5b517ea76ac8\",\"name\":\"Reda\u00e7\u00e3o\",\"image\":{\"@type\":\"ImageObject\",\"inLanguage\":\"pt-BR\",\"@id\":\"https:\/\/secure.gravatar.com\/avatar\/e0a867bdedb85fd243eadf09663511f96fc81e0720a4a42581f334ad4303aa6b?s=96&d=mm&r=g\",\"url\":\"https:\/\/secure.gravatar.com\/avatar\/e0a867bdedb85fd243eadf09663511f96fc81e0720a4a42581f334ad4303aa6b?s=96&d=mm&r=g\",\"contentUrl\":\"https:\/\/secure.gravatar.com\/avatar\/e0a867bdedb85fd243eadf09663511f96fc81e0720a4a42581f334ad4303aa6b?s=96&d=mm&r=g\",\"caption\":\"Reda\u00e7\u00e3o\"}}]}<\/script>\n<!-- \/ Yoast SEO plugin. -->","yoast_head_json":{"title":"Produtores destacam desafios na Confer\u00eancia de Cultura - Notibras","robots":{"index":"index","follow":"follow","max-snippet":"max-snippet:-1","max-image-preview":"max-image-preview:large","max-video-preview":"max-video-preview:-1"},"canonical":"https:\/\/www.notibras.com\/site\/produtores-destacam-desafios-na-conferencia-de-cultura\/","og_locale":"pt_BR","og_type":"article","og_title":"Produtores destacam desafios na Confer\u00eancia de Cultura - Notibras","og_description":"A 4\u00aa Confer\u00eancia Nacional de Cultura (4\u00aa CNC), realizada pelo Minist\u00e9rio da Cultura e que se estende at\u00e9 a sexta, 8, est\u00e1 a todo vapor. O setor representa 3,11% do Produto Interno Bruto (PIB) brasileiro e emprega mais de 7,5 milh\u00f5es de pessoas. O encontro tem mobilizado gestores, trabalhadores e fazedores da cultura, a sociedade [&hellip;]","og_url":"https:\/\/www.notibras.com\/site\/produtores-destacam-desafios-na-conferencia-de-cultura\/","og_site_name":"Notibras","article_publisher":"https:\/\/www.facebook.com\/notibras\/","article_published_time":"2024-03-07T03:00:44+00:00","article_modified_time":"2024-03-07T10:02:09+00:00","og_image":[{"width":1170,"height":700,"url":"https:\/\/www.notibras.com\/site\/wp-content\/uploads\/2024\/03\/raf06076.jpg","type":"image\/jpeg"}],"author":"Reda\u00e7\u00e3o","twitter_card":"summary_large_image","twitter_creator":"@Notibras","twitter_site":"@Notibras","twitter_misc":{"Escrito por":"Reda\u00e7\u00e3o","Est. tempo de leitura":"6 minutos"},"schema":{"@context":"https:\/\/schema.org","@graph":[{"@type":"Article","@id":"https:\/\/www.notibras.com\/site\/produtores-destacam-desafios-na-conferencia-de-cultura\/#article","isPartOf":{"@id":"https:\/\/www.notibras.com\/site\/produtores-destacam-desafios-na-conferencia-de-cultura\/"},"author":{"name":"Reda\u00e7\u00e3o","@id":"https:\/\/www.notibras.com\/site\/#\/schema\/person\/36ab0979449956132d3e5b517ea76ac8"},"headline":"Produtores destacam desafios na Confer\u00eancia de Cultura","datePublished":"2024-03-07T03:00:44+00:00","dateModified":"2024-03-07T10:02:09+00:00","mainEntityOfPage":{"@id":"https:\/\/www.notibras.com\/site\/produtores-destacam-desafios-na-conferencia-de-cultura\/"},"wordCount":976,"publisher":{"@id":"https:\/\/www.notibras.com\/site\/#organization"},"image":{"@id":"https:\/\/www.notibras.com\/site\/produtores-destacam-desafios-na-conferencia-de-cultura\/#primaryimage"},"thumbnailUrl":"https:\/\/www.notibras.com\/site\/wp-content\/uploads\/2024\/03\/raf06076.jpg","articleSection":["Quadradinho em Foco"],"inLanguage":"pt-BR"},{"@type":"WebPage","@id":"https:\/\/www.notibras.com\/site\/produtores-destacam-desafios-na-conferencia-de-cultura\/","url":"https:\/\/www.notibras.com\/site\/produtores-destacam-desafios-na-conferencia-de-cultura\/","name":"Produtores destacam desafios na Confer\u00eancia de Cultura - Notibras","isPartOf":{"@id":"https:\/\/www.notibras.com\/site\/#website"},"primaryImageOfPage":{"@id":"https:\/\/www.notibras.com\/site\/produtores-destacam-desafios-na-conferencia-de-cultura\/#primaryimage"},"image":{"@id":"https:\/\/www.notibras.com\/site\/produtores-destacam-desafios-na-conferencia-de-cultura\/#primaryimage"},"thumbnailUrl":"https:\/\/www.notibras.com\/site\/wp-content\/uploads\/2024\/03\/raf06076.jpg","datePublished":"2024-03-07T03:00:44+00:00","dateModified":"2024-03-07T10:02:09+00:00","breadcrumb":{"@id":"https:\/\/www.notibras.com\/site\/produtores-destacam-desafios-na-conferencia-de-cultura\/#breadcrumb"},"inLanguage":"pt-BR","potentialAction":[{"@type":"ReadAction","target":["https:\/\/www.notibras.com\/site\/produtores-destacam-desafios-na-conferencia-de-cultura\/"]}]},{"@type":"ImageObject","inLanguage":"pt-BR","@id":"https:\/\/www.notibras.com\/site\/produtores-destacam-desafios-na-conferencia-de-cultura\/#primaryimage","url":"https:\/\/www.notibras.com\/site\/wp-content\/uploads\/2024\/03\/raf06076.jpg","contentUrl":"https:\/\/www.notibras.com\/site\/wp-content\/uploads\/2024\/03\/raf06076.jpg","width":1170,"height":700},{"@type":"BreadcrumbList","@id":"https:\/\/www.notibras.com\/site\/produtores-destacam-desafios-na-conferencia-de-cultura\/#breadcrumb","itemListElement":[{"@type":"ListItem","position":1,"name":"In\u00edcio","item":"https:\/\/www.notibras.com\/site\/"},{"@type":"ListItem","position":2,"name":"Produtores destacam desafios na Confer\u00eancia de Cultura"}]},{"@type":"WebSite","@id":"https:\/\/www.notibras.com\/site\/#website","url":"https:\/\/www.notibras.com\/site\/","name":"Notibras","description":"Not\u00edcias de Bras\u00edlia, do Brasil e do Mundo","publisher":{"@id":"https:\/\/www.notibras.com\/site\/#organization"},"potentialAction":[{"@type":"SearchAction","target":{"@type":"EntryPoint","urlTemplate":"https:\/\/www.notibras.com\/site\/?s={search_term_string}"},"query-input":{"@type":"PropertyValueSpecification","valueRequired":true,"valueName":"search_term_string"}}],"inLanguage":"pt-BR"},{"@type":"Organization","@id":"https:\/\/www.notibras.com\/site\/#organization","name":"Grupo Notibras de Comunica\u00e7\u00e3o","url":"https:\/\/www.notibras.com\/site\/","logo":{"@type":"ImageObject","inLanguage":"pt-BR","@id":"https:\/\/www.notibras.com\/site\/#\/schema\/logo\/image\/","url":"https:\/\/www.notibras.com\/site\/wp-content\/uploads\/2023\/01\/notibras23.png","contentUrl":"https:\/\/www.notibras.com\/site\/wp-content\/uploads\/2023\/01\/notibras23.png","width":350,"height":87,"caption":"Grupo Notibras de Comunica\u00e7\u00e3o"},"image":{"@id":"https:\/\/www.notibras.com\/site\/#\/schema\/logo\/image\/"},"sameAs":["https:\/\/www.facebook.com\/notibras\/","https:\/\/x.com\/Notibras","https:\/\/www.instagram.com\/notibras\/"]},{"@type":"Person","@id":"https:\/\/www.notibras.com\/site\/#\/schema\/person\/36ab0979449956132d3e5b517ea76ac8","name":"Reda\u00e7\u00e3o","image":{"@type":"ImageObject","inLanguage":"pt-BR","@id":"https:\/\/secure.gravatar.com\/avatar\/e0a867bdedb85fd243eadf09663511f96fc81e0720a4a42581f334ad4303aa6b?s=96&d=mm&r=g","url":"https:\/\/secure.gravatar.com\/avatar\/e0a867bdedb85fd243eadf09663511f96fc81e0720a4a42581f334ad4303aa6b?s=96&d=mm&r=g","contentUrl":"https:\/\/secure.gravatar.com\/avatar\/e0a867bdedb85fd243eadf09663511f96fc81e0720a4a42581f334ad4303aa6b?s=96&d=mm&r=g","caption":"Reda\u00e7\u00e3o"}}]}},"amp_enabled":true,"_links":{"self":[{"href":"https:\/\/www.notibras.com\/site\/wp-json\/wp\/v2\/posts\/324063","targetHints":{"allow":["GET"]}}],"collection":[{"href":"https:\/\/www.notibras.com\/site\/wp-json\/wp\/v2\/posts"}],"about":[{"href":"https:\/\/www.notibras.com\/site\/wp-json\/wp\/v2\/types\/post"}],"author":[{"embeddable":true,"href":"https:\/\/www.notibras.com\/site\/wp-json\/wp\/v2\/users\/2"}],"replies":[{"embeddable":true,"href":"https:\/\/www.notibras.com\/site\/wp-json\/wp\/v2\/comments?post=324063"}],"version-history":[{"count":1,"href":"https:\/\/www.notibras.com\/site\/wp-json\/wp\/v2\/posts\/324063\/revisions"}],"predecessor-version":[{"id":324065,"href":"https:\/\/www.notibras.com\/site\/wp-json\/wp\/v2\/posts\/324063\/revisions\/324065"}],"wp:featuredmedia":[{"embeddable":true,"href":"https:\/\/www.notibras.com\/site\/wp-json\/wp\/v2\/media\/324064"}],"wp:attachment":[{"href":"https:\/\/www.notibras.com\/site\/wp-json\/wp\/v2\/media?parent=324063"}],"wp:term":[{"taxonomy":"category","embeddable":true,"href":"https:\/\/www.notibras.com\/site\/wp-json\/wp\/v2\/categories?post=324063"},{"taxonomy":"post_tag","embeddable":true,"href":"https:\/\/www.notibras.com\/site\/wp-json\/wp\/v2\/tags?post=324063"}],"curies":[{"name":"wp","href":"https:\/\/api.w.org\/{rel}","templated":true}]}}