{"id":324069,"date":"2024-03-07T00:24:07","date_gmt":"2024-03-07T03:24:07","guid":{"rendered":"https:\/\/www.notibras.com\/site\/?p=324069"},"modified":"2024-03-07T07:36:14","modified_gmt":"2024-03-07T10:36:14","slug":"projeto-especial-impulsiona-turismo-em-tres-regioes","status":"publish","type":"post","link":"https:\/\/www.notibras.com\/site\/projeto-especial-impulsiona-turismo-em-tres-regioes\/","title":{"rendered":"Projeto especial impulsiona turismo em tr\u00eas regi\u00f5es"},"content":{"rendered":"<p>Novo programa fruto de parceria entre BRB e Sebrae-DF, o Turismo Fora Eixos foi lan\u00e7ado na quarta-feira (6) e investir\u00e1 no potencial tur\u00edstico das regi\u00f5es administrativas como mecanismo de desenvolvimento sociocultural. A Embratur apoia a iniciativa.<\/p>\n<p>O Distrito Federal conta com 35 regi\u00f5es administrativas. A proposta da coordena\u00e7\u00e3o do programa \u00e9 concentrar esfor\u00e7os no desenvolvimento do turismo nas regi\u00f5es de Ceil\u00e2ndia, S\u00e3o Sebasti\u00e3o e Planaltina.<\/p>\n<p>O presidente do BRB, Paulo Henrique Costa, ressalta a import\u00e2ncia da participa\u00e7\u00e3o da institui\u00e7\u00e3o em iniciativas de apoio ao desenvolvimento da capital da Rep\u00fablica.<\/p>\n<p>\u201cPara o BRB, cujo DNA \u00e9 100% brasiliense, integrar a\u00e7\u00f5es como essa \u00e9 motivo de muito orgulho. N\u00e3o s\u00f3 porque acreditamos na voca\u00e7\u00e3o do DF para o turismo, mas, tamb\u00e9m, porque entendemos que o desenvolvimento econ\u00f4mico e a gera\u00e7\u00e3o de renda advindos desse tipo de iniciativa refor\u00e7am nosso papel de institui\u00e7\u00e3o p\u00fablica, muito al\u00e9m de um banco tradicional\u201d, afirma.<\/p>\n<p>Nath\u00e1lia Hallack, da Ger\u00eancia de Neg\u00f3cios em Rede do Sebrae no Distrito Federal, destaca que est\u00e1 sendo aberta uma frente que ser\u00e1 importante na atua\u00e7\u00e3o da entidade no DF em 2024: a amplia\u00e7\u00e3o da discuss\u00e3o sobre o turismo.<\/p>\n<p>\u201cVamos olhar com mais aten\u00e7\u00e3o para iniciativas que t\u00eam a cultura e a criatividade como elementos centrais. Queremos fomentar um turismo menos convencional, mais diverso, inclusivo e protagonizado por pessoas reais, a partir da rela\u00e7\u00e3o com seus territ\u00f3rios, suas hist\u00f3rias e mem\u00f3rias\u201d, explica.<\/p>\n","protected":false},"excerpt":{"rendered":"<p>Novo programa fruto de parceria entre BRB e Sebrae-DF, o Turismo Fora Eixos foi lan\u00e7ado na quarta-feira (6) e investir\u00e1 no potencial tur\u00edstico das regi\u00f5es administrativas como mecanismo de desenvolvimento sociocultural. A Embratur apoia a iniciativa. O Distrito Federal conta com 35 regi\u00f5es administrativas. A proposta da coordena\u00e7\u00e3o do programa \u00e9 concentrar esfor\u00e7os no desenvolvimento [&hellip;]<\/p>\n","protected":false},"author":2,"featured_media":324070,"comment_status":"closed","ping_status":"closed","sticky":false,"template":"","format":"standard","meta":{"_acf_changed":false,"footnotes":""},"categories":[161],"tags":[],"class_list":["post-324069","post","type-post","status-publish","format-standard","has-post-thumbnail","hentry","category-quadradinho-em-foco"],"acf":[],"yoast_head":"<!-- This site is optimized with the Yoast SEO plugin v27.2 - https:\/\/yoast.com\/product\/yoast-seo-wordpress\/ -->\n<title>Projeto especial impulsiona turismo em tr\u00eas regi\u00f5es - Notibras<\/title>\n<meta name=\"robots\" content=\"index, follow, max-snippet:-1, max-image-preview:large, max-video-preview:-1\" \/>\n<link rel=\"canonical\" href=\"https:\/\/www.notibras.com\/site\/projeto-especial-impulsiona-turismo-em-tres-regioes\/\" \/>\n<meta property=\"og:locale\" content=\"pt_BR\" \/>\n<meta property=\"og:type\" content=\"article\" \/>\n<meta property=\"og:title\" content=\"Projeto especial impulsiona turismo em tr\u00eas regi\u00f5es - Notibras\" \/>\n<meta property=\"og:description\" content=\"Novo programa fruto de parceria entre BRB e Sebrae-DF, o Turismo Fora Eixos foi lan\u00e7ado na quarta-feira (6) e investir\u00e1 no potencial tur\u00edstico das regi\u00f5es administrativas como mecanismo de desenvolvimento sociocultural. A Embratur apoia a iniciativa. O Distrito Federal conta com 35 regi\u00f5es administrativas. A proposta da coordena\u00e7\u00e3o do programa \u00e9 concentrar esfor\u00e7os no desenvolvimento [&hellip;]\" \/>\n<meta property=\"og:url\" content=\"https:\/\/www.notibras.com\/site\/projeto-especial-impulsiona-turismo-em-tres-regioes\/\" \/>\n<meta property=\"og:site_name\" content=\"Notibras\" \/>\n<meta property=\"article:publisher\" content=\"https:\/\/www.facebook.com\/notibras\/\" \/>\n<meta property=\"article:published_time\" content=\"2024-03-07T03:24:07+00:00\" \/>\n<meta property=\"article:modified_time\" content=\"2024-03-07T10:36:14+00:00\" \/>\n<meta property=\"og:image\" content=\"https:\/\/www.notibras.com\/site\/wp-content\/uploads\/2024\/03\/PanoramicaMuseuHistoricoPlanaltinaDF-scaled.jpg\" \/>\n\t<meta property=\"og:image:width\" content=\"2560\" \/>\n\t<meta property=\"og:image:height\" content=\"1308\" \/>\n\t<meta property=\"og:image:type\" content=\"image\/jpeg\" \/>\n<meta name=\"author\" content=\"Reda\u00e7\u00e3o\" \/>\n<meta name=\"twitter:card\" content=\"summary_large_image\" \/>\n<meta name=\"twitter:creator\" content=\"@Notibras\" \/>\n<meta name=\"twitter:site\" content=\"@Notibras\" \/>\n<meta name=\"twitter:label1\" content=\"Escrito por\" \/>\n\t<meta name=\"twitter:data1\" content=\"Reda\u00e7\u00e3o\" \/>\n\t<meta name=\"twitter:label2\" content=\"Est. tempo de leitura\" \/>\n\t<meta name=\"twitter:data2\" content=\"2 minutos\" \/>\n<script type=\"application\/ld+json\" class=\"yoast-schema-graph\">{\"@context\":\"https:\/\/schema.org\",\"@graph\":[{\"@type\":\"Article\",\"@id\":\"https:\/\/www.notibras.com\/site\/projeto-especial-impulsiona-turismo-em-tres-regioes\/#article\",\"isPartOf\":{\"@id\":\"https:\/\/www.notibras.com\/site\/projeto-especial-impulsiona-turismo-em-tres-regioes\/\"},\"author\":{\"name\":\"Reda\u00e7\u00e3o\",\"@id\":\"https:\/\/www.notibras.com\/site\/#\/schema\/person\/36ab0979449956132d3e5b517ea76ac8\"},\"headline\":\"Projeto especial impulsiona turismo em tr\u00eas regi\u00f5es\",\"datePublished\":\"2024-03-07T03:24:07+00:00\",\"dateModified\":\"2024-03-07T10:36:14+00:00\",\"mainEntityOfPage\":{\"@id\":\"https:\/\/www.notibras.com\/site\/projeto-especial-impulsiona-turismo-em-tres-regioes\/\"},\"wordCount\":267,\"publisher\":{\"@id\":\"https:\/\/www.notibras.com\/site\/#organization\"},\"image\":{\"@id\":\"https:\/\/www.notibras.com\/site\/projeto-especial-impulsiona-turismo-em-tres-regioes\/#primaryimage\"},\"thumbnailUrl\":\"https:\/\/www.notibras.com\/site\/wp-content\/uploads\/2024\/03\/PanoramicaMuseuHistoricoPlanaltinaDF-scaled.jpg\",\"articleSection\":[\"Quadradinho em Foco\"],\"inLanguage\":\"pt-BR\"},{\"@type\":\"WebPage\",\"@id\":\"https:\/\/www.notibras.com\/site\/projeto-especial-impulsiona-turismo-em-tres-regioes\/\",\"url\":\"https:\/\/www.notibras.com\/site\/projeto-especial-impulsiona-turismo-em-tres-regioes\/\",\"name\":\"Projeto especial impulsiona turismo em tr\u00eas regi\u00f5es - Notibras\",\"isPartOf\":{\"@id\":\"https:\/\/www.notibras.com\/site\/#website\"},\"primaryImageOfPage\":{\"@id\":\"https:\/\/www.notibras.com\/site\/projeto-especial-impulsiona-turismo-em-tres-regioes\/#primaryimage\"},\"image\":{\"@id\":\"https:\/\/www.notibras.com\/site\/projeto-especial-impulsiona-turismo-em-tres-regioes\/#primaryimage\"},\"thumbnailUrl\":\"https:\/\/www.notibras.com\/site\/wp-content\/uploads\/2024\/03\/PanoramicaMuseuHistoricoPlanaltinaDF-scaled.jpg\",\"datePublished\":\"2024-03-07T03:24:07+00:00\",\"dateModified\":\"2024-03-07T10:36:14+00:00\",\"breadcrumb\":{\"@id\":\"https:\/\/www.notibras.com\/site\/projeto-especial-impulsiona-turismo-em-tres-regioes\/#breadcrumb\"},\"inLanguage\":\"pt-BR\",\"potentialAction\":[{\"@type\":\"ReadAction\",\"target\":[\"https:\/\/www.notibras.com\/site\/projeto-especial-impulsiona-turismo-em-tres-regioes\/\"]}]},{\"@type\":\"ImageObject\",\"inLanguage\":\"pt-BR\",\"@id\":\"https:\/\/www.notibras.com\/site\/projeto-especial-impulsiona-turismo-em-tres-regioes\/#primaryimage\",\"url\":\"https:\/\/www.notibras.com\/site\/wp-content\/uploads\/2024\/03\/PanoramicaMuseuHistoricoPlanaltinaDF-scaled.jpg\",\"contentUrl\":\"https:\/\/www.notibras.com\/site\/wp-content\/uploads\/2024\/03\/PanoramicaMuseuHistoricoPlanaltinaDF-scaled.jpg\",\"width\":2560,\"height\":1308},{\"@type\":\"BreadcrumbList\",\"@id\":\"https:\/\/www.notibras.com\/site\/projeto-especial-impulsiona-turismo-em-tres-regioes\/#breadcrumb\",\"itemListElement\":[{\"@type\":\"ListItem\",\"position\":1,\"name\":\"In\u00edcio\",\"item\":\"https:\/\/www.notibras.com\/site\/\"},{\"@type\":\"ListItem\",\"position\":2,\"name\":\"Projeto especial impulsiona turismo em tr\u00eas regi\u00f5es\"}]},{\"@type\":\"WebSite\",\"@id\":\"https:\/\/www.notibras.com\/site\/#website\",\"url\":\"https:\/\/www.notibras.com\/site\/\",\"name\":\"Notibras\",\"description\":\"Not\u00edcias de Bras\u00edlia, do Brasil e do Mundo\",\"publisher\":{\"@id\":\"https:\/\/www.notibras.com\/site\/#organization\"},\"potentialAction\":[{\"@type\":\"SearchAction\",\"target\":{\"@type\":\"EntryPoint\",\"urlTemplate\":\"https:\/\/www.notibras.com\/site\/?s={search_term_string}\"},\"query-input\":{\"@type\":\"PropertyValueSpecification\",\"valueRequired\":true,\"valueName\":\"search_term_string\"}}],\"inLanguage\":\"pt-BR\"},{\"@type\":\"Organization\",\"@id\":\"https:\/\/www.notibras.com\/site\/#organization\",\"name\":\"Grupo Notibras de Comunica\u00e7\u00e3o\",\"url\":\"https:\/\/www.notibras.com\/site\/\",\"logo\":{\"@type\":\"ImageObject\",\"inLanguage\":\"pt-BR\",\"@id\":\"https:\/\/www.notibras.com\/site\/#\/schema\/logo\/image\/\",\"url\":\"https:\/\/www.notibras.com\/site\/wp-content\/uploads\/2023\/01\/notibras23.png\",\"contentUrl\":\"https:\/\/www.notibras.com\/site\/wp-content\/uploads\/2023\/01\/notibras23.png\",\"width\":350,\"height\":87,\"caption\":\"Grupo Notibras de Comunica\u00e7\u00e3o\"},\"image\":{\"@id\":\"https:\/\/www.notibras.com\/site\/#\/schema\/logo\/image\/\"},\"sameAs\":[\"https:\/\/www.facebook.com\/notibras\/\",\"https:\/\/x.com\/Notibras\",\"https:\/\/www.instagram.com\/notibras\/\"]},{\"@type\":\"Person\",\"@id\":\"https:\/\/www.notibras.com\/site\/#\/schema\/person\/36ab0979449956132d3e5b517ea76ac8\",\"name\":\"Reda\u00e7\u00e3o\",\"image\":{\"@type\":\"ImageObject\",\"inLanguage\":\"pt-BR\",\"@id\":\"https:\/\/secure.gravatar.com\/avatar\/e0a867bdedb85fd243eadf09663511f96fc81e0720a4a42581f334ad4303aa6b?s=96&d=mm&r=g\",\"url\":\"https:\/\/secure.gravatar.com\/avatar\/e0a867bdedb85fd243eadf09663511f96fc81e0720a4a42581f334ad4303aa6b?s=96&d=mm&r=g\",\"contentUrl\":\"https:\/\/secure.gravatar.com\/avatar\/e0a867bdedb85fd243eadf09663511f96fc81e0720a4a42581f334ad4303aa6b?s=96&d=mm&r=g\",\"caption\":\"Reda\u00e7\u00e3o\"}}]}<\/script>\n<!-- \/ Yoast SEO plugin. -->","yoast_head_json":{"title":"Projeto especial impulsiona turismo em tr\u00eas regi\u00f5es - Notibras","robots":{"index":"index","follow":"follow","max-snippet":"max-snippet:-1","max-image-preview":"max-image-preview:large","max-video-preview":"max-video-preview:-1"},"canonical":"https:\/\/www.notibras.com\/site\/projeto-especial-impulsiona-turismo-em-tres-regioes\/","og_locale":"pt_BR","og_type":"article","og_title":"Projeto especial impulsiona turismo em tr\u00eas regi\u00f5es - Notibras","og_description":"Novo programa fruto de parceria entre BRB e Sebrae-DF, o Turismo Fora Eixos foi lan\u00e7ado na quarta-feira (6) e investir\u00e1 no potencial tur\u00edstico das regi\u00f5es administrativas como mecanismo de desenvolvimento sociocultural. A Embratur apoia a iniciativa. O Distrito Federal conta com 35 regi\u00f5es administrativas. A proposta da coordena\u00e7\u00e3o do programa \u00e9 concentrar esfor\u00e7os no desenvolvimento [&hellip;]","og_url":"https:\/\/www.notibras.com\/site\/projeto-especial-impulsiona-turismo-em-tres-regioes\/","og_site_name":"Notibras","article_publisher":"https:\/\/www.facebook.com\/notibras\/","article_published_time":"2024-03-07T03:24:07+00:00","article_modified_time":"2024-03-07T10:36:14+00:00","og_image":[{"width":2560,"height":1308,"url":"https:\/\/www.notibras.com\/site\/wp-content\/uploads\/2024\/03\/PanoramicaMuseuHistoricoPlanaltinaDF-scaled.jpg","type":"image\/jpeg"}],"author":"Reda\u00e7\u00e3o","twitter_card":"summary_large_image","twitter_creator":"@Notibras","twitter_site":"@Notibras","twitter_misc":{"Escrito por":"Reda\u00e7\u00e3o","Est. tempo de leitura":"2 minutos"},"schema":{"@context":"https:\/\/schema.org","@graph":[{"@type":"Article","@id":"https:\/\/www.notibras.com\/site\/projeto-especial-impulsiona-turismo-em-tres-regioes\/#article","isPartOf":{"@id":"https:\/\/www.notibras.com\/site\/projeto-especial-impulsiona-turismo-em-tres-regioes\/"},"author":{"name":"Reda\u00e7\u00e3o","@id":"https:\/\/www.notibras.com\/site\/#\/schema\/person\/36ab0979449956132d3e5b517ea76ac8"},"headline":"Projeto especial impulsiona turismo em tr\u00eas regi\u00f5es","datePublished":"2024-03-07T03:24:07+00:00","dateModified":"2024-03-07T10:36:14+00:00","mainEntityOfPage":{"@id":"https:\/\/www.notibras.com\/site\/projeto-especial-impulsiona-turismo-em-tres-regioes\/"},"wordCount":267,"publisher":{"@id":"https:\/\/www.notibras.com\/site\/#organization"},"image":{"@id":"https:\/\/www.notibras.com\/site\/projeto-especial-impulsiona-turismo-em-tres-regioes\/#primaryimage"},"thumbnailUrl":"https:\/\/www.notibras.com\/site\/wp-content\/uploads\/2024\/03\/PanoramicaMuseuHistoricoPlanaltinaDF-scaled.jpg","articleSection":["Quadradinho em Foco"],"inLanguage":"pt-BR"},{"@type":"WebPage","@id":"https:\/\/www.notibras.com\/site\/projeto-especial-impulsiona-turismo-em-tres-regioes\/","url":"https:\/\/www.notibras.com\/site\/projeto-especial-impulsiona-turismo-em-tres-regioes\/","name":"Projeto especial impulsiona turismo em tr\u00eas regi\u00f5es - Notibras","isPartOf":{"@id":"https:\/\/www.notibras.com\/site\/#website"},"primaryImageOfPage":{"@id":"https:\/\/www.notibras.com\/site\/projeto-especial-impulsiona-turismo-em-tres-regioes\/#primaryimage"},"image":{"@id":"https:\/\/www.notibras.com\/site\/projeto-especial-impulsiona-turismo-em-tres-regioes\/#primaryimage"},"thumbnailUrl":"https:\/\/www.notibras.com\/site\/wp-content\/uploads\/2024\/03\/PanoramicaMuseuHistoricoPlanaltinaDF-scaled.jpg","datePublished":"2024-03-07T03:24:07+00:00","dateModified":"2024-03-07T10:36:14+00:00","breadcrumb":{"@id":"https:\/\/www.notibras.com\/site\/projeto-especial-impulsiona-turismo-em-tres-regioes\/#breadcrumb"},"inLanguage":"pt-BR","potentialAction":[{"@type":"ReadAction","target":["https:\/\/www.notibras.com\/site\/projeto-especial-impulsiona-turismo-em-tres-regioes\/"]}]},{"@type":"ImageObject","inLanguage":"pt-BR","@id":"https:\/\/www.notibras.com\/site\/projeto-especial-impulsiona-turismo-em-tres-regioes\/#primaryimage","url":"https:\/\/www.notibras.com\/site\/wp-content\/uploads\/2024\/03\/PanoramicaMuseuHistoricoPlanaltinaDF-scaled.jpg","contentUrl":"https:\/\/www.notibras.com\/site\/wp-content\/uploads\/2024\/03\/PanoramicaMuseuHistoricoPlanaltinaDF-scaled.jpg","width":2560,"height":1308},{"@type":"BreadcrumbList","@id":"https:\/\/www.notibras.com\/site\/projeto-especial-impulsiona-turismo-em-tres-regioes\/#breadcrumb","itemListElement":[{"@type":"ListItem","position":1,"name":"In\u00edcio","item":"https:\/\/www.notibras.com\/site\/"},{"@type":"ListItem","position":2,"name":"Projeto especial impulsiona turismo em tr\u00eas regi\u00f5es"}]},{"@type":"WebSite","@id":"https:\/\/www.notibras.com\/site\/#website","url":"https:\/\/www.notibras.com\/site\/","name":"Notibras","description":"Not\u00edcias de Bras\u00edlia, do Brasil e do Mundo","publisher":{"@id":"https:\/\/www.notibras.com\/site\/#organization"},"potentialAction":[{"@type":"SearchAction","target":{"@type":"EntryPoint","urlTemplate":"https:\/\/www.notibras.com\/site\/?s={search_term_string}"},"query-input":{"@type":"PropertyValueSpecification","valueRequired":true,"valueName":"search_term_string"}}],"inLanguage":"pt-BR"},{"@type":"Organization","@id":"https:\/\/www.notibras.com\/site\/#organization","name":"Grupo Notibras de Comunica\u00e7\u00e3o","url":"https:\/\/www.notibras.com\/site\/","logo":{"@type":"ImageObject","inLanguage":"pt-BR","@id":"https:\/\/www.notibras.com\/site\/#\/schema\/logo\/image\/","url":"https:\/\/www.notibras.com\/site\/wp-content\/uploads\/2023\/01\/notibras23.png","contentUrl":"https:\/\/www.notibras.com\/site\/wp-content\/uploads\/2023\/01\/notibras23.png","width":350,"height":87,"caption":"Grupo Notibras de Comunica\u00e7\u00e3o"},"image":{"@id":"https:\/\/www.notibras.com\/site\/#\/schema\/logo\/image\/"},"sameAs":["https:\/\/www.facebook.com\/notibras\/","https:\/\/x.com\/Notibras","https:\/\/www.instagram.com\/notibras\/"]},{"@type":"Person","@id":"https:\/\/www.notibras.com\/site\/#\/schema\/person\/36ab0979449956132d3e5b517ea76ac8","name":"Reda\u00e7\u00e3o","image":{"@type":"ImageObject","inLanguage":"pt-BR","@id":"https:\/\/secure.gravatar.com\/avatar\/e0a867bdedb85fd243eadf09663511f96fc81e0720a4a42581f334ad4303aa6b?s=96&d=mm&r=g","url":"https:\/\/secure.gravatar.com\/avatar\/e0a867bdedb85fd243eadf09663511f96fc81e0720a4a42581f334ad4303aa6b?s=96&d=mm&r=g","contentUrl":"https:\/\/secure.gravatar.com\/avatar\/e0a867bdedb85fd243eadf09663511f96fc81e0720a4a42581f334ad4303aa6b?s=96&d=mm&r=g","caption":"Reda\u00e7\u00e3o"}}]}},"amp_enabled":true,"_links":{"self":[{"href":"https:\/\/www.notibras.com\/site\/wp-json\/wp\/v2\/posts\/324069","targetHints":{"allow":["GET"]}}],"collection":[{"href":"https:\/\/www.notibras.com\/site\/wp-json\/wp\/v2\/posts"}],"about":[{"href":"https:\/\/www.notibras.com\/site\/wp-json\/wp\/v2\/types\/post"}],"author":[{"embeddable":true,"href":"https:\/\/www.notibras.com\/site\/wp-json\/wp\/v2\/users\/2"}],"replies":[{"embeddable":true,"href":"https:\/\/www.notibras.com\/site\/wp-json\/wp\/v2\/comments?post=324069"}],"version-history":[{"count":1,"href":"https:\/\/www.notibras.com\/site\/wp-json\/wp\/v2\/posts\/324069\/revisions"}],"predecessor-version":[{"id":324071,"href":"https:\/\/www.notibras.com\/site\/wp-json\/wp\/v2\/posts\/324069\/revisions\/324071"}],"wp:featuredmedia":[{"embeddable":true,"href":"https:\/\/www.notibras.com\/site\/wp-json\/wp\/v2\/media\/324070"}],"wp:attachment":[{"href":"https:\/\/www.notibras.com\/site\/wp-json\/wp\/v2\/media?parent=324069"}],"wp:term":[{"taxonomy":"category","embeddable":true,"href":"https:\/\/www.notibras.com\/site\/wp-json\/wp\/v2\/categories?post=324069"},{"taxonomy":"post_tag","embeddable":true,"href":"https:\/\/www.notibras.com\/site\/wp-json\/wp\/v2\/tags?post=324069"}],"curies":[{"name":"wp","href":"https:\/\/api.w.org\/{rel}","templated":true}]}}