{"id":324100,"date":"2024-03-07T11:48:28","date_gmt":"2024-03-07T14:48:28","guid":{"rendered":"https:\/\/www.notibras.com\/site\/?p=324100"},"modified":"2024-03-07T11:52:13","modified_gmt":"2024-03-07T14:52:13","slug":"rogerio-acusa-mp-de-prender-por-prender-sem-explicar-por-que","status":"publish","type":"post","link":"https:\/\/www.notibras.com\/site\/rogerio-acusa-mp-de-prender-por-prender-sem-explicar-por-que\/","title":{"rendered":"Rog\u00e9rio acusa MP de &#8216;prender por prender&#8217; sem explicar por qu\u00ea"},"content":{"rendered":"<p>O senador Rog\u00e9rio Carvalho (PT) est\u00e1 cobrando uma investiga\u00e7\u00e3o do Conselho Nacional do Minist\u00e9rio P\u00fablico (CNMP) sobre a atua\u00e7\u00e3o do Minist\u00e9rio P\u00fablico Federal de Sergipe e do Minist\u00e9rio P\u00fablico estadual. Segundo o parlamentar, o estado vive uma situa\u00e7\u00e3o em que \u201cas pessoas s\u00e3o informadas de que ser\u00e3o investigadas e presas por conta de sua posi\u00e7\u00e3o pol\u00edtica e ideol\u00f3gica\u201d.<\/p>\n<p>\u2014 N\u00e3o \u00e9 natural uma pessoa chegar ao meio da rua e dizer para um ex-prefeito que ele vai ser preso no dia seguinte ou anunciar que algu\u00e9m vai ser preso, se essa pessoa n\u00e3o \u00e9 autoridade policial, \u00e9 apenas um advers\u00e1rio pol\u00edtico. E se concretiza, no dia seguinte, a pris\u00e3o daquela pessoa que fora amea\u00e7ada.<\/p>\n<p>Rog\u00e9rio tamb\u00e9m afirmou que a delegacia respons\u00e1vel por investigar corrup\u00e7\u00e3o e atos que lesem o patrim\u00f4nio p\u00fablico de Sergipe age \u201cseletivamente\u201d, perseguindo advers\u00e1rios do governador F\u00e1bio Mitidieri.<\/p>\n<p>\u2014 E, na sequ\u00eancia, em algumas comarcas, determinados promotores agem em torno daquele ou daquela que se coloca como advers\u00e1rio do governador. [&#8230;] Eu quero aqui chamar a aten\u00e7\u00e3o do Conselho Nacional do Minist\u00e9rio P\u00fablico. \u00c9 sabido que, no meu estado, conselheiros do Tribunal de Contas chamam pol\u00edticos que exercem mandatos de prefeitos ou prefeitas e dizem que aquele pol\u00edtico tem que assinar esta ou aquela ficha de filia\u00e7\u00e3o, sob pena de ser investigado, sob pena de ser perseguido, sob pena de ser condenado. Isso \u00e9 muito grave.<\/p>\n<p>O senador disse que encaminhar\u00e1 a den\u00fancia ao CNMP e solicitar provid\u00eancias no sentido de observar o que vem acontecendo\u00a0no estado. Rog\u00e9rio destacou que o papel do Minist\u00e9rio P\u00fablico \u00e9 fundamental para o Estado Democr\u00e1tico de Direito e lamentou o fato das garantias que protegem o cidad\u00e3o e as liberdade pol\u00edticas e individuais n\u00e3o estarem sendo vigiadas.<\/p>\n","protected":false},"excerpt":{"rendered":"<p>O senador Rog\u00e9rio Carvalho (PT) est\u00e1 cobrando uma investiga\u00e7\u00e3o do Conselho Nacional do Minist\u00e9rio P\u00fablico (CNMP) sobre a atua\u00e7\u00e3o do Minist\u00e9rio P\u00fablico Federal de Sergipe e do Minist\u00e9rio P\u00fablico estadual. Segundo o parlamentar, o estado vive uma situa\u00e7\u00e3o em que \u201cas pessoas s\u00e3o informadas de que ser\u00e3o investigadas e presas por conta de sua posi\u00e7\u00e3o [&hellip;]<\/p>\n","protected":false},"author":2,"featured_media":324101,"comment_status":"closed","ping_status":"closed","sticky":false,"template":"","format":"standard","meta":{"_acf_changed":false,"footnotes":""},"categories":[165,174],"tags":[95],"class_list":["post-324100","post","type-post","status-publish","format-standard","has-post-thumbnail","hentry","category-nordeste","category-sergipe","tag-capa"],"acf":[],"yoast_head":"<!-- This site is optimized with the Yoast SEO plugin v27.5 - https:\/\/yoast.com\/product\/yoast-seo-wordpress\/ -->\n<title>Rog\u00e9rio acusa MP de &#039;prender por prender&#039; sem explicar por qu\u00ea - Notibras<\/title>\n<meta name=\"robots\" content=\"index, follow, max-snippet:-1, max-image-preview:large, max-video-preview:-1\" \/>\n<link rel=\"canonical\" href=\"https:\/\/www.notibras.com\/site\/rogerio-acusa-mp-de-prender-por-prender-sem-explicar-por-que\/\" \/>\n<meta property=\"og:locale\" content=\"pt_BR\" \/>\n<meta property=\"og:type\" content=\"article\" \/>\n<meta property=\"og:title\" content=\"Rog\u00e9rio acusa MP de &#039;prender por prender&#039; sem explicar por qu\u00ea - Notibras\" \/>\n<meta property=\"og:description\" content=\"O senador Rog\u00e9rio Carvalho (PT) est\u00e1 cobrando uma investiga\u00e7\u00e3o do Conselho Nacional do Minist\u00e9rio P\u00fablico (CNMP) sobre a atua\u00e7\u00e3o do Minist\u00e9rio P\u00fablico Federal de Sergipe e do Minist\u00e9rio P\u00fablico estadual. Segundo o parlamentar, o estado vive uma situa\u00e7\u00e3o em que \u201cas pessoas s\u00e3o informadas de que ser\u00e3o investigadas e presas por conta de sua posi\u00e7\u00e3o [&hellip;]\" \/>\n<meta property=\"og:url\" content=\"https:\/\/www.notibras.com\/site\/rogerio-acusa-mp-de-prender-por-prender-sem-explicar-por-que\/\" \/>\n<meta property=\"og:site_name\" content=\"Notibras\" \/>\n<meta property=\"article:publisher\" content=\"https:\/\/www.facebook.com\/notibras\/\" \/>\n<meta property=\"article:published_time\" content=\"2024-03-07T14:48:28+00:00\" \/>\n<meta property=\"article:modified_time\" content=\"2024-03-07T14:52:13+00:00\" \/>\n<meta property=\"og:image\" content=\"https:\/\/www.notibras.com\/site\/wp-content\/uploads\/2024\/03\/imagem_materia-10.jpeg\" \/>\n\t<meta property=\"og:image:width\" content=\"860\" \/>\n\t<meta property=\"og:image:height\" content=\"570\" \/>\n\t<meta property=\"og:image:type\" content=\"image\/jpeg\" \/>\n<meta name=\"author\" content=\"Reda\u00e7\u00e3o\" \/>\n<meta name=\"twitter:card\" content=\"summary_large_image\" \/>\n<meta name=\"twitter:creator\" content=\"@Notibras\" \/>\n<meta name=\"twitter:site\" content=\"@Notibras\" \/>\n<meta name=\"twitter:label1\" content=\"Escrito por\" \/>\n\t<meta name=\"twitter:data1\" content=\"Reda\u00e7\u00e3o\" \/>\n\t<meta name=\"twitter:label2\" content=\"Est. tempo de leitura\" \/>\n\t<meta name=\"twitter:data2\" content=\"2 minutos\" \/>\n<script type=\"application\/ld+json\" class=\"yoast-schema-graph\">{\"@context\":\"https:\\\/\\\/schema.org\",\"@graph\":[{\"@type\":\"Article\",\"@id\":\"https:\\\/\\\/www.notibras.com\\\/site\\\/rogerio-acusa-mp-de-prender-por-prender-sem-explicar-por-que\\\/#article\",\"isPartOf\":{\"@id\":\"https:\\\/\\\/www.notibras.com\\\/site\\\/rogerio-acusa-mp-de-prender-por-prender-sem-explicar-por-que\\\/\"},\"author\":{\"name\":\"Reda\u00e7\u00e3o\",\"@id\":\"https:\\\/\\\/www.notibras.com\\\/site\\\/#\\\/schema\\\/person\\\/36ab0979449956132d3e5b517ea76ac8\"},\"headline\":\"Rog\u00e9rio acusa MP de &#8216;prender por prender&#8217; sem explicar por qu\u00ea\",\"datePublished\":\"2024-03-07T14:48:28+00:00\",\"dateModified\":\"2024-03-07T14:52:13+00:00\",\"mainEntityOfPage\":{\"@id\":\"https:\\\/\\\/www.notibras.com\\\/site\\\/rogerio-acusa-mp-de-prender-por-prender-sem-explicar-por-que\\\/\"},\"wordCount\":337,\"publisher\":{\"@id\":\"https:\\\/\\\/www.notibras.com\\\/site\\\/#organization\"},\"image\":{\"@id\":\"https:\\\/\\\/www.notibras.com\\\/site\\\/rogerio-acusa-mp-de-prender-por-prender-sem-explicar-por-que\\\/#primaryimage\"},\"thumbnailUrl\":\"https:\\\/\\\/www.notibras.com\\\/site\\\/wp-content\\\/uploads\\\/2024\\\/03\\\/imagem_materia-10.jpeg\",\"keywords\":[\"capa\"],\"articleSection\":[\"Nordeste\",\"Sergipe\"],\"inLanguage\":\"pt-BR\"},{\"@type\":\"WebPage\",\"@id\":\"https:\\\/\\\/www.notibras.com\\\/site\\\/rogerio-acusa-mp-de-prender-por-prender-sem-explicar-por-que\\\/\",\"url\":\"https:\\\/\\\/www.notibras.com\\\/site\\\/rogerio-acusa-mp-de-prender-por-prender-sem-explicar-por-que\\\/\",\"name\":\"Rog\u00e9rio acusa MP de 'prender por prender' sem explicar por qu\u00ea - Notibras\",\"isPartOf\":{\"@id\":\"https:\\\/\\\/www.notibras.com\\\/site\\\/#website\"},\"primaryImageOfPage\":{\"@id\":\"https:\\\/\\\/www.notibras.com\\\/site\\\/rogerio-acusa-mp-de-prender-por-prender-sem-explicar-por-que\\\/#primaryimage\"},\"image\":{\"@id\":\"https:\\\/\\\/www.notibras.com\\\/site\\\/rogerio-acusa-mp-de-prender-por-prender-sem-explicar-por-que\\\/#primaryimage\"},\"thumbnailUrl\":\"https:\\\/\\\/www.notibras.com\\\/site\\\/wp-content\\\/uploads\\\/2024\\\/03\\\/imagem_materia-10.jpeg\",\"datePublished\":\"2024-03-07T14:48:28+00:00\",\"dateModified\":\"2024-03-07T14:52:13+00:00\",\"breadcrumb\":{\"@id\":\"https:\\\/\\\/www.notibras.com\\\/site\\\/rogerio-acusa-mp-de-prender-por-prender-sem-explicar-por-que\\\/#breadcrumb\"},\"inLanguage\":\"pt-BR\",\"potentialAction\":[{\"@type\":\"ReadAction\",\"target\":[\"https:\\\/\\\/www.notibras.com\\\/site\\\/rogerio-acusa-mp-de-prender-por-prender-sem-explicar-por-que\\\/\"]}]},{\"@type\":\"ImageObject\",\"inLanguage\":\"pt-BR\",\"@id\":\"https:\\\/\\\/www.notibras.com\\\/site\\\/rogerio-acusa-mp-de-prender-por-prender-sem-explicar-por-que\\\/#primaryimage\",\"url\":\"https:\\\/\\\/www.notibras.com\\\/site\\\/wp-content\\\/uploads\\\/2024\\\/03\\\/imagem_materia-10.jpeg\",\"contentUrl\":\"https:\\\/\\\/www.notibras.com\\\/site\\\/wp-content\\\/uploads\\\/2024\\\/03\\\/imagem_materia-10.jpeg\",\"width\":860,\"height\":570},{\"@type\":\"BreadcrumbList\",\"@id\":\"https:\\\/\\\/www.notibras.com\\\/site\\\/rogerio-acusa-mp-de-prender-por-prender-sem-explicar-por-que\\\/#breadcrumb\",\"itemListElement\":[{\"@type\":\"ListItem\",\"position\":1,\"name\":\"In\u00edcio\",\"item\":\"https:\\\/\\\/www.notibras.com\\\/site\\\/\"},{\"@type\":\"ListItem\",\"position\":2,\"name\":\"Rog\u00e9rio acusa MP de &#8216;prender por prender&#8217; sem explicar por qu\u00ea\"}]},{\"@type\":\"WebSite\",\"@id\":\"https:\\\/\\\/www.notibras.com\\\/site\\\/#website\",\"url\":\"https:\\\/\\\/www.notibras.com\\\/site\\\/\",\"name\":\"Notibras\",\"description\":\"Not\u00edcias de Bras\u00edlia, do Brasil e do Mundo\",\"publisher\":{\"@id\":\"https:\\\/\\\/www.notibras.com\\\/site\\\/#organization\"},\"potentialAction\":[{\"@type\":\"SearchAction\",\"target\":{\"@type\":\"EntryPoint\",\"urlTemplate\":\"https:\\\/\\\/www.notibras.com\\\/site\\\/?s={search_term_string}\"},\"query-input\":{\"@type\":\"PropertyValueSpecification\",\"valueRequired\":true,\"valueName\":\"search_term_string\"}}],\"inLanguage\":\"pt-BR\"},{\"@type\":\"Organization\",\"@id\":\"https:\\\/\\\/www.notibras.com\\\/site\\\/#organization\",\"name\":\"Grupo Notibras de Comunica\u00e7\u00e3o\",\"url\":\"https:\\\/\\\/www.notibras.com\\\/site\\\/\",\"logo\":{\"@type\":\"ImageObject\",\"inLanguage\":\"pt-BR\",\"@id\":\"https:\\\/\\\/www.notibras.com\\\/site\\\/#\\\/schema\\\/logo\\\/image\\\/\",\"url\":\"https:\\\/\\\/www.notibras.com\\\/site\\\/wp-content\\\/uploads\\\/2023\\\/01\\\/notibras23.png\",\"contentUrl\":\"https:\\\/\\\/www.notibras.com\\\/site\\\/wp-content\\\/uploads\\\/2023\\\/01\\\/notibras23.png\",\"width\":350,\"height\":87,\"caption\":\"Grupo Notibras de Comunica\u00e7\u00e3o\"},\"image\":{\"@id\":\"https:\\\/\\\/www.notibras.com\\\/site\\\/#\\\/schema\\\/logo\\\/image\\\/\"},\"sameAs\":[\"https:\\\/\\\/www.facebook.com\\\/notibras\\\/\",\"https:\\\/\\\/x.com\\\/Notibras\",\"https:\\\/\\\/www.instagram.com\\\/notibras\\\/\"]},{\"@type\":\"Person\",\"@id\":\"https:\\\/\\\/www.notibras.com\\\/site\\\/#\\\/schema\\\/person\\\/36ab0979449956132d3e5b517ea76ac8\",\"name\":\"Reda\u00e7\u00e3o\",\"image\":{\"@type\":\"ImageObject\",\"inLanguage\":\"pt-BR\",\"@id\":\"https:\\\/\\\/secure.gravatar.com\\\/avatar\\\/e0a867bdedb85fd243eadf09663511f96fc81e0720a4a42581f334ad4303aa6b?s=96&d=mm&r=g\",\"url\":\"https:\\\/\\\/secure.gravatar.com\\\/avatar\\\/e0a867bdedb85fd243eadf09663511f96fc81e0720a4a42581f334ad4303aa6b?s=96&d=mm&r=g\",\"contentUrl\":\"https:\\\/\\\/secure.gravatar.com\\\/avatar\\\/e0a867bdedb85fd243eadf09663511f96fc81e0720a4a42581f334ad4303aa6b?s=96&d=mm&r=g\",\"caption\":\"Reda\u00e7\u00e3o\"}}]}<\/script>\n<!-- \/ Yoast SEO plugin. -->","yoast_head_json":{"title":"Rog\u00e9rio acusa MP de 'prender por prender' sem explicar por qu\u00ea - Notibras","robots":{"index":"index","follow":"follow","max-snippet":"max-snippet:-1","max-image-preview":"max-image-preview:large","max-video-preview":"max-video-preview:-1"},"canonical":"https:\/\/www.notibras.com\/site\/rogerio-acusa-mp-de-prender-por-prender-sem-explicar-por-que\/","og_locale":"pt_BR","og_type":"article","og_title":"Rog\u00e9rio acusa MP de 'prender por prender' sem explicar por qu\u00ea - Notibras","og_description":"O senador Rog\u00e9rio Carvalho (PT) est\u00e1 cobrando uma investiga\u00e7\u00e3o do Conselho Nacional do Minist\u00e9rio P\u00fablico (CNMP) sobre a atua\u00e7\u00e3o do Minist\u00e9rio P\u00fablico Federal de Sergipe e do Minist\u00e9rio P\u00fablico estadual. Segundo o parlamentar, o estado vive uma situa\u00e7\u00e3o em que \u201cas pessoas s\u00e3o informadas de que ser\u00e3o investigadas e presas por conta de sua posi\u00e7\u00e3o [&hellip;]","og_url":"https:\/\/www.notibras.com\/site\/rogerio-acusa-mp-de-prender-por-prender-sem-explicar-por-que\/","og_site_name":"Notibras","article_publisher":"https:\/\/www.facebook.com\/notibras\/","article_published_time":"2024-03-07T14:48:28+00:00","article_modified_time":"2024-03-07T14:52:13+00:00","og_image":[{"width":860,"height":570,"url":"https:\/\/www.notibras.com\/site\/wp-content\/uploads\/2024\/03\/imagem_materia-10.jpeg","type":"image\/jpeg"}],"author":"Reda\u00e7\u00e3o","twitter_card":"summary_large_image","twitter_creator":"@Notibras","twitter_site":"@Notibras","twitter_misc":{"Escrito por":"Reda\u00e7\u00e3o","Est. tempo de leitura":"2 minutos"},"schema":{"@context":"https:\/\/schema.org","@graph":[{"@type":"Article","@id":"https:\/\/www.notibras.com\/site\/rogerio-acusa-mp-de-prender-por-prender-sem-explicar-por-que\/#article","isPartOf":{"@id":"https:\/\/www.notibras.com\/site\/rogerio-acusa-mp-de-prender-por-prender-sem-explicar-por-que\/"},"author":{"name":"Reda\u00e7\u00e3o","@id":"https:\/\/www.notibras.com\/site\/#\/schema\/person\/36ab0979449956132d3e5b517ea76ac8"},"headline":"Rog\u00e9rio acusa MP de &#8216;prender por prender&#8217; sem explicar por qu\u00ea","datePublished":"2024-03-07T14:48:28+00:00","dateModified":"2024-03-07T14:52:13+00:00","mainEntityOfPage":{"@id":"https:\/\/www.notibras.com\/site\/rogerio-acusa-mp-de-prender-por-prender-sem-explicar-por-que\/"},"wordCount":337,"publisher":{"@id":"https:\/\/www.notibras.com\/site\/#organization"},"image":{"@id":"https:\/\/www.notibras.com\/site\/rogerio-acusa-mp-de-prender-por-prender-sem-explicar-por-que\/#primaryimage"},"thumbnailUrl":"https:\/\/www.notibras.com\/site\/wp-content\/uploads\/2024\/03\/imagem_materia-10.jpeg","keywords":["capa"],"articleSection":["Nordeste","Sergipe"],"inLanguage":"pt-BR"},{"@type":"WebPage","@id":"https:\/\/www.notibras.com\/site\/rogerio-acusa-mp-de-prender-por-prender-sem-explicar-por-que\/","url":"https:\/\/www.notibras.com\/site\/rogerio-acusa-mp-de-prender-por-prender-sem-explicar-por-que\/","name":"Rog\u00e9rio acusa MP de 'prender por prender' sem explicar por qu\u00ea - Notibras","isPartOf":{"@id":"https:\/\/www.notibras.com\/site\/#website"},"primaryImageOfPage":{"@id":"https:\/\/www.notibras.com\/site\/rogerio-acusa-mp-de-prender-por-prender-sem-explicar-por-que\/#primaryimage"},"image":{"@id":"https:\/\/www.notibras.com\/site\/rogerio-acusa-mp-de-prender-por-prender-sem-explicar-por-que\/#primaryimage"},"thumbnailUrl":"https:\/\/www.notibras.com\/site\/wp-content\/uploads\/2024\/03\/imagem_materia-10.jpeg","datePublished":"2024-03-07T14:48:28+00:00","dateModified":"2024-03-07T14:52:13+00:00","breadcrumb":{"@id":"https:\/\/www.notibras.com\/site\/rogerio-acusa-mp-de-prender-por-prender-sem-explicar-por-que\/#breadcrumb"},"inLanguage":"pt-BR","potentialAction":[{"@type":"ReadAction","target":["https:\/\/www.notibras.com\/site\/rogerio-acusa-mp-de-prender-por-prender-sem-explicar-por-que\/"]}]},{"@type":"ImageObject","inLanguage":"pt-BR","@id":"https:\/\/www.notibras.com\/site\/rogerio-acusa-mp-de-prender-por-prender-sem-explicar-por-que\/#primaryimage","url":"https:\/\/www.notibras.com\/site\/wp-content\/uploads\/2024\/03\/imagem_materia-10.jpeg","contentUrl":"https:\/\/www.notibras.com\/site\/wp-content\/uploads\/2024\/03\/imagem_materia-10.jpeg","width":860,"height":570},{"@type":"BreadcrumbList","@id":"https:\/\/www.notibras.com\/site\/rogerio-acusa-mp-de-prender-por-prender-sem-explicar-por-que\/#breadcrumb","itemListElement":[{"@type":"ListItem","position":1,"name":"In\u00edcio","item":"https:\/\/www.notibras.com\/site\/"},{"@type":"ListItem","position":2,"name":"Rog\u00e9rio acusa MP de &#8216;prender por prender&#8217; sem explicar por qu\u00ea"}]},{"@type":"WebSite","@id":"https:\/\/www.notibras.com\/site\/#website","url":"https:\/\/www.notibras.com\/site\/","name":"Notibras","description":"Not\u00edcias de Bras\u00edlia, do Brasil e do Mundo","publisher":{"@id":"https:\/\/www.notibras.com\/site\/#organization"},"potentialAction":[{"@type":"SearchAction","target":{"@type":"EntryPoint","urlTemplate":"https:\/\/www.notibras.com\/site\/?s={search_term_string}"},"query-input":{"@type":"PropertyValueSpecification","valueRequired":true,"valueName":"search_term_string"}}],"inLanguage":"pt-BR"},{"@type":"Organization","@id":"https:\/\/www.notibras.com\/site\/#organization","name":"Grupo Notibras de Comunica\u00e7\u00e3o","url":"https:\/\/www.notibras.com\/site\/","logo":{"@type":"ImageObject","inLanguage":"pt-BR","@id":"https:\/\/www.notibras.com\/site\/#\/schema\/logo\/image\/","url":"https:\/\/www.notibras.com\/site\/wp-content\/uploads\/2023\/01\/notibras23.png","contentUrl":"https:\/\/www.notibras.com\/site\/wp-content\/uploads\/2023\/01\/notibras23.png","width":350,"height":87,"caption":"Grupo Notibras de Comunica\u00e7\u00e3o"},"image":{"@id":"https:\/\/www.notibras.com\/site\/#\/schema\/logo\/image\/"},"sameAs":["https:\/\/www.facebook.com\/notibras\/","https:\/\/x.com\/Notibras","https:\/\/www.instagram.com\/notibras\/"]},{"@type":"Person","@id":"https:\/\/www.notibras.com\/site\/#\/schema\/person\/36ab0979449956132d3e5b517ea76ac8","name":"Reda\u00e7\u00e3o","image":{"@type":"ImageObject","inLanguage":"pt-BR","@id":"https:\/\/secure.gravatar.com\/avatar\/e0a867bdedb85fd243eadf09663511f96fc81e0720a4a42581f334ad4303aa6b?s=96&d=mm&r=g","url":"https:\/\/secure.gravatar.com\/avatar\/e0a867bdedb85fd243eadf09663511f96fc81e0720a4a42581f334ad4303aa6b?s=96&d=mm&r=g","contentUrl":"https:\/\/secure.gravatar.com\/avatar\/e0a867bdedb85fd243eadf09663511f96fc81e0720a4a42581f334ad4303aa6b?s=96&d=mm&r=g","caption":"Reda\u00e7\u00e3o"}}]}},"amp_enabled":true,"_links":{"self":[{"href":"https:\/\/www.notibras.com\/site\/wp-json\/wp\/v2\/posts\/324100","targetHints":{"allow":["GET"]}}],"collection":[{"href":"https:\/\/www.notibras.com\/site\/wp-json\/wp\/v2\/posts"}],"about":[{"href":"https:\/\/www.notibras.com\/site\/wp-json\/wp\/v2\/types\/post"}],"author":[{"embeddable":true,"href":"https:\/\/www.notibras.com\/site\/wp-json\/wp\/v2\/users\/2"}],"replies":[{"embeddable":true,"href":"https:\/\/www.notibras.com\/site\/wp-json\/wp\/v2\/comments?post=324100"}],"version-history":[{"count":4,"href":"https:\/\/www.notibras.com\/site\/wp-json\/wp\/v2\/posts\/324100\/revisions"}],"predecessor-version":[{"id":324105,"href":"https:\/\/www.notibras.com\/site\/wp-json\/wp\/v2\/posts\/324100\/revisions\/324105"}],"wp:featuredmedia":[{"embeddable":true,"href":"https:\/\/www.notibras.com\/site\/wp-json\/wp\/v2\/media\/324101"}],"wp:attachment":[{"href":"https:\/\/www.notibras.com\/site\/wp-json\/wp\/v2\/media?parent=324100"}],"wp:term":[{"taxonomy":"category","embeddable":true,"href":"https:\/\/www.notibras.com\/site\/wp-json\/wp\/v2\/categories?post=324100"},{"taxonomy":"post_tag","embeddable":true,"href":"https:\/\/www.notibras.com\/site\/wp-json\/wp\/v2\/tags?post=324100"}],"curies":[{"name":"wp","href":"https:\/\/api.w.org\/{rel}","templated":true}]}}