{"id":324123,"date":"2024-03-07T15:55:26","date_gmt":"2024-03-07T18:55:26","guid":{"rendered":"https:\/\/www.notibras.com\/site\/?p=324123"},"modified":"2024-03-07T18:59:12","modified_gmt":"2024-03-07T21:59:12","slug":"conheca-o-que-compoe-a-nova-cesta-basica","status":"publish","type":"post","link":"https:\/\/www.notibras.com\/site\/conheca-o-que-compoe-a-nova-cesta-basica\/","title":{"rendered":"Conhe\u00e7a o que comp\u00f5e a nova cesta b\u00e1sica"},"content":{"rendered":"<p>O governo federal divulgou nesta quinta-feira (7) a lista dos alimentos que ir\u00e3o compor a nova cesta b\u00e1sica. Na ter\u00e7a-feira (5), o presidente Luiz In\u00e1cio Lula da Silva assinou decreto que prev\u00ea uma cesta b\u00e1sica com mais alimentos in natura e regionais e menos processados.<\/p>\n<p>\u201cO intuito \u00e9 evitar a ingest\u00e3o de alimentos ultraprocessados, que, conforme apontam evid\u00eancias cient\u00edficas, aumentam a preval\u00eancia de doen\u00e7as cardiovasculares, diabetes, obesidade, hipertens\u00e3o e diversos tipos de c\u00e2ncer\u201d, diz nota do Minist\u00e9rio do Desenvolvimento e Assist\u00eancia Social, Fam\u00edlia e Combate \u00e0 Fome, que coordenou a elabora\u00e7\u00e3o da lista.<\/p>\n<p>A nova cesta b\u00e1sica ter\u00e1 alimentos de dez grupos diferentes: feij\u00f5es (leguminosas); cereais; ra\u00edzes e tub\u00e9rculos; legumes e verduras; frutas; castanhas e nozes (oleaginosas); carnes e ovos; leites e queijos; a\u00e7\u00facares, sal, \u00f3leo e gorduras; caf\u00e9, ch\u00e1, mate e especiarias.<\/p>\n<p>De acordo com a Rede Brasileira de Pesquisa em Soberania e Seguran\u00e7a Alimentar e Nutricional (Penssan), em 2022, mais de 33 milh\u00f5es de brasileiros passavam fome e acima de 125 milh\u00f5es n\u00e3o tinham acesso regular \u00e0 alimenta\u00e7\u00e3o adequada.<\/p>\n<p><strong>Feij\u00f5es (leguminosas)<\/strong><br \/>\nFeij\u00e3o de todas as cores (preto, branco, roxo, mulatinho, verde, carioca, fradinho, rajado, manteiga, jalo, de-corda, and\u00fa, dentre outros), ervilha, lentilha, gr\u00e3o-de-bico, fava, guandu, orelha-de-padre.<\/p>\n<p><strong>Cereais<\/strong><br \/>\nArroz branco, integral ou parboilizado, a granel ou embalado; milho em gr\u00e3o ou na espiga, gr\u00e3os de trigo, aveia; farinhas de milho, de trigo e de outros cereais; macarr\u00e3o ou massas frescas ou secas feitas com essas farinhas\/s\u00eamola, \u00e1gua e\/ou ovos e\/ou outros alimentos in natura ou minimamente processado. P\u00e3es feitos de farinha de trigo e\/ou outras farinhas, leveduras, \u00e1gua, sal e de alimentos in natura e minimamente processados.<\/p>\n<p><strong>Ra\u00edzes e Tub\u00e9rculos<\/strong><br \/>\nAri\u00e1, batata-inglesa, batata-doce, batata-baroa\/mandioquinha, batata-crem, car\u00e1, car\u00e1-amaz\u00f4nico, car\u00e1-de-espinho, inhame, mandioca\/macaxeira\/aipim, e outras ra\u00edzes e tub\u00e9rculos in natura ou embalados, fracionados, refrigerados ou congelados; farinhas minimamente processadas de mandioca, dentre outras farinhas e prepara\u00e7\u00f5es derivadas da mandioca (tais como farinha de carim\u00e3, farinha de uarini; mani\u00e7oba e tucupi, farinha\/gomo de tapioca, dentre outros).<\/p>\n<p><strong>Legumes e Verduras<\/strong><br \/>\nLegumes e verduras in natura ou embalado, fracionados, refrigerados, congelados ou preservados em salmoura ou em solu\u00e7\u00e3o de sal e vinagre, tais como ab\u00f3bora\/jerimum, abobrinha, acelga, agri\u00e3o, alface, almeir\u00e3o, alho, alho-por\u00f3, azedinha, berinjela, beterraba, beldroega, bertalha, br\u00f3colis, broto-de-bambu, capicoba, capuchinha, carrapicho-agulha, caruru, catalonha, cebola, cebolinha, cenoura, cheiro-verde, chic\u00f3ria, chic\u00f3ria-paraense\/chic\u00f3ria-do-par\u00e1, chuchu, couve, couve-flor, cro\u00e1, crem, dente-de-le\u00e3o, escarola, espinafre, gueroba, gila, guariroba, jambu, jil\u00f3, jurubeba, major-gomes, maxixe, mini-pepininho, mostarda, muricato, ora-pro-n\u00f3bis, palma, pepino, peper\u00f4mia, piment\u00e3o, puxuri, quiabo, radite, repolho; r\u00facula, salsa, serralha, taioba, tomate, urtiga, vinagreira, vagem, dentre outros. Cenoura, pepino, palmito, cebola, couve-flor, dentre outros legumes e verduras, preservados em salmoura ou em solu\u00e7\u00e3o de sal e vinagre; extrato ou concentrados de tomate e\/ou outros alimentos in natura e minimamente processado (com sal e ou a\u00e7\u00facar).<\/p>\n<p><strong>Frutas<\/strong><br \/>\nFrutas in natura ou frutas frescas ou secas embaladas, fracionadas, refrigeradas ou congeladas; e polpas de frutas. Exemplos: abacate, abacaxi, abiu, abric\u00f3, a\u00e7a\u00ed, a\u00e7a\u00ed-solteiro, acerola, ameixa, amora, ara\u00e7\u00e1, ara\u00e7\u00e1-boi, ara\u00e7\u00e1-pera, araticum, aroeira-pimenteira, arumbeva, atemoia, baba\u00e7u, bacaba, bacupari, bacuri, banana, baru, birib\u00e1, breja\u00fava, buriti, buti\u00e1, cacau, cagaita, cajarana, caj\u00e1, caju, caju do cerrado, caju\u00ed, cambuci, cambu\u00ed, camu-camu, caqui, carambola, cereja-do-rio-grande, ciriguela, coco, coco-cabe\u00e7udo, coco-indai\u00e1, coquinho-azedo, coroa-de-frade, cro\u00e1, cubiu, cupua\u00e7u, cupu\u00ed, cutite, curriola, figo, fisalis, fruta-p\u00e3o, goiaba, goiaba-serrana, graviola, guabiroba, grumixama, guapeva, guaran\u00e1, inaj\u00e1, ing\u00e1, jaca, jabuticaba, jambo, jambol\u00e3o, jaracati\u00e1, jatob\u00e1, jenipapo, ju\u00e1, ju\u00e7ara, jurubeba, kiwi, laranja, lim\u00e3o, lobeira, ma\u00e7\u00e3, maca\u00faba, mama-cadela, mam\u00e3o, mandacaru, manga, mangaba, mapati, maracuj\u00e1, marmelada-de-cachorro, melancia, mel\u00e3o, mexerica\/tangerina\/ bergamota, morango, murici, nectarina, pajur\u00e1, patau\u00e1, pequi, pera, pera-do-cerrado, p\u00eassego, piqui\u00e1, pinha\/fruta do conde, pinh\u00e3o, pitanga, pitomba, pupunha, rom\u00e3, sapucaia, sapoti, sapota, seriguela, sete-capotes, sorva, tamarindo, tapereb\u00e1, tucum\u00e3, umari, umbu, umbu-caj\u00e1, uva, uvaia, uxi, xix\u00e1, dentre outros.<\/p>\n<p><strong>Castanhas e Nozes (oleaginosas)<\/strong><br \/>\nAmendoim, castanha-de-caju, castanha de baru, castanha-do-brasil (castanha-do-par\u00e1), castanha-de-cutia, castanha-de-galinha, chich\u00e1, licuri, maca\u00faba, e outras oleaginosas sem sal ou a\u00e7\u00facar.<\/p>\n<p><strong>Carnes e ovos<\/strong><br \/>\nCarnes de bovina, su\u00edna, ovina, caprina e de aves, pescados e outras carnes in natura ou minimamente processados de h\u00e1bito local, frescos, resfriados ou congelados; ovos de aves e sardinha e atum enlatados.<\/p>\n<p><strong>Leites e queijos<\/strong><br \/>\nLeite fluido pasteurizado ou industrializado, na forma de ultrapasteurizado, leite em p\u00f3, integral, semidesnatado ou desnatado. Iogurte natural sem adi\u00e7\u00e3o de a\u00e7\u00facar, edulcorante e\/ou aditivos que modificam as caracter\u00edsticas sensoriais do produto. Queijos feitos de leite e sal (microorganismos usados para fermentar o leite).<\/p>\n<p><strong>A\u00e7\u00facares, sal, \u00f3leos e gorduras<\/strong><br \/>\n\u00d3leos de soja, de girassol, de milho, de dend\u00ea, dentre \u00f3leos vegetais; azeite de oliva; manteiga; banha de porco; a\u00e7\u00facar de mesa branco, demerara ou mascavo, mel; e sal de cozinha.<\/p>\n<p><strong>Caf\u00e9, ch\u00e1, mate e especiarias<\/strong><br \/>\nCaf\u00e9, ch\u00e1, erva mate, pimenta, pimenta-do-reino, canela, cominho, cravo-da-\u00edndia, coentro, noz-moscada, gengibre, a\u00e7afr\u00e3o, c\u00farcuma, dentre outros.<\/p>\n","protected":false},"excerpt":{"rendered":"<p>O governo federal divulgou nesta quinta-feira (7) a lista dos alimentos que ir\u00e3o compor a nova cesta b\u00e1sica. Na ter\u00e7a-feira (5), o presidente Luiz In\u00e1cio Lula da Silva assinou decreto que prev\u00ea uma cesta b\u00e1sica com mais alimentos in natura e regionais e menos processados. \u201cO intuito \u00e9 evitar a ingest\u00e3o de alimentos ultraprocessados, que, [&hellip;]<\/p>\n","protected":false},"author":2,"featured_media":324124,"comment_status":"closed","ping_status":"closed","sticky":false,"template":"","format":"standard","meta":{"_acf_changed":false,"footnotes":""},"categories":[166,167,168,169,165,170,171,172,173,174],"tags":[],"class_list":["post-324123","post","type-post","status-publish","format-standard","has-post-thumbnail","hentry","category-alagoas","category-bahia","category-ceara","category-maranhao","category-nordeste","category-paraiba-nordeste","category-pernambuco-nordeste","category-piaui","category-rio-grande-do-norte","category-sergipe"],"acf":[],"yoast_head":"<!-- This site is optimized with the Yoast SEO plugin v27.5 - https:\/\/yoast.com\/product\/yoast-seo-wordpress\/ -->\n<title>Conhe\u00e7a o que comp\u00f5e a nova cesta b\u00e1sica - Notibras<\/title>\n<meta name=\"robots\" content=\"index, follow, max-snippet:-1, max-image-preview:large, max-video-preview:-1\" \/>\n<link rel=\"canonical\" href=\"https:\/\/www.notibras.com\/site\/conheca-o-que-compoe-a-nova-cesta-basica\/\" \/>\n<meta property=\"og:locale\" content=\"pt_BR\" \/>\n<meta property=\"og:type\" content=\"article\" \/>\n<meta property=\"og:title\" content=\"Conhe\u00e7a o que comp\u00f5e a nova cesta b\u00e1sica - Notibras\" \/>\n<meta property=\"og:description\" content=\"O governo federal divulgou nesta quinta-feira (7) a lista dos alimentos que ir\u00e3o compor a nova cesta b\u00e1sica. Na ter\u00e7a-feira (5), o presidente Luiz In\u00e1cio Lula da Silva assinou decreto que prev\u00ea uma cesta b\u00e1sica com mais alimentos in natura e regionais e menos processados. \u201cO intuito \u00e9 evitar a ingest\u00e3o de alimentos ultraprocessados, que, [&hellip;]\" \/>\n<meta property=\"og:url\" content=\"https:\/\/www.notibras.com\/site\/conheca-o-que-compoe-a-nova-cesta-basica\/\" \/>\n<meta property=\"og:site_name\" content=\"Notibras\" \/>\n<meta property=\"article:publisher\" content=\"https:\/\/www.facebook.com\/notibras\/\" \/>\n<meta property=\"article:published_time\" content=\"2024-03-07T18:55:26+00:00\" \/>\n<meta property=\"article:modified_time\" content=\"2024-03-07T21:59:12+00:00\" \/>\n<meta property=\"og:image\" content=\"https:\/\/www.notibras.com\/site\/wp-content\/uploads\/2024\/03\/novces.webp\" \/>\n\t<meta property=\"og:image:width\" content=\"1170\" \/>\n\t<meta property=\"og:image:height\" content=\"700\" \/>\n\t<meta property=\"og:image:type\" content=\"image\/webp\" \/>\n<meta name=\"author\" content=\"Reda\u00e7\u00e3o\" \/>\n<meta name=\"twitter:card\" content=\"summary_large_image\" \/>\n<meta name=\"twitter:creator\" content=\"@Notibras\" \/>\n<meta name=\"twitter:site\" content=\"@Notibras\" \/>\n<meta name=\"twitter:label1\" content=\"Escrito por\" \/>\n\t<meta name=\"twitter:data1\" content=\"Reda\u00e7\u00e3o\" \/>\n\t<meta name=\"twitter:label2\" content=\"Est. tempo de leitura\" \/>\n\t<meta name=\"twitter:data2\" content=\"5 minutos\" \/>\n<script type=\"application\/ld+json\" class=\"yoast-schema-graph\">{\"@context\":\"https:\\\/\\\/schema.org\",\"@graph\":[{\"@type\":\"Article\",\"@id\":\"https:\\\/\\\/www.notibras.com\\\/site\\\/conheca-o-que-compoe-a-nova-cesta-basica\\\/#article\",\"isPartOf\":{\"@id\":\"https:\\\/\\\/www.notibras.com\\\/site\\\/conheca-o-que-compoe-a-nova-cesta-basica\\\/\"},\"author\":{\"name\":\"Reda\u00e7\u00e3o\",\"@id\":\"https:\\\/\\\/www.notibras.com\\\/site\\\/#\\\/schema\\\/person\\\/36ab0979449956132d3e5b517ea76ac8\"},\"headline\":\"Conhe\u00e7a o que comp\u00f5e a nova cesta b\u00e1sica\",\"datePublished\":\"2024-03-07T18:55:26+00:00\",\"dateModified\":\"2024-03-07T21:59:12+00:00\",\"mainEntityOfPage\":{\"@id\":\"https:\\\/\\\/www.notibras.com\\\/site\\\/conheca-o-que-compoe-a-nova-cesta-basica\\\/\"},\"wordCount\":868,\"publisher\":{\"@id\":\"https:\\\/\\\/www.notibras.com\\\/site\\\/#organization\"},\"image\":{\"@id\":\"https:\\\/\\\/www.notibras.com\\\/site\\\/conheca-o-que-compoe-a-nova-cesta-basica\\\/#primaryimage\"},\"thumbnailUrl\":\"https:\\\/\\\/www.notibras.com\\\/site\\\/wp-content\\\/uploads\\\/2024\\\/03\\\/novces.webp\",\"articleSection\":[\"Alagoas\",\"Bahia\",\"Cear\u00e1\",\"Maranh\u00e3o\",\"Nordeste\",\"Para\u00edba\",\"Pernambuco\",\"Piau\u00ed\",\"Rio Grande do Norte\",\"Sergipe\"],\"inLanguage\":\"pt-BR\"},{\"@type\":\"WebPage\",\"@id\":\"https:\\\/\\\/www.notibras.com\\\/site\\\/conheca-o-que-compoe-a-nova-cesta-basica\\\/\",\"url\":\"https:\\\/\\\/www.notibras.com\\\/site\\\/conheca-o-que-compoe-a-nova-cesta-basica\\\/\",\"name\":\"Conhe\u00e7a o que comp\u00f5e a nova cesta b\u00e1sica - Notibras\",\"isPartOf\":{\"@id\":\"https:\\\/\\\/www.notibras.com\\\/site\\\/#website\"},\"primaryImageOfPage\":{\"@id\":\"https:\\\/\\\/www.notibras.com\\\/site\\\/conheca-o-que-compoe-a-nova-cesta-basica\\\/#primaryimage\"},\"image\":{\"@id\":\"https:\\\/\\\/www.notibras.com\\\/site\\\/conheca-o-que-compoe-a-nova-cesta-basica\\\/#primaryimage\"},\"thumbnailUrl\":\"https:\\\/\\\/www.notibras.com\\\/site\\\/wp-content\\\/uploads\\\/2024\\\/03\\\/novces.webp\",\"datePublished\":\"2024-03-07T18:55:26+00:00\",\"dateModified\":\"2024-03-07T21:59:12+00:00\",\"breadcrumb\":{\"@id\":\"https:\\\/\\\/www.notibras.com\\\/site\\\/conheca-o-que-compoe-a-nova-cesta-basica\\\/#breadcrumb\"},\"inLanguage\":\"pt-BR\",\"potentialAction\":[{\"@type\":\"ReadAction\",\"target\":[\"https:\\\/\\\/www.notibras.com\\\/site\\\/conheca-o-que-compoe-a-nova-cesta-basica\\\/\"]}]},{\"@type\":\"ImageObject\",\"inLanguage\":\"pt-BR\",\"@id\":\"https:\\\/\\\/www.notibras.com\\\/site\\\/conheca-o-que-compoe-a-nova-cesta-basica\\\/#primaryimage\",\"url\":\"https:\\\/\\\/www.notibras.com\\\/site\\\/wp-content\\\/uploads\\\/2024\\\/03\\\/novces.webp\",\"contentUrl\":\"https:\\\/\\\/www.notibras.com\\\/site\\\/wp-content\\\/uploads\\\/2024\\\/03\\\/novces.webp\",\"width\":1170,\"height\":700},{\"@type\":\"BreadcrumbList\",\"@id\":\"https:\\\/\\\/www.notibras.com\\\/site\\\/conheca-o-que-compoe-a-nova-cesta-basica\\\/#breadcrumb\",\"itemListElement\":[{\"@type\":\"ListItem\",\"position\":1,\"name\":\"In\u00edcio\",\"item\":\"https:\\\/\\\/www.notibras.com\\\/site\\\/\"},{\"@type\":\"ListItem\",\"position\":2,\"name\":\"Conhe\u00e7a o que comp\u00f5e a nova cesta b\u00e1sica\"}]},{\"@type\":\"WebSite\",\"@id\":\"https:\\\/\\\/www.notibras.com\\\/site\\\/#website\",\"url\":\"https:\\\/\\\/www.notibras.com\\\/site\\\/\",\"name\":\"Notibras\",\"description\":\"Not\u00edcias de Bras\u00edlia, do Brasil e do Mundo\",\"publisher\":{\"@id\":\"https:\\\/\\\/www.notibras.com\\\/site\\\/#organization\"},\"potentialAction\":[{\"@type\":\"SearchAction\",\"target\":{\"@type\":\"EntryPoint\",\"urlTemplate\":\"https:\\\/\\\/www.notibras.com\\\/site\\\/?s={search_term_string}\"},\"query-input\":{\"@type\":\"PropertyValueSpecification\",\"valueRequired\":true,\"valueName\":\"search_term_string\"}}],\"inLanguage\":\"pt-BR\"},{\"@type\":\"Organization\",\"@id\":\"https:\\\/\\\/www.notibras.com\\\/site\\\/#organization\",\"name\":\"Grupo Notibras de Comunica\u00e7\u00e3o\",\"url\":\"https:\\\/\\\/www.notibras.com\\\/site\\\/\",\"logo\":{\"@type\":\"ImageObject\",\"inLanguage\":\"pt-BR\",\"@id\":\"https:\\\/\\\/www.notibras.com\\\/site\\\/#\\\/schema\\\/logo\\\/image\\\/\",\"url\":\"https:\\\/\\\/www.notibras.com\\\/site\\\/wp-content\\\/uploads\\\/2023\\\/01\\\/notibras23.png\",\"contentUrl\":\"https:\\\/\\\/www.notibras.com\\\/site\\\/wp-content\\\/uploads\\\/2023\\\/01\\\/notibras23.png\",\"width\":350,\"height\":87,\"caption\":\"Grupo Notibras de Comunica\u00e7\u00e3o\"},\"image\":{\"@id\":\"https:\\\/\\\/www.notibras.com\\\/site\\\/#\\\/schema\\\/logo\\\/image\\\/\"},\"sameAs\":[\"https:\\\/\\\/www.facebook.com\\\/notibras\\\/\",\"https:\\\/\\\/x.com\\\/Notibras\",\"https:\\\/\\\/www.instagram.com\\\/notibras\\\/\"]},{\"@type\":\"Person\",\"@id\":\"https:\\\/\\\/www.notibras.com\\\/site\\\/#\\\/schema\\\/person\\\/36ab0979449956132d3e5b517ea76ac8\",\"name\":\"Reda\u00e7\u00e3o\",\"image\":{\"@type\":\"ImageObject\",\"inLanguage\":\"pt-BR\",\"@id\":\"https:\\\/\\\/secure.gravatar.com\\\/avatar\\\/e0a867bdedb85fd243eadf09663511f96fc81e0720a4a42581f334ad4303aa6b?s=96&d=mm&r=g\",\"url\":\"https:\\\/\\\/secure.gravatar.com\\\/avatar\\\/e0a867bdedb85fd243eadf09663511f96fc81e0720a4a42581f334ad4303aa6b?s=96&d=mm&r=g\",\"contentUrl\":\"https:\\\/\\\/secure.gravatar.com\\\/avatar\\\/e0a867bdedb85fd243eadf09663511f96fc81e0720a4a42581f334ad4303aa6b?s=96&d=mm&r=g\",\"caption\":\"Reda\u00e7\u00e3o\"}}]}<\/script>\n<!-- \/ Yoast SEO plugin. -->","yoast_head_json":{"title":"Conhe\u00e7a o que comp\u00f5e a nova cesta b\u00e1sica - Notibras","robots":{"index":"index","follow":"follow","max-snippet":"max-snippet:-1","max-image-preview":"max-image-preview:large","max-video-preview":"max-video-preview:-1"},"canonical":"https:\/\/www.notibras.com\/site\/conheca-o-que-compoe-a-nova-cesta-basica\/","og_locale":"pt_BR","og_type":"article","og_title":"Conhe\u00e7a o que comp\u00f5e a nova cesta b\u00e1sica - Notibras","og_description":"O governo federal divulgou nesta quinta-feira (7) a lista dos alimentos que ir\u00e3o compor a nova cesta b\u00e1sica. Na ter\u00e7a-feira (5), o presidente Luiz In\u00e1cio Lula da Silva assinou decreto que prev\u00ea uma cesta b\u00e1sica com mais alimentos in natura e regionais e menos processados. \u201cO intuito \u00e9 evitar a ingest\u00e3o de alimentos ultraprocessados, que, [&hellip;]","og_url":"https:\/\/www.notibras.com\/site\/conheca-o-que-compoe-a-nova-cesta-basica\/","og_site_name":"Notibras","article_publisher":"https:\/\/www.facebook.com\/notibras\/","article_published_time":"2024-03-07T18:55:26+00:00","article_modified_time":"2024-03-07T21:59:12+00:00","og_image":[{"width":1170,"height":700,"url":"https:\/\/www.notibras.com\/site\/wp-content\/uploads\/2024\/03\/novces.webp","type":"image\/webp"}],"author":"Reda\u00e7\u00e3o","twitter_card":"summary_large_image","twitter_creator":"@Notibras","twitter_site":"@Notibras","twitter_misc":{"Escrito por":"Reda\u00e7\u00e3o","Est. tempo de leitura":"5 minutos"},"schema":{"@context":"https:\/\/schema.org","@graph":[{"@type":"Article","@id":"https:\/\/www.notibras.com\/site\/conheca-o-que-compoe-a-nova-cesta-basica\/#article","isPartOf":{"@id":"https:\/\/www.notibras.com\/site\/conheca-o-que-compoe-a-nova-cesta-basica\/"},"author":{"name":"Reda\u00e7\u00e3o","@id":"https:\/\/www.notibras.com\/site\/#\/schema\/person\/36ab0979449956132d3e5b517ea76ac8"},"headline":"Conhe\u00e7a o que comp\u00f5e a nova cesta b\u00e1sica","datePublished":"2024-03-07T18:55:26+00:00","dateModified":"2024-03-07T21:59:12+00:00","mainEntityOfPage":{"@id":"https:\/\/www.notibras.com\/site\/conheca-o-que-compoe-a-nova-cesta-basica\/"},"wordCount":868,"publisher":{"@id":"https:\/\/www.notibras.com\/site\/#organization"},"image":{"@id":"https:\/\/www.notibras.com\/site\/conheca-o-que-compoe-a-nova-cesta-basica\/#primaryimage"},"thumbnailUrl":"https:\/\/www.notibras.com\/site\/wp-content\/uploads\/2024\/03\/novces.webp","articleSection":["Alagoas","Bahia","Cear\u00e1","Maranh\u00e3o","Nordeste","Para\u00edba","Pernambuco","Piau\u00ed","Rio Grande do Norte","Sergipe"],"inLanguage":"pt-BR"},{"@type":"WebPage","@id":"https:\/\/www.notibras.com\/site\/conheca-o-que-compoe-a-nova-cesta-basica\/","url":"https:\/\/www.notibras.com\/site\/conheca-o-que-compoe-a-nova-cesta-basica\/","name":"Conhe\u00e7a o que comp\u00f5e a nova cesta b\u00e1sica - Notibras","isPartOf":{"@id":"https:\/\/www.notibras.com\/site\/#website"},"primaryImageOfPage":{"@id":"https:\/\/www.notibras.com\/site\/conheca-o-que-compoe-a-nova-cesta-basica\/#primaryimage"},"image":{"@id":"https:\/\/www.notibras.com\/site\/conheca-o-que-compoe-a-nova-cesta-basica\/#primaryimage"},"thumbnailUrl":"https:\/\/www.notibras.com\/site\/wp-content\/uploads\/2024\/03\/novces.webp","datePublished":"2024-03-07T18:55:26+00:00","dateModified":"2024-03-07T21:59:12+00:00","breadcrumb":{"@id":"https:\/\/www.notibras.com\/site\/conheca-o-que-compoe-a-nova-cesta-basica\/#breadcrumb"},"inLanguage":"pt-BR","potentialAction":[{"@type":"ReadAction","target":["https:\/\/www.notibras.com\/site\/conheca-o-que-compoe-a-nova-cesta-basica\/"]}]},{"@type":"ImageObject","inLanguage":"pt-BR","@id":"https:\/\/www.notibras.com\/site\/conheca-o-que-compoe-a-nova-cesta-basica\/#primaryimage","url":"https:\/\/www.notibras.com\/site\/wp-content\/uploads\/2024\/03\/novces.webp","contentUrl":"https:\/\/www.notibras.com\/site\/wp-content\/uploads\/2024\/03\/novces.webp","width":1170,"height":700},{"@type":"BreadcrumbList","@id":"https:\/\/www.notibras.com\/site\/conheca-o-que-compoe-a-nova-cesta-basica\/#breadcrumb","itemListElement":[{"@type":"ListItem","position":1,"name":"In\u00edcio","item":"https:\/\/www.notibras.com\/site\/"},{"@type":"ListItem","position":2,"name":"Conhe\u00e7a o que comp\u00f5e a nova cesta b\u00e1sica"}]},{"@type":"WebSite","@id":"https:\/\/www.notibras.com\/site\/#website","url":"https:\/\/www.notibras.com\/site\/","name":"Notibras","description":"Not\u00edcias de Bras\u00edlia, do Brasil e do Mundo","publisher":{"@id":"https:\/\/www.notibras.com\/site\/#organization"},"potentialAction":[{"@type":"SearchAction","target":{"@type":"EntryPoint","urlTemplate":"https:\/\/www.notibras.com\/site\/?s={search_term_string}"},"query-input":{"@type":"PropertyValueSpecification","valueRequired":true,"valueName":"search_term_string"}}],"inLanguage":"pt-BR"},{"@type":"Organization","@id":"https:\/\/www.notibras.com\/site\/#organization","name":"Grupo Notibras de Comunica\u00e7\u00e3o","url":"https:\/\/www.notibras.com\/site\/","logo":{"@type":"ImageObject","inLanguage":"pt-BR","@id":"https:\/\/www.notibras.com\/site\/#\/schema\/logo\/image\/","url":"https:\/\/www.notibras.com\/site\/wp-content\/uploads\/2023\/01\/notibras23.png","contentUrl":"https:\/\/www.notibras.com\/site\/wp-content\/uploads\/2023\/01\/notibras23.png","width":350,"height":87,"caption":"Grupo Notibras de Comunica\u00e7\u00e3o"},"image":{"@id":"https:\/\/www.notibras.com\/site\/#\/schema\/logo\/image\/"},"sameAs":["https:\/\/www.facebook.com\/notibras\/","https:\/\/x.com\/Notibras","https:\/\/www.instagram.com\/notibras\/"]},{"@type":"Person","@id":"https:\/\/www.notibras.com\/site\/#\/schema\/person\/36ab0979449956132d3e5b517ea76ac8","name":"Reda\u00e7\u00e3o","image":{"@type":"ImageObject","inLanguage":"pt-BR","@id":"https:\/\/secure.gravatar.com\/avatar\/e0a867bdedb85fd243eadf09663511f96fc81e0720a4a42581f334ad4303aa6b?s=96&d=mm&r=g","url":"https:\/\/secure.gravatar.com\/avatar\/e0a867bdedb85fd243eadf09663511f96fc81e0720a4a42581f334ad4303aa6b?s=96&d=mm&r=g","contentUrl":"https:\/\/secure.gravatar.com\/avatar\/e0a867bdedb85fd243eadf09663511f96fc81e0720a4a42581f334ad4303aa6b?s=96&d=mm&r=g","caption":"Reda\u00e7\u00e3o"}}]}},"amp_enabled":true,"_links":{"self":[{"href":"https:\/\/www.notibras.com\/site\/wp-json\/wp\/v2\/posts\/324123","targetHints":{"allow":["GET"]}}],"collection":[{"href":"https:\/\/www.notibras.com\/site\/wp-json\/wp\/v2\/posts"}],"about":[{"href":"https:\/\/www.notibras.com\/site\/wp-json\/wp\/v2\/types\/post"}],"author":[{"embeddable":true,"href":"https:\/\/www.notibras.com\/site\/wp-json\/wp\/v2\/users\/2"}],"replies":[{"embeddable":true,"href":"https:\/\/www.notibras.com\/site\/wp-json\/wp\/v2\/comments?post=324123"}],"version-history":[{"count":1,"href":"https:\/\/www.notibras.com\/site\/wp-json\/wp\/v2\/posts\/324123\/revisions"}],"predecessor-version":[{"id":324125,"href":"https:\/\/www.notibras.com\/site\/wp-json\/wp\/v2\/posts\/324123\/revisions\/324125"}],"wp:featuredmedia":[{"embeddable":true,"href":"https:\/\/www.notibras.com\/site\/wp-json\/wp\/v2\/media\/324124"}],"wp:attachment":[{"href":"https:\/\/www.notibras.com\/site\/wp-json\/wp\/v2\/media?parent=324123"}],"wp:term":[{"taxonomy":"category","embeddable":true,"href":"https:\/\/www.notibras.com\/site\/wp-json\/wp\/v2\/categories?post=324123"},{"taxonomy":"post_tag","embeddable":true,"href":"https:\/\/www.notibras.com\/site\/wp-json\/wp\/v2\/tags?post=324123"}],"curies":[{"name":"wp","href":"https:\/\/api.w.org\/{rel}","templated":true}]}}