{"id":324158,"date":"2024-03-08T00:00:47","date_gmt":"2024-03-08T03:00:47","guid":{"rendered":"https:\/\/www.notibras.com\/site\/?p=324158"},"modified":"2024-03-08T06:03:40","modified_gmt":"2024-03-08T09:03:40","slug":"delegados-culturais-votam-propostas-para-o-plano-nacional","status":"publish","type":"post","link":"https:\/\/www.notibras.com\/site\/delegados-culturais-votam-propostas-para-o-plano-nacional\/","title":{"rendered":"Delegados culturais votam propostas para o Plano Nacional"},"content":{"rendered":"<p>A quarta Confer\u00eancia Nacional de Cultura (4\u00aa CNC) que se realiza Bras\u00edlia, chegou na v\u00e9spera do encerramento (que acontece nesta sexta, 8, tendo como tema central Democracia e Direito \u00e0 Cultura.<\/p>\n<p>Atentos ao prazo final, os delegados que, nos primeiros dias, debateram com representantes dos governos municipais, estaduais e federal e da sociedade civil, produtores de cultura as pol\u00edticas culturais para os pr\u00f3ximos anos passaram o dia em negociando o que deve entrar ou sair do texto final que orientar\u00e1 o poder p\u00fablico na formula\u00e7\u00e3o do Plano Nacional de Cultura, com diretrizes para todo o pa\u00eds.<\/p>\n<p>Em todas as salas que abrigaram os seis eixos tem\u00e1ticos, o movimento dos delegados com direito a voto era de levantar crach\u00e1s para demonstrar com o que estavam de acordo.<\/p>\n<p>O secret\u00e1rio de Direitos Autorais e Intelectuais do Minist\u00e9rio da Cultura, Marcos Souza, disse que, apesar de ser um trabalho exaustivo, \u00e9 necess\u00e1rio. \u201cAt\u00e9 agora, as propostas est\u00e3o sendo aprimoradas e ficando muito mais interessantes que com a reda\u00e7\u00e3o anterior. \u00c9 uma coisa trabalhosa e necess\u00e1ria, e temos que vencer isso at\u00e9 esta sexta-feira (8).\u201d<\/p>\n<p>Sobre os embates para aprovar o texto das propostas do documento final da confer\u00eancia, o secret\u00e1rio explicou que s\u00e3o a ess\u00eancia de um evento como esse. \u201cN\u00e3o deixa de ser um tipo de democracia direta. Aqui todo mundo tem direito de falar: quem \u00e9 do governo, quem \u00e9 da sociedade civil. E vamos aprimorar. Estamos chegando a acordos sobre temas complexos\u201d, afirmou.<\/p>\n<p>Na sala que tratava do Eixo 4 da confer\u00eancia \u2013 Diversidade Cultural e Transversalidades de G\u00eanero, Ra\u00e7a e Acessibilidade na Pol\u00edtica Cultural \u2013 uma discuss\u00e3o em que houve um ponto de unanimidade foi o da previd\u00eancia social dos fazedores de cultura.<\/p>\n<p>Por\u00e9m, em outras quest\u00f5es, surgiram diverg\u00eancias. Os delegados da Regi\u00e3o Norte, por exemplo, declararam que os eventos e os produtores culturais locais n\u00e3o concorrem em equidade com os de outras regi\u00f5es do pa\u00eds.<\/p>\n<p>A coordenadora do Conselho de Cultura de Rio Branco, Val\u00e9ria de Fran\u00e7a, que organizou a vota\u00e7\u00e3o de v\u00e1rios dos pontos propostos, enfatizou que a maior dificuldade \u00e9 aglutinar as ideias e fechar um texto que abarque os direitos da maioria das categorias nas pol\u00edticas p\u00fablicas votadas. Segundo Val\u00e9ria, o grupo de trabalho \u00e9 muito grande, e o debate, importante para todos. \u201cTodo mundo escolhe muito, mas, na hora final, \u00e9 preciso afunilar as coloca\u00e7\u00f5es. Mas o debate tem sido muito bom, muito rico neste grupo.&#8221;<\/p>\n<p>Na plen\u00e1ria do Eixo 3 sobre Identidade, Patrim\u00f4nio e Mem\u00f3ria, os delegados decidiram acrescentar \u00e0 proposta final que, al\u00e9m da valoriza\u00e7\u00e3o de mestres dos saberes, jovens lideran\u00e7as tamb\u00e9m devem ser consideradas detentoras do conhecimento.<\/p>\n<p>O presidente da Funda\u00e7\u00e3o Cultural Palmares, do Minist\u00e9rio da Cultura, Jo\u00e3o Jorge Rodrigues, destacou a participa\u00e7\u00e3o social que tem dominado a confer\u00eancia e disse que isso valoriza a cultura brasileira.<\/p>\n<p>&#8220;Os pa\u00edses, as na\u00e7\u00f5es, s\u00e3o a cultura que t\u00eam. A nossa cultura \u00e9 diversa, o pa\u00eds \u00e9 um dos cinco mais importantes do mundo. E aqui h\u00e1 uma verdade. \u00c9 a cultura voltando ao seu lugar, para o Brasil, para os brasileiros, para todos os povos e, ao mesmo tempo, para as diferentes manifesta\u00e7\u00f5es.\u201d<\/p>\n<p>Rodrigues enfatizou que a Funda\u00e7\u00e3o Cultural Palmares, que est\u00e1 participando das discuss\u00f5es, ajudou a criar a confer\u00eancia e est\u00e1 feliz com os resultados.<\/p>\n","protected":false},"excerpt":{"rendered":"<p>A quarta Confer\u00eancia Nacional de Cultura (4\u00aa CNC) que se realiza Bras\u00edlia, chegou na v\u00e9spera do encerramento (que acontece nesta sexta, 8, tendo como tema central Democracia e Direito \u00e0 Cultura. Atentos ao prazo final, os delegados que, nos primeiros dias, debateram com representantes dos governos municipais, estaduais e federal e da sociedade civil, produtores [&hellip;]<\/p>\n","protected":false},"author":2,"featured_media":324159,"comment_status":"closed","ping_status":"closed","sticky":false,"template":"","format":"standard","meta":{"_acf_changed":false,"footnotes":""},"categories":[161],"tags":[],"class_list":["post-324158","post","type-post","status-publish","format-standard","has-post-thumbnail","hentry","category-quadradinho-em-foco"],"acf":[],"yoast_head":"<!-- This site is optimized with the Yoast SEO plugin v27.5 - https:\/\/yoast.com\/product\/yoast-seo-wordpress\/ -->\n<title>Delegados culturais votam propostas para o Plano Nacional - Notibras<\/title>\n<meta name=\"robots\" content=\"index, follow, max-snippet:-1, max-image-preview:large, max-video-preview:-1\" \/>\n<link rel=\"canonical\" href=\"https:\/\/www.notibras.com\/site\/delegados-culturais-votam-propostas-para-o-plano-nacional\/\" \/>\n<meta property=\"og:locale\" content=\"pt_BR\" \/>\n<meta property=\"og:type\" content=\"article\" \/>\n<meta property=\"og:title\" content=\"Delegados culturais votam propostas para o Plano Nacional - Notibras\" \/>\n<meta property=\"og:description\" content=\"A quarta Confer\u00eancia Nacional de Cultura (4\u00aa CNC) que se realiza Bras\u00edlia, chegou na v\u00e9spera do encerramento (que acontece nesta sexta, 8, tendo como tema central Democracia e Direito \u00e0 Cultura. Atentos ao prazo final, os delegados que, nos primeiros dias, debateram com representantes dos governos municipais, estaduais e federal e da sociedade civil, produtores [&hellip;]\" \/>\n<meta property=\"og:url\" content=\"https:\/\/www.notibras.com\/site\/delegados-culturais-votam-propostas-para-o-plano-nacional\/\" \/>\n<meta property=\"og:site_name\" content=\"Notibras\" \/>\n<meta property=\"article:publisher\" content=\"https:\/\/www.facebook.com\/notibras\/\" \/>\n<meta property=\"article:published_time\" content=\"2024-03-08T03:00:47+00:00\" \/>\n<meta property=\"article:modified_time\" content=\"2024-03-08T09:03:40+00:00\" \/>\n<meta property=\"og:image\" content=\"https:\/\/www.notibras.com\/site\/wp-content\/uploads\/2024\/03\/culturavotacao.df_.webp\" \/>\n\t<meta property=\"og:image:width\" content=\"1170\" \/>\n\t<meta property=\"og:image:height\" content=\"700\" \/>\n\t<meta property=\"og:image:type\" content=\"image\/webp\" \/>\n<meta name=\"author\" content=\"Reda\u00e7\u00e3o\" \/>\n<meta name=\"twitter:card\" content=\"summary_large_image\" \/>\n<meta name=\"twitter:creator\" content=\"@Notibras\" \/>\n<meta name=\"twitter:site\" content=\"@Notibras\" \/>\n<meta name=\"twitter:label1\" content=\"Escrito por\" \/>\n\t<meta name=\"twitter:data1\" content=\"Reda\u00e7\u00e3o\" \/>\n\t<meta name=\"twitter:label2\" content=\"Est. tempo de leitura\" \/>\n\t<meta name=\"twitter:data2\" content=\"4 minutos\" \/>\n<script type=\"application\/ld+json\" class=\"yoast-schema-graph\">{\"@context\":\"https:\\\/\\\/schema.org\",\"@graph\":[{\"@type\":\"Article\",\"@id\":\"https:\\\/\\\/www.notibras.com\\\/site\\\/delegados-culturais-votam-propostas-para-o-plano-nacional\\\/#article\",\"isPartOf\":{\"@id\":\"https:\\\/\\\/www.notibras.com\\\/site\\\/delegados-culturais-votam-propostas-para-o-plano-nacional\\\/\"},\"author\":{\"name\":\"Reda\u00e7\u00e3o\",\"@id\":\"https:\\\/\\\/www.notibras.com\\\/site\\\/#\\\/schema\\\/person\\\/36ab0979449956132d3e5b517ea76ac8\"},\"headline\":\"Delegados culturais votam propostas para o Plano Nacional\",\"datePublished\":\"2024-03-08T03:00:47+00:00\",\"dateModified\":\"2024-03-08T09:03:40+00:00\",\"mainEntityOfPage\":{\"@id\":\"https:\\\/\\\/www.notibras.com\\\/site\\\/delegados-culturais-votam-propostas-para-o-plano-nacional\\\/\"},\"wordCount\":595,\"publisher\":{\"@id\":\"https:\\\/\\\/www.notibras.com\\\/site\\\/#organization\"},\"image\":{\"@id\":\"https:\\\/\\\/www.notibras.com\\\/site\\\/delegados-culturais-votam-propostas-para-o-plano-nacional\\\/#primaryimage\"},\"thumbnailUrl\":\"https:\\\/\\\/www.notibras.com\\\/site\\\/wp-content\\\/uploads\\\/2024\\\/03\\\/culturavotacao.df_.webp\",\"articleSection\":[\"Quadradinho em Foco\"],\"inLanguage\":\"pt-BR\"},{\"@type\":\"WebPage\",\"@id\":\"https:\\\/\\\/www.notibras.com\\\/site\\\/delegados-culturais-votam-propostas-para-o-plano-nacional\\\/\",\"url\":\"https:\\\/\\\/www.notibras.com\\\/site\\\/delegados-culturais-votam-propostas-para-o-plano-nacional\\\/\",\"name\":\"Delegados culturais votam propostas para o Plano Nacional - Notibras\",\"isPartOf\":{\"@id\":\"https:\\\/\\\/www.notibras.com\\\/site\\\/#website\"},\"primaryImageOfPage\":{\"@id\":\"https:\\\/\\\/www.notibras.com\\\/site\\\/delegados-culturais-votam-propostas-para-o-plano-nacional\\\/#primaryimage\"},\"image\":{\"@id\":\"https:\\\/\\\/www.notibras.com\\\/site\\\/delegados-culturais-votam-propostas-para-o-plano-nacional\\\/#primaryimage\"},\"thumbnailUrl\":\"https:\\\/\\\/www.notibras.com\\\/site\\\/wp-content\\\/uploads\\\/2024\\\/03\\\/culturavotacao.df_.webp\",\"datePublished\":\"2024-03-08T03:00:47+00:00\",\"dateModified\":\"2024-03-08T09:03:40+00:00\",\"breadcrumb\":{\"@id\":\"https:\\\/\\\/www.notibras.com\\\/site\\\/delegados-culturais-votam-propostas-para-o-plano-nacional\\\/#breadcrumb\"},\"inLanguage\":\"pt-BR\",\"potentialAction\":[{\"@type\":\"ReadAction\",\"target\":[\"https:\\\/\\\/www.notibras.com\\\/site\\\/delegados-culturais-votam-propostas-para-o-plano-nacional\\\/\"]}]},{\"@type\":\"ImageObject\",\"inLanguage\":\"pt-BR\",\"@id\":\"https:\\\/\\\/www.notibras.com\\\/site\\\/delegados-culturais-votam-propostas-para-o-plano-nacional\\\/#primaryimage\",\"url\":\"https:\\\/\\\/www.notibras.com\\\/site\\\/wp-content\\\/uploads\\\/2024\\\/03\\\/culturavotacao.df_.webp\",\"contentUrl\":\"https:\\\/\\\/www.notibras.com\\\/site\\\/wp-content\\\/uploads\\\/2024\\\/03\\\/culturavotacao.df_.webp\",\"width\":1170,\"height\":700},{\"@type\":\"BreadcrumbList\",\"@id\":\"https:\\\/\\\/www.notibras.com\\\/site\\\/delegados-culturais-votam-propostas-para-o-plano-nacional\\\/#breadcrumb\",\"itemListElement\":[{\"@type\":\"ListItem\",\"position\":1,\"name\":\"In\u00edcio\",\"item\":\"https:\\\/\\\/www.notibras.com\\\/site\\\/\"},{\"@type\":\"ListItem\",\"position\":2,\"name\":\"Delegados culturais votam propostas para o Plano Nacional\"}]},{\"@type\":\"WebSite\",\"@id\":\"https:\\\/\\\/www.notibras.com\\\/site\\\/#website\",\"url\":\"https:\\\/\\\/www.notibras.com\\\/site\\\/\",\"name\":\"Notibras\",\"description\":\"Not\u00edcias de Bras\u00edlia, do Brasil e do Mundo\",\"publisher\":{\"@id\":\"https:\\\/\\\/www.notibras.com\\\/site\\\/#organization\"},\"potentialAction\":[{\"@type\":\"SearchAction\",\"target\":{\"@type\":\"EntryPoint\",\"urlTemplate\":\"https:\\\/\\\/www.notibras.com\\\/site\\\/?s={search_term_string}\"},\"query-input\":{\"@type\":\"PropertyValueSpecification\",\"valueRequired\":true,\"valueName\":\"search_term_string\"}}],\"inLanguage\":\"pt-BR\"},{\"@type\":\"Organization\",\"@id\":\"https:\\\/\\\/www.notibras.com\\\/site\\\/#organization\",\"name\":\"Grupo Notibras de Comunica\u00e7\u00e3o\",\"url\":\"https:\\\/\\\/www.notibras.com\\\/site\\\/\",\"logo\":{\"@type\":\"ImageObject\",\"inLanguage\":\"pt-BR\",\"@id\":\"https:\\\/\\\/www.notibras.com\\\/site\\\/#\\\/schema\\\/logo\\\/image\\\/\",\"url\":\"https:\\\/\\\/www.notibras.com\\\/site\\\/wp-content\\\/uploads\\\/2023\\\/01\\\/notibras23.png\",\"contentUrl\":\"https:\\\/\\\/www.notibras.com\\\/site\\\/wp-content\\\/uploads\\\/2023\\\/01\\\/notibras23.png\",\"width\":350,\"height\":87,\"caption\":\"Grupo Notibras de Comunica\u00e7\u00e3o\"},\"image\":{\"@id\":\"https:\\\/\\\/www.notibras.com\\\/site\\\/#\\\/schema\\\/logo\\\/image\\\/\"},\"sameAs\":[\"https:\\\/\\\/www.facebook.com\\\/notibras\\\/\",\"https:\\\/\\\/x.com\\\/Notibras\",\"https:\\\/\\\/www.instagram.com\\\/notibras\\\/\"]},{\"@type\":\"Person\",\"@id\":\"https:\\\/\\\/www.notibras.com\\\/site\\\/#\\\/schema\\\/person\\\/36ab0979449956132d3e5b517ea76ac8\",\"name\":\"Reda\u00e7\u00e3o\",\"image\":{\"@type\":\"ImageObject\",\"inLanguage\":\"pt-BR\",\"@id\":\"https:\\\/\\\/secure.gravatar.com\\\/avatar\\\/e0a867bdedb85fd243eadf09663511f96fc81e0720a4a42581f334ad4303aa6b?s=96&d=mm&r=g\",\"url\":\"https:\\\/\\\/secure.gravatar.com\\\/avatar\\\/e0a867bdedb85fd243eadf09663511f96fc81e0720a4a42581f334ad4303aa6b?s=96&d=mm&r=g\",\"contentUrl\":\"https:\\\/\\\/secure.gravatar.com\\\/avatar\\\/e0a867bdedb85fd243eadf09663511f96fc81e0720a4a42581f334ad4303aa6b?s=96&d=mm&r=g\",\"caption\":\"Reda\u00e7\u00e3o\"}}]}<\/script>\n<!-- \/ Yoast SEO plugin. -->","yoast_head_json":{"title":"Delegados culturais votam propostas para o Plano Nacional - Notibras","robots":{"index":"index","follow":"follow","max-snippet":"max-snippet:-1","max-image-preview":"max-image-preview:large","max-video-preview":"max-video-preview:-1"},"canonical":"https:\/\/www.notibras.com\/site\/delegados-culturais-votam-propostas-para-o-plano-nacional\/","og_locale":"pt_BR","og_type":"article","og_title":"Delegados culturais votam propostas para o Plano Nacional - Notibras","og_description":"A quarta Confer\u00eancia Nacional de Cultura (4\u00aa CNC) que se realiza Bras\u00edlia, chegou na v\u00e9spera do encerramento (que acontece nesta sexta, 8, tendo como tema central Democracia e Direito \u00e0 Cultura. Atentos ao prazo final, os delegados que, nos primeiros dias, debateram com representantes dos governos municipais, estaduais e federal e da sociedade civil, produtores [&hellip;]","og_url":"https:\/\/www.notibras.com\/site\/delegados-culturais-votam-propostas-para-o-plano-nacional\/","og_site_name":"Notibras","article_publisher":"https:\/\/www.facebook.com\/notibras\/","article_published_time":"2024-03-08T03:00:47+00:00","article_modified_time":"2024-03-08T09:03:40+00:00","og_image":[{"width":1170,"height":700,"url":"https:\/\/www.notibras.com\/site\/wp-content\/uploads\/2024\/03\/culturavotacao.df_.webp","type":"image\/webp"}],"author":"Reda\u00e7\u00e3o","twitter_card":"summary_large_image","twitter_creator":"@Notibras","twitter_site":"@Notibras","twitter_misc":{"Escrito por":"Reda\u00e7\u00e3o","Est. tempo de leitura":"4 minutos"},"schema":{"@context":"https:\/\/schema.org","@graph":[{"@type":"Article","@id":"https:\/\/www.notibras.com\/site\/delegados-culturais-votam-propostas-para-o-plano-nacional\/#article","isPartOf":{"@id":"https:\/\/www.notibras.com\/site\/delegados-culturais-votam-propostas-para-o-plano-nacional\/"},"author":{"name":"Reda\u00e7\u00e3o","@id":"https:\/\/www.notibras.com\/site\/#\/schema\/person\/36ab0979449956132d3e5b517ea76ac8"},"headline":"Delegados culturais votam propostas para o Plano Nacional","datePublished":"2024-03-08T03:00:47+00:00","dateModified":"2024-03-08T09:03:40+00:00","mainEntityOfPage":{"@id":"https:\/\/www.notibras.com\/site\/delegados-culturais-votam-propostas-para-o-plano-nacional\/"},"wordCount":595,"publisher":{"@id":"https:\/\/www.notibras.com\/site\/#organization"},"image":{"@id":"https:\/\/www.notibras.com\/site\/delegados-culturais-votam-propostas-para-o-plano-nacional\/#primaryimage"},"thumbnailUrl":"https:\/\/www.notibras.com\/site\/wp-content\/uploads\/2024\/03\/culturavotacao.df_.webp","articleSection":["Quadradinho em Foco"],"inLanguage":"pt-BR"},{"@type":"WebPage","@id":"https:\/\/www.notibras.com\/site\/delegados-culturais-votam-propostas-para-o-plano-nacional\/","url":"https:\/\/www.notibras.com\/site\/delegados-culturais-votam-propostas-para-o-plano-nacional\/","name":"Delegados culturais votam propostas para o Plano Nacional - Notibras","isPartOf":{"@id":"https:\/\/www.notibras.com\/site\/#website"},"primaryImageOfPage":{"@id":"https:\/\/www.notibras.com\/site\/delegados-culturais-votam-propostas-para-o-plano-nacional\/#primaryimage"},"image":{"@id":"https:\/\/www.notibras.com\/site\/delegados-culturais-votam-propostas-para-o-plano-nacional\/#primaryimage"},"thumbnailUrl":"https:\/\/www.notibras.com\/site\/wp-content\/uploads\/2024\/03\/culturavotacao.df_.webp","datePublished":"2024-03-08T03:00:47+00:00","dateModified":"2024-03-08T09:03:40+00:00","breadcrumb":{"@id":"https:\/\/www.notibras.com\/site\/delegados-culturais-votam-propostas-para-o-plano-nacional\/#breadcrumb"},"inLanguage":"pt-BR","potentialAction":[{"@type":"ReadAction","target":["https:\/\/www.notibras.com\/site\/delegados-culturais-votam-propostas-para-o-plano-nacional\/"]}]},{"@type":"ImageObject","inLanguage":"pt-BR","@id":"https:\/\/www.notibras.com\/site\/delegados-culturais-votam-propostas-para-o-plano-nacional\/#primaryimage","url":"https:\/\/www.notibras.com\/site\/wp-content\/uploads\/2024\/03\/culturavotacao.df_.webp","contentUrl":"https:\/\/www.notibras.com\/site\/wp-content\/uploads\/2024\/03\/culturavotacao.df_.webp","width":1170,"height":700},{"@type":"BreadcrumbList","@id":"https:\/\/www.notibras.com\/site\/delegados-culturais-votam-propostas-para-o-plano-nacional\/#breadcrumb","itemListElement":[{"@type":"ListItem","position":1,"name":"In\u00edcio","item":"https:\/\/www.notibras.com\/site\/"},{"@type":"ListItem","position":2,"name":"Delegados culturais votam propostas para o Plano Nacional"}]},{"@type":"WebSite","@id":"https:\/\/www.notibras.com\/site\/#website","url":"https:\/\/www.notibras.com\/site\/","name":"Notibras","description":"Not\u00edcias de Bras\u00edlia, do Brasil e do Mundo","publisher":{"@id":"https:\/\/www.notibras.com\/site\/#organization"},"potentialAction":[{"@type":"SearchAction","target":{"@type":"EntryPoint","urlTemplate":"https:\/\/www.notibras.com\/site\/?s={search_term_string}"},"query-input":{"@type":"PropertyValueSpecification","valueRequired":true,"valueName":"search_term_string"}}],"inLanguage":"pt-BR"},{"@type":"Organization","@id":"https:\/\/www.notibras.com\/site\/#organization","name":"Grupo Notibras de Comunica\u00e7\u00e3o","url":"https:\/\/www.notibras.com\/site\/","logo":{"@type":"ImageObject","inLanguage":"pt-BR","@id":"https:\/\/www.notibras.com\/site\/#\/schema\/logo\/image\/","url":"https:\/\/www.notibras.com\/site\/wp-content\/uploads\/2023\/01\/notibras23.png","contentUrl":"https:\/\/www.notibras.com\/site\/wp-content\/uploads\/2023\/01\/notibras23.png","width":350,"height":87,"caption":"Grupo Notibras de Comunica\u00e7\u00e3o"},"image":{"@id":"https:\/\/www.notibras.com\/site\/#\/schema\/logo\/image\/"},"sameAs":["https:\/\/www.facebook.com\/notibras\/","https:\/\/x.com\/Notibras","https:\/\/www.instagram.com\/notibras\/"]},{"@type":"Person","@id":"https:\/\/www.notibras.com\/site\/#\/schema\/person\/36ab0979449956132d3e5b517ea76ac8","name":"Reda\u00e7\u00e3o","image":{"@type":"ImageObject","inLanguage":"pt-BR","@id":"https:\/\/secure.gravatar.com\/avatar\/e0a867bdedb85fd243eadf09663511f96fc81e0720a4a42581f334ad4303aa6b?s=96&d=mm&r=g","url":"https:\/\/secure.gravatar.com\/avatar\/e0a867bdedb85fd243eadf09663511f96fc81e0720a4a42581f334ad4303aa6b?s=96&d=mm&r=g","contentUrl":"https:\/\/secure.gravatar.com\/avatar\/e0a867bdedb85fd243eadf09663511f96fc81e0720a4a42581f334ad4303aa6b?s=96&d=mm&r=g","caption":"Reda\u00e7\u00e3o"}}]}},"amp_enabled":true,"_links":{"self":[{"href":"https:\/\/www.notibras.com\/site\/wp-json\/wp\/v2\/posts\/324158","targetHints":{"allow":["GET"]}}],"collection":[{"href":"https:\/\/www.notibras.com\/site\/wp-json\/wp\/v2\/posts"}],"about":[{"href":"https:\/\/www.notibras.com\/site\/wp-json\/wp\/v2\/types\/post"}],"author":[{"embeddable":true,"href":"https:\/\/www.notibras.com\/site\/wp-json\/wp\/v2\/users\/2"}],"replies":[{"embeddable":true,"href":"https:\/\/www.notibras.com\/site\/wp-json\/wp\/v2\/comments?post=324158"}],"version-history":[{"count":1,"href":"https:\/\/www.notibras.com\/site\/wp-json\/wp\/v2\/posts\/324158\/revisions"}],"predecessor-version":[{"id":324160,"href":"https:\/\/www.notibras.com\/site\/wp-json\/wp\/v2\/posts\/324158\/revisions\/324160"}],"wp:featuredmedia":[{"embeddable":true,"href":"https:\/\/www.notibras.com\/site\/wp-json\/wp\/v2\/media\/324159"}],"wp:attachment":[{"href":"https:\/\/www.notibras.com\/site\/wp-json\/wp\/v2\/media?parent=324158"}],"wp:term":[{"taxonomy":"category","embeddable":true,"href":"https:\/\/www.notibras.com\/site\/wp-json\/wp\/v2\/categories?post=324158"},{"taxonomy":"post_tag","embeddable":true,"href":"https:\/\/www.notibras.com\/site\/wp-json\/wp\/v2\/tags?post=324158"}],"curies":[{"name":"wp","href":"https:\/\/api.w.org\/{rel}","templated":true}]}}