{"id":32416,"date":"2014-12-29T18:06:23","date_gmt":"2014-12-29T21:06:23","guid":{"rendered":"http:\/\/www.notibras.com\/site\/?p=32416"},"modified":"2014-12-29T23:13:51","modified_gmt":"2014-12-30T02:13:51","slug":"raio-mata-quatro-pessoas-uma-gravida-em-praia-da-baixada-santista","status":"publish","type":"post","link":"https:\/\/www.notibras.com\/site\/raio-mata-quatro-pessoas-uma-gravida-em-praia-da-baixada-santista\/","title":{"rendered":"Raio mata quatro pessoas (uma gr\u00e1vida) na praia do Boqueir\u00e3o, em S\u00e3o Paulo"},"content":{"rendered":"<p class=\"text\">As chuvas no litoral de S\u00e3o Paulo fizeram v\u00edtimas fatais na tarde desta segunda-feira. Sete pessoas foram atingidas por um raio por volta das 14h30 e quatro delas morreram na praia de Boqueir\u00e3o, em Praia Grande, segundo informou o Corpo de Bombeiros.<\/p>\n<p class=\"text\">Segundo o Tenente Prestes, do Corpo de Bombeiros de Praia Grande, foram enviadas ao local do incidente duas ambul\u00e2ncias, uma equipe de resgate dos bombeiros e uma equipe do salvamento aqu\u00e1tico ap\u00f3s o chamado.<\/p>\n<blockquote>\n<p class=\"text\">Uma das v\u00edtimas fatais estava gr\u00e1vida de cinco meses. Os outros atingidos pelo raio foram encaminhados para o pronto-socorro municipal, o\u00a0Hospital Irm\u00e3 Dulce.<\/p>\n<\/blockquote>\n<p class=\"text\">No momento em que o raio atingiu os banhistas, havia algumas pessoas na praia, mas que estariam deixando o local por causa da tempestade.<\/p>\n<p class=\"text\">O Corpo de Bombeiros lembra que, em caso de chuva, banhistas devem abandonar a praia pelo perigo de incidentes graves como o de hoje.<\/p>\n","protected":false},"excerpt":{"rendered":"<p>As chuvas no litoral de S\u00e3o Paulo fizeram v\u00edtimas fatais na tarde desta segunda-feira. Sete pessoas foram atingidas por um raio por volta das 14h30 e quatro delas morreram na praia de Boqueir\u00e3o, em Praia Grande, segundo informou o Corpo de Bombeiros. Segundo o Tenente Prestes, do Corpo de Bombeiros de Praia Grande, foram enviadas [&hellip;]<\/p>\n","protected":false},"author":2,"featured_media":32417,"comment_status":"open","ping_status":"closed","sticky":false,"template":"","format":"standard","meta":{"_acf_changed":false,"footnotes":""},"categories":[16],"tags":[],"class_list":["post-32416","post","type-post","status-publish","format-standard","has-post-thumbnail","hentry","category-brasil"],"acf":[],"yoast_head":"<!-- This site is optimized with the Yoast SEO plugin v27.2 - https:\/\/yoast.com\/product\/yoast-seo-wordpress\/ -->\n<title>Raio mata quatro pessoas (uma gr\u00e1vida) na praia do Boqueir\u00e3o, em S\u00e3o Paulo - Notibras<\/title>\n<meta name=\"robots\" content=\"index, follow, max-snippet:-1, max-image-preview:large, max-video-preview:-1\" \/>\n<link rel=\"canonical\" href=\"https:\/\/www.notibras.com\/site\/raio-mata-quatro-pessoas-uma-gravida-em-praia-da-baixada-santista\/\" \/>\n<meta property=\"og:locale\" content=\"pt_BR\" \/>\n<meta property=\"og:type\" content=\"article\" \/>\n<meta property=\"og:title\" content=\"Raio mata quatro pessoas (uma gr\u00e1vida) na praia do Boqueir\u00e3o, em S\u00e3o Paulo - Notibras\" \/>\n<meta property=\"og:description\" content=\"As chuvas no litoral de S\u00e3o Paulo fizeram v\u00edtimas fatais na tarde desta segunda-feira. Sete pessoas foram atingidas por um raio por volta das 14h30 e quatro delas morreram na praia de Boqueir\u00e3o, em Praia Grande, segundo informou o Corpo de Bombeiros. Segundo o Tenente Prestes, do Corpo de Bombeiros de Praia Grande, foram enviadas [&hellip;]\" \/>\n<meta property=\"og:url\" content=\"https:\/\/www.notibras.com\/site\/raio-mata-quatro-pessoas-uma-gravida-em-praia-da-baixada-santista\/\" \/>\n<meta property=\"og:site_name\" content=\"Notibras\" \/>\n<meta property=\"article:publisher\" content=\"https:\/\/www.facebook.com\/notibras\/\" \/>\n<meta property=\"article:published_time\" content=\"2014-12-29T21:06:23+00:00\" \/>\n<meta property=\"article:modified_time\" content=\"2014-12-30T02:13:51+00:00\" \/>\n<meta property=\"og:image\" content=\"https:\/\/www.notibras.com\/site\/wp-content\/uploads\/2014\/12\/praia-granderaiovitimastwittersamu.jpg\" \/>\n\t<meta property=\"og:image:width\" content=\"460\" \/>\n\t<meta property=\"og:image:height\" content=\"340\" \/>\n\t<meta property=\"og:image:type\" content=\"image\/jpeg\" \/>\n<meta name=\"author\" content=\"Reda\u00e7\u00e3o\" \/>\n<meta name=\"twitter:card\" content=\"summary_large_image\" \/>\n<meta name=\"twitter:creator\" content=\"@Notibras\" \/>\n<meta name=\"twitter:site\" content=\"@Notibras\" \/>\n<meta name=\"twitter:label1\" content=\"Escrito por\" \/>\n\t<meta name=\"twitter:data1\" content=\"Reda\u00e7\u00e3o\" \/>\n\t<meta name=\"twitter:label2\" content=\"Est. tempo de leitura\" \/>\n\t<meta name=\"twitter:data2\" content=\"1 minuto\" \/>\n<script type=\"application\/ld+json\" class=\"yoast-schema-graph\">{\"@context\":\"https:\/\/schema.org\",\"@graph\":[{\"@type\":\"Article\",\"@id\":\"https:\/\/www.notibras.com\/site\/raio-mata-quatro-pessoas-uma-gravida-em-praia-da-baixada-santista\/#article\",\"isPartOf\":{\"@id\":\"https:\/\/www.notibras.com\/site\/raio-mata-quatro-pessoas-uma-gravida-em-praia-da-baixada-santista\/\"},\"author\":{\"name\":\"Reda\u00e7\u00e3o\",\"@id\":\"https:\/\/www.notibras.com\/site\/#\/schema\/person\/36ab0979449956132d3e5b517ea76ac8\"},\"headline\":\"Raio mata quatro pessoas (uma gr\u00e1vida) na praia do Boqueir\u00e3o, em S\u00e3o Paulo\",\"datePublished\":\"2014-12-29T21:06:23+00:00\",\"dateModified\":\"2014-12-30T02:13:51+00:00\",\"mainEntityOfPage\":{\"@id\":\"https:\/\/www.notibras.com\/site\/raio-mata-quatro-pessoas-uma-gravida-em-praia-da-baixada-santista\/\"},\"wordCount\":172,\"commentCount\":0,\"publisher\":{\"@id\":\"https:\/\/www.notibras.com\/site\/#organization\"},\"image\":{\"@id\":\"https:\/\/www.notibras.com\/site\/raio-mata-quatro-pessoas-uma-gravida-em-praia-da-baixada-santista\/#primaryimage\"},\"thumbnailUrl\":\"https:\/\/www.notibras.com\/site\/wp-content\/uploads\/2014\/12\/praia-granderaiovitimastwittersamu.jpg\",\"articleSection\":[\"Brasil\"],\"inLanguage\":\"pt-BR\",\"potentialAction\":[{\"@type\":\"CommentAction\",\"name\":\"Comment\",\"target\":[\"https:\/\/www.notibras.com\/site\/raio-mata-quatro-pessoas-uma-gravida-em-praia-da-baixada-santista\/#respond\"]}]},{\"@type\":\"WebPage\",\"@id\":\"https:\/\/www.notibras.com\/site\/raio-mata-quatro-pessoas-uma-gravida-em-praia-da-baixada-santista\/\",\"url\":\"https:\/\/www.notibras.com\/site\/raio-mata-quatro-pessoas-uma-gravida-em-praia-da-baixada-santista\/\",\"name\":\"Raio mata quatro pessoas (uma gr\u00e1vida) na praia do Boqueir\u00e3o, em S\u00e3o Paulo - Notibras\",\"isPartOf\":{\"@id\":\"https:\/\/www.notibras.com\/site\/#website\"},\"primaryImageOfPage\":{\"@id\":\"https:\/\/www.notibras.com\/site\/raio-mata-quatro-pessoas-uma-gravida-em-praia-da-baixada-santista\/#primaryimage\"},\"image\":{\"@id\":\"https:\/\/www.notibras.com\/site\/raio-mata-quatro-pessoas-uma-gravida-em-praia-da-baixada-santista\/#primaryimage\"},\"thumbnailUrl\":\"https:\/\/www.notibras.com\/site\/wp-content\/uploads\/2014\/12\/praia-granderaiovitimastwittersamu.jpg\",\"datePublished\":\"2014-12-29T21:06:23+00:00\",\"dateModified\":\"2014-12-30T02:13:51+00:00\",\"breadcrumb\":{\"@id\":\"https:\/\/www.notibras.com\/site\/raio-mata-quatro-pessoas-uma-gravida-em-praia-da-baixada-santista\/#breadcrumb\"},\"inLanguage\":\"pt-BR\",\"potentialAction\":[{\"@type\":\"ReadAction\",\"target\":[\"https:\/\/www.notibras.com\/site\/raio-mata-quatro-pessoas-uma-gravida-em-praia-da-baixada-santista\/\"]}]},{\"@type\":\"ImageObject\",\"inLanguage\":\"pt-BR\",\"@id\":\"https:\/\/www.notibras.com\/site\/raio-mata-quatro-pessoas-uma-gravida-em-praia-da-baixada-santista\/#primaryimage\",\"url\":\"https:\/\/www.notibras.com\/site\/wp-content\/uploads\/2014\/12\/praia-granderaiovitimastwittersamu.jpg\",\"contentUrl\":\"https:\/\/www.notibras.com\/site\/wp-content\/uploads\/2014\/12\/praia-granderaiovitimastwittersamu.jpg\",\"width\":460,\"height\":340},{\"@type\":\"BreadcrumbList\",\"@id\":\"https:\/\/www.notibras.com\/site\/raio-mata-quatro-pessoas-uma-gravida-em-praia-da-baixada-santista\/#breadcrumb\",\"itemListElement\":[{\"@type\":\"ListItem\",\"position\":1,\"name\":\"In\u00edcio\",\"item\":\"https:\/\/www.notibras.com\/site\/\"},{\"@type\":\"ListItem\",\"position\":2,\"name\":\"Raio mata quatro pessoas (uma gr\u00e1vida) na praia do Boqueir\u00e3o, em S\u00e3o Paulo\"}]},{\"@type\":\"WebSite\",\"@id\":\"https:\/\/www.notibras.com\/site\/#website\",\"url\":\"https:\/\/www.notibras.com\/site\/\",\"name\":\"Notibras\",\"description\":\"Not\u00edcias de Bras\u00edlia, do Brasil e do Mundo\",\"publisher\":{\"@id\":\"https:\/\/www.notibras.com\/site\/#organization\"},\"potentialAction\":[{\"@type\":\"SearchAction\",\"target\":{\"@type\":\"EntryPoint\",\"urlTemplate\":\"https:\/\/www.notibras.com\/site\/?s={search_term_string}\"},\"query-input\":{\"@type\":\"PropertyValueSpecification\",\"valueRequired\":true,\"valueName\":\"search_term_string\"}}],\"inLanguage\":\"pt-BR\"},{\"@type\":\"Organization\",\"@id\":\"https:\/\/www.notibras.com\/site\/#organization\",\"name\":\"Grupo Notibras de Comunica\u00e7\u00e3o\",\"url\":\"https:\/\/www.notibras.com\/site\/\",\"logo\":{\"@type\":\"ImageObject\",\"inLanguage\":\"pt-BR\",\"@id\":\"https:\/\/www.notibras.com\/site\/#\/schema\/logo\/image\/\",\"url\":\"https:\/\/www.notibras.com\/site\/wp-content\/uploads\/2023\/01\/notibras23.png\",\"contentUrl\":\"https:\/\/www.notibras.com\/site\/wp-content\/uploads\/2023\/01\/notibras23.png\",\"width\":350,\"height\":87,\"caption\":\"Grupo Notibras de Comunica\u00e7\u00e3o\"},\"image\":{\"@id\":\"https:\/\/www.notibras.com\/site\/#\/schema\/logo\/image\/\"},\"sameAs\":[\"https:\/\/www.facebook.com\/notibras\/\",\"https:\/\/x.com\/Notibras\",\"https:\/\/www.instagram.com\/notibras\/\"]},{\"@type\":\"Person\",\"@id\":\"https:\/\/www.notibras.com\/site\/#\/schema\/person\/36ab0979449956132d3e5b517ea76ac8\",\"name\":\"Reda\u00e7\u00e3o\",\"image\":{\"@type\":\"ImageObject\",\"inLanguage\":\"pt-BR\",\"@id\":\"https:\/\/secure.gravatar.com\/avatar\/e0a867bdedb85fd243eadf09663511f96fc81e0720a4a42581f334ad4303aa6b?s=96&d=mm&r=g\",\"url\":\"https:\/\/secure.gravatar.com\/avatar\/e0a867bdedb85fd243eadf09663511f96fc81e0720a4a42581f334ad4303aa6b?s=96&d=mm&r=g\",\"contentUrl\":\"https:\/\/secure.gravatar.com\/avatar\/e0a867bdedb85fd243eadf09663511f96fc81e0720a4a42581f334ad4303aa6b?s=96&d=mm&r=g\",\"caption\":\"Reda\u00e7\u00e3o\"}}]}<\/script>\n<!-- \/ Yoast SEO plugin. -->","yoast_head_json":{"title":"Raio mata quatro pessoas (uma gr\u00e1vida) na praia do Boqueir\u00e3o, em S\u00e3o Paulo - Notibras","robots":{"index":"index","follow":"follow","max-snippet":"max-snippet:-1","max-image-preview":"max-image-preview:large","max-video-preview":"max-video-preview:-1"},"canonical":"https:\/\/www.notibras.com\/site\/raio-mata-quatro-pessoas-uma-gravida-em-praia-da-baixada-santista\/","og_locale":"pt_BR","og_type":"article","og_title":"Raio mata quatro pessoas (uma gr\u00e1vida) na praia do Boqueir\u00e3o, em S\u00e3o Paulo - Notibras","og_description":"As chuvas no litoral de S\u00e3o Paulo fizeram v\u00edtimas fatais na tarde desta segunda-feira. Sete pessoas foram atingidas por um raio por volta das 14h30 e quatro delas morreram na praia de Boqueir\u00e3o, em Praia Grande, segundo informou o Corpo de Bombeiros. Segundo o Tenente Prestes, do Corpo de Bombeiros de Praia Grande, foram enviadas [&hellip;]","og_url":"https:\/\/www.notibras.com\/site\/raio-mata-quatro-pessoas-uma-gravida-em-praia-da-baixada-santista\/","og_site_name":"Notibras","article_publisher":"https:\/\/www.facebook.com\/notibras\/","article_published_time":"2014-12-29T21:06:23+00:00","article_modified_time":"2014-12-30T02:13:51+00:00","og_image":[{"width":460,"height":340,"url":"https:\/\/www.notibras.com\/site\/wp-content\/uploads\/2014\/12\/praia-granderaiovitimastwittersamu.jpg","type":"image\/jpeg"}],"author":"Reda\u00e7\u00e3o","twitter_card":"summary_large_image","twitter_creator":"@Notibras","twitter_site":"@Notibras","twitter_misc":{"Escrito por":"Reda\u00e7\u00e3o","Est. tempo de leitura":"1 minuto"},"schema":{"@context":"https:\/\/schema.org","@graph":[{"@type":"Article","@id":"https:\/\/www.notibras.com\/site\/raio-mata-quatro-pessoas-uma-gravida-em-praia-da-baixada-santista\/#article","isPartOf":{"@id":"https:\/\/www.notibras.com\/site\/raio-mata-quatro-pessoas-uma-gravida-em-praia-da-baixada-santista\/"},"author":{"name":"Reda\u00e7\u00e3o","@id":"https:\/\/www.notibras.com\/site\/#\/schema\/person\/36ab0979449956132d3e5b517ea76ac8"},"headline":"Raio mata quatro pessoas (uma gr\u00e1vida) na praia do Boqueir\u00e3o, em S\u00e3o Paulo","datePublished":"2014-12-29T21:06:23+00:00","dateModified":"2014-12-30T02:13:51+00:00","mainEntityOfPage":{"@id":"https:\/\/www.notibras.com\/site\/raio-mata-quatro-pessoas-uma-gravida-em-praia-da-baixada-santista\/"},"wordCount":172,"commentCount":0,"publisher":{"@id":"https:\/\/www.notibras.com\/site\/#organization"},"image":{"@id":"https:\/\/www.notibras.com\/site\/raio-mata-quatro-pessoas-uma-gravida-em-praia-da-baixada-santista\/#primaryimage"},"thumbnailUrl":"https:\/\/www.notibras.com\/site\/wp-content\/uploads\/2014\/12\/praia-granderaiovitimastwittersamu.jpg","articleSection":["Brasil"],"inLanguage":"pt-BR","potentialAction":[{"@type":"CommentAction","name":"Comment","target":["https:\/\/www.notibras.com\/site\/raio-mata-quatro-pessoas-uma-gravida-em-praia-da-baixada-santista\/#respond"]}]},{"@type":"WebPage","@id":"https:\/\/www.notibras.com\/site\/raio-mata-quatro-pessoas-uma-gravida-em-praia-da-baixada-santista\/","url":"https:\/\/www.notibras.com\/site\/raio-mata-quatro-pessoas-uma-gravida-em-praia-da-baixada-santista\/","name":"Raio mata quatro pessoas (uma gr\u00e1vida) na praia do Boqueir\u00e3o, em S\u00e3o Paulo - Notibras","isPartOf":{"@id":"https:\/\/www.notibras.com\/site\/#website"},"primaryImageOfPage":{"@id":"https:\/\/www.notibras.com\/site\/raio-mata-quatro-pessoas-uma-gravida-em-praia-da-baixada-santista\/#primaryimage"},"image":{"@id":"https:\/\/www.notibras.com\/site\/raio-mata-quatro-pessoas-uma-gravida-em-praia-da-baixada-santista\/#primaryimage"},"thumbnailUrl":"https:\/\/www.notibras.com\/site\/wp-content\/uploads\/2014\/12\/praia-granderaiovitimastwittersamu.jpg","datePublished":"2014-12-29T21:06:23+00:00","dateModified":"2014-12-30T02:13:51+00:00","breadcrumb":{"@id":"https:\/\/www.notibras.com\/site\/raio-mata-quatro-pessoas-uma-gravida-em-praia-da-baixada-santista\/#breadcrumb"},"inLanguage":"pt-BR","potentialAction":[{"@type":"ReadAction","target":["https:\/\/www.notibras.com\/site\/raio-mata-quatro-pessoas-uma-gravida-em-praia-da-baixada-santista\/"]}]},{"@type":"ImageObject","inLanguage":"pt-BR","@id":"https:\/\/www.notibras.com\/site\/raio-mata-quatro-pessoas-uma-gravida-em-praia-da-baixada-santista\/#primaryimage","url":"https:\/\/www.notibras.com\/site\/wp-content\/uploads\/2014\/12\/praia-granderaiovitimastwittersamu.jpg","contentUrl":"https:\/\/www.notibras.com\/site\/wp-content\/uploads\/2014\/12\/praia-granderaiovitimastwittersamu.jpg","width":460,"height":340},{"@type":"BreadcrumbList","@id":"https:\/\/www.notibras.com\/site\/raio-mata-quatro-pessoas-uma-gravida-em-praia-da-baixada-santista\/#breadcrumb","itemListElement":[{"@type":"ListItem","position":1,"name":"In\u00edcio","item":"https:\/\/www.notibras.com\/site\/"},{"@type":"ListItem","position":2,"name":"Raio mata quatro pessoas (uma gr\u00e1vida) na praia do Boqueir\u00e3o, em S\u00e3o Paulo"}]},{"@type":"WebSite","@id":"https:\/\/www.notibras.com\/site\/#website","url":"https:\/\/www.notibras.com\/site\/","name":"Notibras","description":"Not\u00edcias de Bras\u00edlia, do Brasil e do Mundo","publisher":{"@id":"https:\/\/www.notibras.com\/site\/#organization"},"potentialAction":[{"@type":"SearchAction","target":{"@type":"EntryPoint","urlTemplate":"https:\/\/www.notibras.com\/site\/?s={search_term_string}"},"query-input":{"@type":"PropertyValueSpecification","valueRequired":true,"valueName":"search_term_string"}}],"inLanguage":"pt-BR"},{"@type":"Organization","@id":"https:\/\/www.notibras.com\/site\/#organization","name":"Grupo Notibras de Comunica\u00e7\u00e3o","url":"https:\/\/www.notibras.com\/site\/","logo":{"@type":"ImageObject","inLanguage":"pt-BR","@id":"https:\/\/www.notibras.com\/site\/#\/schema\/logo\/image\/","url":"https:\/\/www.notibras.com\/site\/wp-content\/uploads\/2023\/01\/notibras23.png","contentUrl":"https:\/\/www.notibras.com\/site\/wp-content\/uploads\/2023\/01\/notibras23.png","width":350,"height":87,"caption":"Grupo Notibras de Comunica\u00e7\u00e3o"},"image":{"@id":"https:\/\/www.notibras.com\/site\/#\/schema\/logo\/image\/"},"sameAs":["https:\/\/www.facebook.com\/notibras\/","https:\/\/x.com\/Notibras","https:\/\/www.instagram.com\/notibras\/"]},{"@type":"Person","@id":"https:\/\/www.notibras.com\/site\/#\/schema\/person\/36ab0979449956132d3e5b517ea76ac8","name":"Reda\u00e7\u00e3o","image":{"@type":"ImageObject","inLanguage":"pt-BR","@id":"https:\/\/secure.gravatar.com\/avatar\/e0a867bdedb85fd243eadf09663511f96fc81e0720a4a42581f334ad4303aa6b?s=96&d=mm&r=g","url":"https:\/\/secure.gravatar.com\/avatar\/e0a867bdedb85fd243eadf09663511f96fc81e0720a4a42581f334ad4303aa6b?s=96&d=mm&r=g","contentUrl":"https:\/\/secure.gravatar.com\/avatar\/e0a867bdedb85fd243eadf09663511f96fc81e0720a4a42581f334ad4303aa6b?s=96&d=mm&r=g","caption":"Reda\u00e7\u00e3o"}}]}},"amp_enabled":true,"_links":{"self":[{"href":"https:\/\/www.notibras.com\/site\/wp-json\/wp\/v2\/posts\/32416","targetHints":{"allow":["GET"]}}],"collection":[{"href":"https:\/\/www.notibras.com\/site\/wp-json\/wp\/v2\/posts"}],"about":[{"href":"https:\/\/www.notibras.com\/site\/wp-json\/wp\/v2\/types\/post"}],"author":[{"embeddable":true,"href":"https:\/\/www.notibras.com\/site\/wp-json\/wp\/v2\/users\/2"}],"replies":[{"embeddable":true,"href":"https:\/\/www.notibras.com\/site\/wp-json\/wp\/v2\/comments?post=32416"}],"version-history":[{"count":0,"href":"https:\/\/www.notibras.com\/site\/wp-json\/wp\/v2\/posts\/32416\/revisions"}],"wp:featuredmedia":[{"embeddable":true,"href":"https:\/\/www.notibras.com\/site\/wp-json\/wp\/v2\/media\/32417"}],"wp:attachment":[{"href":"https:\/\/www.notibras.com\/site\/wp-json\/wp\/v2\/media?parent=32416"}],"wp:term":[{"taxonomy":"category","embeddable":true,"href":"https:\/\/www.notibras.com\/site\/wp-json\/wp\/v2\/categories?post=32416"},{"taxonomy":"post_tag","embeddable":true,"href":"https:\/\/www.notibras.com\/site\/wp-json\/wp\/v2\/tags?post=32416"}],"curies":[{"name":"wp","href":"https:\/\/api.w.org\/{rel}","templated":true}]}}