{"id":324201,"date":"2024-03-08T15:47:09","date_gmt":"2024-03-08T18:47:09","guid":{"rendered":"https:\/\/www.notibras.com\/site\/?p=324201"},"modified":"2024-03-08T16:25:42","modified_gmt":"2024-03-08T19:25:42","slug":"manhattan-levanta-tijolos-e-comeca-a-atrair-lojas","status":"publish","type":"post","link":"https:\/\/www.notibras.com\/site\/manhattan-levanta-tijolos-e-comeca-a-atrair-lojas\/","title":{"rendered":"Manhattan levanta tijolos e come\u00e7a a atrair lojas"},"content":{"rendered":"<p>Maior investimento da PaulOOctavio na d\u00e9cada, o Manhattan Shopping assinou os primeiros contratos com lojistas na \u00faltima quarta-feira (6). A Kopenhagen e a CVC j\u00e1 garantiram presen\u00e7a no novo emprendimento, que est\u00e1 em constru\u00e7\u00e3o e ser\u00e1 inaugurado no pr\u00f3ximo ano. Localizado nas Ruas 16 Sul e 17 Sul, em \u00c1guas Claras, o projeto ter\u00e1, al\u00e9m do mall destinado a marcas exclusivas, duas torres residenciais e uma comercial.<\/p>\n<p>O investimento previsto em todo o complexo ultrapassa os R$ 350 milh\u00f5es e mais de mil empregos est\u00e3o sendo gerados durante a obra. De acordo com estimativas, ap\u00f3s a constru\u00e7\u00e3o do Manhattan Shopping, outras 800 vagas diretas e indiretas ser\u00e3o criadas. A pedra fundamental do emprendimento foi lan\u00e7ada em 13 de fevereiro de 2022, data do anivers\u00e1rio do empres\u00e1rio Paulo Oct\u00e1vio.<\/p>\n<p>\u201cH\u00e1 mais de duas d\u00e9cadas, compramos os terrenos. Em 2010, come\u00e7amos um projeto, que aprovamos ap\u00f3s seis anos. Depois de muita luta e audi\u00eancias p\u00fablicas, e de v\u00e1rias exig\u00eancias, come\u00e7amos a constru\u00e7\u00e3o, junto com obras de revitaliza\u00e7\u00e3o em \u00c1guas Claras\u201d, destaca Paulo Oct\u00e1vio.<\/p>\n<p>O Manhattan Shopping foi planejado com espa\u00e7os abertos, charmosos e ambientes com muita vegeta\u00e7\u00e3o interna e externa e ser\u00e1 o shopping mais luxuoso e elegante de \u00c1guas Claras. E j\u00e1 nasceu premiado: antes mesmo do lan\u00e7amento, conquistou o MUSE Design Awards na categoria fachada, paisagismo e ilumina\u00e7\u00e3o.<\/p>\n<p>O Manhattan Shopping ser\u00e1 composto por 47 lojas, distribu\u00eddas em dois pisos, com a natureza compondo o design, j\u00e1 que plantas participam da renova\u00e7\u00e3o do ar, trazendo mais qualidade e seguran\u00e7a para os usu\u00e1rios. A ilumina\u00e7\u00e3o mudar\u00e1 de cor e acompanhar\u00e1 o ciclo do dia. Estes ingredientes sofisticados e ambientalmente corretos atra\u00edram os empres\u00e1rios Rodrigo Romano, da Kopenhagen e Cl\u00e1udio Vila Nova, da CVC, que assinaram contrato na presen\u00e7a do empres\u00e1rio Paulo Oct\u00e1vio e de Geraldo Mello, diretor da PO Shoppings.<\/p>\n<p>A torre comercial do complexo Manhattan Shopping ter\u00e1 17 pavimentos, com 170 salas, que variam de 30m\u00b2 a 331m\u00b2, al\u00e9m de itens de conforto como espa\u00e7o fitness e coworking. J\u00e1 as duas torres residenciais de 16 pavimentos ter\u00e3o apartamentos conjugados ou de um quarto, todos com vaga de garagem e \u00e1rea privativa variando de 37m\u00b2 a 42m\u00b2. Os moradores ter\u00e3o \u00e0 disposi\u00e7\u00e3o itens de conforto como espa\u00e7o fitness, coworking, espa\u00e7o pet, dois sal\u00f5es de festas, lavanderia, ferramentaria, sala de massagem, sauna, spa, piscina com borda infinita e deck molhado e duas churrasqueiras. Haver\u00e1 tamb\u00e9m um rooftop em cada torre residencial.<\/p>\n","protected":false},"excerpt":{"rendered":"<p>Maior investimento da PaulOOctavio na d\u00e9cada, o Manhattan Shopping assinou os primeiros contratos com lojistas na \u00faltima quarta-feira (6). A Kopenhagen e a CVC j\u00e1 garantiram presen\u00e7a no novo emprendimento, que est\u00e1 em constru\u00e7\u00e3o e ser\u00e1 inaugurado no pr\u00f3ximo ano. Localizado nas Ruas 16 Sul e 17 Sul, em \u00c1guas Claras, o projeto ter\u00e1, al\u00e9m [&hellip;]<\/p>\n","protected":false},"author":2,"featured_media":324202,"comment_status":"closed","ping_status":"closed","sticky":false,"template":"","format":"standard","meta":{"_acf_changed":false,"footnotes":""},"categories":[161],"tags":[],"class_list":["post-324201","post","type-post","status-publish","format-standard","has-post-thumbnail","hentry","category-quadradinho-em-foco"],"acf":[],"yoast_head":"<!-- This site is optimized with the Yoast SEO plugin v27.2 - https:\/\/yoast.com\/product\/yoast-seo-wordpress\/ -->\n<title>Manhattan levanta tijolos e come\u00e7a a atrair lojas - Notibras<\/title>\n<meta name=\"robots\" content=\"index, follow, max-snippet:-1, max-image-preview:large, max-video-preview:-1\" \/>\n<link rel=\"canonical\" href=\"https:\/\/www.notibras.com\/site\/manhattan-levanta-tijolos-e-comeca-a-atrair-lojas\/\" \/>\n<meta property=\"og:locale\" content=\"pt_BR\" \/>\n<meta property=\"og:type\" content=\"article\" \/>\n<meta property=\"og:title\" content=\"Manhattan levanta tijolos e come\u00e7a a atrair lojas - Notibras\" \/>\n<meta property=\"og:description\" content=\"Maior investimento da PaulOOctavio na d\u00e9cada, o Manhattan Shopping assinou os primeiros contratos com lojistas na \u00faltima quarta-feira (6). A Kopenhagen e a CVC j\u00e1 garantiram presen\u00e7a no novo emprendimento, que est\u00e1 em constru\u00e7\u00e3o e ser\u00e1 inaugurado no pr\u00f3ximo ano. Localizado nas Ruas 16 Sul e 17 Sul, em \u00c1guas Claras, o projeto ter\u00e1, al\u00e9m [&hellip;]\" \/>\n<meta property=\"og:url\" content=\"https:\/\/www.notibras.com\/site\/manhattan-levanta-tijolos-e-comeca-a-atrair-lojas\/\" \/>\n<meta property=\"og:site_name\" content=\"Notibras\" \/>\n<meta property=\"article:publisher\" content=\"https:\/\/www.facebook.com\/notibras\/\" \/>\n<meta property=\"article:published_time\" content=\"2024-03-08T18:47:09+00:00\" \/>\n<meta property=\"article:modified_time\" content=\"2024-03-08T19:25:42+00:00\" \/>\n<meta property=\"og:image\" content=\"https:\/\/www.notibras.com\/site\/wp-content\/uploads\/2024\/03\/31bcd993-9a5e-48ff-b9bf-9c0d2519b414.jpeg\" \/>\n\t<meta property=\"og:image:width\" content=\"960\" \/>\n\t<meta property=\"og:image:height\" content=\"640\" \/>\n\t<meta property=\"og:image:type\" content=\"image\/jpeg\" \/>\n<meta name=\"author\" content=\"Reda\u00e7\u00e3o\" \/>\n<meta name=\"twitter:card\" content=\"summary_large_image\" \/>\n<meta name=\"twitter:creator\" content=\"@Notibras\" \/>\n<meta name=\"twitter:site\" content=\"@Notibras\" \/>\n<meta name=\"twitter:label1\" content=\"Escrito por\" \/>\n\t<meta name=\"twitter:data1\" content=\"Reda\u00e7\u00e3o\" \/>\n\t<meta name=\"twitter:label2\" content=\"Est. tempo de leitura\" \/>\n\t<meta name=\"twitter:data2\" content=\"3 minutos\" \/>\n<script type=\"application\/ld+json\" class=\"yoast-schema-graph\">{\"@context\":\"https:\/\/schema.org\",\"@graph\":[{\"@type\":\"Article\",\"@id\":\"https:\/\/www.notibras.com\/site\/manhattan-levanta-tijolos-e-comeca-a-atrair-lojas\/#article\",\"isPartOf\":{\"@id\":\"https:\/\/www.notibras.com\/site\/manhattan-levanta-tijolos-e-comeca-a-atrair-lojas\/\"},\"author\":{\"name\":\"Reda\u00e7\u00e3o\",\"@id\":\"https:\/\/www.notibras.com\/site\/#\/schema\/person\/36ab0979449956132d3e5b517ea76ac8\"},\"headline\":\"Manhattan levanta tijolos e come\u00e7a a atrair lojas\",\"datePublished\":\"2024-03-08T18:47:09+00:00\",\"dateModified\":\"2024-03-08T19:25:42+00:00\",\"mainEntityOfPage\":{\"@id\":\"https:\/\/www.notibras.com\/site\/manhattan-levanta-tijolos-e-comeca-a-atrair-lojas\/\"},\"wordCount\":444,\"publisher\":{\"@id\":\"https:\/\/www.notibras.com\/site\/#organization\"},\"image\":{\"@id\":\"https:\/\/www.notibras.com\/site\/manhattan-levanta-tijolos-e-comeca-a-atrair-lojas\/#primaryimage\"},\"thumbnailUrl\":\"https:\/\/www.notibras.com\/site\/wp-content\/uploads\/2024\/03\/31bcd993-9a5e-48ff-b9bf-9c0d2519b414.jpeg\",\"articleSection\":[\"Quadradinho em Foco\"],\"inLanguage\":\"pt-BR\"},{\"@type\":\"WebPage\",\"@id\":\"https:\/\/www.notibras.com\/site\/manhattan-levanta-tijolos-e-comeca-a-atrair-lojas\/\",\"url\":\"https:\/\/www.notibras.com\/site\/manhattan-levanta-tijolos-e-comeca-a-atrair-lojas\/\",\"name\":\"Manhattan levanta tijolos e come\u00e7a a atrair lojas - Notibras\",\"isPartOf\":{\"@id\":\"https:\/\/www.notibras.com\/site\/#website\"},\"primaryImageOfPage\":{\"@id\":\"https:\/\/www.notibras.com\/site\/manhattan-levanta-tijolos-e-comeca-a-atrair-lojas\/#primaryimage\"},\"image\":{\"@id\":\"https:\/\/www.notibras.com\/site\/manhattan-levanta-tijolos-e-comeca-a-atrair-lojas\/#primaryimage\"},\"thumbnailUrl\":\"https:\/\/www.notibras.com\/site\/wp-content\/uploads\/2024\/03\/31bcd993-9a5e-48ff-b9bf-9c0d2519b414.jpeg\",\"datePublished\":\"2024-03-08T18:47:09+00:00\",\"dateModified\":\"2024-03-08T19:25:42+00:00\",\"breadcrumb\":{\"@id\":\"https:\/\/www.notibras.com\/site\/manhattan-levanta-tijolos-e-comeca-a-atrair-lojas\/#breadcrumb\"},\"inLanguage\":\"pt-BR\",\"potentialAction\":[{\"@type\":\"ReadAction\",\"target\":[\"https:\/\/www.notibras.com\/site\/manhattan-levanta-tijolos-e-comeca-a-atrair-lojas\/\"]}]},{\"@type\":\"ImageObject\",\"inLanguage\":\"pt-BR\",\"@id\":\"https:\/\/www.notibras.com\/site\/manhattan-levanta-tijolos-e-comeca-a-atrair-lojas\/#primaryimage\",\"url\":\"https:\/\/www.notibras.com\/site\/wp-content\/uploads\/2024\/03\/31bcd993-9a5e-48ff-b9bf-9c0d2519b414.jpeg\",\"contentUrl\":\"https:\/\/www.notibras.com\/site\/wp-content\/uploads\/2024\/03\/31bcd993-9a5e-48ff-b9bf-9c0d2519b414.jpeg\",\"width\":960,\"height\":640},{\"@type\":\"BreadcrumbList\",\"@id\":\"https:\/\/www.notibras.com\/site\/manhattan-levanta-tijolos-e-comeca-a-atrair-lojas\/#breadcrumb\",\"itemListElement\":[{\"@type\":\"ListItem\",\"position\":1,\"name\":\"In\u00edcio\",\"item\":\"https:\/\/www.notibras.com\/site\/\"},{\"@type\":\"ListItem\",\"position\":2,\"name\":\"Manhattan levanta tijolos e come\u00e7a a atrair lojas\"}]},{\"@type\":\"WebSite\",\"@id\":\"https:\/\/www.notibras.com\/site\/#website\",\"url\":\"https:\/\/www.notibras.com\/site\/\",\"name\":\"Notibras\",\"description\":\"Not\u00edcias de Bras\u00edlia, do Brasil e do Mundo\",\"publisher\":{\"@id\":\"https:\/\/www.notibras.com\/site\/#organization\"},\"potentialAction\":[{\"@type\":\"SearchAction\",\"target\":{\"@type\":\"EntryPoint\",\"urlTemplate\":\"https:\/\/www.notibras.com\/site\/?s={search_term_string}\"},\"query-input\":{\"@type\":\"PropertyValueSpecification\",\"valueRequired\":true,\"valueName\":\"search_term_string\"}}],\"inLanguage\":\"pt-BR\"},{\"@type\":\"Organization\",\"@id\":\"https:\/\/www.notibras.com\/site\/#organization\",\"name\":\"Grupo Notibras de Comunica\u00e7\u00e3o\",\"url\":\"https:\/\/www.notibras.com\/site\/\",\"logo\":{\"@type\":\"ImageObject\",\"inLanguage\":\"pt-BR\",\"@id\":\"https:\/\/www.notibras.com\/site\/#\/schema\/logo\/image\/\",\"url\":\"https:\/\/www.notibras.com\/site\/wp-content\/uploads\/2023\/01\/notibras23.png\",\"contentUrl\":\"https:\/\/www.notibras.com\/site\/wp-content\/uploads\/2023\/01\/notibras23.png\",\"width\":350,\"height\":87,\"caption\":\"Grupo Notibras de Comunica\u00e7\u00e3o\"},\"image\":{\"@id\":\"https:\/\/www.notibras.com\/site\/#\/schema\/logo\/image\/\"},\"sameAs\":[\"https:\/\/www.facebook.com\/notibras\/\",\"https:\/\/x.com\/Notibras\",\"https:\/\/www.instagram.com\/notibras\/\"]},{\"@type\":\"Person\",\"@id\":\"https:\/\/www.notibras.com\/site\/#\/schema\/person\/36ab0979449956132d3e5b517ea76ac8\",\"name\":\"Reda\u00e7\u00e3o\",\"image\":{\"@type\":\"ImageObject\",\"inLanguage\":\"pt-BR\",\"@id\":\"https:\/\/secure.gravatar.com\/avatar\/e0a867bdedb85fd243eadf09663511f96fc81e0720a4a42581f334ad4303aa6b?s=96&d=mm&r=g\",\"url\":\"https:\/\/secure.gravatar.com\/avatar\/e0a867bdedb85fd243eadf09663511f96fc81e0720a4a42581f334ad4303aa6b?s=96&d=mm&r=g\",\"contentUrl\":\"https:\/\/secure.gravatar.com\/avatar\/e0a867bdedb85fd243eadf09663511f96fc81e0720a4a42581f334ad4303aa6b?s=96&d=mm&r=g\",\"caption\":\"Reda\u00e7\u00e3o\"}}]}<\/script>\n<!-- \/ Yoast SEO plugin. -->","yoast_head_json":{"title":"Manhattan levanta tijolos e come\u00e7a a atrair lojas - Notibras","robots":{"index":"index","follow":"follow","max-snippet":"max-snippet:-1","max-image-preview":"max-image-preview:large","max-video-preview":"max-video-preview:-1"},"canonical":"https:\/\/www.notibras.com\/site\/manhattan-levanta-tijolos-e-comeca-a-atrair-lojas\/","og_locale":"pt_BR","og_type":"article","og_title":"Manhattan levanta tijolos e come\u00e7a a atrair lojas - Notibras","og_description":"Maior investimento da PaulOOctavio na d\u00e9cada, o Manhattan Shopping assinou os primeiros contratos com lojistas na \u00faltima quarta-feira (6). A Kopenhagen e a CVC j\u00e1 garantiram presen\u00e7a no novo emprendimento, que est\u00e1 em constru\u00e7\u00e3o e ser\u00e1 inaugurado no pr\u00f3ximo ano. Localizado nas Ruas 16 Sul e 17 Sul, em \u00c1guas Claras, o projeto ter\u00e1, al\u00e9m [&hellip;]","og_url":"https:\/\/www.notibras.com\/site\/manhattan-levanta-tijolos-e-comeca-a-atrair-lojas\/","og_site_name":"Notibras","article_publisher":"https:\/\/www.facebook.com\/notibras\/","article_published_time":"2024-03-08T18:47:09+00:00","article_modified_time":"2024-03-08T19:25:42+00:00","og_image":[{"width":960,"height":640,"url":"https:\/\/www.notibras.com\/site\/wp-content\/uploads\/2024\/03\/31bcd993-9a5e-48ff-b9bf-9c0d2519b414.jpeg","type":"image\/jpeg"}],"author":"Reda\u00e7\u00e3o","twitter_card":"summary_large_image","twitter_creator":"@Notibras","twitter_site":"@Notibras","twitter_misc":{"Escrito por":"Reda\u00e7\u00e3o","Est. tempo de leitura":"3 minutos"},"schema":{"@context":"https:\/\/schema.org","@graph":[{"@type":"Article","@id":"https:\/\/www.notibras.com\/site\/manhattan-levanta-tijolos-e-comeca-a-atrair-lojas\/#article","isPartOf":{"@id":"https:\/\/www.notibras.com\/site\/manhattan-levanta-tijolos-e-comeca-a-atrair-lojas\/"},"author":{"name":"Reda\u00e7\u00e3o","@id":"https:\/\/www.notibras.com\/site\/#\/schema\/person\/36ab0979449956132d3e5b517ea76ac8"},"headline":"Manhattan levanta tijolos e come\u00e7a a atrair lojas","datePublished":"2024-03-08T18:47:09+00:00","dateModified":"2024-03-08T19:25:42+00:00","mainEntityOfPage":{"@id":"https:\/\/www.notibras.com\/site\/manhattan-levanta-tijolos-e-comeca-a-atrair-lojas\/"},"wordCount":444,"publisher":{"@id":"https:\/\/www.notibras.com\/site\/#organization"},"image":{"@id":"https:\/\/www.notibras.com\/site\/manhattan-levanta-tijolos-e-comeca-a-atrair-lojas\/#primaryimage"},"thumbnailUrl":"https:\/\/www.notibras.com\/site\/wp-content\/uploads\/2024\/03\/31bcd993-9a5e-48ff-b9bf-9c0d2519b414.jpeg","articleSection":["Quadradinho em Foco"],"inLanguage":"pt-BR"},{"@type":"WebPage","@id":"https:\/\/www.notibras.com\/site\/manhattan-levanta-tijolos-e-comeca-a-atrair-lojas\/","url":"https:\/\/www.notibras.com\/site\/manhattan-levanta-tijolos-e-comeca-a-atrair-lojas\/","name":"Manhattan levanta tijolos e come\u00e7a a atrair lojas - Notibras","isPartOf":{"@id":"https:\/\/www.notibras.com\/site\/#website"},"primaryImageOfPage":{"@id":"https:\/\/www.notibras.com\/site\/manhattan-levanta-tijolos-e-comeca-a-atrair-lojas\/#primaryimage"},"image":{"@id":"https:\/\/www.notibras.com\/site\/manhattan-levanta-tijolos-e-comeca-a-atrair-lojas\/#primaryimage"},"thumbnailUrl":"https:\/\/www.notibras.com\/site\/wp-content\/uploads\/2024\/03\/31bcd993-9a5e-48ff-b9bf-9c0d2519b414.jpeg","datePublished":"2024-03-08T18:47:09+00:00","dateModified":"2024-03-08T19:25:42+00:00","breadcrumb":{"@id":"https:\/\/www.notibras.com\/site\/manhattan-levanta-tijolos-e-comeca-a-atrair-lojas\/#breadcrumb"},"inLanguage":"pt-BR","potentialAction":[{"@type":"ReadAction","target":["https:\/\/www.notibras.com\/site\/manhattan-levanta-tijolos-e-comeca-a-atrair-lojas\/"]}]},{"@type":"ImageObject","inLanguage":"pt-BR","@id":"https:\/\/www.notibras.com\/site\/manhattan-levanta-tijolos-e-comeca-a-atrair-lojas\/#primaryimage","url":"https:\/\/www.notibras.com\/site\/wp-content\/uploads\/2024\/03\/31bcd993-9a5e-48ff-b9bf-9c0d2519b414.jpeg","contentUrl":"https:\/\/www.notibras.com\/site\/wp-content\/uploads\/2024\/03\/31bcd993-9a5e-48ff-b9bf-9c0d2519b414.jpeg","width":960,"height":640},{"@type":"BreadcrumbList","@id":"https:\/\/www.notibras.com\/site\/manhattan-levanta-tijolos-e-comeca-a-atrair-lojas\/#breadcrumb","itemListElement":[{"@type":"ListItem","position":1,"name":"In\u00edcio","item":"https:\/\/www.notibras.com\/site\/"},{"@type":"ListItem","position":2,"name":"Manhattan levanta tijolos e come\u00e7a a atrair lojas"}]},{"@type":"WebSite","@id":"https:\/\/www.notibras.com\/site\/#website","url":"https:\/\/www.notibras.com\/site\/","name":"Notibras","description":"Not\u00edcias de Bras\u00edlia, do Brasil e do Mundo","publisher":{"@id":"https:\/\/www.notibras.com\/site\/#organization"},"potentialAction":[{"@type":"SearchAction","target":{"@type":"EntryPoint","urlTemplate":"https:\/\/www.notibras.com\/site\/?s={search_term_string}"},"query-input":{"@type":"PropertyValueSpecification","valueRequired":true,"valueName":"search_term_string"}}],"inLanguage":"pt-BR"},{"@type":"Organization","@id":"https:\/\/www.notibras.com\/site\/#organization","name":"Grupo Notibras de Comunica\u00e7\u00e3o","url":"https:\/\/www.notibras.com\/site\/","logo":{"@type":"ImageObject","inLanguage":"pt-BR","@id":"https:\/\/www.notibras.com\/site\/#\/schema\/logo\/image\/","url":"https:\/\/www.notibras.com\/site\/wp-content\/uploads\/2023\/01\/notibras23.png","contentUrl":"https:\/\/www.notibras.com\/site\/wp-content\/uploads\/2023\/01\/notibras23.png","width":350,"height":87,"caption":"Grupo Notibras de Comunica\u00e7\u00e3o"},"image":{"@id":"https:\/\/www.notibras.com\/site\/#\/schema\/logo\/image\/"},"sameAs":["https:\/\/www.facebook.com\/notibras\/","https:\/\/x.com\/Notibras","https:\/\/www.instagram.com\/notibras\/"]},{"@type":"Person","@id":"https:\/\/www.notibras.com\/site\/#\/schema\/person\/36ab0979449956132d3e5b517ea76ac8","name":"Reda\u00e7\u00e3o","image":{"@type":"ImageObject","inLanguage":"pt-BR","@id":"https:\/\/secure.gravatar.com\/avatar\/e0a867bdedb85fd243eadf09663511f96fc81e0720a4a42581f334ad4303aa6b?s=96&d=mm&r=g","url":"https:\/\/secure.gravatar.com\/avatar\/e0a867bdedb85fd243eadf09663511f96fc81e0720a4a42581f334ad4303aa6b?s=96&d=mm&r=g","contentUrl":"https:\/\/secure.gravatar.com\/avatar\/e0a867bdedb85fd243eadf09663511f96fc81e0720a4a42581f334ad4303aa6b?s=96&d=mm&r=g","caption":"Reda\u00e7\u00e3o"}}]}},"amp_enabled":true,"_links":{"self":[{"href":"https:\/\/www.notibras.com\/site\/wp-json\/wp\/v2\/posts\/324201","targetHints":{"allow":["GET"]}}],"collection":[{"href":"https:\/\/www.notibras.com\/site\/wp-json\/wp\/v2\/posts"}],"about":[{"href":"https:\/\/www.notibras.com\/site\/wp-json\/wp\/v2\/types\/post"}],"author":[{"embeddable":true,"href":"https:\/\/www.notibras.com\/site\/wp-json\/wp\/v2\/users\/2"}],"replies":[{"embeddable":true,"href":"https:\/\/www.notibras.com\/site\/wp-json\/wp\/v2\/comments?post=324201"}],"version-history":[{"count":1,"href":"https:\/\/www.notibras.com\/site\/wp-json\/wp\/v2\/posts\/324201\/revisions"}],"predecessor-version":[{"id":324203,"href":"https:\/\/www.notibras.com\/site\/wp-json\/wp\/v2\/posts\/324201\/revisions\/324203"}],"wp:featuredmedia":[{"embeddable":true,"href":"https:\/\/www.notibras.com\/site\/wp-json\/wp\/v2\/media\/324202"}],"wp:attachment":[{"href":"https:\/\/www.notibras.com\/site\/wp-json\/wp\/v2\/media?parent=324201"}],"wp:term":[{"taxonomy":"category","embeddable":true,"href":"https:\/\/www.notibras.com\/site\/wp-json\/wp\/v2\/categories?post=324201"},{"taxonomy":"post_tag","embeddable":true,"href":"https:\/\/www.notibras.com\/site\/wp-json\/wp\/v2\/tags?post=324201"}],"curies":[{"name":"wp","href":"https:\/\/api.w.org\/{rel}","templated":true}]}}