{"id":324226,"date":"2024-03-09T00:42:18","date_gmt":"2024-03-09T03:42:18","guid":{"rendered":"https:\/\/www.notibras.com\/site\/?p=324226"},"modified":"2024-03-09T12:44:48","modified_gmt":"2024-03-09T15:44:48","slug":"profissionais-destacam-participacao-social-nas-politicas-para-cultura","status":"publish","type":"post","link":"https:\/\/www.notibras.com\/site\/profissionais-destacam-participacao-social-nas-politicas-para-cultura\/","title":{"rendered":"Profissionais destacam participa\u00e7\u00e3o social nas pol\u00edticas para cultura"},"content":{"rendered":"<p>A quarta Confer\u00eancia Nacional de Cultura (4\u00aa CNC), encerrada nessa sexta-feira (8), voltou a dar destaque \u00e0 participa\u00e7\u00e3o social nas pol\u00edticas p\u00fablicas sobre cultura, ap\u00f3s mais de dez anos desde a \u00faltima confer\u00eancia nacional, em dezembro de 2013.<\/p>\n<p>O resultado foi a aprova\u00e7\u00e3o de 30 propostas priorit\u00e1rias que ir\u00e3o compor o documento final do encontro para dar rumo ao setor no Brasil na pr\u00f3xima d\u00e9cada. O Plano Nacional de Cultura ser\u00e1 escrito com base nas decis\u00f5es da confer\u00eancia e com mais debates com os conselhos de cultura nos estados e munic\u00edpios.<\/p>\n<p>De acordo com o Minist\u00e9rio da Cultura (MinC), respons\u00e1vel pela realiza\u00e7\u00e3o da confer\u00eancia, quase cinco mil pessoas estiveram no Centro de Conven\u00e7\u00f5es Ulysses Guimar\u00e3es, em Bras\u00edlia, para o evento.<\/p>\n<p>Ap\u00f3s cinco dias de intensas atividades, como an\u00e1lises, consultas, escutas, sugest\u00f5es, debates e embates e, por fim, as vota\u00e7\u00f5es e as aprova\u00e7\u00f5es do que teve consenso da maioria dos votantes, as experi\u00eancias vividas em Bras\u00edlia, de forma geral, foram bem avaliadas pelos participantes: delegados eleitos de todas as regi\u00f5es do pa\u00eds, representantes de governos municipais, estaduais e federal e convidados da classe art\u00edstica e de variados segmentos da sociedade civil.<\/p>\n<p>Na abertura da plen\u00e1ria final, ainda na quinta-feira (7) \u00e0 noite, a ministra da Cultura, Margareth Menezes, real\u00e7ou o compromisso da atual gest\u00e3o federal com a democracia, ap\u00f3s dez anos de aus\u00eancia de um debate nacional mais amplo e participativo. \u201cFoi uma resist\u00eancia da democracia e n\u00f3s resistimos, n\u00f3s merecemos essa Confer\u00eancia, o setor cultural, a sociedade.\u201d<\/p>\n<p>A presidente da Funda\u00e7\u00e3o Nacional de Artes (Funarte), do MinC, Maria Marighella, defendeu o espa\u00e7o democr\u00e1tico da 4\u00aa CNC, que evidenciou o protagonismo dos fazedores de cultura em suas pr\u00f3prias hist\u00f3rias. \u201cAgente fez uma vit\u00f3ria, primeiro a imensa vit\u00f3ria de reconstituir, de restituir a participa\u00e7\u00e3o no pa\u00eds, numa confer\u00eancia hist\u00f3rica maior da hist\u00f3ria do pa\u00eds. E o setor cultural realmente merecia e precisava do compromisso da democracia com a participa\u00e7\u00e3o. Depois que n\u00e3o existe pol\u00edtica p\u00fablica sem participa\u00e7\u00e3o e pol\u00edtica p\u00fablica se conjuga no plural e os fazedores de cultura s\u00e3o parte fundamental da pol\u00edtica p\u00fablica,\u201d disse.<\/p>\n<p>O presidente do Instituto do Patrim\u00f4nio Hist\u00f3rico e Art\u00edstico Nacional (Iphan), do Minc, Leandro Grass, comemorou o momento. \u201c\u00c9 um passo muito importante para consolidar a cultura como pol\u00edtica de Estado e n\u00e3o s\u00f3 como pol\u00edtica de governo; para fortalecer o Minist\u00e9rio da Cultura, as secretarias [de Cultura] e pol\u00edtica cultural.\u201d Grass real\u00e7ou que a confer\u00eancia foi hist\u00f3rica para o Brasil. \u201c\u00c9 um divisor de \u00e1guas na hist\u00f3ria do Minist\u00e9rio da Cultura e que render\u00e1 frutos no curto, no m\u00e9dio e no longo prazo. Nosso papel \u00e9 traduzir tudo isso em a\u00e7\u00f5es concretas, em or\u00e7amento para atender todas as necessidades que o movimento cultural.\u201d<\/p>\n<p>Outro \u00f3rg\u00e3o do MinC, a Funda\u00e7\u00e3o Cultural Palmares, foi representada pelo presidente, Jo\u00e3o Jorge Rodrigues. Ele, que tamb\u00e9m \u00e9 fundador do grupo afro-percussivo Olodum, na Bahia, falou que a confer\u00eancia fortalece a institui\u00e7\u00e3o que vem sendo reconstru\u00edda h\u00e1 pouco mais de um ano, no governo do presidente Luiz In\u00e1cio Lula da Silva. \u201cA Palmares tem a miss\u00e3o de apoiar as a\u00e7\u00f5es de 102 milh\u00f5es de brasileiros, os afro-brasileiros pretos e pardos, al\u00e9m de apoiar aqueles que n\u00e3o s\u00e3o pardos,\u201d afirmou.<\/p>\n<p>\u201cA cultura \u00e9 um vestido ou um palet\u00f3 com a gravata que um pa\u00eds veste. Se n\u00e3o est\u00e1 bem-vestido, n\u00e3o se apresenta bem. A cultura \u00e9 isso: \u00e9 o que n\u00f3s somos, \u00e9 o que n\u00f3s seremos, \u00e9 o que n\u00f3s somos\u201d, define o presidente da Funda\u00e7\u00e3o Cultural Palmares, Jo\u00e3o Jorge Rodrigues.<\/p>\n<p>O secret\u00e1rio Executivo do MinC, M\u00e1rcio Tavares, fez um balan\u00e7o positivo da confer\u00eancia. \u201cForam cinco dias de intenso debate. A plen\u00e1ria final, que \u00e9 composta pela sociedade civil, pelos delegados que foram eleitos no processo das confer\u00eancias estaduais e municipais, se expressa, d\u00e1 sua opini\u00e3o livremente e, com isso, conseguimos ter um conjunto de propostas que est\u00e1 muito alinhado com aquilo que o governo defende e que vai contribuir muito com as nossas diretrizes de trabalho, de reconstru\u00e7\u00e3o do Plano Nacional de Cultura\u201d, afirmou.<\/p>\n<p><strong>Sociedade Civil<\/strong><br \/>\n\u00c0 Ag\u00eancia Brasil, o ator Francisco D\u00edaz Rocha, conhecido como Chico D\u00edaz, presente \u00e0 4\u00aa CNC, considerou fundamental a retomada da constru\u00e7\u00e3o da integra\u00e7\u00e3o cultural promovida durante o encontro. E ainda defendeu os direitos dos trabalhadores da cultura. \u201cH\u00e1 que se reconhecer o terreno onde se vive as agruras do fazer cultural. Mas, h\u00e1 que se reconhecer o terreno que se vive primeiro. E o vasto espectro que a cultura brasileira oferece, da Amaz\u00f4nia a Porto Alegre, do Atl\u00e2ntico ao Peru, \u00e0 Bol\u00edvia. H\u00e1 que se reconhecer a pot\u00eancia criativa, a pot\u00eancia de como fazer sobreviver esses trabalhadores da cultura. Ent\u00e3o, h\u00e1 que se diagnosticar primeiro para poder construir\u201d, declarou o ator de TV, cinema e teatro.<\/p>\n<p>A delegada da 4\u00aa CNC de Pedreiras, no Maranh\u00e3o, Francinete Braga, comemorou os avan\u00e7os do grande encontro desta semana e fez um balan\u00e7o, a partir do ponto de vista de quem contribui para escolha do que deve ser priorizado na cultura do Brasil. \u201cQuase todas as propostas de diversos eixos que debatemos contemplam a quest\u00e3o da mulher negra, da mulher de terreiro. Ressalto a quest\u00e3o dos povos ind\u00edgenas, dos ciganos, que \u00e9 um povo que est\u00e1 um pouco visibilizado. Logo, esses segmentos, essas culturas, produtores culturais, esses fazedores de cultura, ter\u00e3o recursos para melhorar aquele fazer que eles j\u00e1 sabem t\u00e3o bem\u201d, projeta Francinete Braga.<\/p>\n<p>Outra delegada e representante dos povos ind\u00edgenas no Conselho Nacional de Pol\u00edtica Cultural Daiara Hori Figueroa Sampaio, do povo ind\u00edgena Tukano, do Alto Rio Negro na Amaz\u00f4nia brasileira, informou que 60 delegados eleitos nas confer\u00eancias estaduais, al\u00e9m de convidados que participaram dos conselhos anteriores, representantes de pontos de culturas e museus ind\u00edgenas e articuladores de cultura ind\u00edgena de todo o Brasil, refor\u00e7aram o di\u00e1logo sobre o setor das culturas ind\u00edgenas.<\/p>\n<p>Para Daiara Tukano, marcar a presen\u00e7a ind\u00edgena em todos os eixos da confer\u00eancia surtiu efeito. \u201cConseguimos aprovar diversos projetos que incluem os povos ind\u00edgenas, com destaque ao projeto de criar um plano nacional para as culturas ind\u00edgenas, levando em considera\u00e7\u00e3o a transversalidade de nosso setor. Afinal, estamos em todas as linguagens. Somos ind\u00edgenas artistas, m\u00fasicos do circo, temos patrim\u00f4nio material, de patrim\u00f4nio material\u201d, disse.<\/p>\n<p>A professora Neide Rafael, do Distrito Federal, foi \u00e0 confer\u00eancia como convidada e entende que n\u00e3o existe cultura sem educa\u00e7\u00e3o e vice-versa. Para ela, os desafios na afro educa\u00e7\u00e3o ainda persistem no Brasil. \u201cSalve toda a possibilidade de continua\u00e7\u00e3o de vida para a nossa juventude negra, onde o Hip-hop n\u00e3o ser\u00e1 espa\u00e7o de dem\u00e9rito, mas espa\u00e7o de cultura viva e que a periferia esteja presente em todas as manifesta\u00e7\u00f5es culturais no \u00e2mbito de respeito da cultura brasileira,\u201d afirmou.<\/p>\n<p>Dentro do Hip-hop, destacado pela educadora, um dos 80 representantes do segmento nesta confer\u00eancia foi Cristiano Martins de Souza, de Goi\u00e2nia (GO). Nome de batismo que quase ningu\u00e9m conhece. Em grupos de rappers, Cristiano \u00e9 o Mc Baiano. Ele participou de todas as quatro confer\u00eancias nacionais de cultura e se admira com o crescimento da categoria no evento. \u201cEsta foi uma das melhores confer\u00eancias de cultura que j\u00e1 participei. O Hip Hop vem aqui como movimento de inclus\u00e3o social. N\u00f3s conquistamos aprovar a cadeira do Hip Hop nos munic\u00edpios e nos estados. Esse era um dos nossos objetivos\u201d, ressaltou.<\/p>\n<p>A produtora da \u00e1rea de audiovisual e mestra de cultura negra, \u00c2ngela Maria do Vale, de S\u00e3o Paulo, destacou o respeito aos elementos orais da cultura, preservados pelas pessoas idosas em v\u00e1rios f\u00f3runs de debates da confer\u00eancia. Apesar dos diferentes pontos de vista em v\u00e1rias quest\u00f5es, \u00c2ngela disse que houve sensibilidade coletiva com os guardi\u00f5es da mem\u00f3ria da cultura brasileira. \u201cHoje, eu vejo resgatado nessas discuss\u00f5es que foram feitas aqui, a quest\u00e3o das matrizes africanas. Houve respeito pela forma como foram colocados os saberes orais dos mestres de cultura tradicionais,\u201d disse.<\/p>\n<p>A opini\u00e3o sobre a valoriza\u00e7\u00e3o dos mestres da cultura foi compartilhada com Rita Santos, de Salvador (BA), que exerce o cargo de ekedi na religi\u00e3o Candombl\u00e9, que auxilia pai ou m\u00e3e de santo e trabalha como uma esp\u00e9cie de zeladora dos orix\u00e1s, divindades da mitologia africana. \u201cN\u00f3s conseguimos fazer a lei de mestres e mestras de culturas. Essa garantia \u00e9 importante para todos eles. N\u00f3s temos muitos mestres que morrem \u00e0 m\u00edngua em lugares distantes. Ent\u00e3o, \u00e9 uma vit\u00f3ria, na preserva\u00e7\u00e3o dos valores e tradi\u00e7\u00f5es da nossa cultura\u201d, destacou.<\/p>\n<p>No encerramento da 4\u00aa CNC, os participantes ainda tiveram a oportunidade de assistir ao show da cantora baiana Daniela Mercury, na noite dessa sexta-feira (8), no estacionamento do Centro de Conven\u00e7\u00f5es Ulysses Guimar\u00e3es, gratuitamente.<\/p>\n","protected":false},"excerpt":{"rendered":"<p>A quarta Confer\u00eancia Nacional de Cultura (4\u00aa CNC), encerrada nessa sexta-feira (8), voltou a dar destaque \u00e0 participa\u00e7\u00e3o social nas pol\u00edticas p\u00fablicas sobre cultura, ap\u00f3s mais de dez anos desde a \u00faltima confer\u00eancia nacional, em dezembro de 2013. O resultado foi a aprova\u00e7\u00e3o de 30 propostas priorit\u00e1rias que ir\u00e3o compor o documento final do encontro [&hellip;]<\/p>\n","protected":false},"author":2,"featured_media":324227,"comment_status":"closed","ping_status":"closed","sticky":false,"template":"","format":"standard","meta":{"_acf_changed":false,"footnotes":""},"categories":[161],"tags":[],"class_list":["post-324226","post","type-post","status-publish","format-standard","has-post-thumbnail","hentry","category-quadradinho-em-foco"],"acf":[],"yoast_head":"<!-- This site is optimized with the Yoast SEO plugin v27.2 - https:\/\/yoast.com\/product\/yoast-seo-wordpress\/ -->\n<title>Profissionais destacam participa\u00e7\u00e3o social nas pol\u00edticas para cultura - Notibras<\/title>\n<meta name=\"robots\" content=\"index, follow, max-snippet:-1, max-image-preview:large, max-video-preview:-1\" \/>\n<link rel=\"canonical\" href=\"https:\/\/www.notibras.com\/site\/profissionais-destacam-participacao-social-nas-politicas-para-cultura\/\" \/>\n<meta property=\"og:locale\" content=\"pt_BR\" \/>\n<meta property=\"og:type\" content=\"article\" \/>\n<meta property=\"og:title\" content=\"Profissionais destacam participa\u00e7\u00e3o social nas pol\u00edticas para cultura - Notibras\" \/>\n<meta property=\"og:description\" content=\"A quarta Confer\u00eancia Nacional de Cultura (4\u00aa CNC), encerrada nessa sexta-feira (8), voltou a dar destaque \u00e0 participa\u00e7\u00e3o social nas pol\u00edticas p\u00fablicas sobre cultura, ap\u00f3s mais de dez anos desde a \u00faltima confer\u00eancia nacional, em dezembro de 2013. O resultado foi a aprova\u00e7\u00e3o de 30 propostas priorit\u00e1rias que ir\u00e3o compor o documento final do encontro [&hellip;]\" \/>\n<meta property=\"og:url\" content=\"https:\/\/www.notibras.com\/site\/profissionais-destacam-participacao-social-nas-politicas-para-cultura\/\" \/>\n<meta property=\"og:site_name\" content=\"Notibras\" \/>\n<meta property=\"article:publisher\" content=\"https:\/\/www.facebook.com\/notibras\/\" \/>\n<meta property=\"article:published_time\" content=\"2024-03-09T03:42:18+00:00\" \/>\n<meta property=\"article:modified_time\" content=\"2024-03-09T15:44:48+00:00\" \/>\n<meta property=\"og:image\" content=\"https:\/\/www.notibras.com\/site\/wp-content\/uploads\/2024\/03\/cultura.social.jpg\" \/>\n\t<meta property=\"og:image:width\" content=\"1170\" \/>\n\t<meta property=\"og:image:height\" content=\"700\" \/>\n\t<meta property=\"og:image:type\" content=\"image\/jpeg\" \/>\n<meta name=\"author\" content=\"Reda\u00e7\u00e3o\" \/>\n<meta name=\"twitter:card\" content=\"summary_large_image\" \/>\n<meta name=\"twitter:creator\" content=\"@Notibras\" \/>\n<meta name=\"twitter:site\" content=\"@Notibras\" \/>\n<meta name=\"twitter:label1\" content=\"Escrito por\" \/>\n\t<meta name=\"twitter:data1\" content=\"Reda\u00e7\u00e3o\" \/>\n\t<meta name=\"twitter:label2\" content=\"Est. tempo de leitura\" \/>\n\t<meta name=\"twitter:data2\" content=\"9 minutos\" \/>\n<script type=\"application\/ld+json\" class=\"yoast-schema-graph\">{\"@context\":\"https:\/\/schema.org\",\"@graph\":[{\"@type\":\"Article\",\"@id\":\"https:\/\/www.notibras.com\/site\/profissionais-destacam-participacao-social-nas-politicas-para-cultura\/#article\",\"isPartOf\":{\"@id\":\"https:\/\/www.notibras.com\/site\/profissionais-destacam-participacao-social-nas-politicas-para-cultura\/\"},\"author\":{\"name\":\"Reda\u00e7\u00e3o\",\"@id\":\"https:\/\/www.notibras.com\/site\/#\/schema\/person\/36ab0979449956132d3e5b517ea76ac8\"},\"headline\":\"Profissionais destacam participa\u00e7\u00e3o social nas pol\u00edticas para cultura\",\"datePublished\":\"2024-03-09T03:42:18+00:00\",\"dateModified\":\"2024-03-09T15:44:48+00:00\",\"mainEntityOfPage\":{\"@id\":\"https:\/\/www.notibras.com\/site\/profissionais-destacam-participacao-social-nas-politicas-para-cultura\/\"},\"wordCount\":1581,\"publisher\":{\"@id\":\"https:\/\/www.notibras.com\/site\/#organization\"},\"image\":{\"@id\":\"https:\/\/www.notibras.com\/site\/profissionais-destacam-participacao-social-nas-politicas-para-cultura\/#primaryimage\"},\"thumbnailUrl\":\"https:\/\/www.notibras.com\/site\/wp-content\/uploads\/2024\/03\/cultura.social.jpg\",\"articleSection\":[\"Quadradinho em Foco\"],\"inLanguage\":\"pt-BR\"},{\"@type\":\"WebPage\",\"@id\":\"https:\/\/www.notibras.com\/site\/profissionais-destacam-participacao-social-nas-politicas-para-cultura\/\",\"url\":\"https:\/\/www.notibras.com\/site\/profissionais-destacam-participacao-social-nas-politicas-para-cultura\/\",\"name\":\"Profissionais destacam participa\u00e7\u00e3o social nas pol\u00edticas para cultura - Notibras\",\"isPartOf\":{\"@id\":\"https:\/\/www.notibras.com\/site\/#website\"},\"primaryImageOfPage\":{\"@id\":\"https:\/\/www.notibras.com\/site\/profissionais-destacam-participacao-social-nas-politicas-para-cultura\/#primaryimage\"},\"image\":{\"@id\":\"https:\/\/www.notibras.com\/site\/profissionais-destacam-participacao-social-nas-politicas-para-cultura\/#primaryimage\"},\"thumbnailUrl\":\"https:\/\/www.notibras.com\/site\/wp-content\/uploads\/2024\/03\/cultura.social.jpg\",\"datePublished\":\"2024-03-09T03:42:18+00:00\",\"dateModified\":\"2024-03-09T15:44:48+00:00\",\"breadcrumb\":{\"@id\":\"https:\/\/www.notibras.com\/site\/profissionais-destacam-participacao-social-nas-politicas-para-cultura\/#breadcrumb\"},\"inLanguage\":\"pt-BR\",\"potentialAction\":[{\"@type\":\"ReadAction\",\"target\":[\"https:\/\/www.notibras.com\/site\/profissionais-destacam-participacao-social-nas-politicas-para-cultura\/\"]}]},{\"@type\":\"ImageObject\",\"inLanguage\":\"pt-BR\",\"@id\":\"https:\/\/www.notibras.com\/site\/profissionais-destacam-participacao-social-nas-politicas-para-cultura\/#primaryimage\",\"url\":\"https:\/\/www.notibras.com\/site\/wp-content\/uploads\/2024\/03\/cultura.social.jpg\",\"contentUrl\":\"https:\/\/www.notibras.com\/site\/wp-content\/uploads\/2024\/03\/cultura.social.jpg\",\"width\":1170,\"height\":700},{\"@type\":\"BreadcrumbList\",\"@id\":\"https:\/\/www.notibras.com\/site\/profissionais-destacam-participacao-social-nas-politicas-para-cultura\/#breadcrumb\",\"itemListElement\":[{\"@type\":\"ListItem\",\"position\":1,\"name\":\"In\u00edcio\",\"item\":\"https:\/\/www.notibras.com\/site\/\"},{\"@type\":\"ListItem\",\"position\":2,\"name\":\"Profissionais destacam participa\u00e7\u00e3o social nas pol\u00edticas para cultura\"}]},{\"@type\":\"WebSite\",\"@id\":\"https:\/\/www.notibras.com\/site\/#website\",\"url\":\"https:\/\/www.notibras.com\/site\/\",\"name\":\"Notibras\",\"description\":\"Not\u00edcias de Bras\u00edlia, do Brasil e do Mundo\",\"publisher\":{\"@id\":\"https:\/\/www.notibras.com\/site\/#organization\"},\"potentialAction\":[{\"@type\":\"SearchAction\",\"target\":{\"@type\":\"EntryPoint\",\"urlTemplate\":\"https:\/\/www.notibras.com\/site\/?s={search_term_string}\"},\"query-input\":{\"@type\":\"PropertyValueSpecification\",\"valueRequired\":true,\"valueName\":\"search_term_string\"}}],\"inLanguage\":\"pt-BR\"},{\"@type\":\"Organization\",\"@id\":\"https:\/\/www.notibras.com\/site\/#organization\",\"name\":\"Grupo Notibras de Comunica\u00e7\u00e3o\",\"url\":\"https:\/\/www.notibras.com\/site\/\",\"logo\":{\"@type\":\"ImageObject\",\"inLanguage\":\"pt-BR\",\"@id\":\"https:\/\/www.notibras.com\/site\/#\/schema\/logo\/image\/\",\"url\":\"https:\/\/www.notibras.com\/site\/wp-content\/uploads\/2023\/01\/notibras23.png\",\"contentUrl\":\"https:\/\/www.notibras.com\/site\/wp-content\/uploads\/2023\/01\/notibras23.png\",\"width\":350,\"height\":87,\"caption\":\"Grupo Notibras de Comunica\u00e7\u00e3o\"},\"image\":{\"@id\":\"https:\/\/www.notibras.com\/site\/#\/schema\/logo\/image\/\"},\"sameAs\":[\"https:\/\/www.facebook.com\/notibras\/\",\"https:\/\/x.com\/Notibras\",\"https:\/\/www.instagram.com\/notibras\/\"]},{\"@type\":\"Person\",\"@id\":\"https:\/\/www.notibras.com\/site\/#\/schema\/person\/36ab0979449956132d3e5b517ea76ac8\",\"name\":\"Reda\u00e7\u00e3o\",\"image\":{\"@type\":\"ImageObject\",\"inLanguage\":\"pt-BR\",\"@id\":\"https:\/\/secure.gravatar.com\/avatar\/e0a867bdedb85fd243eadf09663511f96fc81e0720a4a42581f334ad4303aa6b?s=96&d=mm&r=g\",\"url\":\"https:\/\/secure.gravatar.com\/avatar\/e0a867bdedb85fd243eadf09663511f96fc81e0720a4a42581f334ad4303aa6b?s=96&d=mm&r=g\",\"contentUrl\":\"https:\/\/secure.gravatar.com\/avatar\/e0a867bdedb85fd243eadf09663511f96fc81e0720a4a42581f334ad4303aa6b?s=96&d=mm&r=g\",\"caption\":\"Reda\u00e7\u00e3o\"}}]}<\/script>\n<!-- \/ Yoast SEO plugin. -->","yoast_head_json":{"title":"Profissionais destacam participa\u00e7\u00e3o social nas pol\u00edticas para cultura - Notibras","robots":{"index":"index","follow":"follow","max-snippet":"max-snippet:-1","max-image-preview":"max-image-preview:large","max-video-preview":"max-video-preview:-1"},"canonical":"https:\/\/www.notibras.com\/site\/profissionais-destacam-participacao-social-nas-politicas-para-cultura\/","og_locale":"pt_BR","og_type":"article","og_title":"Profissionais destacam participa\u00e7\u00e3o social nas pol\u00edticas para cultura - Notibras","og_description":"A quarta Confer\u00eancia Nacional de Cultura (4\u00aa CNC), encerrada nessa sexta-feira (8), voltou a dar destaque \u00e0 participa\u00e7\u00e3o social nas pol\u00edticas p\u00fablicas sobre cultura, ap\u00f3s mais de dez anos desde a \u00faltima confer\u00eancia nacional, em dezembro de 2013. O resultado foi a aprova\u00e7\u00e3o de 30 propostas priorit\u00e1rias que ir\u00e3o compor o documento final do encontro [&hellip;]","og_url":"https:\/\/www.notibras.com\/site\/profissionais-destacam-participacao-social-nas-politicas-para-cultura\/","og_site_name":"Notibras","article_publisher":"https:\/\/www.facebook.com\/notibras\/","article_published_time":"2024-03-09T03:42:18+00:00","article_modified_time":"2024-03-09T15:44:48+00:00","og_image":[{"width":1170,"height":700,"url":"https:\/\/www.notibras.com\/site\/wp-content\/uploads\/2024\/03\/cultura.social.jpg","type":"image\/jpeg"}],"author":"Reda\u00e7\u00e3o","twitter_card":"summary_large_image","twitter_creator":"@Notibras","twitter_site":"@Notibras","twitter_misc":{"Escrito por":"Reda\u00e7\u00e3o","Est. tempo de leitura":"9 minutos"},"schema":{"@context":"https:\/\/schema.org","@graph":[{"@type":"Article","@id":"https:\/\/www.notibras.com\/site\/profissionais-destacam-participacao-social-nas-politicas-para-cultura\/#article","isPartOf":{"@id":"https:\/\/www.notibras.com\/site\/profissionais-destacam-participacao-social-nas-politicas-para-cultura\/"},"author":{"name":"Reda\u00e7\u00e3o","@id":"https:\/\/www.notibras.com\/site\/#\/schema\/person\/36ab0979449956132d3e5b517ea76ac8"},"headline":"Profissionais destacam participa\u00e7\u00e3o social nas pol\u00edticas para cultura","datePublished":"2024-03-09T03:42:18+00:00","dateModified":"2024-03-09T15:44:48+00:00","mainEntityOfPage":{"@id":"https:\/\/www.notibras.com\/site\/profissionais-destacam-participacao-social-nas-politicas-para-cultura\/"},"wordCount":1581,"publisher":{"@id":"https:\/\/www.notibras.com\/site\/#organization"},"image":{"@id":"https:\/\/www.notibras.com\/site\/profissionais-destacam-participacao-social-nas-politicas-para-cultura\/#primaryimage"},"thumbnailUrl":"https:\/\/www.notibras.com\/site\/wp-content\/uploads\/2024\/03\/cultura.social.jpg","articleSection":["Quadradinho em Foco"],"inLanguage":"pt-BR"},{"@type":"WebPage","@id":"https:\/\/www.notibras.com\/site\/profissionais-destacam-participacao-social-nas-politicas-para-cultura\/","url":"https:\/\/www.notibras.com\/site\/profissionais-destacam-participacao-social-nas-politicas-para-cultura\/","name":"Profissionais destacam participa\u00e7\u00e3o social nas pol\u00edticas para cultura - Notibras","isPartOf":{"@id":"https:\/\/www.notibras.com\/site\/#website"},"primaryImageOfPage":{"@id":"https:\/\/www.notibras.com\/site\/profissionais-destacam-participacao-social-nas-politicas-para-cultura\/#primaryimage"},"image":{"@id":"https:\/\/www.notibras.com\/site\/profissionais-destacam-participacao-social-nas-politicas-para-cultura\/#primaryimage"},"thumbnailUrl":"https:\/\/www.notibras.com\/site\/wp-content\/uploads\/2024\/03\/cultura.social.jpg","datePublished":"2024-03-09T03:42:18+00:00","dateModified":"2024-03-09T15:44:48+00:00","breadcrumb":{"@id":"https:\/\/www.notibras.com\/site\/profissionais-destacam-participacao-social-nas-politicas-para-cultura\/#breadcrumb"},"inLanguage":"pt-BR","potentialAction":[{"@type":"ReadAction","target":["https:\/\/www.notibras.com\/site\/profissionais-destacam-participacao-social-nas-politicas-para-cultura\/"]}]},{"@type":"ImageObject","inLanguage":"pt-BR","@id":"https:\/\/www.notibras.com\/site\/profissionais-destacam-participacao-social-nas-politicas-para-cultura\/#primaryimage","url":"https:\/\/www.notibras.com\/site\/wp-content\/uploads\/2024\/03\/cultura.social.jpg","contentUrl":"https:\/\/www.notibras.com\/site\/wp-content\/uploads\/2024\/03\/cultura.social.jpg","width":1170,"height":700},{"@type":"BreadcrumbList","@id":"https:\/\/www.notibras.com\/site\/profissionais-destacam-participacao-social-nas-politicas-para-cultura\/#breadcrumb","itemListElement":[{"@type":"ListItem","position":1,"name":"In\u00edcio","item":"https:\/\/www.notibras.com\/site\/"},{"@type":"ListItem","position":2,"name":"Profissionais destacam participa\u00e7\u00e3o social nas pol\u00edticas para cultura"}]},{"@type":"WebSite","@id":"https:\/\/www.notibras.com\/site\/#website","url":"https:\/\/www.notibras.com\/site\/","name":"Notibras","description":"Not\u00edcias de Bras\u00edlia, do Brasil e do Mundo","publisher":{"@id":"https:\/\/www.notibras.com\/site\/#organization"},"potentialAction":[{"@type":"SearchAction","target":{"@type":"EntryPoint","urlTemplate":"https:\/\/www.notibras.com\/site\/?s={search_term_string}"},"query-input":{"@type":"PropertyValueSpecification","valueRequired":true,"valueName":"search_term_string"}}],"inLanguage":"pt-BR"},{"@type":"Organization","@id":"https:\/\/www.notibras.com\/site\/#organization","name":"Grupo Notibras de Comunica\u00e7\u00e3o","url":"https:\/\/www.notibras.com\/site\/","logo":{"@type":"ImageObject","inLanguage":"pt-BR","@id":"https:\/\/www.notibras.com\/site\/#\/schema\/logo\/image\/","url":"https:\/\/www.notibras.com\/site\/wp-content\/uploads\/2023\/01\/notibras23.png","contentUrl":"https:\/\/www.notibras.com\/site\/wp-content\/uploads\/2023\/01\/notibras23.png","width":350,"height":87,"caption":"Grupo Notibras de Comunica\u00e7\u00e3o"},"image":{"@id":"https:\/\/www.notibras.com\/site\/#\/schema\/logo\/image\/"},"sameAs":["https:\/\/www.facebook.com\/notibras\/","https:\/\/x.com\/Notibras","https:\/\/www.instagram.com\/notibras\/"]},{"@type":"Person","@id":"https:\/\/www.notibras.com\/site\/#\/schema\/person\/36ab0979449956132d3e5b517ea76ac8","name":"Reda\u00e7\u00e3o","image":{"@type":"ImageObject","inLanguage":"pt-BR","@id":"https:\/\/secure.gravatar.com\/avatar\/e0a867bdedb85fd243eadf09663511f96fc81e0720a4a42581f334ad4303aa6b?s=96&d=mm&r=g","url":"https:\/\/secure.gravatar.com\/avatar\/e0a867bdedb85fd243eadf09663511f96fc81e0720a4a42581f334ad4303aa6b?s=96&d=mm&r=g","contentUrl":"https:\/\/secure.gravatar.com\/avatar\/e0a867bdedb85fd243eadf09663511f96fc81e0720a4a42581f334ad4303aa6b?s=96&d=mm&r=g","caption":"Reda\u00e7\u00e3o"}}]}},"amp_enabled":true,"_links":{"self":[{"href":"https:\/\/www.notibras.com\/site\/wp-json\/wp\/v2\/posts\/324226","targetHints":{"allow":["GET"]}}],"collection":[{"href":"https:\/\/www.notibras.com\/site\/wp-json\/wp\/v2\/posts"}],"about":[{"href":"https:\/\/www.notibras.com\/site\/wp-json\/wp\/v2\/types\/post"}],"author":[{"embeddable":true,"href":"https:\/\/www.notibras.com\/site\/wp-json\/wp\/v2\/users\/2"}],"replies":[{"embeddable":true,"href":"https:\/\/www.notibras.com\/site\/wp-json\/wp\/v2\/comments?post=324226"}],"version-history":[{"count":1,"href":"https:\/\/www.notibras.com\/site\/wp-json\/wp\/v2\/posts\/324226\/revisions"}],"predecessor-version":[{"id":324228,"href":"https:\/\/www.notibras.com\/site\/wp-json\/wp\/v2\/posts\/324226\/revisions\/324228"}],"wp:featuredmedia":[{"embeddable":true,"href":"https:\/\/www.notibras.com\/site\/wp-json\/wp\/v2\/media\/324227"}],"wp:attachment":[{"href":"https:\/\/www.notibras.com\/site\/wp-json\/wp\/v2\/media?parent=324226"}],"wp:term":[{"taxonomy":"category","embeddable":true,"href":"https:\/\/www.notibras.com\/site\/wp-json\/wp\/v2\/categories?post=324226"},{"taxonomy":"post_tag","embeddable":true,"href":"https:\/\/www.notibras.com\/site\/wp-json\/wp\/v2\/tags?post=324226"}],"curies":[{"name":"wp","href":"https:\/\/api.w.org\/{rel}","templated":true}]}}