{"id":324235,"date":"2024-03-09T00:00:08","date_gmt":"2024-03-09T03:00:08","guid":{"rendered":"https:\/\/www.notibras.com\/site\/?p=324235"},"modified":"2024-03-09T13:01:39","modified_gmt":"2024-03-09T16:01:39","slug":"manifestacao-em-brasilia-pelo-dia-da-mulher-alerta-para-violencias","status":"publish","type":"post","link":"https:\/\/www.notibras.com\/site\/manifestacao-em-brasilia-pelo-dia-da-mulher-alerta-para-violencias\/","title":{"rendered":"Manifesta\u00e7\u00e3o em Bras\u00edlia pelo Dia da Mulher alerta para viol\u00eancias"},"content":{"rendered":"<p>Nas m\u00e3os, ela puxa um carrinho que transporta o isopor com bebidas para vender. Um bon\u00e9 na cabe\u00e7a ajuda a proteger do sol no centro de Bras\u00edlia, na sexta-feira (8), Dia Internacional da Mulher. A rotina da ambulante Rita Aquino, de 63 anos de idade, de domingo a domingo, \u00e9 tentar vender \u00e1gua e refrigerante.<\/p>\n<p>\u201cEstou empurrando o carrinho para tentar um dia a aposentadoria. Mas todos os dias sou desrespeitada. Acho que porque sou mulher e idosa. No \u00f4nibus, nas ruas, em todo lugar\u201d, reclama.<\/p>\n<p>No caminho das vendas, ela se depara com uma manifesta\u00e7\u00e3o de mulheres, na Pra\u00e7a Zumbi dos Palmares &#8211; l\u00edder quilombola assassinado em 1695. Ela para um pouco e olha. \u201c\u00c9 isso mesmo. A gente n\u00e3o pode ficar calada\u201d, diz.<\/p>\n<p>Na manifesta\u00e7\u00e3o em que Ruth se deparou na capital do pa\u00eds, uma s\u00e9rie de coletivos ligados aos direitos das mulheres apresentava discuss\u00f5es variadas. Uma das organizadoras do evento, a produtora Hellen Frida, explica que o chamamento foi justamente para que diferentes grupos levassem suas demandas em um dia que \u201cdeve ser de luta\u201d.<\/p>\n<p>Assim, o evento no Distrito Federal reuniu manifestos pelo direito \u00e0 liberdade da mulher, a favor do aborto, contra a viol\u00eancia de g\u00eanero e outros manifestos por igualdade. As mulheres tamb\u00e9m protestaram sobre a situa\u00e7\u00e3o das m\u00e3es na Palestina, que t\u00eam sofrido os efeitos do conflito entre Israel e o Hamas. Pelo menos 240 cruzes foram pregadas para lembrar a situa\u00e7\u00e3o do outro lado do mundo, e tamb\u00e9m de feminic\u00eddios na capital. Foram 31 confirmados no DF no ano passado.<\/p>\n<p>\u201cO n\u00famero de den\u00fancias de viol\u00eancias tamb\u00e9m tem aumentado. Quanto mais voc\u00ea dialoga nas comunidades, mais voc\u00ea v\u00ea o n\u00famero de mulheres que est\u00e3o em situa\u00e7\u00e3o de viol\u00eancia e que ainda n\u00e3o denunciaram. Existe uma segrega\u00e7\u00e3o econ\u00f4mica importante tamb\u00e9m. Acho que a viol\u00eancia econ\u00f4mica \u00e9 central\u201d, avalia Frida.<\/p>\n<p>Ela lamenta que, nas comunidades, h\u00e1 menos equipamentos p\u00fablicos para dar atendimento \u00e0s necessidades das mulheres. \u201cNa regi\u00e3o de S\u00e3o Sebasti\u00e3o [a 25 km de Bras\u00edlia], que \u00e9 a minha comunidade, est\u00e1 sendo criado o Centro de Refer\u00eancia da Mulher Brasileira, que \u00e9 uma iniciativa do governo federal a partir de emendas parlamentares. Vai ser muito importante para n\u00f3s\u201d, elogia.<\/p>\n<p>Quem tamb\u00e9m acompanha de perto as necessidades comunit\u00e1rias, e estava presente ao evento do Dia das Mulheres na capital, foram representantes do coletivo de Mulheres Negras de Baob\u00e1. A jornalista e ativista Jacira da Silva explica que o grupo realiza um trabalho especial em uma \u00e1rea de ocupa\u00e7\u00e3o na regi\u00e3o do Guar\u00e1 &#8211; a cerca de 15 km da capital -, em um local onde majoritariamente vivem mulheres negras, que s\u00e3o m\u00e3es solo e em situa\u00e7\u00e3o de vulnerabilidade social.<\/p>\n<p>\u201cBuscamos sensibilizar por meio de palestras, encontros, em diferentes datas, para falarmos sobre direitos\u201d, explica.<\/p>\n<p>A professora Ludimar Carneiro, que tamb\u00e9m atua no coletivo, revela que recebe diferentes tipos de perguntas. \u201cElas querem saber por que n\u00e3o h\u00e1 uma delegacia perto, por que elas n\u00e3o t\u00eam um acesso r\u00e1pido \u00e0 justi\u00e7a, por que elas n\u00e3o t\u00eam acesso \u00e0 sa\u00fade. Elas s\u00e3o trabalhadoras da reciclagem\u201d, relata.<\/p>\n<p>Na manifesta\u00e7\u00e3o em Bras\u00edlia, as trabalhadoras n\u00e3o poderiam estar presentes porque est\u00e3o na lida, dizem as ativistas. \u201cO despertar da consci\u00eancia delas j\u00e1 n\u00e3o permite que elas deixem as suas atividades porque sen\u00e3o seus filhos v\u00e3o passar fome\u201d, diz a professora Jaciara.<\/p>\n<p>Na manifesta\u00e7\u00e3o, Marileide da Silva, moradora de Valpara\u00edso, trabalhava como ambulante na venda de alimentos. A \u00faltima vez que foi registrada em carteira tem mais de uma d\u00e9cada, como bab\u00e1. \u201cFoi o que sobrou para mim\u201d, disse. Ciente do tema da manifesta\u00e7\u00e3o, observava tudo atentamente. \u201cExiste machismo, viol\u00eancia, tudo o que elas est\u00e3o falando. Gostei de trabalhar diante delas\u201d, disse enquanto fazia as contas do dia e se preparava para voltar para casa, a 50 km dali.<\/p>\n","protected":false},"excerpt":{"rendered":"<p>Nas m\u00e3os, ela puxa um carrinho que transporta o isopor com bebidas para vender. Um bon\u00e9 na cabe\u00e7a ajuda a proteger do sol no centro de Bras\u00edlia, na sexta-feira (8), Dia Internacional da Mulher. A rotina da ambulante Rita Aquino, de 63 anos de idade, de domingo a domingo, \u00e9 tentar vender \u00e1gua e refrigerante. [&hellip;]<\/p>\n","protected":false},"author":2,"featured_media":324236,"comment_status":"closed","ping_status":"closed","sticky":false,"template":"","format":"standard","meta":{"_acf_changed":false,"footnotes":""},"categories":[161],"tags":[],"class_list":["post-324235","post","type-post","status-publish","format-standard","has-post-thumbnail","hentry","category-quadradinho-em-foco"],"acf":[],"yoast_head":"<!-- This site is optimized with the Yoast SEO plugin v27.2 - https:\/\/yoast.com\/product\/yoast-seo-wordpress\/ -->\n<title>Manifesta\u00e7\u00e3o em Bras\u00edlia pelo Dia da Mulher alerta para viol\u00eancias - Notibras<\/title>\n<meta name=\"robots\" content=\"index, follow, max-snippet:-1, max-image-preview:large, max-video-preview:-1\" \/>\n<link rel=\"canonical\" href=\"https:\/\/www.notibras.com\/site\/manifestacao-em-brasilia-pelo-dia-da-mulher-alerta-para-violencias\/\" \/>\n<meta property=\"og:locale\" content=\"pt_BR\" \/>\n<meta property=\"og:type\" content=\"article\" \/>\n<meta property=\"og:title\" content=\"Manifesta\u00e7\u00e3o em Bras\u00edlia pelo Dia da Mulher alerta para viol\u00eancias - Notibras\" \/>\n<meta property=\"og:description\" content=\"Nas m\u00e3os, ela puxa um carrinho que transporta o isopor com bebidas para vender. Um bon\u00e9 na cabe\u00e7a ajuda a proteger do sol no centro de Bras\u00edlia, na sexta-feira (8), Dia Internacional da Mulher. A rotina da ambulante Rita Aquino, de 63 anos de idade, de domingo a domingo, \u00e9 tentar vender \u00e1gua e refrigerante. [&hellip;]\" \/>\n<meta property=\"og:url\" content=\"https:\/\/www.notibras.com\/site\/manifestacao-em-brasilia-pelo-dia-da-mulher-alerta-para-violencias\/\" \/>\n<meta property=\"og:site_name\" content=\"Notibras\" \/>\n<meta property=\"article:publisher\" content=\"https:\/\/www.facebook.com\/notibras\/\" \/>\n<meta property=\"article:published_time\" content=\"2024-03-09T03:00:08+00:00\" \/>\n<meta property=\"article:modified_time\" content=\"2024-03-09T16:01:39+00:00\" \/>\n<meta property=\"og:image\" content=\"https:\/\/www.notibras.com\/site\/wp-content\/uploads\/2024\/03\/img_6459.jpg\" \/>\n\t<meta property=\"og:image:width\" content=\"1170\" \/>\n\t<meta property=\"og:image:height\" content=\"700\" \/>\n\t<meta property=\"og:image:type\" content=\"image\/jpeg\" \/>\n<meta name=\"author\" content=\"Reda\u00e7\u00e3o\" \/>\n<meta name=\"twitter:card\" content=\"summary_large_image\" \/>\n<meta name=\"twitter:creator\" content=\"@Notibras\" \/>\n<meta name=\"twitter:site\" content=\"@Notibras\" \/>\n<meta name=\"twitter:label1\" content=\"Escrito por\" \/>\n\t<meta name=\"twitter:data1\" content=\"Reda\u00e7\u00e3o\" \/>\n\t<meta name=\"twitter:label2\" content=\"Est. tempo de leitura\" \/>\n\t<meta name=\"twitter:data2\" content=\"4 minutos\" \/>\n<script type=\"application\/ld+json\" class=\"yoast-schema-graph\">{\"@context\":\"https:\/\/schema.org\",\"@graph\":[{\"@type\":\"Article\",\"@id\":\"https:\/\/www.notibras.com\/site\/manifestacao-em-brasilia-pelo-dia-da-mulher-alerta-para-violencias\/#article\",\"isPartOf\":{\"@id\":\"https:\/\/www.notibras.com\/site\/manifestacao-em-brasilia-pelo-dia-da-mulher-alerta-para-violencias\/\"},\"author\":{\"name\":\"Reda\u00e7\u00e3o\",\"@id\":\"https:\/\/www.notibras.com\/site\/#\/schema\/person\/36ab0979449956132d3e5b517ea76ac8\"},\"headline\":\"Manifesta\u00e7\u00e3o em Bras\u00edlia pelo Dia da Mulher alerta para viol\u00eancias\",\"datePublished\":\"2024-03-09T03:00:08+00:00\",\"dateModified\":\"2024-03-09T16:01:39+00:00\",\"mainEntityOfPage\":{\"@id\":\"https:\/\/www.notibras.com\/site\/manifestacao-em-brasilia-pelo-dia-da-mulher-alerta-para-violencias\/\"},\"wordCount\":698,\"publisher\":{\"@id\":\"https:\/\/www.notibras.com\/site\/#organization\"},\"image\":{\"@id\":\"https:\/\/www.notibras.com\/site\/manifestacao-em-brasilia-pelo-dia-da-mulher-alerta-para-violencias\/#primaryimage\"},\"thumbnailUrl\":\"https:\/\/www.notibras.com\/site\/wp-content\/uploads\/2024\/03\/img_6459.jpg\",\"articleSection\":[\"Quadradinho em Foco\"],\"inLanguage\":\"pt-BR\"},{\"@type\":\"WebPage\",\"@id\":\"https:\/\/www.notibras.com\/site\/manifestacao-em-brasilia-pelo-dia-da-mulher-alerta-para-violencias\/\",\"url\":\"https:\/\/www.notibras.com\/site\/manifestacao-em-brasilia-pelo-dia-da-mulher-alerta-para-violencias\/\",\"name\":\"Manifesta\u00e7\u00e3o em Bras\u00edlia pelo Dia da Mulher alerta para viol\u00eancias - Notibras\",\"isPartOf\":{\"@id\":\"https:\/\/www.notibras.com\/site\/#website\"},\"primaryImageOfPage\":{\"@id\":\"https:\/\/www.notibras.com\/site\/manifestacao-em-brasilia-pelo-dia-da-mulher-alerta-para-violencias\/#primaryimage\"},\"image\":{\"@id\":\"https:\/\/www.notibras.com\/site\/manifestacao-em-brasilia-pelo-dia-da-mulher-alerta-para-violencias\/#primaryimage\"},\"thumbnailUrl\":\"https:\/\/www.notibras.com\/site\/wp-content\/uploads\/2024\/03\/img_6459.jpg\",\"datePublished\":\"2024-03-09T03:00:08+00:00\",\"dateModified\":\"2024-03-09T16:01:39+00:00\",\"breadcrumb\":{\"@id\":\"https:\/\/www.notibras.com\/site\/manifestacao-em-brasilia-pelo-dia-da-mulher-alerta-para-violencias\/#breadcrumb\"},\"inLanguage\":\"pt-BR\",\"potentialAction\":[{\"@type\":\"ReadAction\",\"target\":[\"https:\/\/www.notibras.com\/site\/manifestacao-em-brasilia-pelo-dia-da-mulher-alerta-para-violencias\/\"]}]},{\"@type\":\"ImageObject\",\"inLanguage\":\"pt-BR\",\"@id\":\"https:\/\/www.notibras.com\/site\/manifestacao-em-brasilia-pelo-dia-da-mulher-alerta-para-violencias\/#primaryimage\",\"url\":\"https:\/\/www.notibras.com\/site\/wp-content\/uploads\/2024\/03\/img_6459.jpg\",\"contentUrl\":\"https:\/\/www.notibras.com\/site\/wp-content\/uploads\/2024\/03\/img_6459.jpg\",\"width\":1170,\"height\":700},{\"@type\":\"BreadcrumbList\",\"@id\":\"https:\/\/www.notibras.com\/site\/manifestacao-em-brasilia-pelo-dia-da-mulher-alerta-para-violencias\/#breadcrumb\",\"itemListElement\":[{\"@type\":\"ListItem\",\"position\":1,\"name\":\"In\u00edcio\",\"item\":\"https:\/\/www.notibras.com\/site\/\"},{\"@type\":\"ListItem\",\"position\":2,\"name\":\"Manifesta\u00e7\u00e3o em Bras\u00edlia pelo Dia da Mulher alerta para viol\u00eancias\"}]},{\"@type\":\"WebSite\",\"@id\":\"https:\/\/www.notibras.com\/site\/#website\",\"url\":\"https:\/\/www.notibras.com\/site\/\",\"name\":\"Notibras\",\"description\":\"Not\u00edcias de Bras\u00edlia, do Brasil e do Mundo\",\"publisher\":{\"@id\":\"https:\/\/www.notibras.com\/site\/#organization\"},\"potentialAction\":[{\"@type\":\"SearchAction\",\"target\":{\"@type\":\"EntryPoint\",\"urlTemplate\":\"https:\/\/www.notibras.com\/site\/?s={search_term_string}\"},\"query-input\":{\"@type\":\"PropertyValueSpecification\",\"valueRequired\":true,\"valueName\":\"search_term_string\"}}],\"inLanguage\":\"pt-BR\"},{\"@type\":\"Organization\",\"@id\":\"https:\/\/www.notibras.com\/site\/#organization\",\"name\":\"Grupo Notibras de Comunica\u00e7\u00e3o\",\"url\":\"https:\/\/www.notibras.com\/site\/\",\"logo\":{\"@type\":\"ImageObject\",\"inLanguage\":\"pt-BR\",\"@id\":\"https:\/\/www.notibras.com\/site\/#\/schema\/logo\/image\/\",\"url\":\"https:\/\/www.notibras.com\/site\/wp-content\/uploads\/2023\/01\/notibras23.png\",\"contentUrl\":\"https:\/\/www.notibras.com\/site\/wp-content\/uploads\/2023\/01\/notibras23.png\",\"width\":350,\"height\":87,\"caption\":\"Grupo Notibras de Comunica\u00e7\u00e3o\"},\"image\":{\"@id\":\"https:\/\/www.notibras.com\/site\/#\/schema\/logo\/image\/\"},\"sameAs\":[\"https:\/\/www.facebook.com\/notibras\/\",\"https:\/\/x.com\/Notibras\",\"https:\/\/www.instagram.com\/notibras\/\"]},{\"@type\":\"Person\",\"@id\":\"https:\/\/www.notibras.com\/site\/#\/schema\/person\/36ab0979449956132d3e5b517ea76ac8\",\"name\":\"Reda\u00e7\u00e3o\",\"image\":{\"@type\":\"ImageObject\",\"inLanguage\":\"pt-BR\",\"@id\":\"https:\/\/secure.gravatar.com\/avatar\/e0a867bdedb85fd243eadf09663511f96fc81e0720a4a42581f334ad4303aa6b?s=96&d=mm&r=g\",\"url\":\"https:\/\/secure.gravatar.com\/avatar\/e0a867bdedb85fd243eadf09663511f96fc81e0720a4a42581f334ad4303aa6b?s=96&d=mm&r=g\",\"contentUrl\":\"https:\/\/secure.gravatar.com\/avatar\/e0a867bdedb85fd243eadf09663511f96fc81e0720a4a42581f334ad4303aa6b?s=96&d=mm&r=g\",\"caption\":\"Reda\u00e7\u00e3o\"}}]}<\/script>\n<!-- \/ Yoast SEO plugin. -->","yoast_head_json":{"title":"Manifesta\u00e7\u00e3o em Bras\u00edlia pelo Dia da Mulher alerta para viol\u00eancias - Notibras","robots":{"index":"index","follow":"follow","max-snippet":"max-snippet:-1","max-image-preview":"max-image-preview:large","max-video-preview":"max-video-preview:-1"},"canonical":"https:\/\/www.notibras.com\/site\/manifestacao-em-brasilia-pelo-dia-da-mulher-alerta-para-violencias\/","og_locale":"pt_BR","og_type":"article","og_title":"Manifesta\u00e7\u00e3o em Bras\u00edlia pelo Dia da Mulher alerta para viol\u00eancias - Notibras","og_description":"Nas m\u00e3os, ela puxa um carrinho que transporta o isopor com bebidas para vender. Um bon\u00e9 na cabe\u00e7a ajuda a proteger do sol no centro de Bras\u00edlia, na sexta-feira (8), Dia Internacional da Mulher. A rotina da ambulante Rita Aquino, de 63 anos de idade, de domingo a domingo, \u00e9 tentar vender \u00e1gua e refrigerante. [&hellip;]","og_url":"https:\/\/www.notibras.com\/site\/manifestacao-em-brasilia-pelo-dia-da-mulher-alerta-para-violencias\/","og_site_name":"Notibras","article_publisher":"https:\/\/www.facebook.com\/notibras\/","article_published_time":"2024-03-09T03:00:08+00:00","article_modified_time":"2024-03-09T16:01:39+00:00","og_image":[{"width":1170,"height":700,"url":"https:\/\/www.notibras.com\/site\/wp-content\/uploads\/2024\/03\/img_6459.jpg","type":"image\/jpeg"}],"author":"Reda\u00e7\u00e3o","twitter_card":"summary_large_image","twitter_creator":"@Notibras","twitter_site":"@Notibras","twitter_misc":{"Escrito por":"Reda\u00e7\u00e3o","Est. tempo de leitura":"4 minutos"},"schema":{"@context":"https:\/\/schema.org","@graph":[{"@type":"Article","@id":"https:\/\/www.notibras.com\/site\/manifestacao-em-brasilia-pelo-dia-da-mulher-alerta-para-violencias\/#article","isPartOf":{"@id":"https:\/\/www.notibras.com\/site\/manifestacao-em-brasilia-pelo-dia-da-mulher-alerta-para-violencias\/"},"author":{"name":"Reda\u00e7\u00e3o","@id":"https:\/\/www.notibras.com\/site\/#\/schema\/person\/36ab0979449956132d3e5b517ea76ac8"},"headline":"Manifesta\u00e7\u00e3o em Bras\u00edlia pelo Dia da Mulher alerta para viol\u00eancias","datePublished":"2024-03-09T03:00:08+00:00","dateModified":"2024-03-09T16:01:39+00:00","mainEntityOfPage":{"@id":"https:\/\/www.notibras.com\/site\/manifestacao-em-brasilia-pelo-dia-da-mulher-alerta-para-violencias\/"},"wordCount":698,"publisher":{"@id":"https:\/\/www.notibras.com\/site\/#organization"},"image":{"@id":"https:\/\/www.notibras.com\/site\/manifestacao-em-brasilia-pelo-dia-da-mulher-alerta-para-violencias\/#primaryimage"},"thumbnailUrl":"https:\/\/www.notibras.com\/site\/wp-content\/uploads\/2024\/03\/img_6459.jpg","articleSection":["Quadradinho em Foco"],"inLanguage":"pt-BR"},{"@type":"WebPage","@id":"https:\/\/www.notibras.com\/site\/manifestacao-em-brasilia-pelo-dia-da-mulher-alerta-para-violencias\/","url":"https:\/\/www.notibras.com\/site\/manifestacao-em-brasilia-pelo-dia-da-mulher-alerta-para-violencias\/","name":"Manifesta\u00e7\u00e3o em Bras\u00edlia pelo Dia da Mulher alerta para viol\u00eancias - Notibras","isPartOf":{"@id":"https:\/\/www.notibras.com\/site\/#website"},"primaryImageOfPage":{"@id":"https:\/\/www.notibras.com\/site\/manifestacao-em-brasilia-pelo-dia-da-mulher-alerta-para-violencias\/#primaryimage"},"image":{"@id":"https:\/\/www.notibras.com\/site\/manifestacao-em-brasilia-pelo-dia-da-mulher-alerta-para-violencias\/#primaryimage"},"thumbnailUrl":"https:\/\/www.notibras.com\/site\/wp-content\/uploads\/2024\/03\/img_6459.jpg","datePublished":"2024-03-09T03:00:08+00:00","dateModified":"2024-03-09T16:01:39+00:00","breadcrumb":{"@id":"https:\/\/www.notibras.com\/site\/manifestacao-em-brasilia-pelo-dia-da-mulher-alerta-para-violencias\/#breadcrumb"},"inLanguage":"pt-BR","potentialAction":[{"@type":"ReadAction","target":["https:\/\/www.notibras.com\/site\/manifestacao-em-brasilia-pelo-dia-da-mulher-alerta-para-violencias\/"]}]},{"@type":"ImageObject","inLanguage":"pt-BR","@id":"https:\/\/www.notibras.com\/site\/manifestacao-em-brasilia-pelo-dia-da-mulher-alerta-para-violencias\/#primaryimage","url":"https:\/\/www.notibras.com\/site\/wp-content\/uploads\/2024\/03\/img_6459.jpg","contentUrl":"https:\/\/www.notibras.com\/site\/wp-content\/uploads\/2024\/03\/img_6459.jpg","width":1170,"height":700},{"@type":"BreadcrumbList","@id":"https:\/\/www.notibras.com\/site\/manifestacao-em-brasilia-pelo-dia-da-mulher-alerta-para-violencias\/#breadcrumb","itemListElement":[{"@type":"ListItem","position":1,"name":"In\u00edcio","item":"https:\/\/www.notibras.com\/site\/"},{"@type":"ListItem","position":2,"name":"Manifesta\u00e7\u00e3o em Bras\u00edlia pelo Dia da Mulher alerta para viol\u00eancias"}]},{"@type":"WebSite","@id":"https:\/\/www.notibras.com\/site\/#website","url":"https:\/\/www.notibras.com\/site\/","name":"Notibras","description":"Not\u00edcias de Bras\u00edlia, do Brasil e do Mundo","publisher":{"@id":"https:\/\/www.notibras.com\/site\/#organization"},"potentialAction":[{"@type":"SearchAction","target":{"@type":"EntryPoint","urlTemplate":"https:\/\/www.notibras.com\/site\/?s={search_term_string}"},"query-input":{"@type":"PropertyValueSpecification","valueRequired":true,"valueName":"search_term_string"}}],"inLanguage":"pt-BR"},{"@type":"Organization","@id":"https:\/\/www.notibras.com\/site\/#organization","name":"Grupo Notibras de Comunica\u00e7\u00e3o","url":"https:\/\/www.notibras.com\/site\/","logo":{"@type":"ImageObject","inLanguage":"pt-BR","@id":"https:\/\/www.notibras.com\/site\/#\/schema\/logo\/image\/","url":"https:\/\/www.notibras.com\/site\/wp-content\/uploads\/2023\/01\/notibras23.png","contentUrl":"https:\/\/www.notibras.com\/site\/wp-content\/uploads\/2023\/01\/notibras23.png","width":350,"height":87,"caption":"Grupo Notibras de Comunica\u00e7\u00e3o"},"image":{"@id":"https:\/\/www.notibras.com\/site\/#\/schema\/logo\/image\/"},"sameAs":["https:\/\/www.facebook.com\/notibras\/","https:\/\/x.com\/Notibras","https:\/\/www.instagram.com\/notibras\/"]},{"@type":"Person","@id":"https:\/\/www.notibras.com\/site\/#\/schema\/person\/36ab0979449956132d3e5b517ea76ac8","name":"Reda\u00e7\u00e3o","image":{"@type":"ImageObject","inLanguage":"pt-BR","@id":"https:\/\/secure.gravatar.com\/avatar\/e0a867bdedb85fd243eadf09663511f96fc81e0720a4a42581f334ad4303aa6b?s=96&d=mm&r=g","url":"https:\/\/secure.gravatar.com\/avatar\/e0a867bdedb85fd243eadf09663511f96fc81e0720a4a42581f334ad4303aa6b?s=96&d=mm&r=g","contentUrl":"https:\/\/secure.gravatar.com\/avatar\/e0a867bdedb85fd243eadf09663511f96fc81e0720a4a42581f334ad4303aa6b?s=96&d=mm&r=g","caption":"Reda\u00e7\u00e3o"}}]}},"amp_enabled":true,"_links":{"self":[{"href":"https:\/\/www.notibras.com\/site\/wp-json\/wp\/v2\/posts\/324235","targetHints":{"allow":["GET"]}}],"collection":[{"href":"https:\/\/www.notibras.com\/site\/wp-json\/wp\/v2\/posts"}],"about":[{"href":"https:\/\/www.notibras.com\/site\/wp-json\/wp\/v2\/types\/post"}],"author":[{"embeddable":true,"href":"https:\/\/www.notibras.com\/site\/wp-json\/wp\/v2\/users\/2"}],"replies":[{"embeddable":true,"href":"https:\/\/www.notibras.com\/site\/wp-json\/wp\/v2\/comments?post=324235"}],"version-history":[{"count":1,"href":"https:\/\/www.notibras.com\/site\/wp-json\/wp\/v2\/posts\/324235\/revisions"}],"predecessor-version":[{"id":324237,"href":"https:\/\/www.notibras.com\/site\/wp-json\/wp\/v2\/posts\/324235\/revisions\/324237"}],"wp:featuredmedia":[{"embeddable":true,"href":"https:\/\/www.notibras.com\/site\/wp-json\/wp\/v2\/media\/324236"}],"wp:attachment":[{"href":"https:\/\/www.notibras.com\/site\/wp-json\/wp\/v2\/media?parent=324235"}],"wp:term":[{"taxonomy":"category","embeddable":true,"href":"https:\/\/www.notibras.com\/site\/wp-json\/wp\/v2\/categories?post=324235"},{"taxonomy":"post_tag","embeddable":true,"href":"https:\/\/www.notibras.com\/site\/wp-json\/wp\/v2\/tags?post=324235"}],"curies":[{"name":"wp","href":"https:\/\/api.w.org\/{rel}","templated":true}]}}