{"id":324272,"date":"2024-03-10T00:04:57","date_gmt":"2024-03-10T03:04:57","guid":{"rendered":"https:\/\/www.notibras.com\/site\/?p=324272"},"modified":"2024-03-10T00:06:26","modified_gmt":"2024-03-10T03:06:26","slug":"beto-salim-o-mestre-cuca-agora-esta-no-kartodromo","status":"publish","type":"post","link":"https:\/\/www.notibras.com\/site\/beto-salim-o-mestre-cuca-agora-esta-no-kartodromo\/","title":{"rendered":"Beto Salim, o mestre-cuca, agora est\u00e1 no kart\u00f3dromo"},"content":{"rendered":"<p>Apesar da minha fam\u00edlia possuir um longo hist\u00f3rico com massas de todos os tipos, possuo dois fracos quando o assunto \u00e9 comida. A primeira \u00e9 carne de sol com aipim frito e muita manteiga de garrafa. J\u00e1 a segunda, que me faz perder a linha e comer al\u00e9m da conta, \u00e9 a culin\u00e1ria \u00e1rabe.<\/p>\n<p>E foi pelas m\u00e3os de uma das minhas filhas, a Ana Maria (Ninica), que conheci o maior especialista da cozinha \u00e1rabe do Distrito Federal. Seu nome? Beto Salim ou, simplesmente, Salim, como gosta de ser chamado esse mineiro grand\u00e3o, torcedor do Cruzeiro, mas que at\u00e9 o atleticanos amam, pois sabem que, em mat\u00e9ria de quibes (de carne e vegano), esfihas, coalhada seca, tabule e toda a gastronomia das terras de Aladdin, de tudo ele entende.<\/p>\n<p>Um problema que enfrento em rela\u00e7\u00e3o aos quitutes do Salim \u00e9 justamente o quibe. \u00c9 que a Ninica \u00e9 vegana, mas a minha esposa, a Dona Irene, sempre pede o de carne. Por isso, quando telefono pro meu amigo, encomendo tantos quibes de carne e tantos veganos. Ainda bem que o Salim sempre escreve nas embalagens o que \u00e9 o qu\u00ea. Mas sou meio distra\u00eddo e acabo pegando um e mais um e tantos outros veganos. Pra qu\u00ea? \u00c9 reclama\u00e7\u00e3o na certa!<\/p>\n<p>&#8211;\u00a0Por que voc\u00ea n\u00e3o comeu os de carne? Agora s\u00f3 restaram tr\u00eas veganos pra mim.<\/p>\n<p>Se h\u00e1 diferen\u00e7a entre o gosto de um e outro, ainda n\u00e3o percebi. O Salim at\u00e9 j\u00e1 me explicou que o quibe de carne \u00e9 ligeiramente mais escuro. Finjo que entendi, pois n\u00e3o consigo distingui-los. Talvez eu esteja precisando come\u00e7ar a usar \u00f3culos.<\/p>\n<p>Da Asa Norte, a Esfiharia do Salim mudou-se para o Kart\u00f3dromo Internacional de Bras\u00edlia. Entretanto, a dist\u00e2ncia n\u00e3o \u00e9 empecilho, pois o Salim faz entregas semanais. Basta pedir com anteced\u00eancia pelo telefone\/whatsapp (61) 99850-3640.<\/p>\n","protected":false},"excerpt":{"rendered":"<p>Apesar da minha fam\u00edlia possuir um longo hist\u00f3rico com massas de todos os tipos, possuo dois fracos quando o assunto \u00e9 comida. A primeira \u00e9 carne de sol com aipim frito e muita manteiga de garrafa. J\u00e1 a segunda, que me faz perder a linha e comer al\u00e9m da conta, \u00e9 a culin\u00e1ria \u00e1rabe. E [&hellip;]<\/p>\n","protected":false},"author":2,"featured_media":324273,"comment_status":"closed","ping_status":"closed","sticky":false,"template":"","format":"standard","meta":{"_acf_changed":false,"footnotes":""},"categories":[161],"tags":[],"class_list":["post-324272","post","type-post","status-publish","format-standard","has-post-thumbnail","hentry","category-quadradinho-em-foco"],"acf":[],"yoast_head":"<!-- This site is optimized with the Yoast SEO plugin v27.2 - https:\/\/yoast.com\/product\/yoast-seo-wordpress\/ -->\n<title>Beto Salim, o mestre-cuca, agora est\u00e1 no kart\u00f3dromo - Notibras<\/title>\n<meta name=\"robots\" content=\"index, follow, max-snippet:-1, max-image-preview:large, max-video-preview:-1\" \/>\n<link rel=\"canonical\" href=\"https:\/\/www.notibras.com\/site\/beto-salim-o-mestre-cuca-agora-esta-no-kartodromo\/\" \/>\n<meta property=\"og:locale\" content=\"pt_BR\" \/>\n<meta property=\"og:type\" content=\"article\" \/>\n<meta property=\"og:title\" content=\"Beto Salim, o mestre-cuca, agora est\u00e1 no kart\u00f3dromo - Notibras\" \/>\n<meta property=\"og:description\" content=\"Apesar da minha fam\u00edlia possuir um longo hist\u00f3rico com massas de todos os tipos, possuo dois fracos quando o assunto \u00e9 comida. A primeira \u00e9 carne de sol com aipim frito e muita manteiga de garrafa. J\u00e1 a segunda, que me faz perder a linha e comer al\u00e9m da conta, \u00e9 a culin\u00e1ria \u00e1rabe. E [&hellip;]\" \/>\n<meta property=\"og:url\" content=\"https:\/\/www.notibras.com\/site\/beto-salim-o-mestre-cuca-agora-esta-no-kartodromo\/\" \/>\n<meta property=\"og:site_name\" content=\"Notibras\" \/>\n<meta property=\"article:publisher\" content=\"https:\/\/www.facebook.com\/notibras\/\" \/>\n<meta property=\"article:published_time\" content=\"2024-03-10T03:04:57+00:00\" \/>\n<meta property=\"article:modified_time\" content=\"2024-03-10T03:06:26+00:00\" \/>\n<meta property=\"og:image\" content=\"https:\/\/www.notibras.com\/site\/wp-content\/uploads\/2024\/03\/f8c60b6d-1c14-467f-afa9-e427f551ce62.jpeg\" \/>\n\t<meta property=\"og:image:width\" content=\"320\" \/>\n\t<meta property=\"og:image:height\" content=\"240\" \/>\n\t<meta property=\"og:image:type\" content=\"image\/jpeg\" \/>\n<meta name=\"author\" content=\"Reda\u00e7\u00e3o\" \/>\n<meta name=\"twitter:card\" content=\"summary_large_image\" \/>\n<meta name=\"twitter:creator\" content=\"@Notibras\" \/>\n<meta name=\"twitter:site\" content=\"@Notibras\" \/>\n<meta name=\"twitter:label1\" content=\"Escrito por\" \/>\n\t<meta name=\"twitter:data1\" content=\"Reda\u00e7\u00e3o\" \/>\n\t<meta name=\"twitter:label2\" content=\"Est. tempo de leitura\" \/>\n\t<meta name=\"twitter:data2\" content=\"2 minutos\" \/>\n<script type=\"application\/ld+json\" class=\"yoast-schema-graph\">{\"@context\":\"https:\/\/schema.org\",\"@graph\":[{\"@type\":\"Article\",\"@id\":\"https:\/\/www.notibras.com\/site\/beto-salim-o-mestre-cuca-agora-esta-no-kartodromo\/#article\",\"isPartOf\":{\"@id\":\"https:\/\/www.notibras.com\/site\/beto-salim-o-mestre-cuca-agora-esta-no-kartodromo\/\"},\"author\":{\"name\":\"Reda\u00e7\u00e3o\",\"@id\":\"https:\/\/www.notibras.com\/site\/#\/schema\/person\/36ab0979449956132d3e5b517ea76ac8\"},\"headline\":\"Beto Salim, o mestre-cuca, agora est\u00e1 no kart\u00f3dromo\",\"datePublished\":\"2024-03-10T03:04:57+00:00\",\"dateModified\":\"2024-03-10T03:06:26+00:00\",\"mainEntityOfPage\":{\"@id\":\"https:\/\/www.notibras.com\/site\/beto-salim-o-mestre-cuca-agora-esta-no-kartodromo\/\"},\"wordCount\":324,\"publisher\":{\"@id\":\"https:\/\/www.notibras.com\/site\/#organization\"},\"image\":{\"@id\":\"https:\/\/www.notibras.com\/site\/beto-salim-o-mestre-cuca-agora-esta-no-kartodromo\/#primaryimage\"},\"thumbnailUrl\":\"https:\/\/www.notibras.com\/site\/wp-content\/uploads\/2024\/03\/f8c60b6d-1c14-467f-afa9-e427f551ce62.jpeg\",\"articleSection\":[\"Quadradinho em Foco\"],\"inLanguage\":\"pt-BR\"},{\"@type\":\"WebPage\",\"@id\":\"https:\/\/www.notibras.com\/site\/beto-salim-o-mestre-cuca-agora-esta-no-kartodromo\/\",\"url\":\"https:\/\/www.notibras.com\/site\/beto-salim-o-mestre-cuca-agora-esta-no-kartodromo\/\",\"name\":\"Beto Salim, o mestre-cuca, agora est\u00e1 no kart\u00f3dromo - Notibras\",\"isPartOf\":{\"@id\":\"https:\/\/www.notibras.com\/site\/#website\"},\"primaryImageOfPage\":{\"@id\":\"https:\/\/www.notibras.com\/site\/beto-salim-o-mestre-cuca-agora-esta-no-kartodromo\/#primaryimage\"},\"image\":{\"@id\":\"https:\/\/www.notibras.com\/site\/beto-salim-o-mestre-cuca-agora-esta-no-kartodromo\/#primaryimage\"},\"thumbnailUrl\":\"https:\/\/www.notibras.com\/site\/wp-content\/uploads\/2024\/03\/f8c60b6d-1c14-467f-afa9-e427f551ce62.jpeg\",\"datePublished\":\"2024-03-10T03:04:57+00:00\",\"dateModified\":\"2024-03-10T03:06:26+00:00\",\"breadcrumb\":{\"@id\":\"https:\/\/www.notibras.com\/site\/beto-salim-o-mestre-cuca-agora-esta-no-kartodromo\/#breadcrumb\"},\"inLanguage\":\"pt-BR\",\"potentialAction\":[{\"@type\":\"ReadAction\",\"target\":[\"https:\/\/www.notibras.com\/site\/beto-salim-o-mestre-cuca-agora-esta-no-kartodromo\/\"]}]},{\"@type\":\"ImageObject\",\"inLanguage\":\"pt-BR\",\"@id\":\"https:\/\/www.notibras.com\/site\/beto-salim-o-mestre-cuca-agora-esta-no-kartodromo\/#primaryimage\",\"url\":\"https:\/\/www.notibras.com\/site\/wp-content\/uploads\/2024\/03\/f8c60b6d-1c14-467f-afa9-e427f551ce62.jpeg\",\"contentUrl\":\"https:\/\/www.notibras.com\/site\/wp-content\/uploads\/2024\/03\/f8c60b6d-1c14-467f-afa9-e427f551ce62.jpeg\",\"width\":320,\"height\":240},{\"@type\":\"BreadcrumbList\",\"@id\":\"https:\/\/www.notibras.com\/site\/beto-salim-o-mestre-cuca-agora-esta-no-kartodromo\/#breadcrumb\",\"itemListElement\":[{\"@type\":\"ListItem\",\"position\":1,\"name\":\"In\u00edcio\",\"item\":\"https:\/\/www.notibras.com\/site\/\"},{\"@type\":\"ListItem\",\"position\":2,\"name\":\"Beto Salim, o mestre-cuca, agora est\u00e1 no kart\u00f3dromo\"}]},{\"@type\":\"WebSite\",\"@id\":\"https:\/\/www.notibras.com\/site\/#website\",\"url\":\"https:\/\/www.notibras.com\/site\/\",\"name\":\"Notibras\",\"description\":\"Not\u00edcias de Bras\u00edlia, do Brasil e do Mundo\",\"publisher\":{\"@id\":\"https:\/\/www.notibras.com\/site\/#organization\"},\"potentialAction\":[{\"@type\":\"SearchAction\",\"target\":{\"@type\":\"EntryPoint\",\"urlTemplate\":\"https:\/\/www.notibras.com\/site\/?s={search_term_string}\"},\"query-input\":{\"@type\":\"PropertyValueSpecification\",\"valueRequired\":true,\"valueName\":\"search_term_string\"}}],\"inLanguage\":\"pt-BR\"},{\"@type\":\"Organization\",\"@id\":\"https:\/\/www.notibras.com\/site\/#organization\",\"name\":\"Grupo Notibras de Comunica\u00e7\u00e3o\",\"url\":\"https:\/\/www.notibras.com\/site\/\",\"logo\":{\"@type\":\"ImageObject\",\"inLanguage\":\"pt-BR\",\"@id\":\"https:\/\/www.notibras.com\/site\/#\/schema\/logo\/image\/\",\"url\":\"https:\/\/www.notibras.com\/site\/wp-content\/uploads\/2023\/01\/notibras23.png\",\"contentUrl\":\"https:\/\/www.notibras.com\/site\/wp-content\/uploads\/2023\/01\/notibras23.png\",\"width\":350,\"height\":87,\"caption\":\"Grupo Notibras de Comunica\u00e7\u00e3o\"},\"image\":{\"@id\":\"https:\/\/www.notibras.com\/site\/#\/schema\/logo\/image\/\"},\"sameAs\":[\"https:\/\/www.facebook.com\/notibras\/\",\"https:\/\/x.com\/Notibras\",\"https:\/\/www.instagram.com\/notibras\/\"]},{\"@type\":\"Person\",\"@id\":\"https:\/\/www.notibras.com\/site\/#\/schema\/person\/36ab0979449956132d3e5b517ea76ac8\",\"name\":\"Reda\u00e7\u00e3o\",\"image\":{\"@type\":\"ImageObject\",\"inLanguage\":\"pt-BR\",\"@id\":\"https:\/\/secure.gravatar.com\/avatar\/e0a867bdedb85fd243eadf09663511f96fc81e0720a4a42581f334ad4303aa6b?s=96&d=mm&r=g\",\"url\":\"https:\/\/secure.gravatar.com\/avatar\/e0a867bdedb85fd243eadf09663511f96fc81e0720a4a42581f334ad4303aa6b?s=96&d=mm&r=g\",\"contentUrl\":\"https:\/\/secure.gravatar.com\/avatar\/e0a867bdedb85fd243eadf09663511f96fc81e0720a4a42581f334ad4303aa6b?s=96&d=mm&r=g\",\"caption\":\"Reda\u00e7\u00e3o\"}}]}<\/script>\n<!-- \/ Yoast SEO plugin. -->","yoast_head_json":{"title":"Beto Salim, o mestre-cuca, agora est\u00e1 no kart\u00f3dromo - Notibras","robots":{"index":"index","follow":"follow","max-snippet":"max-snippet:-1","max-image-preview":"max-image-preview:large","max-video-preview":"max-video-preview:-1"},"canonical":"https:\/\/www.notibras.com\/site\/beto-salim-o-mestre-cuca-agora-esta-no-kartodromo\/","og_locale":"pt_BR","og_type":"article","og_title":"Beto Salim, o mestre-cuca, agora est\u00e1 no kart\u00f3dromo - Notibras","og_description":"Apesar da minha fam\u00edlia possuir um longo hist\u00f3rico com massas de todos os tipos, possuo dois fracos quando o assunto \u00e9 comida. A primeira \u00e9 carne de sol com aipim frito e muita manteiga de garrafa. J\u00e1 a segunda, que me faz perder a linha e comer al\u00e9m da conta, \u00e9 a culin\u00e1ria \u00e1rabe. E [&hellip;]","og_url":"https:\/\/www.notibras.com\/site\/beto-salim-o-mestre-cuca-agora-esta-no-kartodromo\/","og_site_name":"Notibras","article_publisher":"https:\/\/www.facebook.com\/notibras\/","article_published_time":"2024-03-10T03:04:57+00:00","article_modified_time":"2024-03-10T03:06:26+00:00","og_image":[{"width":320,"height":240,"url":"https:\/\/www.notibras.com\/site\/wp-content\/uploads\/2024\/03\/f8c60b6d-1c14-467f-afa9-e427f551ce62.jpeg","type":"image\/jpeg"}],"author":"Reda\u00e7\u00e3o","twitter_card":"summary_large_image","twitter_creator":"@Notibras","twitter_site":"@Notibras","twitter_misc":{"Escrito por":"Reda\u00e7\u00e3o","Est. tempo de leitura":"2 minutos"},"schema":{"@context":"https:\/\/schema.org","@graph":[{"@type":"Article","@id":"https:\/\/www.notibras.com\/site\/beto-salim-o-mestre-cuca-agora-esta-no-kartodromo\/#article","isPartOf":{"@id":"https:\/\/www.notibras.com\/site\/beto-salim-o-mestre-cuca-agora-esta-no-kartodromo\/"},"author":{"name":"Reda\u00e7\u00e3o","@id":"https:\/\/www.notibras.com\/site\/#\/schema\/person\/36ab0979449956132d3e5b517ea76ac8"},"headline":"Beto Salim, o mestre-cuca, agora est\u00e1 no kart\u00f3dromo","datePublished":"2024-03-10T03:04:57+00:00","dateModified":"2024-03-10T03:06:26+00:00","mainEntityOfPage":{"@id":"https:\/\/www.notibras.com\/site\/beto-salim-o-mestre-cuca-agora-esta-no-kartodromo\/"},"wordCount":324,"publisher":{"@id":"https:\/\/www.notibras.com\/site\/#organization"},"image":{"@id":"https:\/\/www.notibras.com\/site\/beto-salim-o-mestre-cuca-agora-esta-no-kartodromo\/#primaryimage"},"thumbnailUrl":"https:\/\/www.notibras.com\/site\/wp-content\/uploads\/2024\/03\/f8c60b6d-1c14-467f-afa9-e427f551ce62.jpeg","articleSection":["Quadradinho em Foco"],"inLanguage":"pt-BR"},{"@type":"WebPage","@id":"https:\/\/www.notibras.com\/site\/beto-salim-o-mestre-cuca-agora-esta-no-kartodromo\/","url":"https:\/\/www.notibras.com\/site\/beto-salim-o-mestre-cuca-agora-esta-no-kartodromo\/","name":"Beto Salim, o mestre-cuca, agora est\u00e1 no kart\u00f3dromo - Notibras","isPartOf":{"@id":"https:\/\/www.notibras.com\/site\/#website"},"primaryImageOfPage":{"@id":"https:\/\/www.notibras.com\/site\/beto-salim-o-mestre-cuca-agora-esta-no-kartodromo\/#primaryimage"},"image":{"@id":"https:\/\/www.notibras.com\/site\/beto-salim-o-mestre-cuca-agora-esta-no-kartodromo\/#primaryimage"},"thumbnailUrl":"https:\/\/www.notibras.com\/site\/wp-content\/uploads\/2024\/03\/f8c60b6d-1c14-467f-afa9-e427f551ce62.jpeg","datePublished":"2024-03-10T03:04:57+00:00","dateModified":"2024-03-10T03:06:26+00:00","breadcrumb":{"@id":"https:\/\/www.notibras.com\/site\/beto-salim-o-mestre-cuca-agora-esta-no-kartodromo\/#breadcrumb"},"inLanguage":"pt-BR","potentialAction":[{"@type":"ReadAction","target":["https:\/\/www.notibras.com\/site\/beto-salim-o-mestre-cuca-agora-esta-no-kartodromo\/"]}]},{"@type":"ImageObject","inLanguage":"pt-BR","@id":"https:\/\/www.notibras.com\/site\/beto-salim-o-mestre-cuca-agora-esta-no-kartodromo\/#primaryimage","url":"https:\/\/www.notibras.com\/site\/wp-content\/uploads\/2024\/03\/f8c60b6d-1c14-467f-afa9-e427f551ce62.jpeg","contentUrl":"https:\/\/www.notibras.com\/site\/wp-content\/uploads\/2024\/03\/f8c60b6d-1c14-467f-afa9-e427f551ce62.jpeg","width":320,"height":240},{"@type":"BreadcrumbList","@id":"https:\/\/www.notibras.com\/site\/beto-salim-o-mestre-cuca-agora-esta-no-kartodromo\/#breadcrumb","itemListElement":[{"@type":"ListItem","position":1,"name":"In\u00edcio","item":"https:\/\/www.notibras.com\/site\/"},{"@type":"ListItem","position":2,"name":"Beto Salim, o mestre-cuca, agora est\u00e1 no kart\u00f3dromo"}]},{"@type":"WebSite","@id":"https:\/\/www.notibras.com\/site\/#website","url":"https:\/\/www.notibras.com\/site\/","name":"Notibras","description":"Not\u00edcias de Bras\u00edlia, do Brasil e do Mundo","publisher":{"@id":"https:\/\/www.notibras.com\/site\/#organization"},"potentialAction":[{"@type":"SearchAction","target":{"@type":"EntryPoint","urlTemplate":"https:\/\/www.notibras.com\/site\/?s={search_term_string}"},"query-input":{"@type":"PropertyValueSpecification","valueRequired":true,"valueName":"search_term_string"}}],"inLanguage":"pt-BR"},{"@type":"Organization","@id":"https:\/\/www.notibras.com\/site\/#organization","name":"Grupo Notibras de Comunica\u00e7\u00e3o","url":"https:\/\/www.notibras.com\/site\/","logo":{"@type":"ImageObject","inLanguage":"pt-BR","@id":"https:\/\/www.notibras.com\/site\/#\/schema\/logo\/image\/","url":"https:\/\/www.notibras.com\/site\/wp-content\/uploads\/2023\/01\/notibras23.png","contentUrl":"https:\/\/www.notibras.com\/site\/wp-content\/uploads\/2023\/01\/notibras23.png","width":350,"height":87,"caption":"Grupo Notibras de Comunica\u00e7\u00e3o"},"image":{"@id":"https:\/\/www.notibras.com\/site\/#\/schema\/logo\/image\/"},"sameAs":["https:\/\/www.facebook.com\/notibras\/","https:\/\/x.com\/Notibras","https:\/\/www.instagram.com\/notibras\/"]},{"@type":"Person","@id":"https:\/\/www.notibras.com\/site\/#\/schema\/person\/36ab0979449956132d3e5b517ea76ac8","name":"Reda\u00e7\u00e3o","image":{"@type":"ImageObject","inLanguage":"pt-BR","@id":"https:\/\/secure.gravatar.com\/avatar\/e0a867bdedb85fd243eadf09663511f96fc81e0720a4a42581f334ad4303aa6b?s=96&d=mm&r=g","url":"https:\/\/secure.gravatar.com\/avatar\/e0a867bdedb85fd243eadf09663511f96fc81e0720a4a42581f334ad4303aa6b?s=96&d=mm&r=g","contentUrl":"https:\/\/secure.gravatar.com\/avatar\/e0a867bdedb85fd243eadf09663511f96fc81e0720a4a42581f334ad4303aa6b?s=96&d=mm&r=g","caption":"Reda\u00e7\u00e3o"}}]}},"amp_enabled":true,"_links":{"self":[{"href":"https:\/\/www.notibras.com\/site\/wp-json\/wp\/v2\/posts\/324272","targetHints":{"allow":["GET"]}}],"collection":[{"href":"https:\/\/www.notibras.com\/site\/wp-json\/wp\/v2\/posts"}],"about":[{"href":"https:\/\/www.notibras.com\/site\/wp-json\/wp\/v2\/types\/post"}],"author":[{"embeddable":true,"href":"https:\/\/www.notibras.com\/site\/wp-json\/wp\/v2\/users\/2"}],"replies":[{"embeddable":true,"href":"https:\/\/www.notibras.com\/site\/wp-json\/wp\/v2\/comments?post=324272"}],"version-history":[{"count":1,"href":"https:\/\/www.notibras.com\/site\/wp-json\/wp\/v2\/posts\/324272\/revisions"}],"predecessor-version":[{"id":324274,"href":"https:\/\/www.notibras.com\/site\/wp-json\/wp\/v2\/posts\/324272\/revisions\/324274"}],"wp:featuredmedia":[{"embeddable":true,"href":"https:\/\/www.notibras.com\/site\/wp-json\/wp\/v2\/media\/324273"}],"wp:attachment":[{"href":"https:\/\/www.notibras.com\/site\/wp-json\/wp\/v2\/media?parent=324272"}],"wp:term":[{"taxonomy":"category","embeddable":true,"href":"https:\/\/www.notibras.com\/site\/wp-json\/wp\/v2\/categories?post=324272"},{"taxonomy":"post_tag","embeddable":true,"href":"https:\/\/www.notibras.com\/site\/wp-json\/wp\/v2\/tags?post=324272"}],"curies":[{"name":"wp","href":"https:\/\/api.w.org\/{rel}","templated":true}]}}