{"id":324323,"date":"2024-03-11T00:00:47","date_gmt":"2024-03-11T03:00:47","guid":{"rendered":"https:\/\/www.notibras.com\/site\/?p=324323"},"modified":"2024-03-11T04:55:34","modified_gmt":"2024-03-11T07:55:34","slug":"cpi-tenta-exorcizar-fantasma-criado-pela-braskem","status":"publish","type":"post","link":"https:\/\/www.notibras.com\/site\/cpi-tenta-exorcizar-fantasma-criado-pela-braskem\/","title":{"rendered":"CPI tenta exorcizar fantasma criado pela Braskem"},"content":{"rendered":"<p>A Comiss\u00e3o Parlamentar de Inqu\u00e9rito (CPI) da Braskem ouvir\u00e1 na quarta-feira (13) os depoimentos de respons\u00e1veis por atividades de monitoramento e fiscaliza\u00e7\u00e3o em Macei\u00f3. O colegiado investiga danos ambientais e urbanos na capital alagoana e as a\u00e7\u00f5es de explora\u00e7\u00e3o realizadas pela mineradora Braskem.<\/p>\n<p>No encontro, os senadores ouvir\u00e3o Gustavo Ressurrei\u00e7\u00e3o Lopes, diretor-presidente do Instituto do Meio Ambiente (IMA), em Alagoas, desde 2015. Entre as fun\u00e7\u00f5es desempenhadas pelo IMA, est\u00e1 a avalia\u00e7\u00e3o e libera\u00e7\u00e3o de licenciamentos ambientais.<\/p>\n<p>Tamb\u00e9m ser\u00e1 realizada, no mesmo dia, a oitiva de Abelardo Pedro Nobre J\u00fanior, secret\u00e1rio respons\u00e1vel pela Defesa Civil do munic\u00edpio de Macei\u00f3. As compet\u00eancias do \u00f3rg\u00e3o incluem reduzir os riscos de desastres, promover a fiscaliza\u00e7\u00e3o das \u00e1reas de risco e realizar a\u00e7\u00f5es de preven\u00e7\u00e3o.<\/p>\n<p>O monitoramento da regi\u00e3o com chances de colapso tamb\u00e9m \u00e9 desempenhado pela Defesa Civil, que atua ainda no apoio ao isolamento de \u00e1reas comprometidas e na desocupa\u00e7\u00e3o da popula\u00e7\u00e3o nos locais afetados.<\/p>\n<p>As convoca\u00e7\u00f5es dos depoentes foram propostas pelos senadores Rodrigo Cunha (Podemos-AL), Otto Alencar (PSD-BA) e Rog\u00e9rio Carvalho (PT-SE), que \u00e9 o relator da CPI. O encontro ser\u00e1 a quarta reuni\u00e3o da CPI dedicada a oitivas. Nesta fase inicial, o colegiado tem ouvido t\u00e9cnicos e integrantes de \u00f3rg\u00e3os especializados.<\/p>\n<p>A comiss\u00e3o foi criada para investigar a rela\u00e7\u00e3o da mineradora Braskem com os efeitos de afundamento do solo em bairros pr\u00f3ximos a minas de explora\u00e7\u00e3o de sal-gema da empresa.<\/p>\n<p>A CPI tamb\u00e9m analisa as consequ\u00eancias sociais e ambientais das atividades de minera\u00e7\u00e3o na \u00e1rea, que registra abalos e tremores desde 2018. O prazo inicial de funcionamento da CPI \u00e9 at\u00e9 o dia 22 de maio, podendo ser prorrogado.<\/p>\n","protected":false},"excerpt":{"rendered":"<p>A Comiss\u00e3o Parlamentar de Inqu\u00e9rito (CPI) da Braskem ouvir\u00e1 na quarta-feira (13) os depoimentos de respons\u00e1veis por atividades de monitoramento e fiscaliza\u00e7\u00e3o em Macei\u00f3. O colegiado investiga danos ambientais e urbanos na capital alagoana e as a\u00e7\u00f5es de explora\u00e7\u00e3o realizadas pela mineradora Braskem. No encontro, os senadores ouvir\u00e3o Gustavo Ressurrei\u00e7\u00e3o Lopes, diretor-presidente do Instituto do [&hellip;]<\/p>\n","protected":false},"author":2,"featured_media":324324,"comment_status":"closed","ping_status":"closed","sticky":false,"template":"","format":"standard","meta":{"_acf_changed":false,"footnotes":""},"categories":[166,165],"tags":[],"class_list":["post-324323","post","type-post","status-publish","format-standard","has-post-thumbnail","hentry","category-alagoas","category-nordeste"],"acf":[],"yoast_head":"<!-- This site is optimized with the Yoast SEO plugin v27.2 - https:\/\/yoast.com\/product\/yoast-seo-wordpress\/ -->\n<title>CPI tenta exorcizar fantasma criado pela Braskem - Notibras<\/title>\n<meta name=\"robots\" content=\"index, follow, max-snippet:-1, max-image-preview:large, max-video-preview:-1\" \/>\n<link rel=\"canonical\" href=\"https:\/\/www.notibras.com\/site\/cpi-tenta-exorcizar-fantasma-criado-pela-braskem\/\" \/>\n<meta property=\"og:locale\" content=\"pt_BR\" \/>\n<meta property=\"og:type\" content=\"article\" \/>\n<meta property=\"og:title\" content=\"CPI tenta exorcizar fantasma criado pela Braskem - Notibras\" \/>\n<meta property=\"og:description\" content=\"A Comiss\u00e3o Parlamentar de Inqu\u00e9rito (CPI) da Braskem ouvir\u00e1 na quarta-feira (13) os depoimentos de respons\u00e1veis por atividades de monitoramento e fiscaliza\u00e7\u00e3o em Macei\u00f3. O colegiado investiga danos ambientais e urbanos na capital alagoana e as a\u00e7\u00f5es de explora\u00e7\u00e3o realizadas pela mineradora Braskem. No encontro, os senadores ouvir\u00e3o Gustavo Ressurrei\u00e7\u00e3o Lopes, diretor-presidente do Instituto do [&hellip;]\" \/>\n<meta property=\"og:url\" content=\"https:\/\/www.notibras.com\/site\/cpi-tenta-exorcizar-fantasma-criado-pela-braskem\/\" \/>\n<meta property=\"og:site_name\" content=\"Notibras\" \/>\n<meta property=\"article:publisher\" content=\"https:\/\/www.facebook.com\/notibras\/\" \/>\n<meta property=\"article:published_time\" content=\"2024-03-11T03:00:47+00:00\" \/>\n<meta property=\"article:modified_time\" content=\"2024-03-11T07:55:34+00:00\" \/>\n<meta property=\"og:image\" content=\"https:\/\/www.notibras.com\/site\/wp-content\/uploads\/2024\/03\/imagem_materia-12.jpeg\" \/>\n\t<meta property=\"og:image:width\" content=\"860\" \/>\n\t<meta property=\"og:image:height\" content=\"570\" \/>\n\t<meta property=\"og:image:type\" content=\"image\/jpeg\" \/>\n<meta name=\"author\" content=\"Reda\u00e7\u00e3o\" \/>\n<meta name=\"twitter:card\" content=\"summary_large_image\" \/>\n<meta name=\"twitter:creator\" content=\"@Notibras\" \/>\n<meta name=\"twitter:site\" content=\"@Notibras\" \/>\n<meta name=\"twitter:label1\" content=\"Escrito por\" \/>\n\t<meta name=\"twitter:data1\" content=\"Reda\u00e7\u00e3o\" \/>\n\t<meta name=\"twitter:label2\" content=\"Est. tempo de leitura\" \/>\n\t<meta name=\"twitter:data2\" content=\"2 minutos\" \/>\n<script type=\"application\/ld+json\" class=\"yoast-schema-graph\">{\"@context\":\"https:\/\/schema.org\",\"@graph\":[{\"@type\":\"Article\",\"@id\":\"https:\/\/www.notibras.com\/site\/cpi-tenta-exorcizar-fantasma-criado-pela-braskem\/#article\",\"isPartOf\":{\"@id\":\"https:\/\/www.notibras.com\/site\/cpi-tenta-exorcizar-fantasma-criado-pela-braskem\/\"},\"author\":{\"name\":\"Reda\u00e7\u00e3o\",\"@id\":\"https:\/\/www.notibras.com\/site\/#\/schema\/person\/36ab0979449956132d3e5b517ea76ac8\"},\"headline\":\"CPI tenta exorcizar fantasma criado pela Braskem\",\"datePublished\":\"2024-03-11T03:00:47+00:00\",\"dateModified\":\"2024-03-11T07:55:34+00:00\",\"mainEntityOfPage\":{\"@id\":\"https:\/\/www.notibras.com\/site\/cpi-tenta-exorcizar-fantasma-criado-pela-braskem\/\"},\"wordCount\":305,\"publisher\":{\"@id\":\"https:\/\/www.notibras.com\/site\/#organization\"},\"image\":{\"@id\":\"https:\/\/www.notibras.com\/site\/cpi-tenta-exorcizar-fantasma-criado-pela-braskem\/#primaryimage\"},\"thumbnailUrl\":\"https:\/\/www.notibras.com\/site\/wp-content\/uploads\/2024\/03\/imagem_materia-12.jpeg\",\"articleSection\":[\"Alagoas\",\"Nordeste\"],\"inLanguage\":\"pt-BR\"},{\"@type\":\"WebPage\",\"@id\":\"https:\/\/www.notibras.com\/site\/cpi-tenta-exorcizar-fantasma-criado-pela-braskem\/\",\"url\":\"https:\/\/www.notibras.com\/site\/cpi-tenta-exorcizar-fantasma-criado-pela-braskem\/\",\"name\":\"CPI tenta exorcizar fantasma criado pela Braskem - Notibras\",\"isPartOf\":{\"@id\":\"https:\/\/www.notibras.com\/site\/#website\"},\"primaryImageOfPage\":{\"@id\":\"https:\/\/www.notibras.com\/site\/cpi-tenta-exorcizar-fantasma-criado-pela-braskem\/#primaryimage\"},\"image\":{\"@id\":\"https:\/\/www.notibras.com\/site\/cpi-tenta-exorcizar-fantasma-criado-pela-braskem\/#primaryimage\"},\"thumbnailUrl\":\"https:\/\/www.notibras.com\/site\/wp-content\/uploads\/2024\/03\/imagem_materia-12.jpeg\",\"datePublished\":\"2024-03-11T03:00:47+00:00\",\"dateModified\":\"2024-03-11T07:55:34+00:00\",\"breadcrumb\":{\"@id\":\"https:\/\/www.notibras.com\/site\/cpi-tenta-exorcizar-fantasma-criado-pela-braskem\/#breadcrumb\"},\"inLanguage\":\"pt-BR\",\"potentialAction\":[{\"@type\":\"ReadAction\",\"target\":[\"https:\/\/www.notibras.com\/site\/cpi-tenta-exorcizar-fantasma-criado-pela-braskem\/\"]}]},{\"@type\":\"ImageObject\",\"inLanguage\":\"pt-BR\",\"@id\":\"https:\/\/www.notibras.com\/site\/cpi-tenta-exorcizar-fantasma-criado-pela-braskem\/#primaryimage\",\"url\":\"https:\/\/www.notibras.com\/site\/wp-content\/uploads\/2024\/03\/imagem_materia-12.jpeg\",\"contentUrl\":\"https:\/\/www.notibras.com\/site\/wp-content\/uploads\/2024\/03\/imagem_materia-12.jpeg\",\"width\":860,\"height\":570},{\"@type\":\"BreadcrumbList\",\"@id\":\"https:\/\/www.notibras.com\/site\/cpi-tenta-exorcizar-fantasma-criado-pela-braskem\/#breadcrumb\",\"itemListElement\":[{\"@type\":\"ListItem\",\"position\":1,\"name\":\"In\u00edcio\",\"item\":\"https:\/\/www.notibras.com\/site\/\"},{\"@type\":\"ListItem\",\"position\":2,\"name\":\"CPI tenta exorcizar fantasma criado pela Braskem\"}]},{\"@type\":\"WebSite\",\"@id\":\"https:\/\/www.notibras.com\/site\/#website\",\"url\":\"https:\/\/www.notibras.com\/site\/\",\"name\":\"Notibras\",\"description\":\"Not\u00edcias de Bras\u00edlia, do Brasil e do Mundo\",\"publisher\":{\"@id\":\"https:\/\/www.notibras.com\/site\/#organization\"},\"potentialAction\":[{\"@type\":\"SearchAction\",\"target\":{\"@type\":\"EntryPoint\",\"urlTemplate\":\"https:\/\/www.notibras.com\/site\/?s={search_term_string}\"},\"query-input\":{\"@type\":\"PropertyValueSpecification\",\"valueRequired\":true,\"valueName\":\"search_term_string\"}}],\"inLanguage\":\"pt-BR\"},{\"@type\":\"Organization\",\"@id\":\"https:\/\/www.notibras.com\/site\/#organization\",\"name\":\"Grupo Notibras de Comunica\u00e7\u00e3o\",\"url\":\"https:\/\/www.notibras.com\/site\/\",\"logo\":{\"@type\":\"ImageObject\",\"inLanguage\":\"pt-BR\",\"@id\":\"https:\/\/www.notibras.com\/site\/#\/schema\/logo\/image\/\",\"url\":\"https:\/\/www.notibras.com\/site\/wp-content\/uploads\/2023\/01\/notibras23.png\",\"contentUrl\":\"https:\/\/www.notibras.com\/site\/wp-content\/uploads\/2023\/01\/notibras23.png\",\"width\":350,\"height\":87,\"caption\":\"Grupo Notibras de Comunica\u00e7\u00e3o\"},\"image\":{\"@id\":\"https:\/\/www.notibras.com\/site\/#\/schema\/logo\/image\/\"},\"sameAs\":[\"https:\/\/www.facebook.com\/notibras\/\",\"https:\/\/x.com\/Notibras\",\"https:\/\/www.instagram.com\/notibras\/\"]},{\"@type\":\"Person\",\"@id\":\"https:\/\/www.notibras.com\/site\/#\/schema\/person\/36ab0979449956132d3e5b517ea76ac8\",\"name\":\"Reda\u00e7\u00e3o\",\"image\":{\"@type\":\"ImageObject\",\"inLanguage\":\"pt-BR\",\"@id\":\"https:\/\/secure.gravatar.com\/avatar\/e0a867bdedb85fd243eadf09663511f96fc81e0720a4a42581f334ad4303aa6b?s=96&d=mm&r=g\",\"url\":\"https:\/\/secure.gravatar.com\/avatar\/e0a867bdedb85fd243eadf09663511f96fc81e0720a4a42581f334ad4303aa6b?s=96&d=mm&r=g\",\"contentUrl\":\"https:\/\/secure.gravatar.com\/avatar\/e0a867bdedb85fd243eadf09663511f96fc81e0720a4a42581f334ad4303aa6b?s=96&d=mm&r=g\",\"caption\":\"Reda\u00e7\u00e3o\"}}]}<\/script>\n<!-- \/ Yoast SEO plugin. -->","yoast_head_json":{"title":"CPI tenta exorcizar fantasma criado pela Braskem - Notibras","robots":{"index":"index","follow":"follow","max-snippet":"max-snippet:-1","max-image-preview":"max-image-preview:large","max-video-preview":"max-video-preview:-1"},"canonical":"https:\/\/www.notibras.com\/site\/cpi-tenta-exorcizar-fantasma-criado-pela-braskem\/","og_locale":"pt_BR","og_type":"article","og_title":"CPI tenta exorcizar fantasma criado pela Braskem - Notibras","og_description":"A Comiss\u00e3o Parlamentar de Inqu\u00e9rito (CPI) da Braskem ouvir\u00e1 na quarta-feira (13) os depoimentos de respons\u00e1veis por atividades de monitoramento e fiscaliza\u00e7\u00e3o em Macei\u00f3. O colegiado investiga danos ambientais e urbanos na capital alagoana e as a\u00e7\u00f5es de explora\u00e7\u00e3o realizadas pela mineradora Braskem. No encontro, os senadores ouvir\u00e3o Gustavo Ressurrei\u00e7\u00e3o Lopes, diretor-presidente do Instituto do [&hellip;]","og_url":"https:\/\/www.notibras.com\/site\/cpi-tenta-exorcizar-fantasma-criado-pela-braskem\/","og_site_name":"Notibras","article_publisher":"https:\/\/www.facebook.com\/notibras\/","article_published_time":"2024-03-11T03:00:47+00:00","article_modified_time":"2024-03-11T07:55:34+00:00","og_image":[{"width":860,"height":570,"url":"https:\/\/www.notibras.com\/site\/wp-content\/uploads\/2024\/03\/imagem_materia-12.jpeg","type":"image\/jpeg"}],"author":"Reda\u00e7\u00e3o","twitter_card":"summary_large_image","twitter_creator":"@Notibras","twitter_site":"@Notibras","twitter_misc":{"Escrito por":"Reda\u00e7\u00e3o","Est. tempo de leitura":"2 minutos"},"schema":{"@context":"https:\/\/schema.org","@graph":[{"@type":"Article","@id":"https:\/\/www.notibras.com\/site\/cpi-tenta-exorcizar-fantasma-criado-pela-braskem\/#article","isPartOf":{"@id":"https:\/\/www.notibras.com\/site\/cpi-tenta-exorcizar-fantasma-criado-pela-braskem\/"},"author":{"name":"Reda\u00e7\u00e3o","@id":"https:\/\/www.notibras.com\/site\/#\/schema\/person\/36ab0979449956132d3e5b517ea76ac8"},"headline":"CPI tenta exorcizar fantasma criado pela Braskem","datePublished":"2024-03-11T03:00:47+00:00","dateModified":"2024-03-11T07:55:34+00:00","mainEntityOfPage":{"@id":"https:\/\/www.notibras.com\/site\/cpi-tenta-exorcizar-fantasma-criado-pela-braskem\/"},"wordCount":305,"publisher":{"@id":"https:\/\/www.notibras.com\/site\/#organization"},"image":{"@id":"https:\/\/www.notibras.com\/site\/cpi-tenta-exorcizar-fantasma-criado-pela-braskem\/#primaryimage"},"thumbnailUrl":"https:\/\/www.notibras.com\/site\/wp-content\/uploads\/2024\/03\/imagem_materia-12.jpeg","articleSection":["Alagoas","Nordeste"],"inLanguage":"pt-BR"},{"@type":"WebPage","@id":"https:\/\/www.notibras.com\/site\/cpi-tenta-exorcizar-fantasma-criado-pela-braskem\/","url":"https:\/\/www.notibras.com\/site\/cpi-tenta-exorcizar-fantasma-criado-pela-braskem\/","name":"CPI tenta exorcizar fantasma criado pela Braskem - Notibras","isPartOf":{"@id":"https:\/\/www.notibras.com\/site\/#website"},"primaryImageOfPage":{"@id":"https:\/\/www.notibras.com\/site\/cpi-tenta-exorcizar-fantasma-criado-pela-braskem\/#primaryimage"},"image":{"@id":"https:\/\/www.notibras.com\/site\/cpi-tenta-exorcizar-fantasma-criado-pela-braskem\/#primaryimage"},"thumbnailUrl":"https:\/\/www.notibras.com\/site\/wp-content\/uploads\/2024\/03\/imagem_materia-12.jpeg","datePublished":"2024-03-11T03:00:47+00:00","dateModified":"2024-03-11T07:55:34+00:00","breadcrumb":{"@id":"https:\/\/www.notibras.com\/site\/cpi-tenta-exorcizar-fantasma-criado-pela-braskem\/#breadcrumb"},"inLanguage":"pt-BR","potentialAction":[{"@type":"ReadAction","target":["https:\/\/www.notibras.com\/site\/cpi-tenta-exorcizar-fantasma-criado-pela-braskem\/"]}]},{"@type":"ImageObject","inLanguage":"pt-BR","@id":"https:\/\/www.notibras.com\/site\/cpi-tenta-exorcizar-fantasma-criado-pela-braskem\/#primaryimage","url":"https:\/\/www.notibras.com\/site\/wp-content\/uploads\/2024\/03\/imagem_materia-12.jpeg","contentUrl":"https:\/\/www.notibras.com\/site\/wp-content\/uploads\/2024\/03\/imagem_materia-12.jpeg","width":860,"height":570},{"@type":"BreadcrumbList","@id":"https:\/\/www.notibras.com\/site\/cpi-tenta-exorcizar-fantasma-criado-pela-braskem\/#breadcrumb","itemListElement":[{"@type":"ListItem","position":1,"name":"In\u00edcio","item":"https:\/\/www.notibras.com\/site\/"},{"@type":"ListItem","position":2,"name":"CPI tenta exorcizar fantasma criado pela Braskem"}]},{"@type":"WebSite","@id":"https:\/\/www.notibras.com\/site\/#website","url":"https:\/\/www.notibras.com\/site\/","name":"Notibras","description":"Not\u00edcias de Bras\u00edlia, do Brasil e do Mundo","publisher":{"@id":"https:\/\/www.notibras.com\/site\/#organization"},"potentialAction":[{"@type":"SearchAction","target":{"@type":"EntryPoint","urlTemplate":"https:\/\/www.notibras.com\/site\/?s={search_term_string}"},"query-input":{"@type":"PropertyValueSpecification","valueRequired":true,"valueName":"search_term_string"}}],"inLanguage":"pt-BR"},{"@type":"Organization","@id":"https:\/\/www.notibras.com\/site\/#organization","name":"Grupo Notibras de Comunica\u00e7\u00e3o","url":"https:\/\/www.notibras.com\/site\/","logo":{"@type":"ImageObject","inLanguage":"pt-BR","@id":"https:\/\/www.notibras.com\/site\/#\/schema\/logo\/image\/","url":"https:\/\/www.notibras.com\/site\/wp-content\/uploads\/2023\/01\/notibras23.png","contentUrl":"https:\/\/www.notibras.com\/site\/wp-content\/uploads\/2023\/01\/notibras23.png","width":350,"height":87,"caption":"Grupo Notibras de Comunica\u00e7\u00e3o"},"image":{"@id":"https:\/\/www.notibras.com\/site\/#\/schema\/logo\/image\/"},"sameAs":["https:\/\/www.facebook.com\/notibras\/","https:\/\/x.com\/Notibras","https:\/\/www.instagram.com\/notibras\/"]},{"@type":"Person","@id":"https:\/\/www.notibras.com\/site\/#\/schema\/person\/36ab0979449956132d3e5b517ea76ac8","name":"Reda\u00e7\u00e3o","image":{"@type":"ImageObject","inLanguage":"pt-BR","@id":"https:\/\/secure.gravatar.com\/avatar\/e0a867bdedb85fd243eadf09663511f96fc81e0720a4a42581f334ad4303aa6b?s=96&d=mm&r=g","url":"https:\/\/secure.gravatar.com\/avatar\/e0a867bdedb85fd243eadf09663511f96fc81e0720a4a42581f334ad4303aa6b?s=96&d=mm&r=g","contentUrl":"https:\/\/secure.gravatar.com\/avatar\/e0a867bdedb85fd243eadf09663511f96fc81e0720a4a42581f334ad4303aa6b?s=96&d=mm&r=g","caption":"Reda\u00e7\u00e3o"}}]}},"amp_enabled":true,"_links":{"self":[{"href":"https:\/\/www.notibras.com\/site\/wp-json\/wp\/v2\/posts\/324323","targetHints":{"allow":["GET"]}}],"collection":[{"href":"https:\/\/www.notibras.com\/site\/wp-json\/wp\/v2\/posts"}],"about":[{"href":"https:\/\/www.notibras.com\/site\/wp-json\/wp\/v2\/types\/post"}],"author":[{"embeddable":true,"href":"https:\/\/www.notibras.com\/site\/wp-json\/wp\/v2\/users\/2"}],"replies":[{"embeddable":true,"href":"https:\/\/www.notibras.com\/site\/wp-json\/wp\/v2\/comments?post=324323"}],"version-history":[{"count":1,"href":"https:\/\/www.notibras.com\/site\/wp-json\/wp\/v2\/posts\/324323\/revisions"}],"predecessor-version":[{"id":324325,"href":"https:\/\/www.notibras.com\/site\/wp-json\/wp\/v2\/posts\/324323\/revisions\/324325"}],"wp:featuredmedia":[{"embeddable":true,"href":"https:\/\/www.notibras.com\/site\/wp-json\/wp\/v2\/media\/324324"}],"wp:attachment":[{"href":"https:\/\/www.notibras.com\/site\/wp-json\/wp\/v2\/media?parent=324323"}],"wp:term":[{"taxonomy":"category","embeddable":true,"href":"https:\/\/www.notibras.com\/site\/wp-json\/wp\/v2\/categories?post=324323"},{"taxonomy":"post_tag","embeddable":true,"href":"https:\/\/www.notibras.com\/site\/wp-json\/wp\/v2\/tags?post=324323"}],"curies":[{"name":"wp","href":"https:\/\/api.w.org\/{rel}","templated":true}]}}