{"id":324352,"date":"2024-03-11T00:00:32","date_gmt":"2024-03-11T03:00:32","guid":{"rendered":"https:\/\/www.notibras.com\/site\/?p=324352"},"modified":"2024-03-11T06:36:31","modified_gmt":"2024-03-11T09:36:31","slug":"emater-quer-mulheres-do-campo-mais-empoderadas","status":"publish","type":"post","link":"https:\/\/www.notibras.com\/site\/emater-quer-mulheres-do-campo-mais-empoderadas\/","title":{"rendered":"Emater quer mulheres do campo mais empoderadas"},"content":{"rendered":"<p>O trabalho da Emater-DF para a mulher rural vai al\u00e9m do atendimento voltado \u00e0 produ\u00e7\u00e3o rural. Colocar a mulher num local de autonomia financeira e empoderamento tem norteado as atividades de assist\u00eancia t\u00e9cnica e extens\u00e3o rural (Ater) e as parcerias com institui\u00e7\u00f5es p\u00fablicas, como a Secretaria da Mulher (SMDF) e o Tribunal de Justi\u00e7a do DF e Territ\u00f3rios (TJDF).<\/p>\n<p>Do lado da produ\u00e7\u00e3o agr\u00edcola, os dados de cadastro da Emater-DF apontam para o n\u00famero de 7.341 produtoras rurais em todo o DF. Dessas, em 2023, 5.554 mulheres foram atendidas por meio de Ater, que correspondem a 38,2% de todo o p\u00fablico atendido. Al\u00e9m disso, existem 16.497 propriedades cadastradas, sendo que desse total 5.379 propriedades t\u00eam mulheres como propriet\u00e1rias ou copropriet\u00e1rias. Dessa forma, a semana do Dia Internacional da Mulher \u00e9 o momento de reafirmar a import\u00e2ncia de empoderar as produtoras rurais que, de acordo com a Organiza\u00e7\u00e3o das Na\u00e7\u00f5es Unidas para Alimenta\u00e7\u00e3o e Agricultura (FAO), s\u00e3o as grandes respons\u00e1veis pela preserva\u00e7\u00e3o da biodiversidade, pela garantia da soberania e da seguran\u00e7a alimentar e pela produ\u00e7\u00e3o de alimentos saud\u00e1veis.<\/p>\n<p>A diretora-executiva da Emater-DF, Loiselene Trindade, ressalta o compromisso da empresa junto \u00e0s produtoras rurais, entre todos os trabalhos realizados, pela busca da igualdade de g\u00eanero, em atendimento aos objetivos de desenvolvimento sustent\u00e1vel (ODS) da Organiza\u00e7\u00e3o das Na\u00e7\u00f5es Unidas (ONU). Esse trabalho passa por inserir a mulher jovem, adulta e idosa em atividades de capacita\u00e7\u00e3o para melhoria tanto na produ\u00e7\u00e3o agr\u00edcola como nas produ\u00e7\u00f5es n\u00e3o agr\u00edcolas, para que possam contribuir com a gera\u00e7\u00e3o e aumento da renda familiar.<\/p>\n<p>\u201cMuito tem sido feito para levar autonomia e desenvolvimento \u00e0s mulheres rurais, como prioriz\u00e1-las nas pol\u00edticas p\u00fablicas de compras governamentais e na concess\u00e3o dos documentos de posse das terras. Isso reflete diretamente no empoderamento dessas mulheres, que precisam ser qualificadas e capacitadas para que se desenvolvam e se reconhe\u00e7am diante desse empoderamento. No entanto, ainda existem desafios que precisam ser vencidos. A Emater-DF tem feito diversos trabalhos, como empreendedorismo, sess\u00f5es de conversa e integra\u00e7\u00e3o para que as mulheres se reconhe\u00e7am nesse papel e essa \u00e9 uma preocupa\u00e7\u00e3o constante que precisamos ter. Outra quest\u00e3o n\u00e3o menos importante \u00e9 viol\u00eancia contra a mulher, f\u00edsica, moral, psicol\u00f3gica e patrimonial, que \u00e9 urgente combater\u201d, declarou Loiselene Trindade.<\/p>\n<p>A dirigente informou tamb\u00e9m que a Emater-DF tem feito diversas parcerias com a SMDF e com o TJDFT para levar conhecimento e oportunidade para essas mulheres, visando combater definitivamente a viol\u00eancia no campo contra as mulheres e meninas rurais. \u201cDiferente das mulheres urbanas, as mulheres do campo t\u00eam dificuldades de fazerem as notifica\u00e7\u00f5es de viol\u00eancia e por essa raz\u00e3o precisam ser ouvidas\u201d, finalizou.<\/p>\n<p><strong>Sess\u00f5es de conversa<\/strong><br \/>\nEm 2022, a Emater-DF iniciou o Programa Terapia Comunit\u00e1ria Integrativa (TCI), com o objetivo de levar acolhimento, apoio e escuta \u00e0s mulheres rurais de S\u00e3o Sebasti\u00e3o, PAD-DF, Rio Preto, Vargem Bonita e Taquara, com idade entre 19 e 59 anos, em sua maioria. A TCI \u00e9 um espa\u00e7o terap\u00eautico de fala e escuta com participa\u00e7\u00e3o horizontal das mulheres que est\u00e1 promovendo uma transforma\u00e7\u00e3o quanto \u00e0 autoestima, ao empoderamento individual e do grupo, a ajudas m\u00fatuas, fortalecendo la\u00e7os, promovendo confian\u00e7a, coopera\u00e7\u00e3o e melhorando a organiza\u00e7\u00e3o na produ\u00e7\u00e3o e comercializa\u00e7\u00e3o dos produtos agr\u00edcolas.<\/p>\n<p>Em 2023, foram realizadas 23 sess\u00f5es de TCI com a participa\u00e7\u00e3o de 80 mulheres. As conversas s\u00e3o uma pr\u00e1tica coletiva que visa a sa\u00fade mental, a integra\u00e7\u00e3o, a coletividade e momentos de partilha das dores e supera\u00e7\u00f5es. A produtora rural Roselita Urani Camargo produz biscoitos caseiros e \u00e9 novata nos encontros de TCI. A morte da m\u00e3e a deixou sem ch\u00e3o, pois era a pessoa que experimentava e aprovava as fornadas e novas receitas de biscoitos. \u201cEstava sem perspectiva, perdida, e foi a Emater-DF que me deu coragem e confian\u00e7a no meu trabalho. Participei de apenas uma sess\u00e3o e sa\u00ed gratificada por tanta coisa que tenho aprendido\u201d, falou Rosinha, como \u00e9 conhecida.<\/p>\n<p>A condu\u00e7\u00e3o dos trabalhos \u00e9 coordenada pela extensionista da Emater-DF, Maria Bezerra, juntamente com terapeutas volunt\u00e1rias. \u201cAs mulheres rurais est\u00e3o longe do centro urbano e \u00e0s vezes est\u00e3o numa condi\u00e7\u00e3o de invisibilidade, convivendo com dores e sofrimentos que levam \u00e0 improdutividade, descren\u00e7a e perda da autoestima. Portanto, \u00e9 nossa miss\u00e3o buscar meios de resgate e empoderamento da mulher rural. O lema da TCI \u00e9 \u201cquando a boca fala, os \u00f3rg\u00e3os saram\u201d, assim, durante as sess\u00f5es de conversa utilizam recursos da cultura local, como a empatia, a escuta amorosa, e as estrat\u00e9gias de supera\u00e7\u00e3o para ajudarem as mulheres e comunidade superarem os desafios individuais e coletivos\u201d, finalizou.<\/p>\n<p><strong>Mulheres nas cadeias produtivas<\/strong><br \/>\nDe olho no desenvolvimento econ\u00f4mico e autonomia das produtoras rurais, os extensionistas da Emater-DF desenvolvem atividades di\u00e1rias nas diversas cadeias agr\u00edcolas e n\u00e3o agr\u00edcolas. As primeiras com maior participa\u00e7\u00e3o feminina s\u00e3o: bovinocultura, floricultura, avicultura, olericultura, agricultura org\u00e2nica e agroecologia, totalizando 1.138, 769, 1.388, 2.226, 709 e 720, respectivamente. J\u00e1 nas atividades n\u00e3o agr\u00edcolas, que compreendem agroind\u00fastria, artesanato e turismo, a Emater-DF atendeu 3.054 pessoas, sendo 1.300 mulheres, totalizando 43,7% do p\u00fablico geral atendido.<\/p>\n<p>A produtora rural Mariazinha Porto dos Santos (38), moradora do Assentamento 15 de Agosto, em S\u00e3o Sebasti\u00e3o, divide os cuidados com a produ\u00e7\u00e3o de hortali\u00e7as, cuidando da casa e dos tr\u00eas filhos, de 11, 6 anos e apenas 11 meses. A fam\u00edlia \u00e9 assentada h\u00e1 10 anos, quando Mariazinha decidiu deixar o trabalho de diarista para se transformar em produtora rural e viver da terra. Apesar de o marido lhe ajudar com a produ\u00e7\u00e3o org\u00e2nica de alface, cenoura, salsinha, cebolinha, br\u00f3colis, couve e batata-doce que vendem para o PAA h\u00e1 cinco anos, n\u00e3o \u00e9 f\u00e1cil dar conta de todos os afazeres.<\/p>\n<p>\u201cA dificuldade \u00e9 grande, mas a for\u00e7a que a mulher tem para enfrentar \u00e9 maior. Eu cuido da terra, planto, colho e vendo, limpo a casa, cuido dos meninos, mando para a escola e fa\u00e7o a comida. Meu marido trabalhava fora e era mais dif\u00edcil, agora cuidamos juntos da planta\u00e7\u00e3o, o que facilita muito. Dois cuidando \u00e9 mais f\u00e1cil. Mas a m\u00e3o da mulher faz a diferen\u00e7a, apesar de que tem coisas que \u00e9 mais complicado quando se trata de mulher, como comprar insumos, comercializar. Quando eu penso que em 40 dias posso ver a produ\u00e7\u00e3o do meu trabalho e colocar comida saud\u00e1vel na mesa \u00e9 prazeroso, apesar de tudo. E, como m\u00e3e, transfiro todo dia esse conhecimento pros meus filhos\u201d, disse Mariazinha.<\/p>\n<p>Assim como ela, h\u00e1 muitas mulheres na regi\u00e3o e em todo o DF que s\u00e3o atendidas pela Emater-DF e vivem o desafio de dividirem o trabalho rural, que compreende todas as etapas da cadeia produtiva, como plantar, adubar, irrigar, colher e comercializar, com as atividades dom\u00e9sticas e cuidados com os filhos e fam\u00edlia. H\u00e1 ainda aquelas produtoras rurais que s\u00e3o as \u00fanicas mantenedoras da casa e precisam realizar todas essas atividades sozinhas. A gerente do escrit\u00f3rio local da Emater-DF em S\u00e3o Sebasti\u00e3o, Ma\u00edra Andrade, que \u00e9 m\u00e3e de um casal de filhos e tamb\u00e9m divide seu dia com trabalho, casa e fam\u00edlia, observa que o governo tem muitas pol\u00edticas de incentivo \u00e0s produtoras rurais, como prefer\u00eancia na abertura do calend\u00e1rio dos programas de compras governamentais.<\/p>\n<p>\u201cNosso trabalho de assist\u00eancia t\u00e9cnica junto a essas mulheres \u00e9 muito mais que assist\u00eancia t\u00e9cnica e extens\u00e3o rural e levar a autonomia financeira e empoderamento. Passa tamb\u00e9m por dar apoio, pois muitas vezes temos de saber ouvir suas queixas e desabafos, levar pol\u00edticas p\u00fablicas e, assim, tentar minimizar as dificuldades de fazerem quase tudo sozinhas. Por isso, implementamos uma vez por semana ou a cada 15 dias os mutir\u00f5es de plantio, aduba\u00e7\u00e3o e tratos culturais. S\u00e3o mulheres ajudando outras mulheres, um trabalho de empatia e sororidade\u201d, declarou Ma\u00edra Andrade.<\/p>\n","protected":false},"excerpt":{"rendered":"<p>O trabalho da Emater-DF para a mulher rural vai al\u00e9m do atendimento voltado \u00e0 produ\u00e7\u00e3o rural. Colocar a mulher num local de autonomia financeira e empoderamento tem norteado as atividades de assist\u00eancia t\u00e9cnica e extens\u00e3o rural (Ater) e as parcerias com institui\u00e7\u00f5es p\u00fablicas, como a Secretaria da Mulher (SMDF) e o Tribunal de Justi\u00e7a do [&hellip;]<\/p>\n","protected":false},"author":2,"featured_media":301574,"comment_status":"closed","ping_status":"closed","sticky":false,"template":"","format":"standard","meta":{"_acf_changed":false,"footnotes":""},"categories":[161],"tags":[],"class_list":["post-324352","post","type-post","status-publish","format-standard","has-post-thumbnail","hentry","category-quadradinho-em-foco"],"acf":[],"yoast_head":"<!-- This site is optimized with the Yoast SEO plugin v27.5 - https:\/\/yoast.com\/product\/yoast-seo-wordpress\/ -->\n<title>Emater quer mulheres do campo mais empoderadas - Notibras<\/title>\n<meta name=\"robots\" content=\"index, follow, max-snippet:-1, max-image-preview:large, max-video-preview:-1\" \/>\n<link rel=\"canonical\" href=\"https:\/\/www.notibras.com\/site\/emater-quer-mulheres-do-campo-mais-empoderadas\/\" \/>\n<meta property=\"og:locale\" content=\"pt_BR\" \/>\n<meta property=\"og:type\" content=\"article\" \/>\n<meta property=\"og:title\" content=\"Emater quer mulheres do campo mais empoderadas - Notibras\" \/>\n<meta property=\"og:description\" content=\"O trabalho da Emater-DF para a mulher rural vai al\u00e9m do atendimento voltado \u00e0 produ\u00e7\u00e3o rural. Colocar a mulher num local de autonomia financeira e empoderamento tem norteado as atividades de assist\u00eancia t\u00e9cnica e extens\u00e3o rural (Ater) e as parcerias com institui\u00e7\u00f5es p\u00fablicas, como a Secretaria da Mulher (SMDF) e o Tribunal de Justi\u00e7a do [&hellip;]\" \/>\n<meta property=\"og:url\" content=\"https:\/\/www.notibras.com\/site\/emater-quer-mulheres-do-campo-mais-empoderadas\/\" \/>\n<meta property=\"og:site_name\" content=\"Notibras\" \/>\n<meta property=\"article:publisher\" content=\"https:\/\/www.facebook.com\/notibras\/\" \/>\n<meta property=\"article:published_time\" content=\"2024-03-11T03:00:32+00:00\" \/>\n<meta property=\"article:modified_time\" content=\"2024-03-11T09:36:31+00:00\" \/>\n<meta property=\"og:image\" content=\"https:\/\/www.notibras.com\/site\/wp-content\/uploads\/2023\/03\/a-mulher-do-agricultor-olha-o-tabaco-no-campo_1150-5860.jpg\" \/>\n\t<meta property=\"og:image:width\" content=\"626\" \/>\n\t<meta property=\"og:image:height\" content=\"417\" \/>\n\t<meta property=\"og:image:type\" content=\"image\/jpeg\" \/>\n<meta name=\"author\" content=\"Reda\u00e7\u00e3o\" \/>\n<meta name=\"twitter:card\" content=\"summary_large_image\" \/>\n<meta name=\"twitter:creator\" content=\"@Notibras\" \/>\n<meta name=\"twitter:site\" content=\"@Notibras\" \/>\n<meta name=\"twitter:label1\" content=\"Escrito por\" \/>\n\t<meta name=\"twitter:data1\" content=\"Reda\u00e7\u00e3o\" \/>\n\t<meta name=\"twitter:label2\" content=\"Est. tempo de leitura\" \/>\n\t<meta name=\"twitter:data2\" content=\"8 minutos\" \/>\n<script type=\"application\/ld+json\" class=\"yoast-schema-graph\">{\"@context\":\"https:\\\/\\\/schema.org\",\"@graph\":[{\"@type\":\"Article\",\"@id\":\"https:\\\/\\\/www.notibras.com\\\/site\\\/emater-quer-mulheres-do-campo-mais-empoderadas\\\/#article\",\"isPartOf\":{\"@id\":\"https:\\\/\\\/www.notibras.com\\\/site\\\/emater-quer-mulheres-do-campo-mais-empoderadas\\\/\"},\"author\":{\"name\":\"Reda\u00e7\u00e3o\",\"@id\":\"https:\\\/\\\/www.notibras.com\\\/site\\\/#\\\/schema\\\/person\\\/36ab0979449956132d3e5b517ea76ac8\"},\"headline\":\"Emater quer mulheres do campo mais empoderadas\",\"datePublished\":\"2024-03-11T03:00:32+00:00\",\"dateModified\":\"2024-03-11T09:36:31+00:00\",\"mainEntityOfPage\":{\"@id\":\"https:\\\/\\\/www.notibras.com\\\/site\\\/emater-quer-mulheres-do-campo-mais-empoderadas\\\/\"},\"wordCount\":1370,\"publisher\":{\"@id\":\"https:\\\/\\\/www.notibras.com\\\/site\\\/#organization\"},\"image\":{\"@id\":\"https:\\\/\\\/www.notibras.com\\\/site\\\/emater-quer-mulheres-do-campo-mais-empoderadas\\\/#primaryimage\"},\"thumbnailUrl\":\"https:\\\/\\\/www.notibras.com\\\/site\\\/wp-content\\\/uploads\\\/2023\\\/03\\\/a-mulher-do-agricultor-olha-o-tabaco-no-campo_1150-5860.jpg\",\"articleSection\":[\"Quadradinho em Foco\"],\"inLanguage\":\"pt-BR\"},{\"@type\":\"WebPage\",\"@id\":\"https:\\\/\\\/www.notibras.com\\\/site\\\/emater-quer-mulheres-do-campo-mais-empoderadas\\\/\",\"url\":\"https:\\\/\\\/www.notibras.com\\\/site\\\/emater-quer-mulheres-do-campo-mais-empoderadas\\\/\",\"name\":\"Emater quer mulheres do campo mais empoderadas - Notibras\",\"isPartOf\":{\"@id\":\"https:\\\/\\\/www.notibras.com\\\/site\\\/#website\"},\"primaryImageOfPage\":{\"@id\":\"https:\\\/\\\/www.notibras.com\\\/site\\\/emater-quer-mulheres-do-campo-mais-empoderadas\\\/#primaryimage\"},\"image\":{\"@id\":\"https:\\\/\\\/www.notibras.com\\\/site\\\/emater-quer-mulheres-do-campo-mais-empoderadas\\\/#primaryimage\"},\"thumbnailUrl\":\"https:\\\/\\\/www.notibras.com\\\/site\\\/wp-content\\\/uploads\\\/2023\\\/03\\\/a-mulher-do-agricultor-olha-o-tabaco-no-campo_1150-5860.jpg\",\"datePublished\":\"2024-03-11T03:00:32+00:00\",\"dateModified\":\"2024-03-11T09:36:31+00:00\",\"breadcrumb\":{\"@id\":\"https:\\\/\\\/www.notibras.com\\\/site\\\/emater-quer-mulheres-do-campo-mais-empoderadas\\\/#breadcrumb\"},\"inLanguage\":\"pt-BR\",\"potentialAction\":[{\"@type\":\"ReadAction\",\"target\":[\"https:\\\/\\\/www.notibras.com\\\/site\\\/emater-quer-mulheres-do-campo-mais-empoderadas\\\/\"]}]},{\"@type\":\"ImageObject\",\"inLanguage\":\"pt-BR\",\"@id\":\"https:\\\/\\\/www.notibras.com\\\/site\\\/emater-quer-mulheres-do-campo-mais-empoderadas\\\/#primaryimage\",\"url\":\"https:\\\/\\\/www.notibras.com\\\/site\\\/wp-content\\\/uploads\\\/2023\\\/03\\\/a-mulher-do-agricultor-olha-o-tabaco-no-campo_1150-5860.jpg\",\"contentUrl\":\"https:\\\/\\\/www.notibras.com\\\/site\\\/wp-content\\\/uploads\\\/2023\\\/03\\\/a-mulher-do-agricultor-olha-o-tabaco-no-campo_1150-5860.jpg\",\"width\":626,\"height\":417},{\"@type\":\"BreadcrumbList\",\"@id\":\"https:\\\/\\\/www.notibras.com\\\/site\\\/emater-quer-mulheres-do-campo-mais-empoderadas\\\/#breadcrumb\",\"itemListElement\":[{\"@type\":\"ListItem\",\"position\":1,\"name\":\"In\u00edcio\",\"item\":\"https:\\\/\\\/www.notibras.com\\\/site\\\/\"},{\"@type\":\"ListItem\",\"position\":2,\"name\":\"Emater quer mulheres do campo mais empoderadas\"}]},{\"@type\":\"WebSite\",\"@id\":\"https:\\\/\\\/www.notibras.com\\\/site\\\/#website\",\"url\":\"https:\\\/\\\/www.notibras.com\\\/site\\\/\",\"name\":\"Notibras\",\"description\":\"Not\u00edcias de Bras\u00edlia, do Brasil e do Mundo\",\"publisher\":{\"@id\":\"https:\\\/\\\/www.notibras.com\\\/site\\\/#organization\"},\"potentialAction\":[{\"@type\":\"SearchAction\",\"target\":{\"@type\":\"EntryPoint\",\"urlTemplate\":\"https:\\\/\\\/www.notibras.com\\\/site\\\/?s={search_term_string}\"},\"query-input\":{\"@type\":\"PropertyValueSpecification\",\"valueRequired\":true,\"valueName\":\"search_term_string\"}}],\"inLanguage\":\"pt-BR\"},{\"@type\":\"Organization\",\"@id\":\"https:\\\/\\\/www.notibras.com\\\/site\\\/#organization\",\"name\":\"Grupo Notibras de Comunica\u00e7\u00e3o\",\"url\":\"https:\\\/\\\/www.notibras.com\\\/site\\\/\",\"logo\":{\"@type\":\"ImageObject\",\"inLanguage\":\"pt-BR\",\"@id\":\"https:\\\/\\\/www.notibras.com\\\/site\\\/#\\\/schema\\\/logo\\\/image\\\/\",\"url\":\"https:\\\/\\\/www.notibras.com\\\/site\\\/wp-content\\\/uploads\\\/2023\\\/01\\\/notibras23.png\",\"contentUrl\":\"https:\\\/\\\/www.notibras.com\\\/site\\\/wp-content\\\/uploads\\\/2023\\\/01\\\/notibras23.png\",\"width\":350,\"height\":87,\"caption\":\"Grupo Notibras de Comunica\u00e7\u00e3o\"},\"image\":{\"@id\":\"https:\\\/\\\/www.notibras.com\\\/site\\\/#\\\/schema\\\/logo\\\/image\\\/\"},\"sameAs\":[\"https:\\\/\\\/www.facebook.com\\\/notibras\\\/\",\"https:\\\/\\\/x.com\\\/Notibras\",\"https:\\\/\\\/www.instagram.com\\\/notibras\\\/\"]},{\"@type\":\"Person\",\"@id\":\"https:\\\/\\\/www.notibras.com\\\/site\\\/#\\\/schema\\\/person\\\/36ab0979449956132d3e5b517ea76ac8\",\"name\":\"Reda\u00e7\u00e3o\",\"image\":{\"@type\":\"ImageObject\",\"inLanguage\":\"pt-BR\",\"@id\":\"https:\\\/\\\/secure.gravatar.com\\\/avatar\\\/e0a867bdedb85fd243eadf09663511f96fc81e0720a4a42581f334ad4303aa6b?s=96&d=mm&r=g\",\"url\":\"https:\\\/\\\/secure.gravatar.com\\\/avatar\\\/e0a867bdedb85fd243eadf09663511f96fc81e0720a4a42581f334ad4303aa6b?s=96&d=mm&r=g\",\"contentUrl\":\"https:\\\/\\\/secure.gravatar.com\\\/avatar\\\/e0a867bdedb85fd243eadf09663511f96fc81e0720a4a42581f334ad4303aa6b?s=96&d=mm&r=g\",\"caption\":\"Reda\u00e7\u00e3o\"}}]}<\/script>\n<!-- \/ Yoast SEO plugin. -->","yoast_head_json":{"title":"Emater quer mulheres do campo mais empoderadas - Notibras","robots":{"index":"index","follow":"follow","max-snippet":"max-snippet:-1","max-image-preview":"max-image-preview:large","max-video-preview":"max-video-preview:-1"},"canonical":"https:\/\/www.notibras.com\/site\/emater-quer-mulheres-do-campo-mais-empoderadas\/","og_locale":"pt_BR","og_type":"article","og_title":"Emater quer mulheres do campo mais empoderadas - Notibras","og_description":"O trabalho da Emater-DF para a mulher rural vai al\u00e9m do atendimento voltado \u00e0 produ\u00e7\u00e3o rural. Colocar a mulher num local de autonomia financeira e empoderamento tem norteado as atividades de assist\u00eancia t\u00e9cnica e extens\u00e3o rural (Ater) e as parcerias com institui\u00e7\u00f5es p\u00fablicas, como a Secretaria da Mulher (SMDF) e o Tribunal de Justi\u00e7a do [&hellip;]","og_url":"https:\/\/www.notibras.com\/site\/emater-quer-mulheres-do-campo-mais-empoderadas\/","og_site_name":"Notibras","article_publisher":"https:\/\/www.facebook.com\/notibras\/","article_published_time":"2024-03-11T03:00:32+00:00","article_modified_time":"2024-03-11T09:36:31+00:00","og_image":[{"width":626,"height":417,"url":"https:\/\/www.notibras.com\/site\/wp-content\/uploads\/2023\/03\/a-mulher-do-agricultor-olha-o-tabaco-no-campo_1150-5860.jpg","type":"image\/jpeg"}],"author":"Reda\u00e7\u00e3o","twitter_card":"summary_large_image","twitter_creator":"@Notibras","twitter_site":"@Notibras","twitter_misc":{"Escrito por":"Reda\u00e7\u00e3o","Est. tempo de leitura":"8 minutos"},"schema":{"@context":"https:\/\/schema.org","@graph":[{"@type":"Article","@id":"https:\/\/www.notibras.com\/site\/emater-quer-mulheres-do-campo-mais-empoderadas\/#article","isPartOf":{"@id":"https:\/\/www.notibras.com\/site\/emater-quer-mulheres-do-campo-mais-empoderadas\/"},"author":{"name":"Reda\u00e7\u00e3o","@id":"https:\/\/www.notibras.com\/site\/#\/schema\/person\/36ab0979449956132d3e5b517ea76ac8"},"headline":"Emater quer mulheres do campo mais empoderadas","datePublished":"2024-03-11T03:00:32+00:00","dateModified":"2024-03-11T09:36:31+00:00","mainEntityOfPage":{"@id":"https:\/\/www.notibras.com\/site\/emater-quer-mulheres-do-campo-mais-empoderadas\/"},"wordCount":1370,"publisher":{"@id":"https:\/\/www.notibras.com\/site\/#organization"},"image":{"@id":"https:\/\/www.notibras.com\/site\/emater-quer-mulheres-do-campo-mais-empoderadas\/#primaryimage"},"thumbnailUrl":"https:\/\/www.notibras.com\/site\/wp-content\/uploads\/2023\/03\/a-mulher-do-agricultor-olha-o-tabaco-no-campo_1150-5860.jpg","articleSection":["Quadradinho em Foco"],"inLanguage":"pt-BR"},{"@type":"WebPage","@id":"https:\/\/www.notibras.com\/site\/emater-quer-mulheres-do-campo-mais-empoderadas\/","url":"https:\/\/www.notibras.com\/site\/emater-quer-mulheres-do-campo-mais-empoderadas\/","name":"Emater quer mulheres do campo mais empoderadas - Notibras","isPartOf":{"@id":"https:\/\/www.notibras.com\/site\/#website"},"primaryImageOfPage":{"@id":"https:\/\/www.notibras.com\/site\/emater-quer-mulheres-do-campo-mais-empoderadas\/#primaryimage"},"image":{"@id":"https:\/\/www.notibras.com\/site\/emater-quer-mulheres-do-campo-mais-empoderadas\/#primaryimage"},"thumbnailUrl":"https:\/\/www.notibras.com\/site\/wp-content\/uploads\/2023\/03\/a-mulher-do-agricultor-olha-o-tabaco-no-campo_1150-5860.jpg","datePublished":"2024-03-11T03:00:32+00:00","dateModified":"2024-03-11T09:36:31+00:00","breadcrumb":{"@id":"https:\/\/www.notibras.com\/site\/emater-quer-mulheres-do-campo-mais-empoderadas\/#breadcrumb"},"inLanguage":"pt-BR","potentialAction":[{"@type":"ReadAction","target":["https:\/\/www.notibras.com\/site\/emater-quer-mulheres-do-campo-mais-empoderadas\/"]}]},{"@type":"ImageObject","inLanguage":"pt-BR","@id":"https:\/\/www.notibras.com\/site\/emater-quer-mulheres-do-campo-mais-empoderadas\/#primaryimage","url":"https:\/\/www.notibras.com\/site\/wp-content\/uploads\/2023\/03\/a-mulher-do-agricultor-olha-o-tabaco-no-campo_1150-5860.jpg","contentUrl":"https:\/\/www.notibras.com\/site\/wp-content\/uploads\/2023\/03\/a-mulher-do-agricultor-olha-o-tabaco-no-campo_1150-5860.jpg","width":626,"height":417},{"@type":"BreadcrumbList","@id":"https:\/\/www.notibras.com\/site\/emater-quer-mulheres-do-campo-mais-empoderadas\/#breadcrumb","itemListElement":[{"@type":"ListItem","position":1,"name":"In\u00edcio","item":"https:\/\/www.notibras.com\/site\/"},{"@type":"ListItem","position":2,"name":"Emater quer mulheres do campo mais empoderadas"}]},{"@type":"WebSite","@id":"https:\/\/www.notibras.com\/site\/#website","url":"https:\/\/www.notibras.com\/site\/","name":"Notibras","description":"Not\u00edcias de Bras\u00edlia, do Brasil e do Mundo","publisher":{"@id":"https:\/\/www.notibras.com\/site\/#organization"},"potentialAction":[{"@type":"SearchAction","target":{"@type":"EntryPoint","urlTemplate":"https:\/\/www.notibras.com\/site\/?s={search_term_string}"},"query-input":{"@type":"PropertyValueSpecification","valueRequired":true,"valueName":"search_term_string"}}],"inLanguage":"pt-BR"},{"@type":"Organization","@id":"https:\/\/www.notibras.com\/site\/#organization","name":"Grupo Notibras de Comunica\u00e7\u00e3o","url":"https:\/\/www.notibras.com\/site\/","logo":{"@type":"ImageObject","inLanguage":"pt-BR","@id":"https:\/\/www.notibras.com\/site\/#\/schema\/logo\/image\/","url":"https:\/\/www.notibras.com\/site\/wp-content\/uploads\/2023\/01\/notibras23.png","contentUrl":"https:\/\/www.notibras.com\/site\/wp-content\/uploads\/2023\/01\/notibras23.png","width":350,"height":87,"caption":"Grupo Notibras de Comunica\u00e7\u00e3o"},"image":{"@id":"https:\/\/www.notibras.com\/site\/#\/schema\/logo\/image\/"},"sameAs":["https:\/\/www.facebook.com\/notibras\/","https:\/\/x.com\/Notibras","https:\/\/www.instagram.com\/notibras\/"]},{"@type":"Person","@id":"https:\/\/www.notibras.com\/site\/#\/schema\/person\/36ab0979449956132d3e5b517ea76ac8","name":"Reda\u00e7\u00e3o","image":{"@type":"ImageObject","inLanguage":"pt-BR","@id":"https:\/\/secure.gravatar.com\/avatar\/e0a867bdedb85fd243eadf09663511f96fc81e0720a4a42581f334ad4303aa6b?s=96&d=mm&r=g","url":"https:\/\/secure.gravatar.com\/avatar\/e0a867bdedb85fd243eadf09663511f96fc81e0720a4a42581f334ad4303aa6b?s=96&d=mm&r=g","contentUrl":"https:\/\/secure.gravatar.com\/avatar\/e0a867bdedb85fd243eadf09663511f96fc81e0720a4a42581f334ad4303aa6b?s=96&d=mm&r=g","caption":"Reda\u00e7\u00e3o"}}]}},"amp_enabled":true,"_links":{"self":[{"href":"https:\/\/www.notibras.com\/site\/wp-json\/wp\/v2\/posts\/324352","targetHints":{"allow":["GET"]}}],"collection":[{"href":"https:\/\/www.notibras.com\/site\/wp-json\/wp\/v2\/posts"}],"about":[{"href":"https:\/\/www.notibras.com\/site\/wp-json\/wp\/v2\/types\/post"}],"author":[{"embeddable":true,"href":"https:\/\/www.notibras.com\/site\/wp-json\/wp\/v2\/users\/2"}],"replies":[{"embeddable":true,"href":"https:\/\/www.notibras.com\/site\/wp-json\/wp\/v2\/comments?post=324352"}],"version-history":[{"count":1,"href":"https:\/\/www.notibras.com\/site\/wp-json\/wp\/v2\/posts\/324352\/revisions"}],"predecessor-version":[{"id":324353,"href":"https:\/\/www.notibras.com\/site\/wp-json\/wp\/v2\/posts\/324352\/revisions\/324353"}],"wp:featuredmedia":[{"embeddable":true,"href":"https:\/\/www.notibras.com\/site\/wp-json\/wp\/v2\/media\/301574"}],"wp:attachment":[{"href":"https:\/\/www.notibras.com\/site\/wp-json\/wp\/v2\/media?parent=324352"}],"wp:term":[{"taxonomy":"category","embeddable":true,"href":"https:\/\/www.notibras.com\/site\/wp-json\/wp\/v2\/categories?post=324352"},{"taxonomy":"post_tag","embeddable":true,"href":"https:\/\/www.notibras.com\/site\/wp-json\/wp\/v2\/tags?post=324352"}],"curies":[{"name":"wp","href":"https:\/\/api.w.org\/{rel}","templated":true}]}}