{"id":324354,"date":"2024-03-11T00:01:23","date_gmt":"2024-03-11T03:01:23","guid":{"rendered":"https:\/\/www.notibras.com\/site\/?p=324354"},"modified":"2024-03-11T06:41:24","modified_gmt":"2024-03-11T09:41:24","slug":"criancas-e-adolescentes-ficarao-em-observacao-apos-vacina","status":"publish","type":"post","link":"https:\/\/www.notibras.com\/site\/criancas-e-adolescentes-ficarao-em-observacao-apos-vacina\/","title":{"rendered":"Crian\u00e7as e adolescentes ficar\u00e3o em observa\u00e7\u00e3o ap\u00f3s vacina"},"content":{"rendered":"<p>A Secretaria de Sa\u00fade refor\u00e7ou os procedimentos de seguran\u00e7a para a aplica\u00e7\u00e3o de vacinas contra a dengue. Agora, as crian\u00e7as e adolescentes de 10 a 14 anos devem passar 15 minutos em observa\u00e7\u00e3o na unidade de sa\u00fade ap\u00f3s o recebimento da dose. Quem tem hist\u00f3rico de rea\u00e7\u00f5es al\u00e9rgicas graves ter\u00e1 que aguardar 30 minutos at\u00e9 a libera\u00e7\u00e3o.<\/p>\n<p>A medida foi tomada por recomenda\u00e7\u00e3o do Minist\u00e9rio da Sa\u00fade (MS), ap\u00f3s serem notificados seis casos de rea\u00e7\u00f5es al\u00e9rgicas graves supostamente relacionados \u00e0 vacina\u00e7\u00e3o, sendo dois deles no DF. \u201cA situa\u00e7\u00e3o \u00e9 rara, foram dois casos em 47 mil doses aplicadas. Ainda assim, nossa vigil\u00e2ncia est\u00e1 atenta e refor\u00e7amos os procedimentos\u201d, afirma a secret\u00e1ria de Sa\u00fade, Lucilene Flor\u00eancio.<\/p>\n<p>A gestora lembra ainda que a incid\u00eancia de dengue na capital federal \u00e9 de 3870,2 casos para cada grupo de 100 mil pessoas \u2013 n\u00famero bem superior ao registrado de rea\u00e7\u00f5es graves ao imunizante. \u201cA vacina\u00e7\u00e3o \u00e9 segura e convidamos as fam\u00edlias de crian\u00e7as e adolescentes de 10 a 14 anos para garantir essa prote\u00e7\u00e3o\u201d, acrescenta.<\/p>\n<p>Nas salas de vacina, al\u00e9m do tempo de espera ap\u00f3s a aplica\u00e7\u00e3o das doses, antes da imuniza\u00e7\u00e3o, os servidores ir\u00e3o refor\u00e7ar as orienta\u00e7\u00f5es a respeito do hist\u00f3rico de alergias. H\u00e1, ainda, a capacidade para atender rapidamente a eventuais rea\u00e7\u00f5es al\u00e9rgicas. Por fim, haver\u00e1 um intervalo m\u00ednimo de 24 horas para que o grupo priorit\u00e1rio receba qualquer dose do esquema vacinal contra outras doen\u00e7as.<\/p>\n<p>As medidas ajudam a garantir uma resposta r\u00e1pida e efetiva no caso de rea\u00e7\u00e3o p\u00f3s-vacina\u00e7\u00e3o, minimizando o risco \u00e0s pessoas imunizadas e auxiliando na seguran\u00e7a da vacina\u00e7\u00e3o em geral.<\/p>\n<p>Todas essas orienta\u00e7\u00f5es adicionais foram aprovadas pelo Comit\u00ea Interinstitucional de Farmacovigil\u00e2ncia de Vacinas e outros Imunobiol\u00f3gicos (Cifavi), formado por servidores de diversos setores da SES-DF, como vigil\u00e2ncia epidemiol\u00f3gica, infectologia e pediatria, al\u00e9m de representantes da Sociedade Brasileira de Imuniza\u00e7\u00f5es no DF e da Sociedade de Infectologia do DF.<\/p>\n<p>Segundo a gerente da Rede de Frio Central da SES-DF, Tereza Luiza Pereira, as novas medidas s\u00e3o consideradas como precau\u00e7\u00f5es. \u201cO Brasil foi o primeiro pa\u00eds a introduzir a vacina\u00e7\u00e3o em massa contra a dengue e, diante da introdu\u00e7\u00e3o de uma nova vacina, eventos adversos inesperados podem ser identificados a partir da farmacovigil\u00e2ncia efetiva,\u201d diz. Por isso, foi refor\u00e7ado o cuidado para a correta identifica\u00e7\u00e3o de rea\u00e7\u00f5es graves. \u201cSe ocorrer algo, a equipe de sa\u00fade est\u00e1 preparada para reconhecer e atender aos usu\u00e1rios\u201d, lembra.<\/p>\n<p>Vale ressaltar que todas as demais vacinas dispon\u00edveis, incluindo as doses contra a covid-19, continuam \u00e0 disposi\u00e7\u00e3o normalmente, conforme preconizado pelo MS.<\/p>\n","protected":false},"excerpt":{"rendered":"<p>A Secretaria de Sa\u00fade refor\u00e7ou os procedimentos de seguran\u00e7a para a aplica\u00e7\u00e3o de vacinas contra a dengue. Agora, as crian\u00e7as e adolescentes de 10 a 14 anos devem passar 15 minutos em observa\u00e7\u00e3o na unidade de sa\u00fade ap\u00f3s o recebimento da dose. Quem tem hist\u00f3rico de rea\u00e7\u00f5es al\u00e9rgicas graves ter\u00e1 que aguardar 30 minutos at\u00e9 [&hellip;]<\/p>\n","protected":false},"author":2,"featured_media":324355,"comment_status":"closed","ping_status":"closed","sticky":false,"template":"","format":"standard","meta":{"_acf_changed":false,"footnotes":""},"categories":[161],"tags":[],"class_list":["post-324354","post","type-post","status-publish","format-standard","has-post-thumbnail","hentry","category-quadradinho-em-foco"],"acf":[],"yoast_head":"<!-- This site is optimized with the Yoast SEO plugin v27.5 - https:\/\/yoast.com\/product\/yoast-seo-wordpress\/ -->\n<title>Crian\u00e7as e adolescentes ficar\u00e3o em observa\u00e7\u00e3o ap\u00f3s vacina - Notibras<\/title>\n<meta name=\"robots\" content=\"index, follow, max-snippet:-1, max-image-preview:large, max-video-preview:-1\" \/>\n<link rel=\"canonical\" href=\"https:\/\/www.notibras.com\/site\/criancas-e-adolescentes-ficarao-em-observacao-apos-vacina\/\" \/>\n<meta property=\"og:locale\" content=\"pt_BR\" \/>\n<meta property=\"og:type\" content=\"article\" \/>\n<meta property=\"og:title\" content=\"Crian\u00e7as e adolescentes ficar\u00e3o em observa\u00e7\u00e3o ap\u00f3s vacina - Notibras\" \/>\n<meta property=\"og:description\" content=\"A Secretaria de Sa\u00fade refor\u00e7ou os procedimentos de seguran\u00e7a para a aplica\u00e7\u00e3o de vacinas contra a dengue. Agora, as crian\u00e7as e adolescentes de 10 a 14 anos devem passar 15 minutos em observa\u00e7\u00e3o na unidade de sa\u00fade ap\u00f3s o recebimento da dose. Quem tem hist\u00f3rico de rea\u00e7\u00f5es al\u00e9rgicas graves ter\u00e1 que aguardar 30 minutos at\u00e9 [&hellip;]\" \/>\n<meta property=\"og:url\" content=\"https:\/\/www.notibras.com\/site\/criancas-e-adolescentes-ficarao-em-observacao-apos-vacina\/\" \/>\n<meta property=\"og:site_name\" content=\"Notibras\" \/>\n<meta property=\"article:publisher\" content=\"https:\/\/www.facebook.com\/notibras\/\" \/>\n<meta property=\"article:published_time\" content=\"2024-03-11T03:01:23+00:00\" \/>\n<meta property=\"article:modified_time\" content=\"2024-03-11T09:41:24+00:00\" \/>\n<meta property=\"og:image\" content=\"https:\/\/www.notibras.com\/site\/wp-content\/uploads\/2024\/03\/06_-_Valdir_Amorin_e_Raquel_Amorin_-09.3.2024_-_Dia_D_Sao_Sebastiao_-_Foto_Sandro_Araujo_24-1536x1024-1.jpg\" \/>\n\t<meta property=\"og:image:width\" content=\"1536\" \/>\n\t<meta property=\"og:image:height\" content=\"1024\" \/>\n\t<meta property=\"og:image:type\" content=\"image\/jpeg\" \/>\n<meta name=\"author\" content=\"Reda\u00e7\u00e3o\" \/>\n<meta name=\"twitter:card\" content=\"summary_large_image\" \/>\n<meta name=\"twitter:creator\" content=\"@Notibras\" \/>\n<meta name=\"twitter:site\" content=\"@Notibras\" \/>\n<meta name=\"twitter:label1\" content=\"Escrito por\" \/>\n\t<meta name=\"twitter:data1\" content=\"Reda\u00e7\u00e3o\" \/>\n\t<meta name=\"twitter:label2\" content=\"Est. tempo de leitura\" \/>\n\t<meta name=\"twitter:data2\" content=\"3 minutos\" \/>\n<script type=\"application\/ld+json\" class=\"yoast-schema-graph\">{\"@context\":\"https:\\\/\\\/schema.org\",\"@graph\":[{\"@type\":\"Article\",\"@id\":\"https:\\\/\\\/www.notibras.com\\\/site\\\/criancas-e-adolescentes-ficarao-em-observacao-apos-vacina\\\/#article\",\"isPartOf\":{\"@id\":\"https:\\\/\\\/www.notibras.com\\\/site\\\/criancas-e-adolescentes-ficarao-em-observacao-apos-vacina\\\/\"},\"author\":{\"name\":\"Reda\u00e7\u00e3o\",\"@id\":\"https:\\\/\\\/www.notibras.com\\\/site\\\/#\\\/schema\\\/person\\\/36ab0979449956132d3e5b517ea76ac8\"},\"headline\":\"Crian\u00e7as e adolescentes ficar\u00e3o em observa\u00e7\u00e3o ap\u00f3s vacina\",\"datePublished\":\"2024-03-11T03:01:23+00:00\",\"dateModified\":\"2024-03-11T09:41:24+00:00\",\"mainEntityOfPage\":{\"@id\":\"https:\\\/\\\/www.notibras.com\\\/site\\\/criancas-e-adolescentes-ficarao-em-observacao-apos-vacina\\\/\"},\"wordCount\":484,\"publisher\":{\"@id\":\"https:\\\/\\\/www.notibras.com\\\/site\\\/#organization\"},\"image\":{\"@id\":\"https:\\\/\\\/www.notibras.com\\\/site\\\/criancas-e-adolescentes-ficarao-em-observacao-apos-vacina\\\/#primaryimage\"},\"thumbnailUrl\":\"https:\\\/\\\/www.notibras.com\\\/site\\\/wp-content\\\/uploads\\\/2024\\\/03\\\/06_-_Valdir_Amorin_e_Raquel_Amorin_-09.3.2024_-_Dia_D_Sao_Sebastiao_-_Foto_Sandro_Araujo_24-1536x1024-1.jpg\",\"articleSection\":[\"Quadradinho em Foco\"],\"inLanguage\":\"pt-BR\"},{\"@type\":\"WebPage\",\"@id\":\"https:\\\/\\\/www.notibras.com\\\/site\\\/criancas-e-adolescentes-ficarao-em-observacao-apos-vacina\\\/\",\"url\":\"https:\\\/\\\/www.notibras.com\\\/site\\\/criancas-e-adolescentes-ficarao-em-observacao-apos-vacina\\\/\",\"name\":\"Crian\u00e7as e adolescentes ficar\u00e3o em observa\u00e7\u00e3o ap\u00f3s vacina - Notibras\",\"isPartOf\":{\"@id\":\"https:\\\/\\\/www.notibras.com\\\/site\\\/#website\"},\"primaryImageOfPage\":{\"@id\":\"https:\\\/\\\/www.notibras.com\\\/site\\\/criancas-e-adolescentes-ficarao-em-observacao-apos-vacina\\\/#primaryimage\"},\"image\":{\"@id\":\"https:\\\/\\\/www.notibras.com\\\/site\\\/criancas-e-adolescentes-ficarao-em-observacao-apos-vacina\\\/#primaryimage\"},\"thumbnailUrl\":\"https:\\\/\\\/www.notibras.com\\\/site\\\/wp-content\\\/uploads\\\/2024\\\/03\\\/06_-_Valdir_Amorin_e_Raquel_Amorin_-09.3.2024_-_Dia_D_Sao_Sebastiao_-_Foto_Sandro_Araujo_24-1536x1024-1.jpg\",\"datePublished\":\"2024-03-11T03:01:23+00:00\",\"dateModified\":\"2024-03-11T09:41:24+00:00\",\"breadcrumb\":{\"@id\":\"https:\\\/\\\/www.notibras.com\\\/site\\\/criancas-e-adolescentes-ficarao-em-observacao-apos-vacina\\\/#breadcrumb\"},\"inLanguage\":\"pt-BR\",\"potentialAction\":[{\"@type\":\"ReadAction\",\"target\":[\"https:\\\/\\\/www.notibras.com\\\/site\\\/criancas-e-adolescentes-ficarao-em-observacao-apos-vacina\\\/\"]}]},{\"@type\":\"ImageObject\",\"inLanguage\":\"pt-BR\",\"@id\":\"https:\\\/\\\/www.notibras.com\\\/site\\\/criancas-e-adolescentes-ficarao-em-observacao-apos-vacina\\\/#primaryimage\",\"url\":\"https:\\\/\\\/www.notibras.com\\\/site\\\/wp-content\\\/uploads\\\/2024\\\/03\\\/06_-_Valdir_Amorin_e_Raquel_Amorin_-09.3.2024_-_Dia_D_Sao_Sebastiao_-_Foto_Sandro_Araujo_24-1536x1024-1.jpg\",\"contentUrl\":\"https:\\\/\\\/www.notibras.com\\\/site\\\/wp-content\\\/uploads\\\/2024\\\/03\\\/06_-_Valdir_Amorin_e_Raquel_Amorin_-09.3.2024_-_Dia_D_Sao_Sebastiao_-_Foto_Sandro_Araujo_24-1536x1024-1.jpg\",\"width\":1536,\"height\":1024},{\"@type\":\"BreadcrumbList\",\"@id\":\"https:\\\/\\\/www.notibras.com\\\/site\\\/criancas-e-adolescentes-ficarao-em-observacao-apos-vacina\\\/#breadcrumb\",\"itemListElement\":[{\"@type\":\"ListItem\",\"position\":1,\"name\":\"In\u00edcio\",\"item\":\"https:\\\/\\\/www.notibras.com\\\/site\\\/\"},{\"@type\":\"ListItem\",\"position\":2,\"name\":\"Crian\u00e7as e adolescentes ficar\u00e3o em observa\u00e7\u00e3o ap\u00f3s vacina\"}]},{\"@type\":\"WebSite\",\"@id\":\"https:\\\/\\\/www.notibras.com\\\/site\\\/#website\",\"url\":\"https:\\\/\\\/www.notibras.com\\\/site\\\/\",\"name\":\"Notibras\",\"description\":\"Not\u00edcias de Bras\u00edlia, do Brasil e do Mundo\",\"publisher\":{\"@id\":\"https:\\\/\\\/www.notibras.com\\\/site\\\/#organization\"},\"potentialAction\":[{\"@type\":\"SearchAction\",\"target\":{\"@type\":\"EntryPoint\",\"urlTemplate\":\"https:\\\/\\\/www.notibras.com\\\/site\\\/?s={search_term_string}\"},\"query-input\":{\"@type\":\"PropertyValueSpecification\",\"valueRequired\":true,\"valueName\":\"search_term_string\"}}],\"inLanguage\":\"pt-BR\"},{\"@type\":\"Organization\",\"@id\":\"https:\\\/\\\/www.notibras.com\\\/site\\\/#organization\",\"name\":\"Grupo Notibras de Comunica\u00e7\u00e3o\",\"url\":\"https:\\\/\\\/www.notibras.com\\\/site\\\/\",\"logo\":{\"@type\":\"ImageObject\",\"inLanguage\":\"pt-BR\",\"@id\":\"https:\\\/\\\/www.notibras.com\\\/site\\\/#\\\/schema\\\/logo\\\/image\\\/\",\"url\":\"https:\\\/\\\/www.notibras.com\\\/site\\\/wp-content\\\/uploads\\\/2023\\\/01\\\/notibras23.png\",\"contentUrl\":\"https:\\\/\\\/www.notibras.com\\\/site\\\/wp-content\\\/uploads\\\/2023\\\/01\\\/notibras23.png\",\"width\":350,\"height\":87,\"caption\":\"Grupo Notibras de Comunica\u00e7\u00e3o\"},\"image\":{\"@id\":\"https:\\\/\\\/www.notibras.com\\\/site\\\/#\\\/schema\\\/logo\\\/image\\\/\"},\"sameAs\":[\"https:\\\/\\\/www.facebook.com\\\/notibras\\\/\",\"https:\\\/\\\/x.com\\\/Notibras\",\"https:\\\/\\\/www.instagram.com\\\/notibras\\\/\"]},{\"@type\":\"Person\",\"@id\":\"https:\\\/\\\/www.notibras.com\\\/site\\\/#\\\/schema\\\/person\\\/36ab0979449956132d3e5b517ea76ac8\",\"name\":\"Reda\u00e7\u00e3o\",\"image\":{\"@type\":\"ImageObject\",\"inLanguage\":\"pt-BR\",\"@id\":\"https:\\\/\\\/secure.gravatar.com\\\/avatar\\\/e0a867bdedb85fd243eadf09663511f96fc81e0720a4a42581f334ad4303aa6b?s=96&d=mm&r=g\",\"url\":\"https:\\\/\\\/secure.gravatar.com\\\/avatar\\\/e0a867bdedb85fd243eadf09663511f96fc81e0720a4a42581f334ad4303aa6b?s=96&d=mm&r=g\",\"contentUrl\":\"https:\\\/\\\/secure.gravatar.com\\\/avatar\\\/e0a867bdedb85fd243eadf09663511f96fc81e0720a4a42581f334ad4303aa6b?s=96&d=mm&r=g\",\"caption\":\"Reda\u00e7\u00e3o\"}}]}<\/script>\n<!-- \/ Yoast SEO plugin. -->","yoast_head_json":{"title":"Crian\u00e7as e adolescentes ficar\u00e3o em observa\u00e7\u00e3o ap\u00f3s vacina - Notibras","robots":{"index":"index","follow":"follow","max-snippet":"max-snippet:-1","max-image-preview":"max-image-preview:large","max-video-preview":"max-video-preview:-1"},"canonical":"https:\/\/www.notibras.com\/site\/criancas-e-adolescentes-ficarao-em-observacao-apos-vacina\/","og_locale":"pt_BR","og_type":"article","og_title":"Crian\u00e7as e adolescentes ficar\u00e3o em observa\u00e7\u00e3o ap\u00f3s vacina - Notibras","og_description":"A Secretaria de Sa\u00fade refor\u00e7ou os procedimentos de seguran\u00e7a para a aplica\u00e7\u00e3o de vacinas contra a dengue. Agora, as crian\u00e7as e adolescentes de 10 a 14 anos devem passar 15 minutos em observa\u00e7\u00e3o na unidade de sa\u00fade ap\u00f3s o recebimento da dose. Quem tem hist\u00f3rico de rea\u00e7\u00f5es al\u00e9rgicas graves ter\u00e1 que aguardar 30 minutos at\u00e9 [&hellip;]","og_url":"https:\/\/www.notibras.com\/site\/criancas-e-adolescentes-ficarao-em-observacao-apos-vacina\/","og_site_name":"Notibras","article_publisher":"https:\/\/www.facebook.com\/notibras\/","article_published_time":"2024-03-11T03:01:23+00:00","article_modified_time":"2024-03-11T09:41:24+00:00","og_image":[{"width":1536,"height":1024,"url":"https:\/\/www.notibras.com\/site\/wp-content\/uploads\/2024\/03\/06_-_Valdir_Amorin_e_Raquel_Amorin_-09.3.2024_-_Dia_D_Sao_Sebastiao_-_Foto_Sandro_Araujo_24-1536x1024-1.jpg","type":"image\/jpeg"}],"author":"Reda\u00e7\u00e3o","twitter_card":"summary_large_image","twitter_creator":"@Notibras","twitter_site":"@Notibras","twitter_misc":{"Escrito por":"Reda\u00e7\u00e3o","Est. tempo de leitura":"3 minutos"},"schema":{"@context":"https:\/\/schema.org","@graph":[{"@type":"Article","@id":"https:\/\/www.notibras.com\/site\/criancas-e-adolescentes-ficarao-em-observacao-apos-vacina\/#article","isPartOf":{"@id":"https:\/\/www.notibras.com\/site\/criancas-e-adolescentes-ficarao-em-observacao-apos-vacina\/"},"author":{"name":"Reda\u00e7\u00e3o","@id":"https:\/\/www.notibras.com\/site\/#\/schema\/person\/36ab0979449956132d3e5b517ea76ac8"},"headline":"Crian\u00e7as e adolescentes ficar\u00e3o em observa\u00e7\u00e3o ap\u00f3s vacina","datePublished":"2024-03-11T03:01:23+00:00","dateModified":"2024-03-11T09:41:24+00:00","mainEntityOfPage":{"@id":"https:\/\/www.notibras.com\/site\/criancas-e-adolescentes-ficarao-em-observacao-apos-vacina\/"},"wordCount":484,"publisher":{"@id":"https:\/\/www.notibras.com\/site\/#organization"},"image":{"@id":"https:\/\/www.notibras.com\/site\/criancas-e-adolescentes-ficarao-em-observacao-apos-vacina\/#primaryimage"},"thumbnailUrl":"https:\/\/www.notibras.com\/site\/wp-content\/uploads\/2024\/03\/06_-_Valdir_Amorin_e_Raquel_Amorin_-09.3.2024_-_Dia_D_Sao_Sebastiao_-_Foto_Sandro_Araujo_24-1536x1024-1.jpg","articleSection":["Quadradinho em Foco"],"inLanguage":"pt-BR"},{"@type":"WebPage","@id":"https:\/\/www.notibras.com\/site\/criancas-e-adolescentes-ficarao-em-observacao-apos-vacina\/","url":"https:\/\/www.notibras.com\/site\/criancas-e-adolescentes-ficarao-em-observacao-apos-vacina\/","name":"Crian\u00e7as e adolescentes ficar\u00e3o em observa\u00e7\u00e3o ap\u00f3s vacina - Notibras","isPartOf":{"@id":"https:\/\/www.notibras.com\/site\/#website"},"primaryImageOfPage":{"@id":"https:\/\/www.notibras.com\/site\/criancas-e-adolescentes-ficarao-em-observacao-apos-vacina\/#primaryimage"},"image":{"@id":"https:\/\/www.notibras.com\/site\/criancas-e-adolescentes-ficarao-em-observacao-apos-vacina\/#primaryimage"},"thumbnailUrl":"https:\/\/www.notibras.com\/site\/wp-content\/uploads\/2024\/03\/06_-_Valdir_Amorin_e_Raquel_Amorin_-09.3.2024_-_Dia_D_Sao_Sebastiao_-_Foto_Sandro_Araujo_24-1536x1024-1.jpg","datePublished":"2024-03-11T03:01:23+00:00","dateModified":"2024-03-11T09:41:24+00:00","breadcrumb":{"@id":"https:\/\/www.notibras.com\/site\/criancas-e-adolescentes-ficarao-em-observacao-apos-vacina\/#breadcrumb"},"inLanguage":"pt-BR","potentialAction":[{"@type":"ReadAction","target":["https:\/\/www.notibras.com\/site\/criancas-e-adolescentes-ficarao-em-observacao-apos-vacina\/"]}]},{"@type":"ImageObject","inLanguage":"pt-BR","@id":"https:\/\/www.notibras.com\/site\/criancas-e-adolescentes-ficarao-em-observacao-apos-vacina\/#primaryimage","url":"https:\/\/www.notibras.com\/site\/wp-content\/uploads\/2024\/03\/06_-_Valdir_Amorin_e_Raquel_Amorin_-09.3.2024_-_Dia_D_Sao_Sebastiao_-_Foto_Sandro_Araujo_24-1536x1024-1.jpg","contentUrl":"https:\/\/www.notibras.com\/site\/wp-content\/uploads\/2024\/03\/06_-_Valdir_Amorin_e_Raquel_Amorin_-09.3.2024_-_Dia_D_Sao_Sebastiao_-_Foto_Sandro_Araujo_24-1536x1024-1.jpg","width":1536,"height":1024},{"@type":"BreadcrumbList","@id":"https:\/\/www.notibras.com\/site\/criancas-e-adolescentes-ficarao-em-observacao-apos-vacina\/#breadcrumb","itemListElement":[{"@type":"ListItem","position":1,"name":"In\u00edcio","item":"https:\/\/www.notibras.com\/site\/"},{"@type":"ListItem","position":2,"name":"Crian\u00e7as e adolescentes ficar\u00e3o em observa\u00e7\u00e3o ap\u00f3s vacina"}]},{"@type":"WebSite","@id":"https:\/\/www.notibras.com\/site\/#website","url":"https:\/\/www.notibras.com\/site\/","name":"Notibras","description":"Not\u00edcias de Bras\u00edlia, do Brasil e do Mundo","publisher":{"@id":"https:\/\/www.notibras.com\/site\/#organization"},"potentialAction":[{"@type":"SearchAction","target":{"@type":"EntryPoint","urlTemplate":"https:\/\/www.notibras.com\/site\/?s={search_term_string}"},"query-input":{"@type":"PropertyValueSpecification","valueRequired":true,"valueName":"search_term_string"}}],"inLanguage":"pt-BR"},{"@type":"Organization","@id":"https:\/\/www.notibras.com\/site\/#organization","name":"Grupo Notibras de Comunica\u00e7\u00e3o","url":"https:\/\/www.notibras.com\/site\/","logo":{"@type":"ImageObject","inLanguage":"pt-BR","@id":"https:\/\/www.notibras.com\/site\/#\/schema\/logo\/image\/","url":"https:\/\/www.notibras.com\/site\/wp-content\/uploads\/2023\/01\/notibras23.png","contentUrl":"https:\/\/www.notibras.com\/site\/wp-content\/uploads\/2023\/01\/notibras23.png","width":350,"height":87,"caption":"Grupo Notibras de Comunica\u00e7\u00e3o"},"image":{"@id":"https:\/\/www.notibras.com\/site\/#\/schema\/logo\/image\/"},"sameAs":["https:\/\/www.facebook.com\/notibras\/","https:\/\/x.com\/Notibras","https:\/\/www.instagram.com\/notibras\/"]},{"@type":"Person","@id":"https:\/\/www.notibras.com\/site\/#\/schema\/person\/36ab0979449956132d3e5b517ea76ac8","name":"Reda\u00e7\u00e3o","image":{"@type":"ImageObject","inLanguage":"pt-BR","@id":"https:\/\/secure.gravatar.com\/avatar\/e0a867bdedb85fd243eadf09663511f96fc81e0720a4a42581f334ad4303aa6b?s=96&d=mm&r=g","url":"https:\/\/secure.gravatar.com\/avatar\/e0a867bdedb85fd243eadf09663511f96fc81e0720a4a42581f334ad4303aa6b?s=96&d=mm&r=g","contentUrl":"https:\/\/secure.gravatar.com\/avatar\/e0a867bdedb85fd243eadf09663511f96fc81e0720a4a42581f334ad4303aa6b?s=96&d=mm&r=g","caption":"Reda\u00e7\u00e3o"}}]}},"amp_enabled":true,"_links":{"self":[{"href":"https:\/\/www.notibras.com\/site\/wp-json\/wp\/v2\/posts\/324354","targetHints":{"allow":["GET"]}}],"collection":[{"href":"https:\/\/www.notibras.com\/site\/wp-json\/wp\/v2\/posts"}],"about":[{"href":"https:\/\/www.notibras.com\/site\/wp-json\/wp\/v2\/types\/post"}],"author":[{"embeddable":true,"href":"https:\/\/www.notibras.com\/site\/wp-json\/wp\/v2\/users\/2"}],"replies":[{"embeddable":true,"href":"https:\/\/www.notibras.com\/site\/wp-json\/wp\/v2\/comments?post=324354"}],"version-history":[{"count":1,"href":"https:\/\/www.notibras.com\/site\/wp-json\/wp\/v2\/posts\/324354\/revisions"}],"predecessor-version":[{"id":324356,"href":"https:\/\/www.notibras.com\/site\/wp-json\/wp\/v2\/posts\/324354\/revisions\/324356"}],"wp:featuredmedia":[{"embeddable":true,"href":"https:\/\/www.notibras.com\/site\/wp-json\/wp\/v2\/media\/324355"}],"wp:attachment":[{"href":"https:\/\/www.notibras.com\/site\/wp-json\/wp\/v2\/media?parent=324354"}],"wp:term":[{"taxonomy":"category","embeddable":true,"href":"https:\/\/www.notibras.com\/site\/wp-json\/wp\/v2\/categories?post=324354"},{"taxonomy":"post_tag","embeddable":true,"href":"https:\/\/www.notibras.com\/site\/wp-json\/wp\/v2\/tags?post=324354"}],"curies":[{"name":"wp","href":"https:\/\/api.w.org\/{rel}","templated":true}]}}