{"id":324363,"date":"2024-03-11T00:00:52","date_gmt":"2024-03-11T03:00:52","guid":{"rendered":"https:\/\/www.notibras.com\/site\/?p=324363"},"modified":"2024-03-11T07:04:32","modified_gmt":"2024-03-11T10:04:32","slug":"setor-de-servicos-responde-por-95-da-nossa-economia","status":"publish","type":"post","link":"https:\/\/www.notibras.com\/site\/setor-de-servicos-responde-por-95-da-nossa-economia\/","title":{"rendered":"Setor de servi\u00e7os responde por 95% da nossa economia"},"content":{"rendered":"<p>O Instituto Brasileiro de Geografia e Estat\u00edstica (IBGE) divulgou, na \u00faltima semana, que o Produto Interno Bruto (PIB) do pa\u00eds cresceu 2,9% em 2023 em rela\u00e7\u00e3o a 2022. A alta foi impulsionada pelo crescimento da agropecu\u00e1ria (aumentou 15,1% no per\u00edodo), ind\u00fastria (1,6%) e servi\u00e7os (2,4%). No Distrito Federal, este \u00faltimo \u00e9 o setor que mais cresce, concentrando 95% do PIB distrital.<\/p>\n<p>O PIB \u00e9 um indicador abrangente da atividade e da sa\u00fade econ\u00f4mica de um pa\u00eds. Ele \u00e9 calculado a partir da soma de todos os bens e servi\u00e7os produzidos em um determinado territ\u00f3rio durante um per\u00edodo espec\u00edfico. Na capital, ele equivale, em valores correntes, a R$ 286,9 bilh\u00f5es \u2013 n\u00fameros que colocam o quadradinho entre as oito maiores economias estaduais do pa\u00eds.<\/p>\n<p>As estat\u00edsticas de PIBs estaduais s\u00e3o divulgadas com uma defasagem temporal de dois anos. Ou seja, o dado mais recente, divulgado em 2023, corresponde ao ano de 2021. No comparativo com 2020, a economia distrital apresentou crescimento de 3%, impulsionado, em grande parte, pelo setor de servi\u00e7os, que avan\u00e7ou 2,3% no per\u00edodo.<\/p>\n<p>\u201cTemos notado que esse crescimento se mant\u00e9m e, em 2023, foi o setor de servi\u00e7os que mais cresceu\u201d, enfatiza Dea Fioravante, diretora de Estudos de Estat\u00edstica e Pesquisas Socioecon\u00f4micas do Instituto de Pesquisa e Estat\u00edstica do DF (IPE-DF). \u201cOs dados j\u00e1 corrigidos do PIB de 2021 mostram que o setor de servi\u00e7os \u00e9 respons\u00e1vel por 95% do PIB, enquanto o agro participa com 0,9% e a ind\u00fastria com 4%\u201d, detalha.<\/p>\n<p>Da parcela de contribui\u00e7\u00e3o do setor de servi\u00e7os para o PIB, quase metade adv\u00e9m da administra\u00e7\u00e3o, defesa, educa\u00e7\u00e3o, sa\u00fade p\u00fablica e seguridade social; 15%, de atividade financeira, de seguros e servi\u00e7os relacionados; e o restante de atividades imobili\u00e1rias, atividades profissionais e cient\u00edficas, com\u00e9rcio, repara\u00e7\u00e3o de ve\u00edculos, educa\u00e7\u00e3o e sa\u00fade privada.<\/p>\n<p><strong>Economia aquecida<\/strong><br \/>\nEm 2023, de acordo com dados do IPE-DF, um dos maiores crescimentos do setor envolve a \u00e1rea de inform\u00e1tica e comunica\u00e7\u00e3o. \u201cIsso sugere que depois da pandemia o tipo de servi\u00e7o demandado mudou e est\u00e1 muito focalizado na \u00e1rea de TI [Tecnologia da Informa\u00e7\u00e3o]. Trata-se de uma \u00e1rea transversal, cuja demanda est\u00e1 aquecendo o setor\u201d, explica a diretora.<\/p>\n<p>Segundo o subsecret\u00e1rio da Receita, Sebasti\u00e3o Melchior, um dos fatores apontados para a grande influ\u00eancia da atividade na economia local \u00e9 a caracter\u00edstica geogr\u00e1fica e cultural do DF. \u201cBras\u00edlia \u00e9 eminentemente uma cidade administrativa e a renda per capita aqui \u00e9 elevada\u201d, resume.<\/p>\n<p>Da parcela de contribui\u00e7\u00e3o do setor de servi\u00e7os para o PIB, quase metade adv\u00e9m da administra\u00e7\u00e3o, defesa, educa\u00e7\u00e3o, sa\u00fade p\u00fablica e seguridade social<\/p>\n<p>Outro fator que contribui para o aquecimento da economia s\u00e3o os incentivos concedidos pelo GDF ao setor. \u201cO DF conta com programas de incentivo ao desenvolvimento econ\u00f4mico, buscando atrair empresas dispostas a investir capital na produ\u00e7\u00e3o de riquezas, proporcionando a gera\u00e7\u00e3o de emprego e renda, e aumentando a arrecada\u00e7\u00e3o de produtos. Podemos citar como exemplo desses programas Emprega-DF, que tem a finalidade de promover o desenvolvimento econ\u00f4mico sustent\u00e1vel dos setores de com\u00e9rcio atacadista e varejista no Distrito Federal\u201d, detalha.<\/p>\n<p><strong>\u201cSetor que mais emprega\u201d<\/strong><br \/>\nO presidente do Sistema Fecom\u00e9rcio-DF, Jos\u00e9 Aparecido Freire, explica que o setor de servi\u00e7os engloba todas atividades econ\u00f4micas voltadas para o com\u00e9rcio de bens e a presta\u00e7\u00e3o de servi\u00e7os de qualquer natureza. \u201cAl\u00e9m de ser o que mais emprega no Brasil \u2013 cerca 25 milh\u00f5es de pessoas, segundo a Confedera\u00e7\u00e3o Nacional do Com\u00e9rcio de Bens, Servi\u00e7os e Turismo (CNC) \u2013, representa 75% do PIB nacional\u201d, detalha o representante.<\/p>\n<p>Dados da entidade indicam que, no DF, existem mais de 220 mil empresas atuantes no setor, totalizando 300 mil empregos gerados. Os bons n\u00fameros contribuem para que o DF se sobressaia em rela\u00e7\u00e3o \u00e0 maioria das unidades da federa\u00e7\u00e3o quanto \u00e0 influ\u00eancia do setor de servi\u00e7os na economia local.<\/p>\n","protected":false},"excerpt":{"rendered":"<p>O Instituto Brasileiro de Geografia e Estat\u00edstica (IBGE) divulgou, na \u00faltima semana, que o Produto Interno Bruto (PIB) do pa\u00eds cresceu 2,9% em 2023 em rela\u00e7\u00e3o a 2022. A alta foi impulsionada pelo crescimento da agropecu\u00e1ria (aumentou 15,1% no per\u00edodo), ind\u00fastria (1,6%) e servi\u00e7os (2,4%). No Distrito Federal, este \u00faltimo \u00e9 o setor que mais [&hellip;]<\/p>\n","protected":false},"author":2,"featured_media":324364,"comment_status":"closed","ping_status":"closed","sticky":false,"template":"","format":"standard","meta":{"_acf_changed":false,"footnotes":""},"categories":[161],"tags":[],"class_list":["post-324363","post","type-post","status-publish","format-standard","has-post-thumbnail","hentry","category-quadradinho-em-foco"],"acf":[],"yoast_head":"<!-- This site is optimized with the Yoast SEO plugin v27.2 - https:\/\/yoast.com\/product\/yoast-seo-wordpress\/ -->\n<title>Setor de servi\u00e7os responde por 95% da nossa economia - Notibras<\/title>\n<meta name=\"robots\" content=\"index, follow, max-snippet:-1, max-image-preview:large, max-video-preview:-1\" \/>\n<link rel=\"canonical\" href=\"https:\/\/www.notibras.com\/site\/setor-de-servicos-responde-por-95-da-nossa-economia\/\" \/>\n<meta property=\"og:locale\" content=\"pt_BR\" \/>\n<meta property=\"og:type\" content=\"article\" \/>\n<meta property=\"og:title\" content=\"Setor de servi\u00e7os responde por 95% da nossa economia - Notibras\" \/>\n<meta property=\"og:description\" content=\"O Instituto Brasileiro de Geografia e Estat\u00edstica (IBGE) divulgou, na \u00faltima semana, que o Produto Interno Bruto (PIB) do pa\u00eds cresceu 2,9% em 2023 em rela\u00e7\u00e3o a 2022. A alta foi impulsionada pelo crescimento da agropecu\u00e1ria (aumentou 15,1% no per\u00edodo), ind\u00fastria (1,6%) e servi\u00e7os (2,4%). No Distrito Federal, este \u00faltimo \u00e9 o setor que mais [&hellip;]\" \/>\n<meta property=\"og:url\" content=\"https:\/\/www.notibras.com\/site\/setor-de-servicos-responde-por-95-da-nossa-economia\/\" \/>\n<meta property=\"og:site_name\" content=\"Notibras\" \/>\n<meta property=\"article:publisher\" content=\"https:\/\/www.facebook.com\/notibras\/\" \/>\n<meta property=\"article:published_time\" content=\"2024-03-11T03:00:52+00:00\" \/>\n<meta property=\"article:modified_time\" content=\"2024-03-11T10:04:32+00:00\" \/>\n<meta property=\"og:image\" content=\"https:\/\/www.notibras.com\/site\/wp-content\/uploads\/2024\/03\/WhatsApp-Image-2024-03-08-at-19.37.00-1536x1023-1.jpeg\" \/>\n\t<meta property=\"og:image:width\" content=\"1536\" \/>\n\t<meta property=\"og:image:height\" content=\"1023\" \/>\n\t<meta property=\"og:image:type\" content=\"image\/jpeg\" \/>\n<meta name=\"author\" content=\"Reda\u00e7\u00e3o\" \/>\n<meta name=\"twitter:card\" content=\"summary_large_image\" \/>\n<meta name=\"twitter:creator\" content=\"@Notibras\" \/>\n<meta name=\"twitter:site\" content=\"@Notibras\" \/>\n<meta name=\"twitter:label1\" content=\"Escrito por\" \/>\n\t<meta name=\"twitter:data1\" content=\"Reda\u00e7\u00e3o\" \/>\n\t<meta name=\"twitter:label2\" content=\"Est. tempo de leitura\" \/>\n\t<meta name=\"twitter:data2\" content=\"4 minutos\" \/>\n<script type=\"application\/ld+json\" class=\"yoast-schema-graph\">{\"@context\":\"https:\/\/schema.org\",\"@graph\":[{\"@type\":\"Article\",\"@id\":\"https:\/\/www.notibras.com\/site\/setor-de-servicos-responde-por-95-da-nossa-economia\/#article\",\"isPartOf\":{\"@id\":\"https:\/\/www.notibras.com\/site\/setor-de-servicos-responde-por-95-da-nossa-economia\/\"},\"author\":{\"name\":\"Reda\u00e7\u00e3o\",\"@id\":\"https:\/\/www.notibras.com\/site\/#\/schema\/person\/36ab0979449956132d3e5b517ea76ac8\"},\"headline\":\"Setor de servi\u00e7os responde por 95% da nossa economia\",\"datePublished\":\"2024-03-11T03:00:52+00:00\",\"dateModified\":\"2024-03-11T10:04:32+00:00\",\"mainEntityOfPage\":{\"@id\":\"https:\/\/www.notibras.com\/site\/setor-de-servicos-responde-por-95-da-nossa-economia\/\"},\"wordCount\":680,\"publisher\":{\"@id\":\"https:\/\/www.notibras.com\/site\/#organization\"},\"image\":{\"@id\":\"https:\/\/www.notibras.com\/site\/setor-de-servicos-responde-por-95-da-nossa-economia\/#primaryimage\"},\"thumbnailUrl\":\"https:\/\/www.notibras.com\/site\/wp-content\/uploads\/2024\/03\/WhatsApp-Image-2024-03-08-at-19.37.00-1536x1023-1.jpeg\",\"articleSection\":[\"Quadradinho em Foco\"],\"inLanguage\":\"pt-BR\"},{\"@type\":\"WebPage\",\"@id\":\"https:\/\/www.notibras.com\/site\/setor-de-servicos-responde-por-95-da-nossa-economia\/\",\"url\":\"https:\/\/www.notibras.com\/site\/setor-de-servicos-responde-por-95-da-nossa-economia\/\",\"name\":\"Setor de servi\u00e7os responde por 95% da nossa economia - Notibras\",\"isPartOf\":{\"@id\":\"https:\/\/www.notibras.com\/site\/#website\"},\"primaryImageOfPage\":{\"@id\":\"https:\/\/www.notibras.com\/site\/setor-de-servicos-responde-por-95-da-nossa-economia\/#primaryimage\"},\"image\":{\"@id\":\"https:\/\/www.notibras.com\/site\/setor-de-servicos-responde-por-95-da-nossa-economia\/#primaryimage\"},\"thumbnailUrl\":\"https:\/\/www.notibras.com\/site\/wp-content\/uploads\/2024\/03\/WhatsApp-Image-2024-03-08-at-19.37.00-1536x1023-1.jpeg\",\"datePublished\":\"2024-03-11T03:00:52+00:00\",\"dateModified\":\"2024-03-11T10:04:32+00:00\",\"breadcrumb\":{\"@id\":\"https:\/\/www.notibras.com\/site\/setor-de-servicos-responde-por-95-da-nossa-economia\/#breadcrumb\"},\"inLanguage\":\"pt-BR\",\"potentialAction\":[{\"@type\":\"ReadAction\",\"target\":[\"https:\/\/www.notibras.com\/site\/setor-de-servicos-responde-por-95-da-nossa-economia\/\"]}]},{\"@type\":\"ImageObject\",\"inLanguage\":\"pt-BR\",\"@id\":\"https:\/\/www.notibras.com\/site\/setor-de-servicos-responde-por-95-da-nossa-economia\/#primaryimage\",\"url\":\"https:\/\/www.notibras.com\/site\/wp-content\/uploads\/2024\/03\/WhatsApp-Image-2024-03-08-at-19.37.00-1536x1023-1.jpeg\",\"contentUrl\":\"https:\/\/www.notibras.com\/site\/wp-content\/uploads\/2024\/03\/WhatsApp-Image-2024-03-08-at-19.37.00-1536x1023-1.jpeg\",\"width\":1536,\"height\":1023},{\"@type\":\"BreadcrumbList\",\"@id\":\"https:\/\/www.notibras.com\/site\/setor-de-servicos-responde-por-95-da-nossa-economia\/#breadcrumb\",\"itemListElement\":[{\"@type\":\"ListItem\",\"position\":1,\"name\":\"In\u00edcio\",\"item\":\"https:\/\/www.notibras.com\/site\/\"},{\"@type\":\"ListItem\",\"position\":2,\"name\":\"Setor de servi\u00e7os responde por 95% da nossa economia\"}]},{\"@type\":\"WebSite\",\"@id\":\"https:\/\/www.notibras.com\/site\/#website\",\"url\":\"https:\/\/www.notibras.com\/site\/\",\"name\":\"Notibras\",\"description\":\"Not\u00edcias de Bras\u00edlia, do Brasil e do Mundo\",\"publisher\":{\"@id\":\"https:\/\/www.notibras.com\/site\/#organization\"},\"potentialAction\":[{\"@type\":\"SearchAction\",\"target\":{\"@type\":\"EntryPoint\",\"urlTemplate\":\"https:\/\/www.notibras.com\/site\/?s={search_term_string}\"},\"query-input\":{\"@type\":\"PropertyValueSpecification\",\"valueRequired\":true,\"valueName\":\"search_term_string\"}}],\"inLanguage\":\"pt-BR\"},{\"@type\":\"Organization\",\"@id\":\"https:\/\/www.notibras.com\/site\/#organization\",\"name\":\"Grupo Notibras de Comunica\u00e7\u00e3o\",\"url\":\"https:\/\/www.notibras.com\/site\/\",\"logo\":{\"@type\":\"ImageObject\",\"inLanguage\":\"pt-BR\",\"@id\":\"https:\/\/www.notibras.com\/site\/#\/schema\/logo\/image\/\",\"url\":\"https:\/\/www.notibras.com\/site\/wp-content\/uploads\/2023\/01\/notibras23.png\",\"contentUrl\":\"https:\/\/www.notibras.com\/site\/wp-content\/uploads\/2023\/01\/notibras23.png\",\"width\":350,\"height\":87,\"caption\":\"Grupo Notibras de Comunica\u00e7\u00e3o\"},\"image\":{\"@id\":\"https:\/\/www.notibras.com\/site\/#\/schema\/logo\/image\/\"},\"sameAs\":[\"https:\/\/www.facebook.com\/notibras\/\",\"https:\/\/x.com\/Notibras\",\"https:\/\/www.instagram.com\/notibras\/\"]},{\"@type\":\"Person\",\"@id\":\"https:\/\/www.notibras.com\/site\/#\/schema\/person\/36ab0979449956132d3e5b517ea76ac8\",\"name\":\"Reda\u00e7\u00e3o\",\"image\":{\"@type\":\"ImageObject\",\"inLanguage\":\"pt-BR\",\"@id\":\"https:\/\/secure.gravatar.com\/avatar\/e0a867bdedb85fd243eadf09663511f96fc81e0720a4a42581f334ad4303aa6b?s=96&d=mm&r=g\",\"url\":\"https:\/\/secure.gravatar.com\/avatar\/e0a867bdedb85fd243eadf09663511f96fc81e0720a4a42581f334ad4303aa6b?s=96&d=mm&r=g\",\"contentUrl\":\"https:\/\/secure.gravatar.com\/avatar\/e0a867bdedb85fd243eadf09663511f96fc81e0720a4a42581f334ad4303aa6b?s=96&d=mm&r=g\",\"caption\":\"Reda\u00e7\u00e3o\"}}]}<\/script>\n<!-- \/ Yoast SEO plugin. -->","yoast_head_json":{"title":"Setor de servi\u00e7os responde por 95% da nossa economia - Notibras","robots":{"index":"index","follow":"follow","max-snippet":"max-snippet:-1","max-image-preview":"max-image-preview:large","max-video-preview":"max-video-preview:-1"},"canonical":"https:\/\/www.notibras.com\/site\/setor-de-servicos-responde-por-95-da-nossa-economia\/","og_locale":"pt_BR","og_type":"article","og_title":"Setor de servi\u00e7os responde por 95% da nossa economia - Notibras","og_description":"O Instituto Brasileiro de Geografia e Estat\u00edstica (IBGE) divulgou, na \u00faltima semana, que o Produto Interno Bruto (PIB) do pa\u00eds cresceu 2,9% em 2023 em rela\u00e7\u00e3o a 2022. A alta foi impulsionada pelo crescimento da agropecu\u00e1ria (aumentou 15,1% no per\u00edodo), ind\u00fastria (1,6%) e servi\u00e7os (2,4%). No Distrito Federal, este \u00faltimo \u00e9 o setor que mais [&hellip;]","og_url":"https:\/\/www.notibras.com\/site\/setor-de-servicos-responde-por-95-da-nossa-economia\/","og_site_name":"Notibras","article_publisher":"https:\/\/www.facebook.com\/notibras\/","article_published_time":"2024-03-11T03:00:52+00:00","article_modified_time":"2024-03-11T10:04:32+00:00","og_image":[{"width":1536,"height":1023,"url":"https:\/\/www.notibras.com\/site\/wp-content\/uploads\/2024\/03\/WhatsApp-Image-2024-03-08-at-19.37.00-1536x1023-1.jpeg","type":"image\/jpeg"}],"author":"Reda\u00e7\u00e3o","twitter_card":"summary_large_image","twitter_creator":"@Notibras","twitter_site":"@Notibras","twitter_misc":{"Escrito por":"Reda\u00e7\u00e3o","Est. tempo de leitura":"4 minutos"},"schema":{"@context":"https:\/\/schema.org","@graph":[{"@type":"Article","@id":"https:\/\/www.notibras.com\/site\/setor-de-servicos-responde-por-95-da-nossa-economia\/#article","isPartOf":{"@id":"https:\/\/www.notibras.com\/site\/setor-de-servicos-responde-por-95-da-nossa-economia\/"},"author":{"name":"Reda\u00e7\u00e3o","@id":"https:\/\/www.notibras.com\/site\/#\/schema\/person\/36ab0979449956132d3e5b517ea76ac8"},"headline":"Setor de servi\u00e7os responde por 95% da nossa economia","datePublished":"2024-03-11T03:00:52+00:00","dateModified":"2024-03-11T10:04:32+00:00","mainEntityOfPage":{"@id":"https:\/\/www.notibras.com\/site\/setor-de-servicos-responde-por-95-da-nossa-economia\/"},"wordCount":680,"publisher":{"@id":"https:\/\/www.notibras.com\/site\/#organization"},"image":{"@id":"https:\/\/www.notibras.com\/site\/setor-de-servicos-responde-por-95-da-nossa-economia\/#primaryimage"},"thumbnailUrl":"https:\/\/www.notibras.com\/site\/wp-content\/uploads\/2024\/03\/WhatsApp-Image-2024-03-08-at-19.37.00-1536x1023-1.jpeg","articleSection":["Quadradinho em Foco"],"inLanguage":"pt-BR"},{"@type":"WebPage","@id":"https:\/\/www.notibras.com\/site\/setor-de-servicos-responde-por-95-da-nossa-economia\/","url":"https:\/\/www.notibras.com\/site\/setor-de-servicos-responde-por-95-da-nossa-economia\/","name":"Setor de servi\u00e7os responde por 95% da nossa economia - Notibras","isPartOf":{"@id":"https:\/\/www.notibras.com\/site\/#website"},"primaryImageOfPage":{"@id":"https:\/\/www.notibras.com\/site\/setor-de-servicos-responde-por-95-da-nossa-economia\/#primaryimage"},"image":{"@id":"https:\/\/www.notibras.com\/site\/setor-de-servicos-responde-por-95-da-nossa-economia\/#primaryimage"},"thumbnailUrl":"https:\/\/www.notibras.com\/site\/wp-content\/uploads\/2024\/03\/WhatsApp-Image-2024-03-08-at-19.37.00-1536x1023-1.jpeg","datePublished":"2024-03-11T03:00:52+00:00","dateModified":"2024-03-11T10:04:32+00:00","breadcrumb":{"@id":"https:\/\/www.notibras.com\/site\/setor-de-servicos-responde-por-95-da-nossa-economia\/#breadcrumb"},"inLanguage":"pt-BR","potentialAction":[{"@type":"ReadAction","target":["https:\/\/www.notibras.com\/site\/setor-de-servicos-responde-por-95-da-nossa-economia\/"]}]},{"@type":"ImageObject","inLanguage":"pt-BR","@id":"https:\/\/www.notibras.com\/site\/setor-de-servicos-responde-por-95-da-nossa-economia\/#primaryimage","url":"https:\/\/www.notibras.com\/site\/wp-content\/uploads\/2024\/03\/WhatsApp-Image-2024-03-08-at-19.37.00-1536x1023-1.jpeg","contentUrl":"https:\/\/www.notibras.com\/site\/wp-content\/uploads\/2024\/03\/WhatsApp-Image-2024-03-08-at-19.37.00-1536x1023-1.jpeg","width":1536,"height":1023},{"@type":"BreadcrumbList","@id":"https:\/\/www.notibras.com\/site\/setor-de-servicos-responde-por-95-da-nossa-economia\/#breadcrumb","itemListElement":[{"@type":"ListItem","position":1,"name":"In\u00edcio","item":"https:\/\/www.notibras.com\/site\/"},{"@type":"ListItem","position":2,"name":"Setor de servi\u00e7os responde por 95% da nossa economia"}]},{"@type":"WebSite","@id":"https:\/\/www.notibras.com\/site\/#website","url":"https:\/\/www.notibras.com\/site\/","name":"Notibras","description":"Not\u00edcias de Bras\u00edlia, do Brasil e do Mundo","publisher":{"@id":"https:\/\/www.notibras.com\/site\/#organization"},"potentialAction":[{"@type":"SearchAction","target":{"@type":"EntryPoint","urlTemplate":"https:\/\/www.notibras.com\/site\/?s={search_term_string}"},"query-input":{"@type":"PropertyValueSpecification","valueRequired":true,"valueName":"search_term_string"}}],"inLanguage":"pt-BR"},{"@type":"Organization","@id":"https:\/\/www.notibras.com\/site\/#organization","name":"Grupo Notibras de Comunica\u00e7\u00e3o","url":"https:\/\/www.notibras.com\/site\/","logo":{"@type":"ImageObject","inLanguage":"pt-BR","@id":"https:\/\/www.notibras.com\/site\/#\/schema\/logo\/image\/","url":"https:\/\/www.notibras.com\/site\/wp-content\/uploads\/2023\/01\/notibras23.png","contentUrl":"https:\/\/www.notibras.com\/site\/wp-content\/uploads\/2023\/01\/notibras23.png","width":350,"height":87,"caption":"Grupo Notibras de Comunica\u00e7\u00e3o"},"image":{"@id":"https:\/\/www.notibras.com\/site\/#\/schema\/logo\/image\/"},"sameAs":["https:\/\/www.facebook.com\/notibras\/","https:\/\/x.com\/Notibras","https:\/\/www.instagram.com\/notibras\/"]},{"@type":"Person","@id":"https:\/\/www.notibras.com\/site\/#\/schema\/person\/36ab0979449956132d3e5b517ea76ac8","name":"Reda\u00e7\u00e3o","image":{"@type":"ImageObject","inLanguage":"pt-BR","@id":"https:\/\/secure.gravatar.com\/avatar\/e0a867bdedb85fd243eadf09663511f96fc81e0720a4a42581f334ad4303aa6b?s=96&d=mm&r=g","url":"https:\/\/secure.gravatar.com\/avatar\/e0a867bdedb85fd243eadf09663511f96fc81e0720a4a42581f334ad4303aa6b?s=96&d=mm&r=g","contentUrl":"https:\/\/secure.gravatar.com\/avatar\/e0a867bdedb85fd243eadf09663511f96fc81e0720a4a42581f334ad4303aa6b?s=96&d=mm&r=g","caption":"Reda\u00e7\u00e3o"}}]}},"amp_enabled":true,"_links":{"self":[{"href":"https:\/\/www.notibras.com\/site\/wp-json\/wp\/v2\/posts\/324363","targetHints":{"allow":["GET"]}}],"collection":[{"href":"https:\/\/www.notibras.com\/site\/wp-json\/wp\/v2\/posts"}],"about":[{"href":"https:\/\/www.notibras.com\/site\/wp-json\/wp\/v2\/types\/post"}],"author":[{"embeddable":true,"href":"https:\/\/www.notibras.com\/site\/wp-json\/wp\/v2\/users\/2"}],"replies":[{"embeddable":true,"href":"https:\/\/www.notibras.com\/site\/wp-json\/wp\/v2\/comments?post=324363"}],"version-history":[{"count":1,"href":"https:\/\/www.notibras.com\/site\/wp-json\/wp\/v2\/posts\/324363\/revisions"}],"predecessor-version":[{"id":324365,"href":"https:\/\/www.notibras.com\/site\/wp-json\/wp\/v2\/posts\/324363\/revisions\/324365"}],"wp:featuredmedia":[{"embeddable":true,"href":"https:\/\/www.notibras.com\/site\/wp-json\/wp\/v2\/media\/324364"}],"wp:attachment":[{"href":"https:\/\/www.notibras.com\/site\/wp-json\/wp\/v2\/media?parent=324363"}],"wp:term":[{"taxonomy":"category","embeddable":true,"href":"https:\/\/www.notibras.com\/site\/wp-json\/wp\/v2\/categories?post=324363"},{"taxonomy":"post_tag","embeddable":true,"href":"https:\/\/www.notibras.com\/site\/wp-json\/wp\/v2\/tags?post=324363"}],"curies":[{"name":"wp","href":"https:\/\/api.w.org\/{rel}","templated":true}]}}