{"id":324366,"date":"2024-03-11T07:12:02","date_gmt":"2024-03-11T10:12:02","guid":{"rendered":"https:\/\/www.notibras.com\/site\/?p=324366"},"modified":"2024-03-11T07:12:02","modified_gmt":"2024-03-11T10:12:02","slug":"gaspar-amante-de-motos-deixa-mae-aflita","status":"publish","type":"post","link":"https:\/\/www.notibras.com\/site\/gaspar-amante-de-motos-deixa-mae-aflita\/","title":{"rendered":"Gaspar, amante de motos, deixa m\u00e3e aflita"},"content":{"rendered":"<p>Gaspar, apesar das in\u00fameras qualidades, que se resumiam a uma s\u00f3, era teimoso al\u00e9m da conta. Apaixonado que era por motocicletas, desde muito cedo provocou uma profus\u00e3o de cabelos brancos em sua m\u00e3e. N\u00e3o adiantava falar com aquele rapaz, que jamais havia entendido que todas as motocicletas, assim como as bicicletas, n\u00e3o se sustentam sozinhas em p\u00e9.<\/p>\n<p>A mulher insistia para que o filho comprasse um autom\u00f3vel. Que nada! Quanto mais falava, mais o gajo se envolvia com motos. \u00c9 verdade que, vez ou outra, aparecia montado em uma lambreta. Todavia, isso n\u00e3o foi motivo para apaziguar o cora\u00e7\u00e3o aflito da m\u00e3e.<\/p>\n<p>Certo dia, mais precisamente na semana passada, Gaspar guiava tranquilamente a sua m\u00e1quina vermelha pela W3 Norte. Ali\u00e1s, como ele gostava de falar, s\u00f3 comprava motocicletas dessa cor, pois vermelho corre mais. Mas voltando ao tal dia, l\u00e1 estava o nosso motociclista favorito quando, de repente, precisou fazer uma manobra para se livrar do engarrafamento, que tornava a via quase intransit\u00e1vel \u00e0quela hora de fim de expediente. N\u00e3o deu muito certo. Foi direto ao encontro de uma \u00e1rvore.<\/p>\n<p>Gaspar n\u00e3o morreu, para al\u00edvio de sua m\u00e3e. No entanto, no hospital, l\u00e1 estava o rapaz com bra\u00e7os e pernas engessados. A mulher, ao ver o rebento, mais gesso que gente, quase enfartou.<\/p>\n<p>&#8211; Meu filho, por favor, largue dessa coisa de motocicleta. Compre um carro.<\/p>\n<p>&#8211; Moto \u00e9 muito mais seguro que carro, m\u00e3e.<\/p>\n<p>&#8211; \u00c9 s\u00e9rio isso que voc\u00ea est\u00e1 me falando?<\/p>\n<p>&#8211; Sim!<\/p>\n<p>&#8211; Ah, t\u00e1! Quantas vezes voc\u00ea j\u00e1 caiu de moto?<\/p>\n<p>&#8211; Hum&#8230; V\u00e1rias.<\/p>\n<p>&#8211; E quantas vezes voc\u00ea j\u00e1 caiu de carro?<\/p>\n","protected":false},"excerpt":{"rendered":"<p>Gaspar, apesar das in\u00fameras qualidades, que se resumiam a uma s\u00f3, era teimoso al\u00e9m da conta. Apaixonado que era por motocicletas, desde muito cedo provocou uma profus\u00e3o de cabelos brancos em sua m\u00e3e. N\u00e3o adiantava falar com aquele rapaz, que jamais havia entendido que todas as motocicletas, assim como as bicicletas, n\u00e3o se sustentam sozinhas [&hellip;]<\/p>\n","protected":false},"author":2,"featured_media":324367,"comment_status":"closed","ping_status":"closed","sticky":false,"template":"","format":"standard","meta":{"_acf_changed":false,"footnotes":""},"categories":[161],"tags":[],"class_list":["post-324366","post","type-post","status-publish","format-standard","has-post-thumbnail","hentry","category-quadradinho-em-foco"],"acf":[],"yoast_head":"<!-- This site is optimized with the Yoast SEO plugin v27.2 - https:\/\/yoast.com\/product\/yoast-seo-wordpress\/ -->\n<title>Gaspar, amante de motos, deixa m\u00e3e aflita - Notibras<\/title>\n<meta name=\"robots\" content=\"index, follow, max-snippet:-1, max-image-preview:large, max-video-preview:-1\" \/>\n<link rel=\"canonical\" href=\"https:\/\/www.notibras.com\/site\/gaspar-amante-de-motos-deixa-mae-aflita\/\" \/>\n<meta property=\"og:locale\" content=\"pt_BR\" \/>\n<meta property=\"og:type\" content=\"article\" \/>\n<meta property=\"og:title\" content=\"Gaspar, amante de motos, deixa m\u00e3e aflita - Notibras\" \/>\n<meta property=\"og:description\" content=\"Gaspar, apesar das in\u00fameras qualidades, que se resumiam a uma s\u00f3, era teimoso al\u00e9m da conta. Apaixonado que era por motocicletas, desde muito cedo provocou uma profus\u00e3o de cabelos brancos em sua m\u00e3e. N\u00e3o adiantava falar com aquele rapaz, que jamais havia entendido que todas as motocicletas, assim como as bicicletas, n\u00e3o se sustentam sozinhas [&hellip;]\" \/>\n<meta property=\"og:url\" content=\"https:\/\/www.notibras.com\/site\/gaspar-amante-de-motos-deixa-mae-aflita\/\" \/>\n<meta property=\"og:site_name\" content=\"Notibras\" \/>\n<meta property=\"article:publisher\" content=\"https:\/\/www.facebook.com\/notibras\/\" \/>\n<meta property=\"article:published_time\" content=\"2024-03-11T10:12:02+00:00\" \/>\n<meta property=\"og:image\" content=\"https:\/\/www.notibras.com\/site\/wp-content\/uploads\/2024\/03\/1ae9f76a-ee38-439b-a797-17e0b72e67c9.jpeg\" \/>\n\t<meta property=\"og:image:width\" content=\"512\" \/>\n\t<meta property=\"og:image:height\" content=\"480\" \/>\n\t<meta property=\"og:image:type\" content=\"image\/jpeg\" \/>\n<meta name=\"author\" content=\"Reda\u00e7\u00e3o\" \/>\n<meta name=\"twitter:card\" content=\"summary_large_image\" \/>\n<meta name=\"twitter:creator\" content=\"@Notibras\" \/>\n<meta name=\"twitter:site\" content=\"@Notibras\" \/>\n<meta name=\"twitter:label1\" content=\"Escrito por\" \/>\n\t<meta name=\"twitter:data1\" content=\"Reda\u00e7\u00e3o\" \/>\n\t<meta name=\"twitter:label2\" content=\"Est. tempo de leitura\" \/>\n\t<meta name=\"twitter:data2\" content=\"2 minutos\" \/>\n<script type=\"application\/ld+json\" class=\"yoast-schema-graph\">{\"@context\":\"https:\/\/schema.org\",\"@graph\":[{\"@type\":\"Article\",\"@id\":\"https:\/\/www.notibras.com\/site\/gaspar-amante-de-motos-deixa-mae-aflita\/#article\",\"isPartOf\":{\"@id\":\"https:\/\/www.notibras.com\/site\/gaspar-amante-de-motos-deixa-mae-aflita\/\"},\"author\":{\"name\":\"Reda\u00e7\u00e3o\",\"@id\":\"https:\/\/www.notibras.com\/site\/#\/schema\/person\/36ab0979449956132d3e5b517ea76ac8\"},\"headline\":\"Gaspar, amante de motos, deixa m\u00e3e aflita\",\"datePublished\":\"2024-03-11T10:12:02+00:00\",\"mainEntityOfPage\":{\"@id\":\"https:\/\/www.notibras.com\/site\/gaspar-amante-de-motos-deixa-mae-aflita\/\"},\"wordCount\":294,\"publisher\":{\"@id\":\"https:\/\/www.notibras.com\/site\/#organization\"},\"image\":{\"@id\":\"https:\/\/www.notibras.com\/site\/gaspar-amante-de-motos-deixa-mae-aflita\/#primaryimage\"},\"thumbnailUrl\":\"https:\/\/www.notibras.com\/site\/wp-content\/uploads\/2024\/03\/1ae9f76a-ee38-439b-a797-17e0b72e67c9.jpeg\",\"articleSection\":[\"Quadradinho em Foco\"],\"inLanguage\":\"pt-BR\"},{\"@type\":\"WebPage\",\"@id\":\"https:\/\/www.notibras.com\/site\/gaspar-amante-de-motos-deixa-mae-aflita\/\",\"url\":\"https:\/\/www.notibras.com\/site\/gaspar-amante-de-motos-deixa-mae-aflita\/\",\"name\":\"Gaspar, amante de motos, deixa m\u00e3e aflita - Notibras\",\"isPartOf\":{\"@id\":\"https:\/\/www.notibras.com\/site\/#website\"},\"primaryImageOfPage\":{\"@id\":\"https:\/\/www.notibras.com\/site\/gaspar-amante-de-motos-deixa-mae-aflita\/#primaryimage\"},\"image\":{\"@id\":\"https:\/\/www.notibras.com\/site\/gaspar-amante-de-motos-deixa-mae-aflita\/#primaryimage\"},\"thumbnailUrl\":\"https:\/\/www.notibras.com\/site\/wp-content\/uploads\/2024\/03\/1ae9f76a-ee38-439b-a797-17e0b72e67c9.jpeg\",\"datePublished\":\"2024-03-11T10:12:02+00:00\",\"breadcrumb\":{\"@id\":\"https:\/\/www.notibras.com\/site\/gaspar-amante-de-motos-deixa-mae-aflita\/#breadcrumb\"},\"inLanguage\":\"pt-BR\",\"potentialAction\":[{\"@type\":\"ReadAction\",\"target\":[\"https:\/\/www.notibras.com\/site\/gaspar-amante-de-motos-deixa-mae-aflita\/\"]}]},{\"@type\":\"ImageObject\",\"inLanguage\":\"pt-BR\",\"@id\":\"https:\/\/www.notibras.com\/site\/gaspar-amante-de-motos-deixa-mae-aflita\/#primaryimage\",\"url\":\"https:\/\/www.notibras.com\/site\/wp-content\/uploads\/2024\/03\/1ae9f76a-ee38-439b-a797-17e0b72e67c9.jpeg\",\"contentUrl\":\"https:\/\/www.notibras.com\/site\/wp-content\/uploads\/2024\/03\/1ae9f76a-ee38-439b-a797-17e0b72e67c9.jpeg\",\"width\":512,\"height\":480},{\"@type\":\"BreadcrumbList\",\"@id\":\"https:\/\/www.notibras.com\/site\/gaspar-amante-de-motos-deixa-mae-aflita\/#breadcrumb\",\"itemListElement\":[{\"@type\":\"ListItem\",\"position\":1,\"name\":\"In\u00edcio\",\"item\":\"https:\/\/www.notibras.com\/site\/\"},{\"@type\":\"ListItem\",\"position\":2,\"name\":\"Gaspar, amante de motos, deixa m\u00e3e aflita\"}]},{\"@type\":\"WebSite\",\"@id\":\"https:\/\/www.notibras.com\/site\/#website\",\"url\":\"https:\/\/www.notibras.com\/site\/\",\"name\":\"Notibras\",\"description\":\"Not\u00edcias de Bras\u00edlia, do Brasil e do Mundo\",\"publisher\":{\"@id\":\"https:\/\/www.notibras.com\/site\/#organization\"},\"potentialAction\":[{\"@type\":\"SearchAction\",\"target\":{\"@type\":\"EntryPoint\",\"urlTemplate\":\"https:\/\/www.notibras.com\/site\/?s={search_term_string}\"},\"query-input\":{\"@type\":\"PropertyValueSpecification\",\"valueRequired\":true,\"valueName\":\"search_term_string\"}}],\"inLanguage\":\"pt-BR\"},{\"@type\":\"Organization\",\"@id\":\"https:\/\/www.notibras.com\/site\/#organization\",\"name\":\"Grupo Notibras de Comunica\u00e7\u00e3o\",\"url\":\"https:\/\/www.notibras.com\/site\/\",\"logo\":{\"@type\":\"ImageObject\",\"inLanguage\":\"pt-BR\",\"@id\":\"https:\/\/www.notibras.com\/site\/#\/schema\/logo\/image\/\",\"url\":\"https:\/\/www.notibras.com\/site\/wp-content\/uploads\/2023\/01\/notibras23.png\",\"contentUrl\":\"https:\/\/www.notibras.com\/site\/wp-content\/uploads\/2023\/01\/notibras23.png\",\"width\":350,\"height\":87,\"caption\":\"Grupo Notibras de Comunica\u00e7\u00e3o\"},\"image\":{\"@id\":\"https:\/\/www.notibras.com\/site\/#\/schema\/logo\/image\/\"},\"sameAs\":[\"https:\/\/www.facebook.com\/notibras\/\",\"https:\/\/x.com\/Notibras\",\"https:\/\/www.instagram.com\/notibras\/\"]},{\"@type\":\"Person\",\"@id\":\"https:\/\/www.notibras.com\/site\/#\/schema\/person\/36ab0979449956132d3e5b517ea76ac8\",\"name\":\"Reda\u00e7\u00e3o\",\"image\":{\"@type\":\"ImageObject\",\"inLanguage\":\"pt-BR\",\"@id\":\"https:\/\/secure.gravatar.com\/avatar\/e0a867bdedb85fd243eadf09663511f96fc81e0720a4a42581f334ad4303aa6b?s=96&d=mm&r=g\",\"url\":\"https:\/\/secure.gravatar.com\/avatar\/e0a867bdedb85fd243eadf09663511f96fc81e0720a4a42581f334ad4303aa6b?s=96&d=mm&r=g\",\"contentUrl\":\"https:\/\/secure.gravatar.com\/avatar\/e0a867bdedb85fd243eadf09663511f96fc81e0720a4a42581f334ad4303aa6b?s=96&d=mm&r=g\",\"caption\":\"Reda\u00e7\u00e3o\"}}]}<\/script>\n<!-- \/ Yoast SEO plugin. -->","yoast_head_json":{"title":"Gaspar, amante de motos, deixa m\u00e3e aflita - Notibras","robots":{"index":"index","follow":"follow","max-snippet":"max-snippet:-1","max-image-preview":"max-image-preview:large","max-video-preview":"max-video-preview:-1"},"canonical":"https:\/\/www.notibras.com\/site\/gaspar-amante-de-motos-deixa-mae-aflita\/","og_locale":"pt_BR","og_type":"article","og_title":"Gaspar, amante de motos, deixa m\u00e3e aflita - Notibras","og_description":"Gaspar, apesar das in\u00fameras qualidades, que se resumiam a uma s\u00f3, era teimoso al\u00e9m da conta. Apaixonado que era por motocicletas, desde muito cedo provocou uma profus\u00e3o de cabelos brancos em sua m\u00e3e. N\u00e3o adiantava falar com aquele rapaz, que jamais havia entendido que todas as motocicletas, assim como as bicicletas, n\u00e3o se sustentam sozinhas [&hellip;]","og_url":"https:\/\/www.notibras.com\/site\/gaspar-amante-de-motos-deixa-mae-aflita\/","og_site_name":"Notibras","article_publisher":"https:\/\/www.facebook.com\/notibras\/","article_published_time":"2024-03-11T10:12:02+00:00","og_image":[{"width":512,"height":480,"url":"https:\/\/www.notibras.com\/site\/wp-content\/uploads\/2024\/03\/1ae9f76a-ee38-439b-a797-17e0b72e67c9.jpeg","type":"image\/jpeg"}],"author":"Reda\u00e7\u00e3o","twitter_card":"summary_large_image","twitter_creator":"@Notibras","twitter_site":"@Notibras","twitter_misc":{"Escrito por":"Reda\u00e7\u00e3o","Est. tempo de leitura":"2 minutos"},"schema":{"@context":"https:\/\/schema.org","@graph":[{"@type":"Article","@id":"https:\/\/www.notibras.com\/site\/gaspar-amante-de-motos-deixa-mae-aflita\/#article","isPartOf":{"@id":"https:\/\/www.notibras.com\/site\/gaspar-amante-de-motos-deixa-mae-aflita\/"},"author":{"name":"Reda\u00e7\u00e3o","@id":"https:\/\/www.notibras.com\/site\/#\/schema\/person\/36ab0979449956132d3e5b517ea76ac8"},"headline":"Gaspar, amante de motos, deixa m\u00e3e aflita","datePublished":"2024-03-11T10:12:02+00:00","mainEntityOfPage":{"@id":"https:\/\/www.notibras.com\/site\/gaspar-amante-de-motos-deixa-mae-aflita\/"},"wordCount":294,"publisher":{"@id":"https:\/\/www.notibras.com\/site\/#organization"},"image":{"@id":"https:\/\/www.notibras.com\/site\/gaspar-amante-de-motos-deixa-mae-aflita\/#primaryimage"},"thumbnailUrl":"https:\/\/www.notibras.com\/site\/wp-content\/uploads\/2024\/03\/1ae9f76a-ee38-439b-a797-17e0b72e67c9.jpeg","articleSection":["Quadradinho em Foco"],"inLanguage":"pt-BR"},{"@type":"WebPage","@id":"https:\/\/www.notibras.com\/site\/gaspar-amante-de-motos-deixa-mae-aflita\/","url":"https:\/\/www.notibras.com\/site\/gaspar-amante-de-motos-deixa-mae-aflita\/","name":"Gaspar, amante de motos, deixa m\u00e3e aflita - Notibras","isPartOf":{"@id":"https:\/\/www.notibras.com\/site\/#website"},"primaryImageOfPage":{"@id":"https:\/\/www.notibras.com\/site\/gaspar-amante-de-motos-deixa-mae-aflita\/#primaryimage"},"image":{"@id":"https:\/\/www.notibras.com\/site\/gaspar-amante-de-motos-deixa-mae-aflita\/#primaryimage"},"thumbnailUrl":"https:\/\/www.notibras.com\/site\/wp-content\/uploads\/2024\/03\/1ae9f76a-ee38-439b-a797-17e0b72e67c9.jpeg","datePublished":"2024-03-11T10:12:02+00:00","breadcrumb":{"@id":"https:\/\/www.notibras.com\/site\/gaspar-amante-de-motos-deixa-mae-aflita\/#breadcrumb"},"inLanguage":"pt-BR","potentialAction":[{"@type":"ReadAction","target":["https:\/\/www.notibras.com\/site\/gaspar-amante-de-motos-deixa-mae-aflita\/"]}]},{"@type":"ImageObject","inLanguage":"pt-BR","@id":"https:\/\/www.notibras.com\/site\/gaspar-amante-de-motos-deixa-mae-aflita\/#primaryimage","url":"https:\/\/www.notibras.com\/site\/wp-content\/uploads\/2024\/03\/1ae9f76a-ee38-439b-a797-17e0b72e67c9.jpeg","contentUrl":"https:\/\/www.notibras.com\/site\/wp-content\/uploads\/2024\/03\/1ae9f76a-ee38-439b-a797-17e0b72e67c9.jpeg","width":512,"height":480},{"@type":"BreadcrumbList","@id":"https:\/\/www.notibras.com\/site\/gaspar-amante-de-motos-deixa-mae-aflita\/#breadcrumb","itemListElement":[{"@type":"ListItem","position":1,"name":"In\u00edcio","item":"https:\/\/www.notibras.com\/site\/"},{"@type":"ListItem","position":2,"name":"Gaspar, amante de motos, deixa m\u00e3e aflita"}]},{"@type":"WebSite","@id":"https:\/\/www.notibras.com\/site\/#website","url":"https:\/\/www.notibras.com\/site\/","name":"Notibras","description":"Not\u00edcias de Bras\u00edlia, do Brasil e do Mundo","publisher":{"@id":"https:\/\/www.notibras.com\/site\/#organization"},"potentialAction":[{"@type":"SearchAction","target":{"@type":"EntryPoint","urlTemplate":"https:\/\/www.notibras.com\/site\/?s={search_term_string}"},"query-input":{"@type":"PropertyValueSpecification","valueRequired":true,"valueName":"search_term_string"}}],"inLanguage":"pt-BR"},{"@type":"Organization","@id":"https:\/\/www.notibras.com\/site\/#organization","name":"Grupo Notibras de Comunica\u00e7\u00e3o","url":"https:\/\/www.notibras.com\/site\/","logo":{"@type":"ImageObject","inLanguage":"pt-BR","@id":"https:\/\/www.notibras.com\/site\/#\/schema\/logo\/image\/","url":"https:\/\/www.notibras.com\/site\/wp-content\/uploads\/2023\/01\/notibras23.png","contentUrl":"https:\/\/www.notibras.com\/site\/wp-content\/uploads\/2023\/01\/notibras23.png","width":350,"height":87,"caption":"Grupo Notibras de Comunica\u00e7\u00e3o"},"image":{"@id":"https:\/\/www.notibras.com\/site\/#\/schema\/logo\/image\/"},"sameAs":["https:\/\/www.facebook.com\/notibras\/","https:\/\/x.com\/Notibras","https:\/\/www.instagram.com\/notibras\/"]},{"@type":"Person","@id":"https:\/\/www.notibras.com\/site\/#\/schema\/person\/36ab0979449956132d3e5b517ea76ac8","name":"Reda\u00e7\u00e3o","image":{"@type":"ImageObject","inLanguage":"pt-BR","@id":"https:\/\/secure.gravatar.com\/avatar\/e0a867bdedb85fd243eadf09663511f96fc81e0720a4a42581f334ad4303aa6b?s=96&d=mm&r=g","url":"https:\/\/secure.gravatar.com\/avatar\/e0a867bdedb85fd243eadf09663511f96fc81e0720a4a42581f334ad4303aa6b?s=96&d=mm&r=g","contentUrl":"https:\/\/secure.gravatar.com\/avatar\/e0a867bdedb85fd243eadf09663511f96fc81e0720a4a42581f334ad4303aa6b?s=96&d=mm&r=g","caption":"Reda\u00e7\u00e3o"}}]}},"amp_enabled":true,"_links":{"self":[{"href":"https:\/\/www.notibras.com\/site\/wp-json\/wp\/v2\/posts\/324366","targetHints":{"allow":["GET"]}}],"collection":[{"href":"https:\/\/www.notibras.com\/site\/wp-json\/wp\/v2\/posts"}],"about":[{"href":"https:\/\/www.notibras.com\/site\/wp-json\/wp\/v2\/types\/post"}],"author":[{"embeddable":true,"href":"https:\/\/www.notibras.com\/site\/wp-json\/wp\/v2\/users\/2"}],"replies":[{"embeddable":true,"href":"https:\/\/www.notibras.com\/site\/wp-json\/wp\/v2\/comments?post=324366"}],"version-history":[{"count":1,"href":"https:\/\/www.notibras.com\/site\/wp-json\/wp\/v2\/posts\/324366\/revisions"}],"predecessor-version":[{"id":324368,"href":"https:\/\/www.notibras.com\/site\/wp-json\/wp\/v2\/posts\/324366\/revisions\/324368"}],"wp:featuredmedia":[{"embeddable":true,"href":"https:\/\/www.notibras.com\/site\/wp-json\/wp\/v2\/media\/324367"}],"wp:attachment":[{"href":"https:\/\/www.notibras.com\/site\/wp-json\/wp\/v2\/media?parent=324366"}],"wp:term":[{"taxonomy":"category","embeddable":true,"href":"https:\/\/www.notibras.com\/site\/wp-json\/wp\/v2\/categories?post=324366"},{"taxonomy":"post_tag","embeddable":true,"href":"https:\/\/www.notibras.com\/site\/wp-json\/wp\/v2\/tags?post=324366"}],"curies":[{"name":"wp","href":"https:\/\/api.w.org\/{rel}","templated":true}]}}