{"id":324380,"date":"2024-03-11T09:59:40","date_gmt":"2024-03-11T12:59:40","guid":{"rendered":"https:\/\/www.notibras.com\/site\/?p=324380"},"modified":"2024-03-11T10:01:58","modified_gmt":"2024-03-11T13:01:58","slug":"dona-morte-aproveita-ceu-nublado-para-levar-pestana","status":"publish","type":"post","link":"https:\/\/www.notibras.com\/site\/dona-morte-aproveita-ceu-nublado-para-levar-pestana\/","title":{"rendered":"Dona Morte aproveita C\u00e9u nublado para levar Pestana"},"content":{"rendered":"<p>Condol\u00eancias. \u00c9 isso que<strong> Notibras<\/strong> presta nesta segunda-feira, 11, ao governador Ibaneis Rocha e ao secret\u00e1rio de Comunica\u00e7\u00e3o Welinton Moraes, pela perda trai\u00e7oeira, sem motivo, sem sentido, do amigo comum Paulo Pestana. O choque da not\u00edcia da sua morte nublou-me os olhos. Assim, foi-me dito, amanheceu o dia em Bras\u00edlia, contrastando com o azul-anil que se perde no horizonte do litoral nordestino.<\/p>\n<p>Pestana nos deixou na penumbra das horas, onde o tempo se dissipa em sombras e suspiros. \u00c9 quando Madame Morte pede passagem, vem como uma visita indesejada, mas uma inevit\u00e1vel companheira de jornada. Ela n\u00e3o chega abrupta, como um estrondo s\u00fabito, mas desliza suavemente pelos corredores da exist\u00eancia, deixando sua marca discreta, por\u00e9m profunda.<\/p>\n<p>Foi na quietude da madrugada que Paulo Pestana encontrou-se face a face com a inevitabilidade da finitude. Meus pensamentos agora vagueiam por entre os cantos mais escuros da alma, refletindo sobre a efemeridade da vida e a certeza inescap\u00e1vel do ir-se da vida terrena. Cada batida do cora\u00e7\u00e3o parece-me ecoar o tic-tac inexor\u00e1vel do rel\u00f3gio, contando os segundos at\u00e9 o derradeiro suspiro que temos como destino.<\/p>\n<p>A morte, meus caros Ibaneis e Baiano, n\u00e3o \u00e9 apenas o fim; \u00e9 tamb\u00e9m um portal para o desconhecido. Uma passagem para al\u00e9m das fronteiras da compreens\u00e3o humana, onde mist\u00e9rios aguardam para serem desvendados. \u00c9 o grande enigma que permeia a exist\u00eancia, despertando temores e curiosidades, incitando reflex\u00f5es sobre o prop\u00f3sito da vida e o legado que deixamos para tr\u00e1s. E o legado de Pestana, todos sabemos, \u00e9 indestrut\u00edvel.<\/p>\n<p>Nas p\u00e1ginas do tempo, a morte inscreve seu nome em letras indel\u00e9veis, marcando a estrada de cada ser que atravessa o palco da vida. Ela n\u00e3o faz distin\u00e7\u00e3o de idade, classe social ou status; sua l\u00e2mina afiada corta atrav\u00e9s de todas as barreiras, lembrando-nos da fragilidade da condi\u00e7\u00e3o humana. Mas, pergunto-me, por que levar Pestana agora?<\/p>\n<p>Aqui, cerrei as cortinas para refugiar-me dos raios do Sol. Mas descubro que mesmo na sombra da morte, h\u00e1 luz. H\u00e1 a mem\u00f3ria de Pestana; h\u00e1 o seu amor e a sabedoria que ecoar\u00e3o por gera\u00e7\u00f5es. H\u00e1 a promessa de renova\u00e7\u00e3o, do ciclo eterno de vida que, apesar da morte, alimenta a dan\u00e7a c\u00f3smica da exist\u00eancia.<\/p>\n<p>Por certo Paulo Pestana, ao saber que Dona Morte pedia passagem, abriu-lhe a porta com serenidade e aceita\u00e7\u00e3o. Sin\u00f4nimo de jornalismo, de integridade, de car\u00e1ter, de amizade, cabe-nos hoje honrar sua partida, celebrando sua vida e aprendendo com seus ensinamentos. O momento \u00e9 de encontrar conforto na certeza de que, embora a morte seja inevit\u00e1vel, o amor, o respeito e a mem\u00f3ria s\u00e3o eternos.<\/p>\n","protected":false},"excerpt":{"rendered":"<p>Condol\u00eancias. \u00c9 isso que Notibras presta nesta segunda-feira, 11, ao governador Ibaneis Rocha e ao secret\u00e1rio de Comunica\u00e7\u00e3o Welinton Moraes, pela perda trai\u00e7oeira, sem motivo, sem sentido, do amigo comum Paulo Pestana. O choque da not\u00edcia da sua morte nublou-me os olhos. Assim, foi-me dito, amanheceu o dia em Bras\u00edlia, contrastando com o azul-anil que [&hellip;]<\/p>\n","protected":false},"author":2,"featured_media":324381,"comment_status":"closed","ping_status":"closed","sticky":false,"template":"","format":"standard","meta":{"_acf_changed":false,"footnotes":""},"categories":[161],"tags":[],"class_list":["post-324380","post","type-post","status-publish","format-standard","has-post-thumbnail","hentry","category-quadradinho-em-foco"],"acf":[],"yoast_head":"<!-- This site is optimized with the Yoast SEO plugin v27.2 - https:\/\/yoast.com\/product\/yoast-seo-wordpress\/ -->\n<title>Dona Morte aproveita C\u00e9u nublado para levar Pestana - Notibras<\/title>\n<meta name=\"robots\" content=\"index, follow, max-snippet:-1, max-image-preview:large, max-video-preview:-1\" \/>\n<link rel=\"canonical\" href=\"https:\/\/www.notibras.com\/site\/dona-morte-aproveita-ceu-nublado-para-levar-pestana\/\" \/>\n<meta property=\"og:locale\" content=\"pt_BR\" \/>\n<meta property=\"og:type\" content=\"article\" \/>\n<meta property=\"og:title\" content=\"Dona Morte aproveita C\u00e9u nublado para levar Pestana - Notibras\" \/>\n<meta property=\"og:description\" content=\"Condol\u00eancias. \u00c9 isso que Notibras presta nesta segunda-feira, 11, ao governador Ibaneis Rocha e ao secret\u00e1rio de Comunica\u00e7\u00e3o Welinton Moraes, pela perda trai\u00e7oeira, sem motivo, sem sentido, do amigo comum Paulo Pestana. O choque da not\u00edcia da sua morte nublou-me os olhos. Assim, foi-me dito, amanheceu o dia em Bras\u00edlia, contrastando com o azul-anil que [&hellip;]\" \/>\n<meta property=\"og:url\" content=\"https:\/\/www.notibras.com\/site\/dona-morte-aproveita-ceu-nublado-para-levar-pestana\/\" \/>\n<meta property=\"og:site_name\" content=\"Notibras\" \/>\n<meta property=\"article:publisher\" content=\"https:\/\/www.facebook.com\/notibras\/\" \/>\n<meta property=\"article:published_time\" content=\"2024-03-11T12:59:40+00:00\" \/>\n<meta property=\"article:modified_time\" content=\"2024-03-11T13:01:58+00:00\" \/>\n<meta property=\"og:image\" content=\"https:\/\/www.notibras.com\/site\/wp-content\/uploads\/2024\/03\/2583c2e3-caff-4d8b-8293-ce21087648c4.jpeg\" \/>\n\t<meta property=\"og:image:width\" content=\"900\" \/>\n\t<meta property=\"og:image:height\" content=\"1600\" \/>\n\t<meta property=\"og:image:type\" content=\"image\/jpeg\" \/>\n<meta name=\"author\" content=\"Reda\u00e7\u00e3o\" \/>\n<meta name=\"twitter:card\" content=\"summary_large_image\" \/>\n<meta name=\"twitter:creator\" content=\"@Notibras\" \/>\n<meta name=\"twitter:site\" content=\"@Notibras\" \/>\n<meta name=\"twitter:label1\" content=\"Escrito por\" \/>\n\t<meta name=\"twitter:data1\" content=\"Reda\u00e7\u00e3o\" \/>\n\t<meta name=\"twitter:label2\" content=\"Est. tempo de leitura\" \/>\n\t<meta name=\"twitter:data2\" content=\"3 minutos\" \/>\n<script type=\"application\/ld+json\" class=\"yoast-schema-graph\">{\"@context\":\"https:\/\/schema.org\",\"@graph\":[{\"@type\":\"Article\",\"@id\":\"https:\/\/www.notibras.com\/site\/dona-morte-aproveita-ceu-nublado-para-levar-pestana\/#article\",\"isPartOf\":{\"@id\":\"https:\/\/www.notibras.com\/site\/dona-morte-aproveita-ceu-nublado-para-levar-pestana\/\"},\"author\":{\"name\":\"Reda\u00e7\u00e3o\",\"@id\":\"https:\/\/www.notibras.com\/site\/#\/schema\/person\/36ab0979449956132d3e5b517ea76ac8\"},\"headline\":\"Dona Morte aproveita C\u00e9u nublado para levar Pestana\",\"datePublished\":\"2024-03-11T12:59:40+00:00\",\"dateModified\":\"2024-03-11T13:01:58+00:00\",\"mainEntityOfPage\":{\"@id\":\"https:\/\/www.notibras.com\/site\/dona-morte-aproveita-ceu-nublado-para-levar-pestana\/\"},\"wordCount\":473,\"publisher\":{\"@id\":\"https:\/\/www.notibras.com\/site\/#organization\"},\"image\":{\"@id\":\"https:\/\/www.notibras.com\/site\/dona-morte-aproveita-ceu-nublado-para-levar-pestana\/#primaryimage\"},\"thumbnailUrl\":\"https:\/\/www.notibras.com\/site\/wp-content\/uploads\/2024\/03\/2583c2e3-caff-4d8b-8293-ce21087648c4.jpeg\",\"articleSection\":[\"Quadradinho em Foco\"],\"inLanguage\":\"pt-BR\"},{\"@type\":\"WebPage\",\"@id\":\"https:\/\/www.notibras.com\/site\/dona-morte-aproveita-ceu-nublado-para-levar-pestana\/\",\"url\":\"https:\/\/www.notibras.com\/site\/dona-morte-aproveita-ceu-nublado-para-levar-pestana\/\",\"name\":\"Dona Morte aproveita C\u00e9u nublado para levar Pestana - Notibras\",\"isPartOf\":{\"@id\":\"https:\/\/www.notibras.com\/site\/#website\"},\"primaryImageOfPage\":{\"@id\":\"https:\/\/www.notibras.com\/site\/dona-morte-aproveita-ceu-nublado-para-levar-pestana\/#primaryimage\"},\"image\":{\"@id\":\"https:\/\/www.notibras.com\/site\/dona-morte-aproveita-ceu-nublado-para-levar-pestana\/#primaryimage\"},\"thumbnailUrl\":\"https:\/\/www.notibras.com\/site\/wp-content\/uploads\/2024\/03\/2583c2e3-caff-4d8b-8293-ce21087648c4.jpeg\",\"datePublished\":\"2024-03-11T12:59:40+00:00\",\"dateModified\":\"2024-03-11T13:01:58+00:00\",\"breadcrumb\":{\"@id\":\"https:\/\/www.notibras.com\/site\/dona-morte-aproveita-ceu-nublado-para-levar-pestana\/#breadcrumb\"},\"inLanguage\":\"pt-BR\",\"potentialAction\":[{\"@type\":\"ReadAction\",\"target\":[\"https:\/\/www.notibras.com\/site\/dona-morte-aproveita-ceu-nublado-para-levar-pestana\/\"]}]},{\"@type\":\"ImageObject\",\"inLanguage\":\"pt-BR\",\"@id\":\"https:\/\/www.notibras.com\/site\/dona-morte-aproveita-ceu-nublado-para-levar-pestana\/#primaryimage\",\"url\":\"https:\/\/www.notibras.com\/site\/wp-content\/uploads\/2024\/03\/2583c2e3-caff-4d8b-8293-ce21087648c4.jpeg\",\"contentUrl\":\"https:\/\/www.notibras.com\/site\/wp-content\/uploads\/2024\/03\/2583c2e3-caff-4d8b-8293-ce21087648c4.jpeg\",\"width\":900,\"height\":1600},{\"@type\":\"BreadcrumbList\",\"@id\":\"https:\/\/www.notibras.com\/site\/dona-morte-aproveita-ceu-nublado-para-levar-pestana\/#breadcrumb\",\"itemListElement\":[{\"@type\":\"ListItem\",\"position\":1,\"name\":\"In\u00edcio\",\"item\":\"https:\/\/www.notibras.com\/site\/\"},{\"@type\":\"ListItem\",\"position\":2,\"name\":\"Dona Morte aproveita C\u00e9u nublado para levar Pestana\"}]},{\"@type\":\"WebSite\",\"@id\":\"https:\/\/www.notibras.com\/site\/#website\",\"url\":\"https:\/\/www.notibras.com\/site\/\",\"name\":\"Notibras\",\"description\":\"Not\u00edcias de Bras\u00edlia, do Brasil e do Mundo\",\"publisher\":{\"@id\":\"https:\/\/www.notibras.com\/site\/#organization\"},\"potentialAction\":[{\"@type\":\"SearchAction\",\"target\":{\"@type\":\"EntryPoint\",\"urlTemplate\":\"https:\/\/www.notibras.com\/site\/?s={search_term_string}\"},\"query-input\":{\"@type\":\"PropertyValueSpecification\",\"valueRequired\":true,\"valueName\":\"search_term_string\"}}],\"inLanguage\":\"pt-BR\"},{\"@type\":\"Organization\",\"@id\":\"https:\/\/www.notibras.com\/site\/#organization\",\"name\":\"Grupo Notibras de Comunica\u00e7\u00e3o\",\"url\":\"https:\/\/www.notibras.com\/site\/\",\"logo\":{\"@type\":\"ImageObject\",\"inLanguage\":\"pt-BR\",\"@id\":\"https:\/\/www.notibras.com\/site\/#\/schema\/logo\/image\/\",\"url\":\"https:\/\/www.notibras.com\/site\/wp-content\/uploads\/2023\/01\/notibras23.png\",\"contentUrl\":\"https:\/\/www.notibras.com\/site\/wp-content\/uploads\/2023\/01\/notibras23.png\",\"width\":350,\"height\":87,\"caption\":\"Grupo Notibras de Comunica\u00e7\u00e3o\"},\"image\":{\"@id\":\"https:\/\/www.notibras.com\/site\/#\/schema\/logo\/image\/\"},\"sameAs\":[\"https:\/\/www.facebook.com\/notibras\/\",\"https:\/\/x.com\/Notibras\",\"https:\/\/www.instagram.com\/notibras\/\"]},{\"@type\":\"Person\",\"@id\":\"https:\/\/www.notibras.com\/site\/#\/schema\/person\/36ab0979449956132d3e5b517ea76ac8\",\"name\":\"Reda\u00e7\u00e3o\",\"image\":{\"@type\":\"ImageObject\",\"inLanguage\":\"pt-BR\",\"@id\":\"https:\/\/secure.gravatar.com\/avatar\/e0a867bdedb85fd243eadf09663511f96fc81e0720a4a42581f334ad4303aa6b?s=96&d=mm&r=g\",\"url\":\"https:\/\/secure.gravatar.com\/avatar\/e0a867bdedb85fd243eadf09663511f96fc81e0720a4a42581f334ad4303aa6b?s=96&d=mm&r=g\",\"contentUrl\":\"https:\/\/secure.gravatar.com\/avatar\/e0a867bdedb85fd243eadf09663511f96fc81e0720a4a42581f334ad4303aa6b?s=96&d=mm&r=g\",\"caption\":\"Reda\u00e7\u00e3o\"}}]}<\/script>\n<!-- \/ Yoast SEO plugin. -->","yoast_head_json":{"title":"Dona Morte aproveita C\u00e9u nublado para levar Pestana - Notibras","robots":{"index":"index","follow":"follow","max-snippet":"max-snippet:-1","max-image-preview":"max-image-preview:large","max-video-preview":"max-video-preview:-1"},"canonical":"https:\/\/www.notibras.com\/site\/dona-morte-aproveita-ceu-nublado-para-levar-pestana\/","og_locale":"pt_BR","og_type":"article","og_title":"Dona Morte aproveita C\u00e9u nublado para levar Pestana - Notibras","og_description":"Condol\u00eancias. \u00c9 isso que Notibras presta nesta segunda-feira, 11, ao governador Ibaneis Rocha e ao secret\u00e1rio de Comunica\u00e7\u00e3o Welinton Moraes, pela perda trai\u00e7oeira, sem motivo, sem sentido, do amigo comum Paulo Pestana. O choque da not\u00edcia da sua morte nublou-me os olhos. Assim, foi-me dito, amanheceu o dia em Bras\u00edlia, contrastando com o azul-anil que [&hellip;]","og_url":"https:\/\/www.notibras.com\/site\/dona-morte-aproveita-ceu-nublado-para-levar-pestana\/","og_site_name":"Notibras","article_publisher":"https:\/\/www.facebook.com\/notibras\/","article_published_time":"2024-03-11T12:59:40+00:00","article_modified_time":"2024-03-11T13:01:58+00:00","og_image":[{"width":900,"height":1600,"url":"https:\/\/www.notibras.com\/site\/wp-content\/uploads\/2024\/03\/2583c2e3-caff-4d8b-8293-ce21087648c4.jpeg","type":"image\/jpeg"}],"author":"Reda\u00e7\u00e3o","twitter_card":"summary_large_image","twitter_creator":"@Notibras","twitter_site":"@Notibras","twitter_misc":{"Escrito por":"Reda\u00e7\u00e3o","Est. tempo de leitura":"3 minutos"},"schema":{"@context":"https:\/\/schema.org","@graph":[{"@type":"Article","@id":"https:\/\/www.notibras.com\/site\/dona-morte-aproveita-ceu-nublado-para-levar-pestana\/#article","isPartOf":{"@id":"https:\/\/www.notibras.com\/site\/dona-morte-aproveita-ceu-nublado-para-levar-pestana\/"},"author":{"name":"Reda\u00e7\u00e3o","@id":"https:\/\/www.notibras.com\/site\/#\/schema\/person\/36ab0979449956132d3e5b517ea76ac8"},"headline":"Dona Morte aproveita C\u00e9u nublado para levar Pestana","datePublished":"2024-03-11T12:59:40+00:00","dateModified":"2024-03-11T13:01:58+00:00","mainEntityOfPage":{"@id":"https:\/\/www.notibras.com\/site\/dona-morte-aproveita-ceu-nublado-para-levar-pestana\/"},"wordCount":473,"publisher":{"@id":"https:\/\/www.notibras.com\/site\/#organization"},"image":{"@id":"https:\/\/www.notibras.com\/site\/dona-morte-aproveita-ceu-nublado-para-levar-pestana\/#primaryimage"},"thumbnailUrl":"https:\/\/www.notibras.com\/site\/wp-content\/uploads\/2024\/03\/2583c2e3-caff-4d8b-8293-ce21087648c4.jpeg","articleSection":["Quadradinho em Foco"],"inLanguage":"pt-BR"},{"@type":"WebPage","@id":"https:\/\/www.notibras.com\/site\/dona-morte-aproveita-ceu-nublado-para-levar-pestana\/","url":"https:\/\/www.notibras.com\/site\/dona-morte-aproveita-ceu-nublado-para-levar-pestana\/","name":"Dona Morte aproveita C\u00e9u nublado para levar Pestana - Notibras","isPartOf":{"@id":"https:\/\/www.notibras.com\/site\/#website"},"primaryImageOfPage":{"@id":"https:\/\/www.notibras.com\/site\/dona-morte-aproveita-ceu-nublado-para-levar-pestana\/#primaryimage"},"image":{"@id":"https:\/\/www.notibras.com\/site\/dona-morte-aproveita-ceu-nublado-para-levar-pestana\/#primaryimage"},"thumbnailUrl":"https:\/\/www.notibras.com\/site\/wp-content\/uploads\/2024\/03\/2583c2e3-caff-4d8b-8293-ce21087648c4.jpeg","datePublished":"2024-03-11T12:59:40+00:00","dateModified":"2024-03-11T13:01:58+00:00","breadcrumb":{"@id":"https:\/\/www.notibras.com\/site\/dona-morte-aproveita-ceu-nublado-para-levar-pestana\/#breadcrumb"},"inLanguage":"pt-BR","potentialAction":[{"@type":"ReadAction","target":["https:\/\/www.notibras.com\/site\/dona-morte-aproveita-ceu-nublado-para-levar-pestana\/"]}]},{"@type":"ImageObject","inLanguage":"pt-BR","@id":"https:\/\/www.notibras.com\/site\/dona-morte-aproveita-ceu-nublado-para-levar-pestana\/#primaryimage","url":"https:\/\/www.notibras.com\/site\/wp-content\/uploads\/2024\/03\/2583c2e3-caff-4d8b-8293-ce21087648c4.jpeg","contentUrl":"https:\/\/www.notibras.com\/site\/wp-content\/uploads\/2024\/03\/2583c2e3-caff-4d8b-8293-ce21087648c4.jpeg","width":900,"height":1600},{"@type":"BreadcrumbList","@id":"https:\/\/www.notibras.com\/site\/dona-morte-aproveita-ceu-nublado-para-levar-pestana\/#breadcrumb","itemListElement":[{"@type":"ListItem","position":1,"name":"In\u00edcio","item":"https:\/\/www.notibras.com\/site\/"},{"@type":"ListItem","position":2,"name":"Dona Morte aproveita C\u00e9u nublado para levar Pestana"}]},{"@type":"WebSite","@id":"https:\/\/www.notibras.com\/site\/#website","url":"https:\/\/www.notibras.com\/site\/","name":"Notibras","description":"Not\u00edcias de Bras\u00edlia, do Brasil e do Mundo","publisher":{"@id":"https:\/\/www.notibras.com\/site\/#organization"},"potentialAction":[{"@type":"SearchAction","target":{"@type":"EntryPoint","urlTemplate":"https:\/\/www.notibras.com\/site\/?s={search_term_string}"},"query-input":{"@type":"PropertyValueSpecification","valueRequired":true,"valueName":"search_term_string"}}],"inLanguage":"pt-BR"},{"@type":"Organization","@id":"https:\/\/www.notibras.com\/site\/#organization","name":"Grupo Notibras de Comunica\u00e7\u00e3o","url":"https:\/\/www.notibras.com\/site\/","logo":{"@type":"ImageObject","inLanguage":"pt-BR","@id":"https:\/\/www.notibras.com\/site\/#\/schema\/logo\/image\/","url":"https:\/\/www.notibras.com\/site\/wp-content\/uploads\/2023\/01\/notibras23.png","contentUrl":"https:\/\/www.notibras.com\/site\/wp-content\/uploads\/2023\/01\/notibras23.png","width":350,"height":87,"caption":"Grupo Notibras de Comunica\u00e7\u00e3o"},"image":{"@id":"https:\/\/www.notibras.com\/site\/#\/schema\/logo\/image\/"},"sameAs":["https:\/\/www.facebook.com\/notibras\/","https:\/\/x.com\/Notibras","https:\/\/www.instagram.com\/notibras\/"]},{"@type":"Person","@id":"https:\/\/www.notibras.com\/site\/#\/schema\/person\/36ab0979449956132d3e5b517ea76ac8","name":"Reda\u00e7\u00e3o","image":{"@type":"ImageObject","inLanguage":"pt-BR","@id":"https:\/\/secure.gravatar.com\/avatar\/e0a867bdedb85fd243eadf09663511f96fc81e0720a4a42581f334ad4303aa6b?s=96&d=mm&r=g","url":"https:\/\/secure.gravatar.com\/avatar\/e0a867bdedb85fd243eadf09663511f96fc81e0720a4a42581f334ad4303aa6b?s=96&d=mm&r=g","contentUrl":"https:\/\/secure.gravatar.com\/avatar\/e0a867bdedb85fd243eadf09663511f96fc81e0720a4a42581f334ad4303aa6b?s=96&d=mm&r=g","caption":"Reda\u00e7\u00e3o"}}]}},"amp_enabled":true,"_links":{"self":[{"href":"https:\/\/www.notibras.com\/site\/wp-json\/wp\/v2\/posts\/324380","targetHints":{"allow":["GET"]}}],"collection":[{"href":"https:\/\/www.notibras.com\/site\/wp-json\/wp\/v2\/posts"}],"about":[{"href":"https:\/\/www.notibras.com\/site\/wp-json\/wp\/v2\/types\/post"}],"author":[{"embeddable":true,"href":"https:\/\/www.notibras.com\/site\/wp-json\/wp\/v2\/users\/2"}],"replies":[{"embeddable":true,"href":"https:\/\/www.notibras.com\/site\/wp-json\/wp\/v2\/comments?post=324380"}],"version-history":[{"count":2,"href":"https:\/\/www.notibras.com\/site\/wp-json\/wp\/v2\/posts\/324380\/revisions"}],"predecessor-version":[{"id":324383,"href":"https:\/\/www.notibras.com\/site\/wp-json\/wp\/v2\/posts\/324380\/revisions\/324383"}],"wp:featuredmedia":[{"embeddable":true,"href":"https:\/\/www.notibras.com\/site\/wp-json\/wp\/v2\/media\/324381"}],"wp:attachment":[{"href":"https:\/\/www.notibras.com\/site\/wp-json\/wp\/v2\/media?parent=324380"}],"wp:term":[{"taxonomy":"category","embeddable":true,"href":"https:\/\/www.notibras.com\/site\/wp-json\/wp\/v2\/categories?post=324380"},{"taxonomy":"post_tag","embeddable":true,"href":"https:\/\/www.notibras.com\/site\/wp-json\/wp\/v2\/tags?post=324380"}],"curies":[{"name":"wp","href":"https:\/\/api.w.org\/{rel}","templated":true}]}}