{"id":324468,"date":"2024-03-13T06:45:00","date_gmt":"2024-03-13T09:45:00","guid":{"rendered":"https:\/\/www.notibras.com\/site\/?p=324468"},"modified":"2024-03-13T08:47:36","modified_gmt":"2024-03-13T11:47:36","slug":"inscricoes-para-vagas-no-fies-vao-ate-sexta-feira","status":"publish","type":"post","link":"https:\/\/www.notibras.com\/site\/inscricoes-para-vagas-no-fies-vao-ate-sexta-feira\/","title":{"rendered":"Inscri\u00e7\u00f5es para vagas no Fies v\u00e3o at\u00e9 sexta-feira"},"content":{"rendered":"<p>Romper o sil\u00eancio e assistir aos pais desmancharem-se em l\u00e1grimas de alegria diante de s\u00edlabas pronunciadas dos filhos. Na rotina da fonoaudi\u00f3loga Luana Marques, de 33 anos, moradora da cidade de Valpara\u00edso (GO), e profissional de uma cl\u00ednica em Taguatinga, a miss\u00e3o profissional com crian\u00e7as e adolescentes faz com que ela tenha certeza de ter tomado o caminho certo ao escolher um curso l\u00e1 em 2019.<\/p>\n<p>Dois anos depois de formada, ela garante que n\u00e3o teria conseguido pagar a faculdade se n\u00e3o tivesse sido contemplada pelo programa do Fundo de Financiamento Estudantil (Fies). \u201cTrabalhar para que uma crian\u00e7a at\u00edpica fale \u2018mam\u00e3e\u2019 \u00e9 uma vit\u00f3ria di\u00e1ria. A profiss\u00e3o me realiza\u201d, emociona-se a profissional.<\/p>\n<p>Outros caminhos no ensino superior, por essa pol\u00edtica p\u00fablica, come\u00e7am nesta semana, com o in\u00edcio das inscri\u00e7\u00f5es para esse financiamento. Os interessados devem entregar documenta\u00e7\u00e3o at\u00e9 a pr\u00f3xima sexta (15). Para se inscrever no Fies, \u00e9 necess\u00e1rio que o estudante tenha participado do Exame Nacional do Ensino M\u00e9dio (Enem) e possua renda familiar mensal bruta per capita de at\u00e9 tr\u00eas sal\u00e1rios m\u00ednimos.<\/p>\n<p><strong>Social<\/strong><br \/>\nNeste ano, o Fies disponibiliza 112.168 vagas para financiamento de curso superior. Dessas vagas, 67.301 s\u00e3o destinadas para o processo seletivo do primeiro semestre. O edital traz novidade com reserva de vagas para o que \u00e9 chamado de Fies Social (Resolu\u00e7\u00e3o 58 e Portaria 167 , ambas de 2024), com reserva de 50% das vagas de cada edi\u00e7\u00e3o do Fundo para estudantes inscritos no Cadastro \u00danico para Programas Sociais do Governo Federal (Cad\u00danico).<\/p>\n<p>Est\u00e3o nesse cadastro pessoas com renda familiar per capita de at\u00e9 meio sal\u00e1rio m\u00ednimo. Inclusive, segundo o Minist\u00e9rio da Educa\u00e7\u00e3o, esse grupo poder\u00e1 financiar at\u00e9 a totalidade dos encargos educacionais cobrados pela institui\u00e7\u00e3o de educa\u00e7\u00e3o superior, o que \u00e9 uma condi\u00e7\u00e3o diferente do programa.<\/p>\n<p><strong>\u00c1reas<\/strong><br \/>\nOutra novidade desse edital \u00e9 que, ao se inscrever no Fies, o estudante pode escolher at\u00e9 tr\u00eas op\u00e7\u00f5es de cursos de diferentes grupos de \u00e1reas do conhecimento. Antes, havia exig\u00eancia de que os cursos escolhidos pertencessem a um mesmo agrupamento de \u00e1reas.<\/p>\n<p>O MEC informou que fez uma revis\u00e3o das \u00e1reas de conhecimento consideradas priorit\u00e1rias pelo Fies e incluiu cursos com maior empregabilidade e maior m\u00e9dia salarial, al\u00e9m de cursos de licenciatura e pedagogia, voltados \u00e0 atua\u00e7\u00e3o na educa\u00e7\u00e3o b\u00e1sica.<\/p>\n<p><strong>Resultados<\/strong><br \/>\nAntes de entrar no ensino superior, Luana Marques era vendedora. A mensalidade do curso de fonoaudiologia, R$ 1,7 mil, assustou. Depois de ser contemplada pelo Fies, o trajeto de mais de uma hora de casa para a faculdade n\u00e3o ficava t\u00e3o dolorido. O boleto era de R$ 250. Luana, um dia, sonhou que podia reconstruir o pr\u00f3prio caminho e ser \u00fatil para outras pessoas. A faculdade seria a primeira porta.<\/p>\n<p>Nesta edi\u00e7\u00e3o, o resultado do Fies sai no dia 21 de mar\u00e7o. Os pr\u00e9-selecionados devem complementar as inscri\u00e7\u00f5es entre 22 e 26 tamb\u00e9m deste m\u00eas. A lista de espera ser\u00e1 divulgada do dia 28 de mar\u00e7o a 30 de abril.<\/p>\n","protected":false},"excerpt":{"rendered":"<p>Romper o sil\u00eancio e assistir aos pais desmancharem-se em l\u00e1grimas de alegria diante de s\u00edlabas pronunciadas dos filhos. Na rotina da fonoaudi\u00f3loga Luana Marques, de 33 anos, moradora da cidade de Valpara\u00edso (GO), e profissional de uma cl\u00ednica em Taguatinga, a miss\u00e3o profissional com crian\u00e7as e adolescentes faz com que ela tenha certeza de ter [&hellip;]<\/p>\n","protected":false},"author":2,"featured_media":324469,"comment_status":"closed","ping_status":"closed","sticky":false,"template":"","format":"standard","meta":{"_acf_changed":false,"footnotes":""},"categories":[161],"tags":[],"class_list":["post-324468","post","type-post","status-publish","format-standard","has-post-thumbnail","hentry","category-quadradinho-em-foco"],"acf":[],"yoast_head":"<!-- This site is optimized with the Yoast SEO plugin v27.2 - https:\/\/yoast.com\/product\/yoast-seo-wordpress\/ -->\n<title>Inscri\u00e7\u00f5es para vagas no Fies v\u00e3o at\u00e9 sexta-feira - Notibras<\/title>\n<meta name=\"robots\" content=\"index, follow, max-snippet:-1, max-image-preview:large, max-video-preview:-1\" \/>\n<link rel=\"canonical\" href=\"https:\/\/www.notibras.com\/site\/inscricoes-para-vagas-no-fies-vao-ate-sexta-feira\/\" \/>\n<meta property=\"og:locale\" content=\"pt_BR\" \/>\n<meta property=\"og:type\" content=\"article\" \/>\n<meta property=\"og:title\" content=\"Inscri\u00e7\u00f5es para vagas no Fies v\u00e3o at\u00e9 sexta-feira - Notibras\" \/>\n<meta property=\"og:description\" content=\"Romper o sil\u00eancio e assistir aos pais desmancharem-se em l\u00e1grimas de alegria diante de s\u00edlabas pronunciadas dos filhos. Na rotina da fonoaudi\u00f3loga Luana Marques, de 33 anos, moradora da cidade de Valpara\u00edso (GO), e profissional de uma cl\u00ednica em Taguatinga, a miss\u00e3o profissional com crian\u00e7as e adolescentes faz com que ela tenha certeza de ter [&hellip;]\" \/>\n<meta property=\"og:url\" content=\"https:\/\/www.notibras.com\/site\/inscricoes-para-vagas-no-fies-vao-ate-sexta-feira\/\" \/>\n<meta property=\"og:site_name\" content=\"Notibras\" \/>\n<meta property=\"article:publisher\" content=\"https:\/\/www.facebook.com\/notibras\/\" \/>\n<meta property=\"article:published_time\" content=\"2024-03-13T09:45:00+00:00\" \/>\n<meta property=\"article:modified_time\" content=\"2024-03-13T11:47:36+00:00\" \/>\n<meta property=\"og:image\" content=\"https:\/\/www.notibras.com\/site\/wp-content\/uploads\/2024\/03\/fies.6a.webp\" \/>\n\t<meta property=\"og:image:width\" content=\"1170\" \/>\n\t<meta property=\"og:image:height\" content=\"700\" \/>\n\t<meta property=\"og:image:type\" content=\"image\/webp\" \/>\n<meta name=\"author\" content=\"Reda\u00e7\u00e3o\" \/>\n<meta name=\"twitter:card\" content=\"summary_large_image\" \/>\n<meta name=\"twitter:creator\" content=\"@Notibras\" \/>\n<meta name=\"twitter:site\" content=\"@Notibras\" \/>\n<meta name=\"twitter:label1\" content=\"Escrito por\" \/>\n\t<meta name=\"twitter:data1\" content=\"Reda\u00e7\u00e3o\" \/>\n\t<meta name=\"twitter:label2\" content=\"Est. tempo de leitura\" \/>\n\t<meta name=\"twitter:data2\" content=\"3 minutos\" \/>\n<script type=\"application\/ld+json\" class=\"yoast-schema-graph\">{\"@context\":\"https:\/\/schema.org\",\"@graph\":[{\"@type\":\"Article\",\"@id\":\"https:\/\/www.notibras.com\/site\/inscricoes-para-vagas-no-fies-vao-ate-sexta-feira\/#article\",\"isPartOf\":{\"@id\":\"https:\/\/www.notibras.com\/site\/inscricoes-para-vagas-no-fies-vao-ate-sexta-feira\/\"},\"author\":{\"name\":\"Reda\u00e7\u00e3o\",\"@id\":\"https:\/\/www.notibras.com\/site\/#\/schema\/person\/36ab0979449956132d3e5b517ea76ac8\"},\"headline\":\"Inscri\u00e7\u00f5es para vagas no Fies v\u00e3o at\u00e9 sexta-feira\",\"datePublished\":\"2024-03-13T09:45:00+00:00\",\"dateModified\":\"2024-03-13T11:47:36+00:00\",\"mainEntityOfPage\":{\"@id\":\"https:\/\/www.notibras.com\/site\/inscricoes-para-vagas-no-fies-vao-ate-sexta-feira\/\"},\"wordCount\":531,\"publisher\":{\"@id\":\"https:\/\/www.notibras.com\/site\/#organization\"},\"image\":{\"@id\":\"https:\/\/www.notibras.com\/site\/inscricoes-para-vagas-no-fies-vao-ate-sexta-feira\/#primaryimage\"},\"thumbnailUrl\":\"https:\/\/www.notibras.com\/site\/wp-content\/uploads\/2024\/03\/fies.6a.webp\",\"articleSection\":[\"Quadradinho em Foco\"],\"inLanguage\":\"pt-BR\"},{\"@type\":\"WebPage\",\"@id\":\"https:\/\/www.notibras.com\/site\/inscricoes-para-vagas-no-fies-vao-ate-sexta-feira\/\",\"url\":\"https:\/\/www.notibras.com\/site\/inscricoes-para-vagas-no-fies-vao-ate-sexta-feira\/\",\"name\":\"Inscri\u00e7\u00f5es para vagas no Fies v\u00e3o at\u00e9 sexta-feira - Notibras\",\"isPartOf\":{\"@id\":\"https:\/\/www.notibras.com\/site\/#website\"},\"primaryImageOfPage\":{\"@id\":\"https:\/\/www.notibras.com\/site\/inscricoes-para-vagas-no-fies-vao-ate-sexta-feira\/#primaryimage\"},\"image\":{\"@id\":\"https:\/\/www.notibras.com\/site\/inscricoes-para-vagas-no-fies-vao-ate-sexta-feira\/#primaryimage\"},\"thumbnailUrl\":\"https:\/\/www.notibras.com\/site\/wp-content\/uploads\/2024\/03\/fies.6a.webp\",\"datePublished\":\"2024-03-13T09:45:00+00:00\",\"dateModified\":\"2024-03-13T11:47:36+00:00\",\"breadcrumb\":{\"@id\":\"https:\/\/www.notibras.com\/site\/inscricoes-para-vagas-no-fies-vao-ate-sexta-feira\/#breadcrumb\"},\"inLanguage\":\"pt-BR\",\"potentialAction\":[{\"@type\":\"ReadAction\",\"target\":[\"https:\/\/www.notibras.com\/site\/inscricoes-para-vagas-no-fies-vao-ate-sexta-feira\/\"]}]},{\"@type\":\"ImageObject\",\"inLanguage\":\"pt-BR\",\"@id\":\"https:\/\/www.notibras.com\/site\/inscricoes-para-vagas-no-fies-vao-ate-sexta-feira\/#primaryimage\",\"url\":\"https:\/\/www.notibras.com\/site\/wp-content\/uploads\/2024\/03\/fies.6a.webp\",\"contentUrl\":\"https:\/\/www.notibras.com\/site\/wp-content\/uploads\/2024\/03\/fies.6a.webp\",\"width\":1170,\"height\":700},{\"@type\":\"BreadcrumbList\",\"@id\":\"https:\/\/www.notibras.com\/site\/inscricoes-para-vagas-no-fies-vao-ate-sexta-feira\/#breadcrumb\",\"itemListElement\":[{\"@type\":\"ListItem\",\"position\":1,\"name\":\"In\u00edcio\",\"item\":\"https:\/\/www.notibras.com\/site\/\"},{\"@type\":\"ListItem\",\"position\":2,\"name\":\"Inscri\u00e7\u00f5es para vagas no Fies v\u00e3o at\u00e9 sexta-feira\"}]},{\"@type\":\"WebSite\",\"@id\":\"https:\/\/www.notibras.com\/site\/#website\",\"url\":\"https:\/\/www.notibras.com\/site\/\",\"name\":\"Notibras\",\"description\":\"Not\u00edcias de Bras\u00edlia, do Brasil e do Mundo\",\"publisher\":{\"@id\":\"https:\/\/www.notibras.com\/site\/#organization\"},\"potentialAction\":[{\"@type\":\"SearchAction\",\"target\":{\"@type\":\"EntryPoint\",\"urlTemplate\":\"https:\/\/www.notibras.com\/site\/?s={search_term_string}\"},\"query-input\":{\"@type\":\"PropertyValueSpecification\",\"valueRequired\":true,\"valueName\":\"search_term_string\"}}],\"inLanguage\":\"pt-BR\"},{\"@type\":\"Organization\",\"@id\":\"https:\/\/www.notibras.com\/site\/#organization\",\"name\":\"Grupo Notibras de Comunica\u00e7\u00e3o\",\"url\":\"https:\/\/www.notibras.com\/site\/\",\"logo\":{\"@type\":\"ImageObject\",\"inLanguage\":\"pt-BR\",\"@id\":\"https:\/\/www.notibras.com\/site\/#\/schema\/logo\/image\/\",\"url\":\"https:\/\/www.notibras.com\/site\/wp-content\/uploads\/2023\/01\/notibras23.png\",\"contentUrl\":\"https:\/\/www.notibras.com\/site\/wp-content\/uploads\/2023\/01\/notibras23.png\",\"width\":350,\"height\":87,\"caption\":\"Grupo Notibras de Comunica\u00e7\u00e3o\"},\"image\":{\"@id\":\"https:\/\/www.notibras.com\/site\/#\/schema\/logo\/image\/\"},\"sameAs\":[\"https:\/\/www.facebook.com\/notibras\/\",\"https:\/\/x.com\/Notibras\",\"https:\/\/www.instagram.com\/notibras\/\"]},{\"@type\":\"Person\",\"@id\":\"https:\/\/www.notibras.com\/site\/#\/schema\/person\/36ab0979449956132d3e5b517ea76ac8\",\"name\":\"Reda\u00e7\u00e3o\",\"image\":{\"@type\":\"ImageObject\",\"inLanguage\":\"pt-BR\",\"@id\":\"https:\/\/secure.gravatar.com\/avatar\/e0a867bdedb85fd243eadf09663511f96fc81e0720a4a42581f334ad4303aa6b?s=96&d=mm&r=g\",\"url\":\"https:\/\/secure.gravatar.com\/avatar\/e0a867bdedb85fd243eadf09663511f96fc81e0720a4a42581f334ad4303aa6b?s=96&d=mm&r=g\",\"contentUrl\":\"https:\/\/secure.gravatar.com\/avatar\/e0a867bdedb85fd243eadf09663511f96fc81e0720a4a42581f334ad4303aa6b?s=96&d=mm&r=g\",\"caption\":\"Reda\u00e7\u00e3o\"}}]}<\/script>\n<!-- \/ Yoast SEO plugin. -->","yoast_head_json":{"title":"Inscri\u00e7\u00f5es para vagas no Fies v\u00e3o at\u00e9 sexta-feira - Notibras","robots":{"index":"index","follow":"follow","max-snippet":"max-snippet:-1","max-image-preview":"max-image-preview:large","max-video-preview":"max-video-preview:-1"},"canonical":"https:\/\/www.notibras.com\/site\/inscricoes-para-vagas-no-fies-vao-ate-sexta-feira\/","og_locale":"pt_BR","og_type":"article","og_title":"Inscri\u00e7\u00f5es para vagas no Fies v\u00e3o at\u00e9 sexta-feira - Notibras","og_description":"Romper o sil\u00eancio e assistir aos pais desmancharem-se em l\u00e1grimas de alegria diante de s\u00edlabas pronunciadas dos filhos. Na rotina da fonoaudi\u00f3loga Luana Marques, de 33 anos, moradora da cidade de Valpara\u00edso (GO), e profissional de uma cl\u00ednica em Taguatinga, a miss\u00e3o profissional com crian\u00e7as e adolescentes faz com que ela tenha certeza de ter [&hellip;]","og_url":"https:\/\/www.notibras.com\/site\/inscricoes-para-vagas-no-fies-vao-ate-sexta-feira\/","og_site_name":"Notibras","article_publisher":"https:\/\/www.facebook.com\/notibras\/","article_published_time":"2024-03-13T09:45:00+00:00","article_modified_time":"2024-03-13T11:47:36+00:00","og_image":[{"width":1170,"height":700,"url":"https:\/\/www.notibras.com\/site\/wp-content\/uploads\/2024\/03\/fies.6a.webp","type":"image\/webp"}],"author":"Reda\u00e7\u00e3o","twitter_card":"summary_large_image","twitter_creator":"@Notibras","twitter_site":"@Notibras","twitter_misc":{"Escrito por":"Reda\u00e7\u00e3o","Est. tempo de leitura":"3 minutos"},"schema":{"@context":"https:\/\/schema.org","@graph":[{"@type":"Article","@id":"https:\/\/www.notibras.com\/site\/inscricoes-para-vagas-no-fies-vao-ate-sexta-feira\/#article","isPartOf":{"@id":"https:\/\/www.notibras.com\/site\/inscricoes-para-vagas-no-fies-vao-ate-sexta-feira\/"},"author":{"name":"Reda\u00e7\u00e3o","@id":"https:\/\/www.notibras.com\/site\/#\/schema\/person\/36ab0979449956132d3e5b517ea76ac8"},"headline":"Inscri\u00e7\u00f5es para vagas no Fies v\u00e3o at\u00e9 sexta-feira","datePublished":"2024-03-13T09:45:00+00:00","dateModified":"2024-03-13T11:47:36+00:00","mainEntityOfPage":{"@id":"https:\/\/www.notibras.com\/site\/inscricoes-para-vagas-no-fies-vao-ate-sexta-feira\/"},"wordCount":531,"publisher":{"@id":"https:\/\/www.notibras.com\/site\/#organization"},"image":{"@id":"https:\/\/www.notibras.com\/site\/inscricoes-para-vagas-no-fies-vao-ate-sexta-feira\/#primaryimage"},"thumbnailUrl":"https:\/\/www.notibras.com\/site\/wp-content\/uploads\/2024\/03\/fies.6a.webp","articleSection":["Quadradinho em Foco"],"inLanguage":"pt-BR"},{"@type":"WebPage","@id":"https:\/\/www.notibras.com\/site\/inscricoes-para-vagas-no-fies-vao-ate-sexta-feira\/","url":"https:\/\/www.notibras.com\/site\/inscricoes-para-vagas-no-fies-vao-ate-sexta-feira\/","name":"Inscri\u00e7\u00f5es para vagas no Fies v\u00e3o at\u00e9 sexta-feira - Notibras","isPartOf":{"@id":"https:\/\/www.notibras.com\/site\/#website"},"primaryImageOfPage":{"@id":"https:\/\/www.notibras.com\/site\/inscricoes-para-vagas-no-fies-vao-ate-sexta-feira\/#primaryimage"},"image":{"@id":"https:\/\/www.notibras.com\/site\/inscricoes-para-vagas-no-fies-vao-ate-sexta-feira\/#primaryimage"},"thumbnailUrl":"https:\/\/www.notibras.com\/site\/wp-content\/uploads\/2024\/03\/fies.6a.webp","datePublished":"2024-03-13T09:45:00+00:00","dateModified":"2024-03-13T11:47:36+00:00","breadcrumb":{"@id":"https:\/\/www.notibras.com\/site\/inscricoes-para-vagas-no-fies-vao-ate-sexta-feira\/#breadcrumb"},"inLanguage":"pt-BR","potentialAction":[{"@type":"ReadAction","target":["https:\/\/www.notibras.com\/site\/inscricoes-para-vagas-no-fies-vao-ate-sexta-feira\/"]}]},{"@type":"ImageObject","inLanguage":"pt-BR","@id":"https:\/\/www.notibras.com\/site\/inscricoes-para-vagas-no-fies-vao-ate-sexta-feira\/#primaryimage","url":"https:\/\/www.notibras.com\/site\/wp-content\/uploads\/2024\/03\/fies.6a.webp","contentUrl":"https:\/\/www.notibras.com\/site\/wp-content\/uploads\/2024\/03\/fies.6a.webp","width":1170,"height":700},{"@type":"BreadcrumbList","@id":"https:\/\/www.notibras.com\/site\/inscricoes-para-vagas-no-fies-vao-ate-sexta-feira\/#breadcrumb","itemListElement":[{"@type":"ListItem","position":1,"name":"In\u00edcio","item":"https:\/\/www.notibras.com\/site\/"},{"@type":"ListItem","position":2,"name":"Inscri\u00e7\u00f5es para vagas no Fies v\u00e3o at\u00e9 sexta-feira"}]},{"@type":"WebSite","@id":"https:\/\/www.notibras.com\/site\/#website","url":"https:\/\/www.notibras.com\/site\/","name":"Notibras","description":"Not\u00edcias de Bras\u00edlia, do Brasil e do Mundo","publisher":{"@id":"https:\/\/www.notibras.com\/site\/#organization"},"potentialAction":[{"@type":"SearchAction","target":{"@type":"EntryPoint","urlTemplate":"https:\/\/www.notibras.com\/site\/?s={search_term_string}"},"query-input":{"@type":"PropertyValueSpecification","valueRequired":true,"valueName":"search_term_string"}}],"inLanguage":"pt-BR"},{"@type":"Organization","@id":"https:\/\/www.notibras.com\/site\/#organization","name":"Grupo Notibras de Comunica\u00e7\u00e3o","url":"https:\/\/www.notibras.com\/site\/","logo":{"@type":"ImageObject","inLanguage":"pt-BR","@id":"https:\/\/www.notibras.com\/site\/#\/schema\/logo\/image\/","url":"https:\/\/www.notibras.com\/site\/wp-content\/uploads\/2023\/01\/notibras23.png","contentUrl":"https:\/\/www.notibras.com\/site\/wp-content\/uploads\/2023\/01\/notibras23.png","width":350,"height":87,"caption":"Grupo Notibras de Comunica\u00e7\u00e3o"},"image":{"@id":"https:\/\/www.notibras.com\/site\/#\/schema\/logo\/image\/"},"sameAs":["https:\/\/www.facebook.com\/notibras\/","https:\/\/x.com\/Notibras","https:\/\/www.instagram.com\/notibras\/"]},{"@type":"Person","@id":"https:\/\/www.notibras.com\/site\/#\/schema\/person\/36ab0979449956132d3e5b517ea76ac8","name":"Reda\u00e7\u00e3o","image":{"@type":"ImageObject","inLanguage":"pt-BR","@id":"https:\/\/secure.gravatar.com\/avatar\/e0a867bdedb85fd243eadf09663511f96fc81e0720a4a42581f334ad4303aa6b?s=96&d=mm&r=g","url":"https:\/\/secure.gravatar.com\/avatar\/e0a867bdedb85fd243eadf09663511f96fc81e0720a4a42581f334ad4303aa6b?s=96&d=mm&r=g","contentUrl":"https:\/\/secure.gravatar.com\/avatar\/e0a867bdedb85fd243eadf09663511f96fc81e0720a4a42581f334ad4303aa6b?s=96&d=mm&r=g","caption":"Reda\u00e7\u00e3o"}}]}},"amp_enabled":true,"_links":{"self":[{"href":"https:\/\/www.notibras.com\/site\/wp-json\/wp\/v2\/posts\/324468","targetHints":{"allow":["GET"]}}],"collection":[{"href":"https:\/\/www.notibras.com\/site\/wp-json\/wp\/v2\/posts"}],"about":[{"href":"https:\/\/www.notibras.com\/site\/wp-json\/wp\/v2\/types\/post"}],"author":[{"embeddable":true,"href":"https:\/\/www.notibras.com\/site\/wp-json\/wp\/v2\/users\/2"}],"replies":[{"embeddable":true,"href":"https:\/\/www.notibras.com\/site\/wp-json\/wp\/v2\/comments?post=324468"}],"version-history":[{"count":1,"href":"https:\/\/www.notibras.com\/site\/wp-json\/wp\/v2\/posts\/324468\/revisions"}],"predecessor-version":[{"id":324470,"href":"https:\/\/www.notibras.com\/site\/wp-json\/wp\/v2\/posts\/324468\/revisions\/324470"}],"wp:featuredmedia":[{"embeddable":true,"href":"https:\/\/www.notibras.com\/site\/wp-json\/wp\/v2\/media\/324469"}],"wp:attachment":[{"href":"https:\/\/www.notibras.com\/site\/wp-json\/wp\/v2\/media?parent=324468"}],"wp:term":[{"taxonomy":"category","embeddable":true,"href":"https:\/\/www.notibras.com\/site\/wp-json\/wp\/v2\/categories?post=324468"},{"taxonomy":"post_tag","embeddable":true,"href":"https:\/\/www.notibras.com\/site\/wp-json\/wp\/v2\/tags?post=324468"}],"curies":[{"name":"wp","href":"https:\/\/api.w.org\/{rel}","templated":true}]}}