{"id":324474,"date":"2024-03-13T00:00:20","date_gmt":"2024-03-13T03:00:20","guid":{"rendered":"https:\/\/www.notibras.com\/site\/?p=324474"},"modified":"2024-03-13T09:01:09","modified_gmt":"2024-03-13T12:01:09","slug":"produtores-e-trabalhadores-rurais-aprendem-manejo-de-uva","status":"publish","type":"post","link":"https:\/\/www.notibras.com\/site\/produtores-e-trabalhadores-rurais-aprendem-manejo-de-uva\/","title":{"rendered":"Produtores e trabalhadores rurais aprendem manejo de uva"},"content":{"rendered":"<p>Produtores e extensionistas rurais fizeram uma visita t\u00e9cnica \u00e0 \u00e1rea experimental de cultivo de uvas, na AgroBras\u00edlia. O objetivo do evento organizado pela Emater-DF foi mostrar na pr\u00e1tica como deve ser feita a poda de produ\u00e7\u00e3o nas plantas para que os frutos sejam colhidos no inverno. A estrat\u00e9gia visa \u00e0 produ\u00e7\u00e3o de vinhos finos.<\/p>\n<p>O grupo acompanhou a tecnologia usada na poda de produ\u00e7\u00e3o numa \u00e1rea com meio hectare de extens\u00e3o cultivada com uva syrah, espec\u00edfica para vinhos finos, dentro do Parque Tecnol\u00f3gico Ivaldo Cenci, mantida pela Cooperativa Agropecu\u00e1ria da Regi\u00e3o do Distrito Federal (Coopa-DF). De acordo com o supervisor da Regional Leste, Fabiano Carvalho, a t\u00e9cnica da dupla poda, quando a planta \u00e9 submetida \u00e0 poda de forma\u00e7\u00e3o e \u00e0 poda de produ\u00e7\u00e3o, tem se mostrado mais eficaz para a vitivinicultura do DF.<\/p>\n<p>\u201cMuitos produtores e extensionistas ainda t\u00eam muitas dificuldades. Nosso objetivo foi tirar esse mito de que \u00e9 dif\u00edcil e mostrar que a poda \u00e9 simples, bastando ser feita no per\u00edodo certo e da maneira correta. Isso garante que os frutos cres\u00e7am no inverno, quando h\u00e1 uma grande amplitude t\u00e9rmica, frio de noite e sol quente durante o dia, e garante a produ\u00e7\u00e3o de uvas mais doces\u201d, explica Fabiano Carvalho.<\/p>\n<p>Uma equipe da Vin\u00edcola Paula, no Gama, participou da atividade para aprimorar as t\u00e9cnicas empregadas no plantio de uvas grenache, cabernet sauvignon, chenin blanc e malbec e produzir plantas bem formadas, com boa apar\u00eancia e frutos com mais qualidade para se extrair do melhor do terroir. A propriedade est\u00e1 se estabelecendo no enoturismo.<\/p>\n<p>\u201cAprendi o jeito da poda que eu n\u00e3o sabia como fazer. Temos tr\u00eas hectares plantados de uvas para produ\u00e7\u00e3o de vinhos finos e vamos ampliar para seis hectares no total. Portanto, \u00e9 importante ampliar o conhecimento no assunto\u201d, comenta o gerente da vin\u00edcola, Ayrton Senna Calixto Rodrigues da Silva.<\/p>\n<p><strong>Crescimento<\/strong><br \/>\nO gerente de Fruticultura da Emater-DF, Felipe Camargo, que coordenou a visita t\u00e9cnica, ressaltou que a produ\u00e7\u00e3o de uvas para vinhos finos na regi\u00e3o \u00e9 bastante promissora e que deve crescer ainda mais ap\u00f3s a inaugura\u00e7\u00e3o da Vin\u00edcola Bras\u00edlia.<\/p>\n<p>Dessa forma, a vitivinicultura local vai precisar tanto de produtores quanto de trabalhadores qualificados. A a\u00e7\u00e3o da Emater-DF pretende disseminar a vitivinicultura no DF e qualificar os produtores e trabalhadores que j\u00e1 est\u00e3o na \u00e1rea ou que pretendem iniciar a atividade.<\/p>\n<p>\u201cEssa \u00e9 a quarta oficina que ministramos nesse espa\u00e7o experimental da Coopa-DF, onde temos toda liberdade para trazer produtores e trabalhadores para aprenderem vendo como se faz. J\u00e1 houve oficina de poda de forma\u00e7\u00e3o, controle de doen\u00e7a, irriga\u00e7\u00e3o e agora poda de produ\u00e7\u00e3o, que \u00e9 uma fase do manejo muito importante para garantir a colheita de bons frutos no final de julho e in\u00edcio de agosto. Aqui viemos em campo para visualizar, memorizar e aprender de fato. \u00c9 diferente de ensinar em sala de aula ou mostrar por meio de um slide para qualificar o produtor e o trabalhador\u201d, afirma Felipe.<\/p>\n","protected":false},"excerpt":{"rendered":"<p>Produtores e extensionistas rurais fizeram uma visita t\u00e9cnica \u00e0 \u00e1rea experimental de cultivo de uvas, na AgroBras\u00edlia. O objetivo do evento organizado pela Emater-DF foi mostrar na pr\u00e1tica como deve ser feita a poda de produ\u00e7\u00e3o nas plantas para que os frutos sejam colhidos no inverno. A estrat\u00e9gia visa \u00e0 produ\u00e7\u00e3o de vinhos finos. O [&hellip;]<\/p>\n","protected":false},"author":2,"featured_media":324475,"comment_status":"closed","ping_status":"closed","sticky":false,"template":"","format":"standard","meta":{"_acf_changed":false,"footnotes":""},"categories":[161],"tags":[],"class_list":["post-324474","post","type-post","status-publish","format-standard","has-post-thumbnail","hentry","category-quadradinho-em-foco"],"acf":[],"yoast_head":"<!-- This site is optimized with the Yoast SEO plugin v27.2 - https:\/\/yoast.com\/product\/yoast-seo-wordpress\/ -->\n<title>Produtores e trabalhadores rurais aprendem manejo de uva - Notibras<\/title>\n<meta name=\"robots\" content=\"index, follow, max-snippet:-1, max-image-preview:large, max-video-preview:-1\" \/>\n<link rel=\"canonical\" href=\"https:\/\/www.notibras.com\/site\/produtores-e-trabalhadores-rurais-aprendem-manejo-de-uva\/\" \/>\n<meta property=\"og:locale\" content=\"pt_BR\" \/>\n<meta property=\"og:type\" content=\"article\" \/>\n<meta property=\"og:title\" content=\"Produtores e trabalhadores rurais aprendem manejo de uva - Notibras\" \/>\n<meta property=\"og:description\" content=\"Produtores e extensionistas rurais fizeram uma visita t\u00e9cnica \u00e0 \u00e1rea experimental de cultivo de uvas, na AgroBras\u00edlia. O objetivo do evento organizado pela Emater-DF foi mostrar na pr\u00e1tica como deve ser feita a poda de produ\u00e7\u00e3o nas plantas para que os frutos sejam colhidos no inverno. A estrat\u00e9gia visa \u00e0 produ\u00e7\u00e3o de vinhos finos. O [&hellip;]\" \/>\n<meta property=\"og:url\" content=\"https:\/\/www.notibras.com\/site\/produtores-e-trabalhadores-rurais-aprendem-manejo-de-uva\/\" \/>\n<meta property=\"og:site_name\" content=\"Notibras\" \/>\n<meta property=\"article:publisher\" content=\"https:\/\/www.facebook.com\/notibras\/\" \/>\n<meta property=\"article:published_time\" content=\"2024-03-13T03:00:20+00:00\" \/>\n<meta property=\"article:modified_time\" content=\"2024-03-13T12:01:09+00:00\" \/>\n<meta property=\"og:image\" content=\"https:\/\/www.notibras.com\/site\/wp-content\/uploads\/2024\/03\/IMG_20240312_103316-1536x864-1.jpg\" \/>\n\t<meta property=\"og:image:width\" content=\"1536\" \/>\n\t<meta property=\"og:image:height\" content=\"864\" \/>\n\t<meta property=\"og:image:type\" content=\"image\/jpeg\" \/>\n<meta name=\"author\" content=\"Reda\u00e7\u00e3o\" \/>\n<meta name=\"twitter:card\" content=\"summary_large_image\" \/>\n<meta name=\"twitter:creator\" content=\"@Notibras\" \/>\n<meta name=\"twitter:site\" content=\"@Notibras\" \/>\n<meta name=\"twitter:label1\" content=\"Escrito por\" \/>\n\t<meta name=\"twitter:data1\" content=\"Reda\u00e7\u00e3o\" \/>\n\t<meta name=\"twitter:label2\" content=\"Est. tempo de leitura\" \/>\n\t<meta name=\"twitter:data2\" content=\"3 minutos\" \/>\n<script type=\"application\/ld+json\" class=\"yoast-schema-graph\">{\"@context\":\"https:\/\/schema.org\",\"@graph\":[{\"@type\":\"Article\",\"@id\":\"https:\/\/www.notibras.com\/site\/produtores-e-trabalhadores-rurais-aprendem-manejo-de-uva\/#article\",\"isPartOf\":{\"@id\":\"https:\/\/www.notibras.com\/site\/produtores-e-trabalhadores-rurais-aprendem-manejo-de-uva\/\"},\"author\":{\"name\":\"Reda\u00e7\u00e3o\",\"@id\":\"https:\/\/www.notibras.com\/site\/#\/schema\/person\/36ab0979449956132d3e5b517ea76ac8\"},\"headline\":\"Produtores e trabalhadores rurais aprendem manejo de uva\",\"datePublished\":\"2024-03-13T03:00:20+00:00\",\"dateModified\":\"2024-03-13T12:01:09+00:00\",\"mainEntityOfPage\":{\"@id\":\"https:\/\/www.notibras.com\/site\/produtores-e-trabalhadores-rurais-aprendem-manejo-de-uva\/\"},\"wordCount\":526,\"publisher\":{\"@id\":\"https:\/\/www.notibras.com\/site\/#organization\"},\"image\":{\"@id\":\"https:\/\/www.notibras.com\/site\/produtores-e-trabalhadores-rurais-aprendem-manejo-de-uva\/#primaryimage\"},\"thumbnailUrl\":\"https:\/\/www.notibras.com\/site\/wp-content\/uploads\/2024\/03\/IMG_20240312_103316-1536x864-1.jpg\",\"articleSection\":[\"Quadradinho em Foco\"],\"inLanguage\":\"pt-BR\"},{\"@type\":\"WebPage\",\"@id\":\"https:\/\/www.notibras.com\/site\/produtores-e-trabalhadores-rurais-aprendem-manejo-de-uva\/\",\"url\":\"https:\/\/www.notibras.com\/site\/produtores-e-trabalhadores-rurais-aprendem-manejo-de-uva\/\",\"name\":\"Produtores e trabalhadores rurais aprendem manejo de uva - Notibras\",\"isPartOf\":{\"@id\":\"https:\/\/www.notibras.com\/site\/#website\"},\"primaryImageOfPage\":{\"@id\":\"https:\/\/www.notibras.com\/site\/produtores-e-trabalhadores-rurais-aprendem-manejo-de-uva\/#primaryimage\"},\"image\":{\"@id\":\"https:\/\/www.notibras.com\/site\/produtores-e-trabalhadores-rurais-aprendem-manejo-de-uva\/#primaryimage\"},\"thumbnailUrl\":\"https:\/\/www.notibras.com\/site\/wp-content\/uploads\/2024\/03\/IMG_20240312_103316-1536x864-1.jpg\",\"datePublished\":\"2024-03-13T03:00:20+00:00\",\"dateModified\":\"2024-03-13T12:01:09+00:00\",\"breadcrumb\":{\"@id\":\"https:\/\/www.notibras.com\/site\/produtores-e-trabalhadores-rurais-aprendem-manejo-de-uva\/#breadcrumb\"},\"inLanguage\":\"pt-BR\",\"potentialAction\":[{\"@type\":\"ReadAction\",\"target\":[\"https:\/\/www.notibras.com\/site\/produtores-e-trabalhadores-rurais-aprendem-manejo-de-uva\/\"]}]},{\"@type\":\"ImageObject\",\"inLanguage\":\"pt-BR\",\"@id\":\"https:\/\/www.notibras.com\/site\/produtores-e-trabalhadores-rurais-aprendem-manejo-de-uva\/#primaryimage\",\"url\":\"https:\/\/www.notibras.com\/site\/wp-content\/uploads\/2024\/03\/IMG_20240312_103316-1536x864-1.jpg\",\"contentUrl\":\"https:\/\/www.notibras.com\/site\/wp-content\/uploads\/2024\/03\/IMG_20240312_103316-1536x864-1.jpg\",\"width\":1536,\"height\":864},{\"@type\":\"BreadcrumbList\",\"@id\":\"https:\/\/www.notibras.com\/site\/produtores-e-trabalhadores-rurais-aprendem-manejo-de-uva\/#breadcrumb\",\"itemListElement\":[{\"@type\":\"ListItem\",\"position\":1,\"name\":\"In\u00edcio\",\"item\":\"https:\/\/www.notibras.com\/site\/\"},{\"@type\":\"ListItem\",\"position\":2,\"name\":\"Produtores e trabalhadores rurais aprendem manejo de uva\"}]},{\"@type\":\"WebSite\",\"@id\":\"https:\/\/www.notibras.com\/site\/#website\",\"url\":\"https:\/\/www.notibras.com\/site\/\",\"name\":\"Notibras\",\"description\":\"Not\u00edcias de Bras\u00edlia, do Brasil e do Mundo\",\"publisher\":{\"@id\":\"https:\/\/www.notibras.com\/site\/#organization\"},\"potentialAction\":[{\"@type\":\"SearchAction\",\"target\":{\"@type\":\"EntryPoint\",\"urlTemplate\":\"https:\/\/www.notibras.com\/site\/?s={search_term_string}\"},\"query-input\":{\"@type\":\"PropertyValueSpecification\",\"valueRequired\":true,\"valueName\":\"search_term_string\"}}],\"inLanguage\":\"pt-BR\"},{\"@type\":\"Organization\",\"@id\":\"https:\/\/www.notibras.com\/site\/#organization\",\"name\":\"Grupo Notibras de Comunica\u00e7\u00e3o\",\"url\":\"https:\/\/www.notibras.com\/site\/\",\"logo\":{\"@type\":\"ImageObject\",\"inLanguage\":\"pt-BR\",\"@id\":\"https:\/\/www.notibras.com\/site\/#\/schema\/logo\/image\/\",\"url\":\"https:\/\/www.notibras.com\/site\/wp-content\/uploads\/2023\/01\/notibras23.png\",\"contentUrl\":\"https:\/\/www.notibras.com\/site\/wp-content\/uploads\/2023\/01\/notibras23.png\",\"width\":350,\"height\":87,\"caption\":\"Grupo Notibras de Comunica\u00e7\u00e3o\"},\"image\":{\"@id\":\"https:\/\/www.notibras.com\/site\/#\/schema\/logo\/image\/\"},\"sameAs\":[\"https:\/\/www.facebook.com\/notibras\/\",\"https:\/\/x.com\/Notibras\",\"https:\/\/www.instagram.com\/notibras\/\"]},{\"@type\":\"Person\",\"@id\":\"https:\/\/www.notibras.com\/site\/#\/schema\/person\/36ab0979449956132d3e5b517ea76ac8\",\"name\":\"Reda\u00e7\u00e3o\",\"image\":{\"@type\":\"ImageObject\",\"inLanguage\":\"pt-BR\",\"@id\":\"https:\/\/secure.gravatar.com\/avatar\/e0a867bdedb85fd243eadf09663511f96fc81e0720a4a42581f334ad4303aa6b?s=96&d=mm&r=g\",\"url\":\"https:\/\/secure.gravatar.com\/avatar\/e0a867bdedb85fd243eadf09663511f96fc81e0720a4a42581f334ad4303aa6b?s=96&d=mm&r=g\",\"contentUrl\":\"https:\/\/secure.gravatar.com\/avatar\/e0a867bdedb85fd243eadf09663511f96fc81e0720a4a42581f334ad4303aa6b?s=96&d=mm&r=g\",\"caption\":\"Reda\u00e7\u00e3o\"}}]}<\/script>\n<!-- \/ Yoast SEO plugin. -->","yoast_head_json":{"title":"Produtores e trabalhadores rurais aprendem manejo de uva - Notibras","robots":{"index":"index","follow":"follow","max-snippet":"max-snippet:-1","max-image-preview":"max-image-preview:large","max-video-preview":"max-video-preview:-1"},"canonical":"https:\/\/www.notibras.com\/site\/produtores-e-trabalhadores-rurais-aprendem-manejo-de-uva\/","og_locale":"pt_BR","og_type":"article","og_title":"Produtores e trabalhadores rurais aprendem manejo de uva - Notibras","og_description":"Produtores e extensionistas rurais fizeram uma visita t\u00e9cnica \u00e0 \u00e1rea experimental de cultivo de uvas, na AgroBras\u00edlia. O objetivo do evento organizado pela Emater-DF foi mostrar na pr\u00e1tica como deve ser feita a poda de produ\u00e7\u00e3o nas plantas para que os frutos sejam colhidos no inverno. A estrat\u00e9gia visa \u00e0 produ\u00e7\u00e3o de vinhos finos. O [&hellip;]","og_url":"https:\/\/www.notibras.com\/site\/produtores-e-trabalhadores-rurais-aprendem-manejo-de-uva\/","og_site_name":"Notibras","article_publisher":"https:\/\/www.facebook.com\/notibras\/","article_published_time":"2024-03-13T03:00:20+00:00","article_modified_time":"2024-03-13T12:01:09+00:00","og_image":[{"width":1536,"height":864,"url":"https:\/\/www.notibras.com\/site\/wp-content\/uploads\/2024\/03\/IMG_20240312_103316-1536x864-1.jpg","type":"image\/jpeg"}],"author":"Reda\u00e7\u00e3o","twitter_card":"summary_large_image","twitter_creator":"@Notibras","twitter_site":"@Notibras","twitter_misc":{"Escrito por":"Reda\u00e7\u00e3o","Est. tempo de leitura":"3 minutos"},"schema":{"@context":"https:\/\/schema.org","@graph":[{"@type":"Article","@id":"https:\/\/www.notibras.com\/site\/produtores-e-trabalhadores-rurais-aprendem-manejo-de-uva\/#article","isPartOf":{"@id":"https:\/\/www.notibras.com\/site\/produtores-e-trabalhadores-rurais-aprendem-manejo-de-uva\/"},"author":{"name":"Reda\u00e7\u00e3o","@id":"https:\/\/www.notibras.com\/site\/#\/schema\/person\/36ab0979449956132d3e5b517ea76ac8"},"headline":"Produtores e trabalhadores rurais aprendem manejo de uva","datePublished":"2024-03-13T03:00:20+00:00","dateModified":"2024-03-13T12:01:09+00:00","mainEntityOfPage":{"@id":"https:\/\/www.notibras.com\/site\/produtores-e-trabalhadores-rurais-aprendem-manejo-de-uva\/"},"wordCount":526,"publisher":{"@id":"https:\/\/www.notibras.com\/site\/#organization"},"image":{"@id":"https:\/\/www.notibras.com\/site\/produtores-e-trabalhadores-rurais-aprendem-manejo-de-uva\/#primaryimage"},"thumbnailUrl":"https:\/\/www.notibras.com\/site\/wp-content\/uploads\/2024\/03\/IMG_20240312_103316-1536x864-1.jpg","articleSection":["Quadradinho em Foco"],"inLanguage":"pt-BR"},{"@type":"WebPage","@id":"https:\/\/www.notibras.com\/site\/produtores-e-trabalhadores-rurais-aprendem-manejo-de-uva\/","url":"https:\/\/www.notibras.com\/site\/produtores-e-trabalhadores-rurais-aprendem-manejo-de-uva\/","name":"Produtores e trabalhadores rurais aprendem manejo de uva - Notibras","isPartOf":{"@id":"https:\/\/www.notibras.com\/site\/#website"},"primaryImageOfPage":{"@id":"https:\/\/www.notibras.com\/site\/produtores-e-trabalhadores-rurais-aprendem-manejo-de-uva\/#primaryimage"},"image":{"@id":"https:\/\/www.notibras.com\/site\/produtores-e-trabalhadores-rurais-aprendem-manejo-de-uva\/#primaryimage"},"thumbnailUrl":"https:\/\/www.notibras.com\/site\/wp-content\/uploads\/2024\/03\/IMG_20240312_103316-1536x864-1.jpg","datePublished":"2024-03-13T03:00:20+00:00","dateModified":"2024-03-13T12:01:09+00:00","breadcrumb":{"@id":"https:\/\/www.notibras.com\/site\/produtores-e-trabalhadores-rurais-aprendem-manejo-de-uva\/#breadcrumb"},"inLanguage":"pt-BR","potentialAction":[{"@type":"ReadAction","target":["https:\/\/www.notibras.com\/site\/produtores-e-trabalhadores-rurais-aprendem-manejo-de-uva\/"]}]},{"@type":"ImageObject","inLanguage":"pt-BR","@id":"https:\/\/www.notibras.com\/site\/produtores-e-trabalhadores-rurais-aprendem-manejo-de-uva\/#primaryimage","url":"https:\/\/www.notibras.com\/site\/wp-content\/uploads\/2024\/03\/IMG_20240312_103316-1536x864-1.jpg","contentUrl":"https:\/\/www.notibras.com\/site\/wp-content\/uploads\/2024\/03\/IMG_20240312_103316-1536x864-1.jpg","width":1536,"height":864},{"@type":"BreadcrumbList","@id":"https:\/\/www.notibras.com\/site\/produtores-e-trabalhadores-rurais-aprendem-manejo-de-uva\/#breadcrumb","itemListElement":[{"@type":"ListItem","position":1,"name":"In\u00edcio","item":"https:\/\/www.notibras.com\/site\/"},{"@type":"ListItem","position":2,"name":"Produtores e trabalhadores rurais aprendem manejo de uva"}]},{"@type":"WebSite","@id":"https:\/\/www.notibras.com\/site\/#website","url":"https:\/\/www.notibras.com\/site\/","name":"Notibras","description":"Not\u00edcias de Bras\u00edlia, do Brasil e do Mundo","publisher":{"@id":"https:\/\/www.notibras.com\/site\/#organization"},"potentialAction":[{"@type":"SearchAction","target":{"@type":"EntryPoint","urlTemplate":"https:\/\/www.notibras.com\/site\/?s={search_term_string}"},"query-input":{"@type":"PropertyValueSpecification","valueRequired":true,"valueName":"search_term_string"}}],"inLanguage":"pt-BR"},{"@type":"Organization","@id":"https:\/\/www.notibras.com\/site\/#organization","name":"Grupo Notibras de Comunica\u00e7\u00e3o","url":"https:\/\/www.notibras.com\/site\/","logo":{"@type":"ImageObject","inLanguage":"pt-BR","@id":"https:\/\/www.notibras.com\/site\/#\/schema\/logo\/image\/","url":"https:\/\/www.notibras.com\/site\/wp-content\/uploads\/2023\/01\/notibras23.png","contentUrl":"https:\/\/www.notibras.com\/site\/wp-content\/uploads\/2023\/01\/notibras23.png","width":350,"height":87,"caption":"Grupo Notibras de Comunica\u00e7\u00e3o"},"image":{"@id":"https:\/\/www.notibras.com\/site\/#\/schema\/logo\/image\/"},"sameAs":["https:\/\/www.facebook.com\/notibras\/","https:\/\/x.com\/Notibras","https:\/\/www.instagram.com\/notibras\/"]},{"@type":"Person","@id":"https:\/\/www.notibras.com\/site\/#\/schema\/person\/36ab0979449956132d3e5b517ea76ac8","name":"Reda\u00e7\u00e3o","image":{"@type":"ImageObject","inLanguage":"pt-BR","@id":"https:\/\/secure.gravatar.com\/avatar\/e0a867bdedb85fd243eadf09663511f96fc81e0720a4a42581f334ad4303aa6b?s=96&d=mm&r=g","url":"https:\/\/secure.gravatar.com\/avatar\/e0a867bdedb85fd243eadf09663511f96fc81e0720a4a42581f334ad4303aa6b?s=96&d=mm&r=g","contentUrl":"https:\/\/secure.gravatar.com\/avatar\/e0a867bdedb85fd243eadf09663511f96fc81e0720a4a42581f334ad4303aa6b?s=96&d=mm&r=g","caption":"Reda\u00e7\u00e3o"}}]}},"amp_enabled":true,"_links":{"self":[{"href":"https:\/\/www.notibras.com\/site\/wp-json\/wp\/v2\/posts\/324474","targetHints":{"allow":["GET"]}}],"collection":[{"href":"https:\/\/www.notibras.com\/site\/wp-json\/wp\/v2\/posts"}],"about":[{"href":"https:\/\/www.notibras.com\/site\/wp-json\/wp\/v2\/types\/post"}],"author":[{"embeddable":true,"href":"https:\/\/www.notibras.com\/site\/wp-json\/wp\/v2\/users\/2"}],"replies":[{"embeddable":true,"href":"https:\/\/www.notibras.com\/site\/wp-json\/wp\/v2\/comments?post=324474"}],"version-history":[{"count":1,"href":"https:\/\/www.notibras.com\/site\/wp-json\/wp\/v2\/posts\/324474\/revisions"}],"predecessor-version":[{"id":324476,"href":"https:\/\/www.notibras.com\/site\/wp-json\/wp\/v2\/posts\/324474\/revisions\/324476"}],"wp:featuredmedia":[{"embeddable":true,"href":"https:\/\/www.notibras.com\/site\/wp-json\/wp\/v2\/media\/324475"}],"wp:attachment":[{"href":"https:\/\/www.notibras.com\/site\/wp-json\/wp\/v2\/media?parent=324474"}],"wp:term":[{"taxonomy":"category","embeddable":true,"href":"https:\/\/www.notibras.com\/site\/wp-json\/wp\/v2\/categories?post=324474"},{"taxonomy":"post_tag","embeddable":true,"href":"https:\/\/www.notibras.com\/site\/wp-json\/wp\/v2\/tags?post=324474"}],"curies":[{"name":"wp","href":"https:\/\/api.w.org\/{rel}","templated":true}]}}