{"id":324556,"date":"2024-03-13T16:23:52","date_gmt":"2024-03-13T19:23:52","guid":{"rendered":"https:\/\/www.notibras.com\/site\/?p=324556"},"modified":"2024-03-13T23:26:32","modified_gmt":"2024-03-14T02:26:32","slug":"governo-lula-e-retrogrado-na-economia-diz-rogerio-marinho","status":"publish","type":"post","link":"https:\/\/www.notibras.com\/site\/governo-lula-e-retrogrado-na-economia-diz-rogerio-marinho\/","title":{"rendered":"Governo Lula \u00e9 retr\u00f3grado na economia, diz Rog\u00e9rio Marinho"},"content":{"rendered":"<p>O senador Rogerio Marinho (PL-RN) acusou o governo do petista Luiz In\u00e1cio Lula da Silva de desenvolver uma pol\u00edtica \u201cretr\u00f3grada, que fere a competitividade e desafia o bom senso, se contrapondo \u00e0 l\u00f3gica e atrasando o pa\u00eds\u201d. O parlamentar criticou a\u00e7\u00e3o feita pelo governo federal, no in\u00edcio de 2023, propondo que a privatiza\u00e7\u00e3o ou capitaliza\u00e7\u00e3o da Eletrobras fosse revista.<\/p>\n<p>\u2014 Este Parlamento decidiu a capitaliza\u00e7\u00e3o do sistema, a pulveriza\u00e7\u00e3o das suas a\u00e7\u00f5es, a transforma\u00e7\u00e3o daquela empresa numa\u00a0c<em>orporation<\/em>, e milhares de brasileiros acreditaram no que este Congresso Nacional e o Estado brasileiro apresentaram \u00e0 sociedade. Investiram dezenas de bilh\u00f5es de reais, que permitiram a retomada do investimento, a retomada de projetos essenciais e importantes para a seguran\u00e7a energ\u00e9tica do nosso pa\u00eds. Pois muito bem, este governo, num dos primeiros atos, tenta junto ao Supremo Tribunal Federal reverter essa a\u00e7\u00e3o exitosa, essa a\u00e7\u00e3o dadivosa, essa a\u00e7\u00e3o saneadora do nosso sistema el\u00e9trico, numa medida retr\u00f3grada de quem acredita que o pa\u00eds, que a na\u00e7\u00e3o brasileira pertence a poucos e que n\u00e3o tem a capacidade de se emancipar \u2014 pontuou Marinho.<\/p>\n<p>O senador tamb\u00e9m criticou poss\u00edvel interfer\u00eancia do governo na escolha do presidente da Vale e citou o caso do conselheiro de administra\u00e7\u00e3o Jos\u00e9 Luciano Duarte Penido,\u00a0que renunciou ao cargo por discordar do\u00a0processo de sucess\u00e3o na companhia.<\/p>\n<p>\u2014 Esse cidad\u00e3o abre m\u00e3o hoje de participar do conselho da Vale por entender que a interfer\u00eancia governamental e a forma como vai sendo gerida aquela empresa s\u00e3o danosas para os interesses da segunda maior empresa brasileira, uma das maiores do mundo. Esse \u00e9 o resultado dessa interfer\u00eancia indevida de um governo que n\u00e3o entendeu ainda que tem separa\u00e7\u00e3o entre o p\u00fablico e o privado.<\/p>\n<p>Marinho ainda levantou questionamentos sobre a Petrobras e destacou que a empresa perdeu, nos \u00faltimos dez dias, quase R$ 60 bilh\u00f5es do seu valor na Bolsa de Valores. O senador afirmou ter ingressado com uma representa\u00e7\u00e3o no Tribunal de Contas da Uni\u00e3o (TCU) contra o presidente da Rep\u00fablica Luiz In\u00e1cio Lula da Silva e os ministros Rui Costa, da Casa Civil, Alexandre Silveira, de Minas e Energia, e Fernando Haddad, da Fazenda, para apurar poss\u00edveis inger\u00eancias do governo.<\/p>\n","protected":false},"excerpt":{"rendered":"<p>O senador Rogerio Marinho (PL-RN) acusou o governo do petista Luiz In\u00e1cio Lula da Silva de desenvolver uma pol\u00edtica \u201cretr\u00f3grada, que fere a competitividade e desafia o bom senso, se contrapondo \u00e0 l\u00f3gica e atrasando o pa\u00eds\u201d. O parlamentar criticou a\u00e7\u00e3o feita pelo governo federal, no in\u00edcio de 2023, propondo que a privatiza\u00e7\u00e3o ou capitaliza\u00e7\u00e3o [&hellip;]<\/p>\n","protected":false},"author":2,"featured_media":324557,"comment_status":"closed","ping_status":"closed","sticky":false,"template":"","format":"standard","meta":{"_acf_changed":false,"footnotes":""},"categories":[165,173],"tags":[],"class_list":["post-324556","post","type-post","status-publish","format-standard","has-post-thumbnail","hentry","category-nordeste","category-rio-grande-do-norte"],"acf":[],"yoast_head":"<!-- This site is optimized with the Yoast SEO plugin v27.2 - https:\/\/yoast.com\/product\/yoast-seo-wordpress\/ -->\n<title>Governo Lula \u00e9 retr\u00f3grado na economia, diz Rog\u00e9rio Marinho - Notibras<\/title>\n<meta name=\"robots\" content=\"index, follow, max-snippet:-1, max-image-preview:large, max-video-preview:-1\" \/>\n<link rel=\"canonical\" href=\"https:\/\/www.notibras.com\/site\/governo-lula-e-retrogrado-na-economia-diz-rogerio-marinho\/\" \/>\n<meta property=\"og:locale\" content=\"pt_BR\" \/>\n<meta property=\"og:type\" content=\"article\" \/>\n<meta property=\"og:title\" content=\"Governo Lula \u00e9 retr\u00f3grado na economia, diz Rog\u00e9rio Marinho - Notibras\" \/>\n<meta property=\"og:description\" content=\"O senador Rogerio Marinho (PL-RN) acusou o governo do petista Luiz In\u00e1cio Lula da Silva de desenvolver uma pol\u00edtica \u201cretr\u00f3grada, que fere a competitividade e desafia o bom senso, se contrapondo \u00e0 l\u00f3gica e atrasando o pa\u00eds\u201d. O parlamentar criticou a\u00e7\u00e3o feita pelo governo federal, no in\u00edcio de 2023, propondo que a privatiza\u00e7\u00e3o ou capitaliza\u00e7\u00e3o [&hellip;]\" \/>\n<meta property=\"og:url\" content=\"https:\/\/www.notibras.com\/site\/governo-lula-e-retrogrado-na-economia-diz-rogerio-marinho\/\" \/>\n<meta property=\"og:site_name\" content=\"Notibras\" \/>\n<meta property=\"article:publisher\" content=\"https:\/\/www.facebook.com\/notibras\/\" \/>\n<meta property=\"article:published_time\" content=\"2024-03-13T19:23:52+00:00\" \/>\n<meta property=\"article:modified_time\" content=\"2024-03-14T02:26:32+00:00\" \/>\n<meta property=\"og:image\" content=\"https:\/\/www.notibras.com\/site\/wp-content\/uploads\/2024\/03\/imagem_materia-15.jpeg\" \/>\n\t<meta property=\"og:image:width\" content=\"860\" \/>\n\t<meta property=\"og:image:height\" content=\"570\" \/>\n\t<meta property=\"og:image:type\" content=\"image\/jpeg\" \/>\n<meta name=\"author\" content=\"Reda\u00e7\u00e3o\" \/>\n<meta name=\"twitter:card\" content=\"summary_large_image\" \/>\n<meta name=\"twitter:creator\" content=\"@Notibras\" \/>\n<meta name=\"twitter:site\" content=\"@Notibras\" \/>\n<meta name=\"twitter:label1\" content=\"Escrito por\" \/>\n\t<meta name=\"twitter:data1\" content=\"Reda\u00e7\u00e3o\" \/>\n\t<meta name=\"twitter:label2\" content=\"Est. tempo de leitura\" \/>\n\t<meta name=\"twitter:data2\" content=\"3 minutos\" \/>\n<script type=\"application\/ld+json\" class=\"yoast-schema-graph\">{\"@context\":\"https:\/\/schema.org\",\"@graph\":[{\"@type\":\"Article\",\"@id\":\"https:\/\/www.notibras.com\/site\/governo-lula-e-retrogrado-na-economia-diz-rogerio-marinho\/#article\",\"isPartOf\":{\"@id\":\"https:\/\/www.notibras.com\/site\/governo-lula-e-retrogrado-na-economia-diz-rogerio-marinho\/\"},\"author\":{\"name\":\"Reda\u00e7\u00e3o\",\"@id\":\"https:\/\/www.notibras.com\/site\/#\/schema\/person\/36ab0979449956132d3e5b517ea76ac8\"},\"headline\":\"Governo Lula \u00e9 retr\u00f3grado na economia, diz Rog\u00e9rio Marinho\",\"datePublished\":\"2024-03-13T19:23:52+00:00\",\"dateModified\":\"2024-03-14T02:26:32+00:00\",\"mainEntityOfPage\":{\"@id\":\"https:\/\/www.notibras.com\/site\/governo-lula-e-retrogrado-na-economia-diz-rogerio-marinho\/\"},\"wordCount\":406,\"publisher\":{\"@id\":\"https:\/\/www.notibras.com\/site\/#organization\"},\"image\":{\"@id\":\"https:\/\/www.notibras.com\/site\/governo-lula-e-retrogrado-na-economia-diz-rogerio-marinho\/#primaryimage\"},\"thumbnailUrl\":\"https:\/\/www.notibras.com\/site\/wp-content\/uploads\/2024\/03\/imagem_materia-15.jpeg\",\"articleSection\":[\"Nordeste\",\"Rio Grande do Norte\"],\"inLanguage\":\"pt-BR\"},{\"@type\":\"WebPage\",\"@id\":\"https:\/\/www.notibras.com\/site\/governo-lula-e-retrogrado-na-economia-diz-rogerio-marinho\/\",\"url\":\"https:\/\/www.notibras.com\/site\/governo-lula-e-retrogrado-na-economia-diz-rogerio-marinho\/\",\"name\":\"Governo Lula \u00e9 retr\u00f3grado na economia, diz Rog\u00e9rio Marinho - Notibras\",\"isPartOf\":{\"@id\":\"https:\/\/www.notibras.com\/site\/#website\"},\"primaryImageOfPage\":{\"@id\":\"https:\/\/www.notibras.com\/site\/governo-lula-e-retrogrado-na-economia-diz-rogerio-marinho\/#primaryimage\"},\"image\":{\"@id\":\"https:\/\/www.notibras.com\/site\/governo-lula-e-retrogrado-na-economia-diz-rogerio-marinho\/#primaryimage\"},\"thumbnailUrl\":\"https:\/\/www.notibras.com\/site\/wp-content\/uploads\/2024\/03\/imagem_materia-15.jpeg\",\"datePublished\":\"2024-03-13T19:23:52+00:00\",\"dateModified\":\"2024-03-14T02:26:32+00:00\",\"breadcrumb\":{\"@id\":\"https:\/\/www.notibras.com\/site\/governo-lula-e-retrogrado-na-economia-diz-rogerio-marinho\/#breadcrumb\"},\"inLanguage\":\"pt-BR\",\"potentialAction\":[{\"@type\":\"ReadAction\",\"target\":[\"https:\/\/www.notibras.com\/site\/governo-lula-e-retrogrado-na-economia-diz-rogerio-marinho\/\"]}]},{\"@type\":\"ImageObject\",\"inLanguage\":\"pt-BR\",\"@id\":\"https:\/\/www.notibras.com\/site\/governo-lula-e-retrogrado-na-economia-diz-rogerio-marinho\/#primaryimage\",\"url\":\"https:\/\/www.notibras.com\/site\/wp-content\/uploads\/2024\/03\/imagem_materia-15.jpeg\",\"contentUrl\":\"https:\/\/www.notibras.com\/site\/wp-content\/uploads\/2024\/03\/imagem_materia-15.jpeg\",\"width\":860,\"height\":570},{\"@type\":\"BreadcrumbList\",\"@id\":\"https:\/\/www.notibras.com\/site\/governo-lula-e-retrogrado-na-economia-diz-rogerio-marinho\/#breadcrumb\",\"itemListElement\":[{\"@type\":\"ListItem\",\"position\":1,\"name\":\"In\u00edcio\",\"item\":\"https:\/\/www.notibras.com\/site\/\"},{\"@type\":\"ListItem\",\"position\":2,\"name\":\"Governo Lula \u00e9 retr\u00f3grado na economia, diz Rog\u00e9rio Marinho\"}]},{\"@type\":\"WebSite\",\"@id\":\"https:\/\/www.notibras.com\/site\/#website\",\"url\":\"https:\/\/www.notibras.com\/site\/\",\"name\":\"Notibras\",\"description\":\"Not\u00edcias de Bras\u00edlia, do Brasil e do Mundo\",\"publisher\":{\"@id\":\"https:\/\/www.notibras.com\/site\/#organization\"},\"potentialAction\":[{\"@type\":\"SearchAction\",\"target\":{\"@type\":\"EntryPoint\",\"urlTemplate\":\"https:\/\/www.notibras.com\/site\/?s={search_term_string}\"},\"query-input\":{\"@type\":\"PropertyValueSpecification\",\"valueRequired\":true,\"valueName\":\"search_term_string\"}}],\"inLanguage\":\"pt-BR\"},{\"@type\":\"Organization\",\"@id\":\"https:\/\/www.notibras.com\/site\/#organization\",\"name\":\"Grupo Notibras de Comunica\u00e7\u00e3o\",\"url\":\"https:\/\/www.notibras.com\/site\/\",\"logo\":{\"@type\":\"ImageObject\",\"inLanguage\":\"pt-BR\",\"@id\":\"https:\/\/www.notibras.com\/site\/#\/schema\/logo\/image\/\",\"url\":\"https:\/\/www.notibras.com\/site\/wp-content\/uploads\/2023\/01\/notibras23.png\",\"contentUrl\":\"https:\/\/www.notibras.com\/site\/wp-content\/uploads\/2023\/01\/notibras23.png\",\"width\":350,\"height\":87,\"caption\":\"Grupo Notibras de Comunica\u00e7\u00e3o\"},\"image\":{\"@id\":\"https:\/\/www.notibras.com\/site\/#\/schema\/logo\/image\/\"},\"sameAs\":[\"https:\/\/www.facebook.com\/notibras\/\",\"https:\/\/x.com\/Notibras\",\"https:\/\/www.instagram.com\/notibras\/\"]},{\"@type\":\"Person\",\"@id\":\"https:\/\/www.notibras.com\/site\/#\/schema\/person\/36ab0979449956132d3e5b517ea76ac8\",\"name\":\"Reda\u00e7\u00e3o\",\"image\":{\"@type\":\"ImageObject\",\"inLanguage\":\"pt-BR\",\"@id\":\"https:\/\/secure.gravatar.com\/avatar\/e0a867bdedb85fd243eadf09663511f96fc81e0720a4a42581f334ad4303aa6b?s=96&d=mm&r=g\",\"url\":\"https:\/\/secure.gravatar.com\/avatar\/e0a867bdedb85fd243eadf09663511f96fc81e0720a4a42581f334ad4303aa6b?s=96&d=mm&r=g\",\"contentUrl\":\"https:\/\/secure.gravatar.com\/avatar\/e0a867bdedb85fd243eadf09663511f96fc81e0720a4a42581f334ad4303aa6b?s=96&d=mm&r=g\",\"caption\":\"Reda\u00e7\u00e3o\"}}]}<\/script>\n<!-- \/ Yoast SEO plugin. -->","yoast_head_json":{"title":"Governo Lula \u00e9 retr\u00f3grado na economia, diz Rog\u00e9rio Marinho - Notibras","robots":{"index":"index","follow":"follow","max-snippet":"max-snippet:-1","max-image-preview":"max-image-preview:large","max-video-preview":"max-video-preview:-1"},"canonical":"https:\/\/www.notibras.com\/site\/governo-lula-e-retrogrado-na-economia-diz-rogerio-marinho\/","og_locale":"pt_BR","og_type":"article","og_title":"Governo Lula \u00e9 retr\u00f3grado na economia, diz Rog\u00e9rio Marinho - Notibras","og_description":"O senador Rogerio Marinho (PL-RN) acusou o governo do petista Luiz In\u00e1cio Lula da Silva de desenvolver uma pol\u00edtica \u201cretr\u00f3grada, que fere a competitividade e desafia o bom senso, se contrapondo \u00e0 l\u00f3gica e atrasando o pa\u00eds\u201d. O parlamentar criticou a\u00e7\u00e3o feita pelo governo federal, no in\u00edcio de 2023, propondo que a privatiza\u00e7\u00e3o ou capitaliza\u00e7\u00e3o [&hellip;]","og_url":"https:\/\/www.notibras.com\/site\/governo-lula-e-retrogrado-na-economia-diz-rogerio-marinho\/","og_site_name":"Notibras","article_publisher":"https:\/\/www.facebook.com\/notibras\/","article_published_time":"2024-03-13T19:23:52+00:00","article_modified_time":"2024-03-14T02:26:32+00:00","og_image":[{"width":860,"height":570,"url":"https:\/\/www.notibras.com\/site\/wp-content\/uploads\/2024\/03\/imagem_materia-15.jpeg","type":"image\/jpeg"}],"author":"Reda\u00e7\u00e3o","twitter_card":"summary_large_image","twitter_creator":"@Notibras","twitter_site":"@Notibras","twitter_misc":{"Escrito por":"Reda\u00e7\u00e3o","Est. tempo de leitura":"3 minutos"},"schema":{"@context":"https:\/\/schema.org","@graph":[{"@type":"Article","@id":"https:\/\/www.notibras.com\/site\/governo-lula-e-retrogrado-na-economia-diz-rogerio-marinho\/#article","isPartOf":{"@id":"https:\/\/www.notibras.com\/site\/governo-lula-e-retrogrado-na-economia-diz-rogerio-marinho\/"},"author":{"name":"Reda\u00e7\u00e3o","@id":"https:\/\/www.notibras.com\/site\/#\/schema\/person\/36ab0979449956132d3e5b517ea76ac8"},"headline":"Governo Lula \u00e9 retr\u00f3grado na economia, diz Rog\u00e9rio Marinho","datePublished":"2024-03-13T19:23:52+00:00","dateModified":"2024-03-14T02:26:32+00:00","mainEntityOfPage":{"@id":"https:\/\/www.notibras.com\/site\/governo-lula-e-retrogrado-na-economia-diz-rogerio-marinho\/"},"wordCount":406,"publisher":{"@id":"https:\/\/www.notibras.com\/site\/#organization"},"image":{"@id":"https:\/\/www.notibras.com\/site\/governo-lula-e-retrogrado-na-economia-diz-rogerio-marinho\/#primaryimage"},"thumbnailUrl":"https:\/\/www.notibras.com\/site\/wp-content\/uploads\/2024\/03\/imagem_materia-15.jpeg","articleSection":["Nordeste","Rio Grande do Norte"],"inLanguage":"pt-BR"},{"@type":"WebPage","@id":"https:\/\/www.notibras.com\/site\/governo-lula-e-retrogrado-na-economia-diz-rogerio-marinho\/","url":"https:\/\/www.notibras.com\/site\/governo-lula-e-retrogrado-na-economia-diz-rogerio-marinho\/","name":"Governo Lula \u00e9 retr\u00f3grado na economia, diz Rog\u00e9rio Marinho - Notibras","isPartOf":{"@id":"https:\/\/www.notibras.com\/site\/#website"},"primaryImageOfPage":{"@id":"https:\/\/www.notibras.com\/site\/governo-lula-e-retrogrado-na-economia-diz-rogerio-marinho\/#primaryimage"},"image":{"@id":"https:\/\/www.notibras.com\/site\/governo-lula-e-retrogrado-na-economia-diz-rogerio-marinho\/#primaryimage"},"thumbnailUrl":"https:\/\/www.notibras.com\/site\/wp-content\/uploads\/2024\/03\/imagem_materia-15.jpeg","datePublished":"2024-03-13T19:23:52+00:00","dateModified":"2024-03-14T02:26:32+00:00","breadcrumb":{"@id":"https:\/\/www.notibras.com\/site\/governo-lula-e-retrogrado-na-economia-diz-rogerio-marinho\/#breadcrumb"},"inLanguage":"pt-BR","potentialAction":[{"@type":"ReadAction","target":["https:\/\/www.notibras.com\/site\/governo-lula-e-retrogrado-na-economia-diz-rogerio-marinho\/"]}]},{"@type":"ImageObject","inLanguage":"pt-BR","@id":"https:\/\/www.notibras.com\/site\/governo-lula-e-retrogrado-na-economia-diz-rogerio-marinho\/#primaryimage","url":"https:\/\/www.notibras.com\/site\/wp-content\/uploads\/2024\/03\/imagem_materia-15.jpeg","contentUrl":"https:\/\/www.notibras.com\/site\/wp-content\/uploads\/2024\/03\/imagem_materia-15.jpeg","width":860,"height":570},{"@type":"BreadcrumbList","@id":"https:\/\/www.notibras.com\/site\/governo-lula-e-retrogrado-na-economia-diz-rogerio-marinho\/#breadcrumb","itemListElement":[{"@type":"ListItem","position":1,"name":"In\u00edcio","item":"https:\/\/www.notibras.com\/site\/"},{"@type":"ListItem","position":2,"name":"Governo Lula \u00e9 retr\u00f3grado na economia, diz Rog\u00e9rio Marinho"}]},{"@type":"WebSite","@id":"https:\/\/www.notibras.com\/site\/#website","url":"https:\/\/www.notibras.com\/site\/","name":"Notibras","description":"Not\u00edcias de Bras\u00edlia, do Brasil e do Mundo","publisher":{"@id":"https:\/\/www.notibras.com\/site\/#organization"},"potentialAction":[{"@type":"SearchAction","target":{"@type":"EntryPoint","urlTemplate":"https:\/\/www.notibras.com\/site\/?s={search_term_string}"},"query-input":{"@type":"PropertyValueSpecification","valueRequired":true,"valueName":"search_term_string"}}],"inLanguage":"pt-BR"},{"@type":"Organization","@id":"https:\/\/www.notibras.com\/site\/#organization","name":"Grupo Notibras de Comunica\u00e7\u00e3o","url":"https:\/\/www.notibras.com\/site\/","logo":{"@type":"ImageObject","inLanguage":"pt-BR","@id":"https:\/\/www.notibras.com\/site\/#\/schema\/logo\/image\/","url":"https:\/\/www.notibras.com\/site\/wp-content\/uploads\/2023\/01\/notibras23.png","contentUrl":"https:\/\/www.notibras.com\/site\/wp-content\/uploads\/2023\/01\/notibras23.png","width":350,"height":87,"caption":"Grupo Notibras de Comunica\u00e7\u00e3o"},"image":{"@id":"https:\/\/www.notibras.com\/site\/#\/schema\/logo\/image\/"},"sameAs":["https:\/\/www.facebook.com\/notibras\/","https:\/\/x.com\/Notibras","https:\/\/www.instagram.com\/notibras\/"]},{"@type":"Person","@id":"https:\/\/www.notibras.com\/site\/#\/schema\/person\/36ab0979449956132d3e5b517ea76ac8","name":"Reda\u00e7\u00e3o","image":{"@type":"ImageObject","inLanguage":"pt-BR","@id":"https:\/\/secure.gravatar.com\/avatar\/e0a867bdedb85fd243eadf09663511f96fc81e0720a4a42581f334ad4303aa6b?s=96&d=mm&r=g","url":"https:\/\/secure.gravatar.com\/avatar\/e0a867bdedb85fd243eadf09663511f96fc81e0720a4a42581f334ad4303aa6b?s=96&d=mm&r=g","contentUrl":"https:\/\/secure.gravatar.com\/avatar\/e0a867bdedb85fd243eadf09663511f96fc81e0720a4a42581f334ad4303aa6b?s=96&d=mm&r=g","caption":"Reda\u00e7\u00e3o"}}]}},"amp_enabled":true,"_links":{"self":[{"href":"https:\/\/www.notibras.com\/site\/wp-json\/wp\/v2\/posts\/324556","targetHints":{"allow":["GET"]}}],"collection":[{"href":"https:\/\/www.notibras.com\/site\/wp-json\/wp\/v2\/posts"}],"about":[{"href":"https:\/\/www.notibras.com\/site\/wp-json\/wp\/v2\/types\/post"}],"author":[{"embeddable":true,"href":"https:\/\/www.notibras.com\/site\/wp-json\/wp\/v2\/users\/2"}],"replies":[{"embeddable":true,"href":"https:\/\/www.notibras.com\/site\/wp-json\/wp\/v2\/comments?post=324556"}],"version-history":[{"count":1,"href":"https:\/\/www.notibras.com\/site\/wp-json\/wp\/v2\/posts\/324556\/revisions"}],"predecessor-version":[{"id":324558,"href":"https:\/\/www.notibras.com\/site\/wp-json\/wp\/v2\/posts\/324556\/revisions\/324558"}],"wp:featuredmedia":[{"embeddable":true,"href":"https:\/\/www.notibras.com\/site\/wp-json\/wp\/v2\/media\/324557"}],"wp:attachment":[{"href":"https:\/\/www.notibras.com\/site\/wp-json\/wp\/v2\/media?parent=324556"}],"wp:term":[{"taxonomy":"category","embeddable":true,"href":"https:\/\/www.notibras.com\/site\/wp-json\/wp\/v2\/categories?post=324556"},{"taxonomy":"post_tag","embeddable":true,"href":"https:\/\/www.notibras.com\/site\/wp-json\/wp\/v2\/tags?post=324556"}],"curies":[{"name":"wp","href":"https:\/\/api.w.org\/{rel}","templated":true}]}}