{"id":324587,"date":"2024-03-14T00:00:03","date_gmt":"2024-03-14T03:00:03","guid":{"rendered":"https:\/\/www.notibras.com\/site\/?p=324587"},"modified":"2024-03-14T11:19:52","modified_gmt":"2024-03-14T14:19:52","slug":"carros-com-mais-de-20-anos-podem-se-livrar-do-ipva","status":"publish","type":"post","link":"https:\/\/www.notibras.com\/site\/carros-com-mais-de-20-anos-podem-se-livrar-do-ipva\/","title":{"rendered":"Carros com mais de 20 anos podem se livrar do IPVA"},"content":{"rendered":"<p>O Senado aprovou na quarta-feira (13) proposta de emenda constitucional, em dois turnos, que isenta ve\u00edculos com mais de 20 anos do pagamento do Imposto sobre a Propriedade de Ve\u00edculos Automotores (IPVA). O texto vai para an\u00e1lise da C\u00e2mara dos Deputados.<\/p>\n<p>A regra ir\u00e1 atingir cinco estados, onde a isen\u00e7\u00e3o ainda n\u00e3o vigora &#8211; Minas Gerais, Pernambuco, Tocantins, Alagoas e Santa Catarina. Em estados onde j\u00e1 existe algum tipo de isen\u00e7\u00e3o, como Rond\u00f4nia, n\u00e3o ter\u00e1 nenhuma mudan\u00e7a.<\/p>\n<p>&#8220;A regra valer\u00e1 para todo o territ\u00f3rio nacional. No caso daqueles estados onde j\u00e1 h\u00e1 isen\u00e7\u00e3o, a partir de dez ou 15 anos, a regra atual n\u00e3o muda, continua como est\u00e1. A regra vai vincular seus efeitos a partir dos 20 anos, porque \u00e9 uma prote\u00e7\u00e3o contra tributar&#8221;, disse o relator, senador Marcos Rog\u00e9rio (PL-RO). Segundo o relator, a medida beneficia popula\u00e7\u00e3o com menor poder aquisitivo, que acaba por comprometer parte significativa da renda para custear o imposto.<\/p>\n<p>A norma n\u00e3o incide para micro\u00f4nibus, \u00f4nibus, reboques e semirreboques.<\/p>\n<p>Pesquisa do Sindicato Nacional da Indu\u0301stria de Componentes para Vei\u0301culos Automotores (Sindipec\u0327as) aponta que a frota de vei\u0301culos em circulac\u0327a\u0303o no Brasil e\u0301 a mais velha desde 1995. De 2020 a 2021, o n\u00famero de ve\u00edculos com mais de 20 anos de uso cresceu de 2,5 milh\u00f5es para 3,6 milho\u0303es.<\/p>\n","protected":false},"excerpt":{"rendered":"<p>O Senado aprovou na quarta-feira (13) proposta de emenda constitucional, em dois turnos, que isenta ve\u00edculos com mais de 20 anos do pagamento do Imposto sobre a Propriedade de Ve\u00edculos Automotores (IPVA). O texto vai para an\u00e1lise da C\u00e2mara dos Deputados. A regra ir\u00e1 atingir cinco estados, onde a isen\u00e7\u00e3o ainda n\u00e3o vigora &#8211; Minas [&hellip;]<\/p>\n","protected":false},"author":2,"featured_media":289614,"comment_status":"closed","ping_status":"closed","sticky":false,"template":"","format":"standard","meta":{"_acf_changed":false,"footnotes":""},"categories":[161],"tags":[],"class_list":["post-324587","post","type-post","status-publish","format-standard","has-post-thumbnail","hentry","category-quadradinho-em-foco"],"acf":[],"yoast_head":"<!-- This site is optimized with the Yoast SEO plugin v27.2 - https:\/\/yoast.com\/product\/yoast-seo-wordpress\/ -->\n<title>Carros com mais de 20 anos podem se livrar do IPVA - Notibras<\/title>\n<meta name=\"robots\" content=\"index, follow, max-snippet:-1, max-image-preview:large, max-video-preview:-1\" \/>\n<link rel=\"canonical\" href=\"https:\/\/www.notibras.com\/site\/carros-com-mais-de-20-anos-podem-se-livrar-do-ipva\/\" \/>\n<meta property=\"og:locale\" content=\"pt_BR\" \/>\n<meta property=\"og:type\" content=\"article\" \/>\n<meta property=\"og:title\" content=\"Carros com mais de 20 anos podem se livrar do IPVA - Notibras\" \/>\n<meta property=\"og:description\" content=\"O Senado aprovou na quarta-feira (13) proposta de emenda constitucional, em dois turnos, que isenta ve\u00edculos com mais de 20 anos do pagamento do Imposto sobre a Propriedade de Ve\u00edculos Automotores (IPVA). O texto vai para an\u00e1lise da C\u00e2mara dos Deputados. A regra ir\u00e1 atingir cinco estados, onde a isen\u00e7\u00e3o ainda n\u00e3o vigora &#8211; Minas [&hellip;]\" \/>\n<meta property=\"og:url\" content=\"https:\/\/www.notibras.com\/site\/carros-com-mais-de-20-anos-podem-se-livrar-do-ipva\/\" \/>\n<meta property=\"og:site_name\" content=\"Notibras\" \/>\n<meta property=\"article:publisher\" content=\"https:\/\/www.facebook.com\/notibras\/\" \/>\n<meta property=\"article:published_time\" content=\"2024-03-14T03:00:03+00:00\" \/>\n<meta property=\"article:modified_time\" content=\"2024-03-14T14:19:52+00:00\" \/>\n<meta property=\"og:image\" content=\"https:\/\/www.notibras.com\/site\/wp-content\/uploads\/2022\/07\/984479-taxistas-uber-9378.jpg\" \/>\n\t<meta property=\"og:image:width\" content=\"1170\" \/>\n\t<meta property=\"og:image:height\" content=\"700\" \/>\n\t<meta property=\"og:image:type\" content=\"image\/jpeg\" \/>\n<meta name=\"author\" content=\"Reda\u00e7\u00e3o\" \/>\n<meta name=\"twitter:card\" content=\"summary_large_image\" \/>\n<meta name=\"twitter:creator\" content=\"@Notibras\" \/>\n<meta name=\"twitter:site\" content=\"@Notibras\" \/>\n<meta name=\"twitter:label1\" content=\"Escrito por\" \/>\n\t<meta name=\"twitter:data1\" content=\"Reda\u00e7\u00e3o\" \/>\n\t<meta name=\"twitter:label2\" content=\"Est. tempo de leitura\" \/>\n\t<meta name=\"twitter:data2\" content=\"2 minutos\" \/>\n<script type=\"application\/ld+json\" class=\"yoast-schema-graph\">{\"@context\":\"https:\/\/schema.org\",\"@graph\":[{\"@type\":\"Article\",\"@id\":\"https:\/\/www.notibras.com\/site\/carros-com-mais-de-20-anos-podem-se-livrar-do-ipva\/#article\",\"isPartOf\":{\"@id\":\"https:\/\/www.notibras.com\/site\/carros-com-mais-de-20-anos-podem-se-livrar-do-ipva\/\"},\"author\":{\"name\":\"Reda\u00e7\u00e3o\",\"@id\":\"https:\/\/www.notibras.com\/site\/#\/schema\/person\/36ab0979449956132d3e5b517ea76ac8\"},\"headline\":\"Carros com mais de 20 anos podem se livrar do IPVA\",\"datePublished\":\"2024-03-14T03:00:03+00:00\",\"dateModified\":\"2024-03-14T14:19:52+00:00\",\"mainEntityOfPage\":{\"@id\":\"https:\/\/www.notibras.com\/site\/carros-com-mais-de-20-anos-podem-se-livrar-do-ipva\/\"},\"wordCount\":242,\"publisher\":{\"@id\":\"https:\/\/www.notibras.com\/site\/#organization\"},\"image\":{\"@id\":\"https:\/\/www.notibras.com\/site\/carros-com-mais-de-20-anos-podem-se-livrar-do-ipva\/#primaryimage\"},\"thumbnailUrl\":\"https:\/\/www.notibras.com\/site\/wp-content\/uploads\/2022\/07\/984479-taxistas-uber-9378.jpg\",\"articleSection\":[\"Quadradinho em Foco\"],\"inLanguage\":\"pt-BR\"},{\"@type\":\"WebPage\",\"@id\":\"https:\/\/www.notibras.com\/site\/carros-com-mais-de-20-anos-podem-se-livrar-do-ipva\/\",\"url\":\"https:\/\/www.notibras.com\/site\/carros-com-mais-de-20-anos-podem-se-livrar-do-ipva\/\",\"name\":\"Carros com mais de 20 anos podem se livrar do IPVA - Notibras\",\"isPartOf\":{\"@id\":\"https:\/\/www.notibras.com\/site\/#website\"},\"primaryImageOfPage\":{\"@id\":\"https:\/\/www.notibras.com\/site\/carros-com-mais-de-20-anos-podem-se-livrar-do-ipva\/#primaryimage\"},\"image\":{\"@id\":\"https:\/\/www.notibras.com\/site\/carros-com-mais-de-20-anos-podem-se-livrar-do-ipva\/#primaryimage\"},\"thumbnailUrl\":\"https:\/\/www.notibras.com\/site\/wp-content\/uploads\/2022\/07\/984479-taxistas-uber-9378.jpg\",\"datePublished\":\"2024-03-14T03:00:03+00:00\",\"dateModified\":\"2024-03-14T14:19:52+00:00\",\"breadcrumb\":{\"@id\":\"https:\/\/www.notibras.com\/site\/carros-com-mais-de-20-anos-podem-se-livrar-do-ipva\/#breadcrumb\"},\"inLanguage\":\"pt-BR\",\"potentialAction\":[{\"@type\":\"ReadAction\",\"target\":[\"https:\/\/www.notibras.com\/site\/carros-com-mais-de-20-anos-podem-se-livrar-do-ipva\/\"]}]},{\"@type\":\"ImageObject\",\"inLanguage\":\"pt-BR\",\"@id\":\"https:\/\/www.notibras.com\/site\/carros-com-mais-de-20-anos-podem-se-livrar-do-ipva\/#primaryimage\",\"url\":\"https:\/\/www.notibras.com\/site\/wp-content\/uploads\/2022\/07\/984479-taxistas-uber-9378.jpg\",\"contentUrl\":\"https:\/\/www.notibras.com\/site\/wp-content\/uploads\/2022\/07\/984479-taxistas-uber-9378.jpg\",\"width\":1170,\"height\":700,\"caption\":\"Bras\u00edlia -Taxistas fazem manifesta\u00e7\u00e3o contra o Uber na Esplanada dos Ministerios e Hemocentro (Marcello casal Jr\/Ag\u00eancia Brasil)\"},{\"@type\":\"BreadcrumbList\",\"@id\":\"https:\/\/www.notibras.com\/site\/carros-com-mais-de-20-anos-podem-se-livrar-do-ipva\/#breadcrumb\",\"itemListElement\":[{\"@type\":\"ListItem\",\"position\":1,\"name\":\"In\u00edcio\",\"item\":\"https:\/\/www.notibras.com\/site\/\"},{\"@type\":\"ListItem\",\"position\":2,\"name\":\"Carros com mais de 20 anos podem se livrar do IPVA\"}]},{\"@type\":\"WebSite\",\"@id\":\"https:\/\/www.notibras.com\/site\/#website\",\"url\":\"https:\/\/www.notibras.com\/site\/\",\"name\":\"Notibras\",\"description\":\"Not\u00edcias de Bras\u00edlia, do Brasil e do Mundo\",\"publisher\":{\"@id\":\"https:\/\/www.notibras.com\/site\/#organization\"},\"potentialAction\":[{\"@type\":\"SearchAction\",\"target\":{\"@type\":\"EntryPoint\",\"urlTemplate\":\"https:\/\/www.notibras.com\/site\/?s={search_term_string}\"},\"query-input\":{\"@type\":\"PropertyValueSpecification\",\"valueRequired\":true,\"valueName\":\"search_term_string\"}}],\"inLanguage\":\"pt-BR\"},{\"@type\":\"Organization\",\"@id\":\"https:\/\/www.notibras.com\/site\/#organization\",\"name\":\"Grupo Notibras de Comunica\u00e7\u00e3o\",\"url\":\"https:\/\/www.notibras.com\/site\/\",\"logo\":{\"@type\":\"ImageObject\",\"inLanguage\":\"pt-BR\",\"@id\":\"https:\/\/www.notibras.com\/site\/#\/schema\/logo\/image\/\",\"url\":\"https:\/\/www.notibras.com\/site\/wp-content\/uploads\/2023\/01\/notibras23.png\",\"contentUrl\":\"https:\/\/www.notibras.com\/site\/wp-content\/uploads\/2023\/01\/notibras23.png\",\"width\":350,\"height\":87,\"caption\":\"Grupo Notibras de Comunica\u00e7\u00e3o\"},\"image\":{\"@id\":\"https:\/\/www.notibras.com\/site\/#\/schema\/logo\/image\/\"},\"sameAs\":[\"https:\/\/www.facebook.com\/notibras\/\",\"https:\/\/x.com\/Notibras\",\"https:\/\/www.instagram.com\/notibras\/\"]},{\"@type\":\"Person\",\"@id\":\"https:\/\/www.notibras.com\/site\/#\/schema\/person\/36ab0979449956132d3e5b517ea76ac8\",\"name\":\"Reda\u00e7\u00e3o\",\"image\":{\"@type\":\"ImageObject\",\"inLanguage\":\"pt-BR\",\"@id\":\"https:\/\/secure.gravatar.com\/avatar\/e0a867bdedb85fd243eadf09663511f96fc81e0720a4a42581f334ad4303aa6b?s=96&d=mm&r=g\",\"url\":\"https:\/\/secure.gravatar.com\/avatar\/e0a867bdedb85fd243eadf09663511f96fc81e0720a4a42581f334ad4303aa6b?s=96&d=mm&r=g\",\"contentUrl\":\"https:\/\/secure.gravatar.com\/avatar\/e0a867bdedb85fd243eadf09663511f96fc81e0720a4a42581f334ad4303aa6b?s=96&d=mm&r=g\",\"caption\":\"Reda\u00e7\u00e3o\"}}]}<\/script>\n<!-- \/ Yoast SEO plugin. -->","yoast_head_json":{"title":"Carros com mais de 20 anos podem se livrar do IPVA - Notibras","robots":{"index":"index","follow":"follow","max-snippet":"max-snippet:-1","max-image-preview":"max-image-preview:large","max-video-preview":"max-video-preview:-1"},"canonical":"https:\/\/www.notibras.com\/site\/carros-com-mais-de-20-anos-podem-se-livrar-do-ipva\/","og_locale":"pt_BR","og_type":"article","og_title":"Carros com mais de 20 anos podem se livrar do IPVA - Notibras","og_description":"O Senado aprovou na quarta-feira (13) proposta de emenda constitucional, em dois turnos, que isenta ve\u00edculos com mais de 20 anos do pagamento do Imposto sobre a Propriedade de Ve\u00edculos Automotores (IPVA). O texto vai para an\u00e1lise da C\u00e2mara dos Deputados. A regra ir\u00e1 atingir cinco estados, onde a isen\u00e7\u00e3o ainda n\u00e3o vigora &#8211; Minas [&hellip;]","og_url":"https:\/\/www.notibras.com\/site\/carros-com-mais-de-20-anos-podem-se-livrar-do-ipva\/","og_site_name":"Notibras","article_publisher":"https:\/\/www.facebook.com\/notibras\/","article_published_time":"2024-03-14T03:00:03+00:00","article_modified_time":"2024-03-14T14:19:52+00:00","og_image":[{"width":1170,"height":700,"url":"https:\/\/www.notibras.com\/site\/wp-content\/uploads\/2022\/07\/984479-taxistas-uber-9378.jpg","type":"image\/jpeg"}],"author":"Reda\u00e7\u00e3o","twitter_card":"summary_large_image","twitter_creator":"@Notibras","twitter_site":"@Notibras","twitter_misc":{"Escrito por":"Reda\u00e7\u00e3o","Est. tempo de leitura":"2 minutos"},"schema":{"@context":"https:\/\/schema.org","@graph":[{"@type":"Article","@id":"https:\/\/www.notibras.com\/site\/carros-com-mais-de-20-anos-podem-se-livrar-do-ipva\/#article","isPartOf":{"@id":"https:\/\/www.notibras.com\/site\/carros-com-mais-de-20-anos-podem-se-livrar-do-ipva\/"},"author":{"name":"Reda\u00e7\u00e3o","@id":"https:\/\/www.notibras.com\/site\/#\/schema\/person\/36ab0979449956132d3e5b517ea76ac8"},"headline":"Carros com mais de 20 anos podem se livrar do IPVA","datePublished":"2024-03-14T03:00:03+00:00","dateModified":"2024-03-14T14:19:52+00:00","mainEntityOfPage":{"@id":"https:\/\/www.notibras.com\/site\/carros-com-mais-de-20-anos-podem-se-livrar-do-ipva\/"},"wordCount":242,"publisher":{"@id":"https:\/\/www.notibras.com\/site\/#organization"},"image":{"@id":"https:\/\/www.notibras.com\/site\/carros-com-mais-de-20-anos-podem-se-livrar-do-ipva\/#primaryimage"},"thumbnailUrl":"https:\/\/www.notibras.com\/site\/wp-content\/uploads\/2022\/07\/984479-taxistas-uber-9378.jpg","articleSection":["Quadradinho em Foco"],"inLanguage":"pt-BR"},{"@type":"WebPage","@id":"https:\/\/www.notibras.com\/site\/carros-com-mais-de-20-anos-podem-se-livrar-do-ipva\/","url":"https:\/\/www.notibras.com\/site\/carros-com-mais-de-20-anos-podem-se-livrar-do-ipva\/","name":"Carros com mais de 20 anos podem se livrar do IPVA - Notibras","isPartOf":{"@id":"https:\/\/www.notibras.com\/site\/#website"},"primaryImageOfPage":{"@id":"https:\/\/www.notibras.com\/site\/carros-com-mais-de-20-anos-podem-se-livrar-do-ipva\/#primaryimage"},"image":{"@id":"https:\/\/www.notibras.com\/site\/carros-com-mais-de-20-anos-podem-se-livrar-do-ipva\/#primaryimage"},"thumbnailUrl":"https:\/\/www.notibras.com\/site\/wp-content\/uploads\/2022\/07\/984479-taxistas-uber-9378.jpg","datePublished":"2024-03-14T03:00:03+00:00","dateModified":"2024-03-14T14:19:52+00:00","breadcrumb":{"@id":"https:\/\/www.notibras.com\/site\/carros-com-mais-de-20-anos-podem-se-livrar-do-ipva\/#breadcrumb"},"inLanguage":"pt-BR","potentialAction":[{"@type":"ReadAction","target":["https:\/\/www.notibras.com\/site\/carros-com-mais-de-20-anos-podem-se-livrar-do-ipva\/"]}]},{"@type":"ImageObject","inLanguage":"pt-BR","@id":"https:\/\/www.notibras.com\/site\/carros-com-mais-de-20-anos-podem-se-livrar-do-ipva\/#primaryimage","url":"https:\/\/www.notibras.com\/site\/wp-content\/uploads\/2022\/07\/984479-taxistas-uber-9378.jpg","contentUrl":"https:\/\/www.notibras.com\/site\/wp-content\/uploads\/2022\/07\/984479-taxistas-uber-9378.jpg","width":1170,"height":700,"caption":"Bras\u00edlia -Taxistas fazem manifesta\u00e7\u00e3o contra o Uber na Esplanada dos Ministerios e Hemocentro (Marcello casal Jr\/Ag\u00eancia Brasil)"},{"@type":"BreadcrumbList","@id":"https:\/\/www.notibras.com\/site\/carros-com-mais-de-20-anos-podem-se-livrar-do-ipva\/#breadcrumb","itemListElement":[{"@type":"ListItem","position":1,"name":"In\u00edcio","item":"https:\/\/www.notibras.com\/site\/"},{"@type":"ListItem","position":2,"name":"Carros com mais de 20 anos podem se livrar do IPVA"}]},{"@type":"WebSite","@id":"https:\/\/www.notibras.com\/site\/#website","url":"https:\/\/www.notibras.com\/site\/","name":"Notibras","description":"Not\u00edcias de Bras\u00edlia, do Brasil e do Mundo","publisher":{"@id":"https:\/\/www.notibras.com\/site\/#organization"},"potentialAction":[{"@type":"SearchAction","target":{"@type":"EntryPoint","urlTemplate":"https:\/\/www.notibras.com\/site\/?s={search_term_string}"},"query-input":{"@type":"PropertyValueSpecification","valueRequired":true,"valueName":"search_term_string"}}],"inLanguage":"pt-BR"},{"@type":"Organization","@id":"https:\/\/www.notibras.com\/site\/#organization","name":"Grupo Notibras de Comunica\u00e7\u00e3o","url":"https:\/\/www.notibras.com\/site\/","logo":{"@type":"ImageObject","inLanguage":"pt-BR","@id":"https:\/\/www.notibras.com\/site\/#\/schema\/logo\/image\/","url":"https:\/\/www.notibras.com\/site\/wp-content\/uploads\/2023\/01\/notibras23.png","contentUrl":"https:\/\/www.notibras.com\/site\/wp-content\/uploads\/2023\/01\/notibras23.png","width":350,"height":87,"caption":"Grupo Notibras de Comunica\u00e7\u00e3o"},"image":{"@id":"https:\/\/www.notibras.com\/site\/#\/schema\/logo\/image\/"},"sameAs":["https:\/\/www.facebook.com\/notibras\/","https:\/\/x.com\/Notibras","https:\/\/www.instagram.com\/notibras\/"]},{"@type":"Person","@id":"https:\/\/www.notibras.com\/site\/#\/schema\/person\/36ab0979449956132d3e5b517ea76ac8","name":"Reda\u00e7\u00e3o","image":{"@type":"ImageObject","inLanguage":"pt-BR","@id":"https:\/\/secure.gravatar.com\/avatar\/e0a867bdedb85fd243eadf09663511f96fc81e0720a4a42581f334ad4303aa6b?s=96&d=mm&r=g","url":"https:\/\/secure.gravatar.com\/avatar\/e0a867bdedb85fd243eadf09663511f96fc81e0720a4a42581f334ad4303aa6b?s=96&d=mm&r=g","contentUrl":"https:\/\/secure.gravatar.com\/avatar\/e0a867bdedb85fd243eadf09663511f96fc81e0720a4a42581f334ad4303aa6b?s=96&d=mm&r=g","caption":"Reda\u00e7\u00e3o"}}]}},"amp_enabled":true,"_links":{"self":[{"href":"https:\/\/www.notibras.com\/site\/wp-json\/wp\/v2\/posts\/324587","targetHints":{"allow":["GET"]}}],"collection":[{"href":"https:\/\/www.notibras.com\/site\/wp-json\/wp\/v2\/posts"}],"about":[{"href":"https:\/\/www.notibras.com\/site\/wp-json\/wp\/v2\/types\/post"}],"author":[{"embeddable":true,"href":"https:\/\/www.notibras.com\/site\/wp-json\/wp\/v2\/users\/2"}],"replies":[{"embeddable":true,"href":"https:\/\/www.notibras.com\/site\/wp-json\/wp\/v2\/comments?post=324587"}],"version-history":[{"count":1,"href":"https:\/\/www.notibras.com\/site\/wp-json\/wp\/v2\/posts\/324587\/revisions"}],"predecessor-version":[{"id":324588,"href":"https:\/\/www.notibras.com\/site\/wp-json\/wp\/v2\/posts\/324587\/revisions\/324588"}],"wp:featuredmedia":[{"embeddable":true,"href":"https:\/\/www.notibras.com\/site\/wp-json\/wp\/v2\/media\/289614"}],"wp:attachment":[{"href":"https:\/\/www.notibras.com\/site\/wp-json\/wp\/v2\/media?parent=324587"}],"wp:term":[{"taxonomy":"category","embeddable":true,"href":"https:\/\/www.notibras.com\/site\/wp-json\/wp\/v2\/categories?post=324587"},{"taxonomy":"post_tag","embeddable":true,"href":"https:\/\/www.notibras.com\/site\/wp-json\/wp\/v2\/tags?post=324587"}],"curies":[{"name":"wp","href":"https:\/\/api.w.org\/{rel}","templated":true}]}}