{"id":324589,"date":"2024-03-14T00:00:33","date_gmt":"2024-03-14T03:00:33","guid":{"rendered":"https:\/\/www.notibras.com\/site\/?p=324589"},"modified":"2024-03-14T11:27:32","modified_gmt":"2024-03-14T14:27:32","slug":"marinha-passa-a-auxiliar-no-combate-a-dengue-no-df","status":"publish","type":"post","link":"https:\/\/www.notibras.com\/site\/marinha-passa-a-auxiliar-no-combate-a-dengue-no-df\/","title":{"rendered":"Marinha passa a auxiliar no combate \u00e0 dengue no DF"},"content":{"rendered":"<p>Cem militares da Marinha do Brasil se somam ao combate \u00e0 dengue no Distrito Federal (DF) a partir desta quarta-feira (13). De acordo com a Secretaria de Sa\u00fade, os homens passaram por treinamento e, neste primeiro momento, atuam em Arniqueiras, bairro de Bras\u00edlia com alta incid\u00eancia de casos da doen\u00e7a.<\/p>\n<p>De acordo com a secretaria, o treinamento envolveu desde a an\u00e1lise das caracter\u00edsticas do mosquito transmissor da dengue at\u00e9 a comunica\u00e7\u00e3o com os moradores. Os militares tamb\u00e9m conheceram os tipos de dep\u00f3sitos onde as larvas do Aedes aegypti se proliferam e se familiarizaram com os formul\u00e1rios de visitas nas resid\u00eancias.<\/p>\n<p>\u201cAs a\u00e7\u00f5es de combate \u00e0 dengue j\u00e1 contam com apoio do Ex\u00e9rcito Brasileiro, For\u00e7a A\u00e9rea Brasileira, Pol\u00edcia Militar e Corpo de Bombeiros Militar do DF, al\u00e9m de \u00f3rg\u00e3os civis, como Servi\u00e7o de Limpeza Urbana (SLU), Companhia Urbanizadora da Nova Capital do Brasil (Novacap), Caesb e administra\u00e7\u00f5es regionais, dentre outros\u201d, informou a secretaria.<\/p>\n<p><strong>Dados<\/strong><br \/>\nDesde 1\u00ba de janeiro, o DF contabiliza 138.543 casos prov\u00e1veis de dengue, al\u00e9m de 109 mortes confirmadas pela doen\u00e7a e 52 em investiga\u00e7\u00e3o. O coeficiente de incid\u00eancia da dengue na unidade federativa \u00e9 o mais alto do pa\u00eds: 4.918 casos para cada grupo de 100 mil habitantes.<\/p>\n<p>A explos\u00e3o de casos da doen\u00e7a fez com que o governo do Distrito Federal decretasse emerg\u00eancia em sa\u00fade p\u00fablica no dia 25 de fevereiro.<\/p>\n","protected":false},"excerpt":{"rendered":"<p>Cem militares da Marinha do Brasil se somam ao combate \u00e0 dengue no Distrito Federal (DF) a partir desta quarta-feira (13). De acordo com a Secretaria de Sa\u00fade, os homens passaram por treinamento e, neste primeiro momento, atuam em Arniqueiras, bairro de Bras\u00edlia com alta incid\u00eancia de casos da doen\u00e7a. De acordo com a secretaria, [&hellip;]<\/p>\n","protected":false},"author":2,"featured_media":324590,"comment_status":"closed","ping_status":"closed","sticky":false,"template":"","format":"standard","meta":{"_acf_changed":false,"footnotes":""},"categories":[161],"tags":[],"class_list":["post-324589","post","type-post","status-publish","format-standard","has-post-thumbnail","hentry","category-quadradinho-em-foco"],"acf":[],"yoast_head":"<!-- This site is optimized with the Yoast SEO plugin v27.2 - https:\/\/yoast.com\/product\/yoast-seo-wordpress\/ -->\n<title>Marinha passa a auxiliar no combate \u00e0 dengue no DF - Notibras<\/title>\n<meta name=\"robots\" content=\"index, follow, max-snippet:-1, max-image-preview:large, max-video-preview:-1\" \/>\n<link rel=\"canonical\" href=\"https:\/\/www.notibras.com\/site\/marinha-passa-a-auxiliar-no-combate-a-dengue-no-df\/\" \/>\n<meta property=\"og:locale\" content=\"pt_BR\" \/>\n<meta property=\"og:type\" content=\"article\" \/>\n<meta property=\"og:title\" content=\"Marinha passa a auxiliar no combate \u00e0 dengue no DF - Notibras\" \/>\n<meta property=\"og:description\" content=\"Cem militares da Marinha do Brasil se somam ao combate \u00e0 dengue no Distrito Federal (DF) a partir desta quarta-feira (13). De acordo com a Secretaria de Sa\u00fade, os homens passaram por treinamento e, neste primeiro momento, atuam em Arniqueiras, bairro de Bras\u00edlia com alta incid\u00eancia de casos da doen\u00e7a. De acordo com a secretaria, [&hellip;]\" \/>\n<meta property=\"og:url\" content=\"https:\/\/www.notibras.com\/site\/marinha-passa-a-auxiliar-no-combate-a-dengue-no-df\/\" \/>\n<meta property=\"og:site_name\" content=\"Notibras\" \/>\n<meta property=\"article:publisher\" content=\"https:\/\/www.facebook.com\/notibras\/\" \/>\n<meta property=\"article:published_time\" content=\"2024-03-14T03:00:33+00:00\" \/>\n<meta property=\"article:modified_time\" content=\"2024-03-14T14:27:32+00:00\" \/>\n<meta property=\"og:image\" content=\"https:\/\/www.notibras.com\/site\/wp-content\/uploads\/2024\/03\/deng.mil_.webp\" \/>\n\t<meta property=\"og:image:width\" content=\"1170\" \/>\n\t<meta property=\"og:image:height\" content=\"700\" \/>\n\t<meta property=\"og:image:type\" content=\"image\/webp\" \/>\n<meta name=\"author\" content=\"Reda\u00e7\u00e3o\" \/>\n<meta name=\"twitter:card\" content=\"summary_large_image\" \/>\n<meta name=\"twitter:creator\" content=\"@Notibras\" \/>\n<meta name=\"twitter:site\" content=\"@Notibras\" \/>\n<meta name=\"twitter:label1\" content=\"Escrito por\" \/>\n\t<meta name=\"twitter:data1\" content=\"Reda\u00e7\u00e3o\" \/>\n\t<meta name=\"twitter:label2\" content=\"Est. tempo de leitura\" \/>\n\t<meta name=\"twitter:data2\" content=\"2 minutos\" \/>\n<script type=\"application\/ld+json\" class=\"yoast-schema-graph\">{\"@context\":\"https:\/\/schema.org\",\"@graph\":[{\"@type\":\"Article\",\"@id\":\"https:\/\/www.notibras.com\/site\/marinha-passa-a-auxiliar-no-combate-a-dengue-no-df\/#article\",\"isPartOf\":{\"@id\":\"https:\/\/www.notibras.com\/site\/marinha-passa-a-auxiliar-no-combate-a-dengue-no-df\/\"},\"author\":{\"name\":\"Reda\u00e7\u00e3o\",\"@id\":\"https:\/\/www.notibras.com\/site\/#\/schema\/person\/36ab0979449956132d3e5b517ea76ac8\"},\"headline\":\"Marinha passa a auxiliar no combate \u00e0 dengue no DF\",\"datePublished\":\"2024-03-14T03:00:33+00:00\",\"dateModified\":\"2024-03-14T14:27:32+00:00\",\"mainEntityOfPage\":{\"@id\":\"https:\/\/www.notibras.com\/site\/marinha-passa-a-auxiliar-no-combate-a-dengue-no-df\/\"},\"wordCount\":253,\"publisher\":{\"@id\":\"https:\/\/www.notibras.com\/site\/#organization\"},\"image\":{\"@id\":\"https:\/\/www.notibras.com\/site\/marinha-passa-a-auxiliar-no-combate-a-dengue-no-df\/#primaryimage\"},\"thumbnailUrl\":\"https:\/\/www.notibras.com\/site\/wp-content\/uploads\/2024\/03\/deng.mil_.webp\",\"articleSection\":[\"Quadradinho em Foco\"],\"inLanguage\":\"pt-BR\"},{\"@type\":\"WebPage\",\"@id\":\"https:\/\/www.notibras.com\/site\/marinha-passa-a-auxiliar-no-combate-a-dengue-no-df\/\",\"url\":\"https:\/\/www.notibras.com\/site\/marinha-passa-a-auxiliar-no-combate-a-dengue-no-df\/\",\"name\":\"Marinha passa a auxiliar no combate \u00e0 dengue no DF - Notibras\",\"isPartOf\":{\"@id\":\"https:\/\/www.notibras.com\/site\/#website\"},\"primaryImageOfPage\":{\"@id\":\"https:\/\/www.notibras.com\/site\/marinha-passa-a-auxiliar-no-combate-a-dengue-no-df\/#primaryimage\"},\"image\":{\"@id\":\"https:\/\/www.notibras.com\/site\/marinha-passa-a-auxiliar-no-combate-a-dengue-no-df\/#primaryimage\"},\"thumbnailUrl\":\"https:\/\/www.notibras.com\/site\/wp-content\/uploads\/2024\/03\/deng.mil_.webp\",\"datePublished\":\"2024-03-14T03:00:33+00:00\",\"dateModified\":\"2024-03-14T14:27:32+00:00\",\"breadcrumb\":{\"@id\":\"https:\/\/www.notibras.com\/site\/marinha-passa-a-auxiliar-no-combate-a-dengue-no-df\/#breadcrumb\"},\"inLanguage\":\"pt-BR\",\"potentialAction\":[{\"@type\":\"ReadAction\",\"target\":[\"https:\/\/www.notibras.com\/site\/marinha-passa-a-auxiliar-no-combate-a-dengue-no-df\/\"]}]},{\"@type\":\"ImageObject\",\"inLanguage\":\"pt-BR\",\"@id\":\"https:\/\/www.notibras.com\/site\/marinha-passa-a-auxiliar-no-combate-a-dengue-no-df\/#primaryimage\",\"url\":\"https:\/\/www.notibras.com\/site\/wp-content\/uploads\/2024\/03\/deng.mil_.webp\",\"contentUrl\":\"https:\/\/www.notibras.com\/site\/wp-content\/uploads\/2024\/03\/deng.mil_.webp\",\"width\":1170,\"height\":700},{\"@type\":\"BreadcrumbList\",\"@id\":\"https:\/\/www.notibras.com\/site\/marinha-passa-a-auxiliar-no-combate-a-dengue-no-df\/#breadcrumb\",\"itemListElement\":[{\"@type\":\"ListItem\",\"position\":1,\"name\":\"In\u00edcio\",\"item\":\"https:\/\/www.notibras.com\/site\/\"},{\"@type\":\"ListItem\",\"position\":2,\"name\":\"Marinha passa a auxiliar no combate \u00e0 dengue no DF\"}]},{\"@type\":\"WebSite\",\"@id\":\"https:\/\/www.notibras.com\/site\/#website\",\"url\":\"https:\/\/www.notibras.com\/site\/\",\"name\":\"Notibras\",\"description\":\"Not\u00edcias de Bras\u00edlia, do Brasil e do Mundo\",\"publisher\":{\"@id\":\"https:\/\/www.notibras.com\/site\/#organization\"},\"potentialAction\":[{\"@type\":\"SearchAction\",\"target\":{\"@type\":\"EntryPoint\",\"urlTemplate\":\"https:\/\/www.notibras.com\/site\/?s={search_term_string}\"},\"query-input\":{\"@type\":\"PropertyValueSpecification\",\"valueRequired\":true,\"valueName\":\"search_term_string\"}}],\"inLanguage\":\"pt-BR\"},{\"@type\":\"Organization\",\"@id\":\"https:\/\/www.notibras.com\/site\/#organization\",\"name\":\"Grupo Notibras de Comunica\u00e7\u00e3o\",\"url\":\"https:\/\/www.notibras.com\/site\/\",\"logo\":{\"@type\":\"ImageObject\",\"inLanguage\":\"pt-BR\",\"@id\":\"https:\/\/www.notibras.com\/site\/#\/schema\/logo\/image\/\",\"url\":\"https:\/\/www.notibras.com\/site\/wp-content\/uploads\/2023\/01\/notibras23.png\",\"contentUrl\":\"https:\/\/www.notibras.com\/site\/wp-content\/uploads\/2023\/01\/notibras23.png\",\"width\":350,\"height\":87,\"caption\":\"Grupo Notibras de Comunica\u00e7\u00e3o\"},\"image\":{\"@id\":\"https:\/\/www.notibras.com\/site\/#\/schema\/logo\/image\/\"},\"sameAs\":[\"https:\/\/www.facebook.com\/notibras\/\",\"https:\/\/x.com\/Notibras\",\"https:\/\/www.instagram.com\/notibras\/\"]},{\"@type\":\"Person\",\"@id\":\"https:\/\/www.notibras.com\/site\/#\/schema\/person\/36ab0979449956132d3e5b517ea76ac8\",\"name\":\"Reda\u00e7\u00e3o\",\"image\":{\"@type\":\"ImageObject\",\"inLanguage\":\"pt-BR\",\"@id\":\"https:\/\/secure.gravatar.com\/avatar\/e0a867bdedb85fd243eadf09663511f96fc81e0720a4a42581f334ad4303aa6b?s=96&d=mm&r=g\",\"url\":\"https:\/\/secure.gravatar.com\/avatar\/e0a867bdedb85fd243eadf09663511f96fc81e0720a4a42581f334ad4303aa6b?s=96&d=mm&r=g\",\"contentUrl\":\"https:\/\/secure.gravatar.com\/avatar\/e0a867bdedb85fd243eadf09663511f96fc81e0720a4a42581f334ad4303aa6b?s=96&d=mm&r=g\",\"caption\":\"Reda\u00e7\u00e3o\"}}]}<\/script>\n<!-- \/ Yoast SEO plugin. -->","yoast_head_json":{"title":"Marinha passa a auxiliar no combate \u00e0 dengue no DF - Notibras","robots":{"index":"index","follow":"follow","max-snippet":"max-snippet:-1","max-image-preview":"max-image-preview:large","max-video-preview":"max-video-preview:-1"},"canonical":"https:\/\/www.notibras.com\/site\/marinha-passa-a-auxiliar-no-combate-a-dengue-no-df\/","og_locale":"pt_BR","og_type":"article","og_title":"Marinha passa a auxiliar no combate \u00e0 dengue no DF - Notibras","og_description":"Cem militares da Marinha do Brasil se somam ao combate \u00e0 dengue no Distrito Federal (DF) a partir desta quarta-feira (13). De acordo com a Secretaria de Sa\u00fade, os homens passaram por treinamento e, neste primeiro momento, atuam em Arniqueiras, bairro de Bras\u00edlia com alta incid\u00eancia de casos da doen\u00e7a. De acordo com a secretaria, [&hellip;]","og_url":"https:\/\/www.notibras.com\/site\/marinha-passa-a-auxiliar-no-combate-a-dengue-no-df\/","og_site_name":"Notibras","article_publisher":"https:\/\/www.facebook.com\/notibras\/","article_published_time":"2024-03-14T03:00:33+00:00","article_modified_time":"2024-03-14T14:27:32+00:00","og_image":[{"width":1170,"height":700,"url":"https:\/\/www.notibras.com\/site\/wp-content\/uploads\/2024\/03\/deng.mil_.webp","type":"image\/webp"}],"author":"Reda\u00e7\u00e3o","twitter_card":"summary_large_image","twitter_creator":"@Notibras","twitter_site":"@Notibras","twitter_misc":{"Escrito por":"Reda\u00e7\u00e3o","Est. tempo de leitura":"2 minutos"},"schema":{"@context":"https:\/\/schema.org","@graph":[{"@type":"Article","@id":"https:\/\/www.notibras.com\/site\/marinha-passa-a-auxiliar-no-combate-a-dengue-no-df\/#article","isPartOf":{"@id":"https:\/\/www.notibras.com\/site\/marinha-passa-a-auxiliar-no-combate-a-dengue-no-df\/"},"author":{"name":"Reda\u00e7\u00e3o","@id":"https:\/\/www.notibras.com\/site\/#\/schema\/person\/36ab0979449956132d3e5b517ea76ac8"},"headline":"Marinha passa a auxiliar no combate \u00e0 dengue no DF","datePublished":"2024-03-14T03:00:33+00:00","dateModified":"2024-03-14T14:27:32+00:00","mainEntityOfPage":{"@id":"https:\/\/www.notibras.com\/site\/marinha-passa-a-auxiliar-no-combate-a-dengue-no-df\/"},"wordCount":253,"publisher":{"@id":"https:\/\/www.notibras.com\/site\/#organization"},"image":{"@id":"https:\/\/www.notibras.com\/site\/marinha-passa-a-auxiliar-no-combate-a-dengue-no-df\/#primaryimage"},"thumbnailUrl":"https:\/\/www.notibras.com\/site\/wp-content\/uploads\/2024\/03\/deng.mil_.webp","articleSection":["Quadradinho em Foco"],"inLanguage":"pt-BR"},{"@type":"WebPage","@id":"https:\/\/www.notibras.com\/site\/marinha-passa-a-auxiliar-no-combate-a-dengue-no-df\/","url":"https:\/\/www.notibras.com\/site\/marinha-passa-a-auxiliar-no-combate-a-dengue-no-df\/","name":"Marinha passa a auxiliar no combate \u00e0 dengue no DF - Notibras","isPartOf":{"@id":"https:\/\/www.notibras.com\/site\/#website"},"primaryImageOfPage":{"@id":"https:\/\/www.notibras.com\/site\/marinha-passa-a-auxiliar-no-combate-a-dengue-no-df\/#primaryimage"},"image":{"@id":"https:\/\/www.notibras.com\/site\/marinha-passa-a-auxiliar-no-combate-a-dengue-no-df\/#primaryimage"},"thumbnailUrl":"https:\/\/www.notibras.com\/site\/wp-content\/uploads\/2024\/03\/deng.mil_.webp","datePublished":"2024-03-14T03:00:33+00:00","dateModified":"2024-03-14T14:27:32+00:00","breadcrumb":{"@id":"https:\/\/www.notibras.com\/site\/marinha-passa-a-auxiliar-no-combate-a-dengue-no-df\/#breadcrumb"},"inLanguage":"pt-BR","potentialAction":[{"@type":"ReadAction","target":["https:\/\/www.notibras.com\/site\/marinha-passa-a-auxiliar-no-combate-a-dengue-no-df\/"]}]},{"@type":"ImageObject","inLanguage":"pt-BR","@id":"https:\/\/www.notibras.com\/site\/marinha-passa-a-auxiliar-no-combate-a-dengue-no-df\/#primaryimage","url":"https:\/\/www.notibras.com\/site\/wp-content\/uploads\/2024\/03\/deng.mil_.webp","contentUrl":"https:\/\/www.notibras.com\/site\/wp-content\/uploads\/2024\/03\/deng.mil_.webp","width":1170,"height":700},{"@type":"BreadcrumbList","@id":"https:\/\/www.notibras.com\/site\/marinha-passa-a-auxiliar-no-combate-a-dengue-no-df\/#breadcrumb","itemListElement":[{"@type":"ListItem","position":1,"name":"In\u00edcio","item":"https:\/\/www.notibras.com\/site\/"},{"@type":"ListItem","position":2,"name":"Marinha passa a auxiliar no combate \u00e0 dengue no DF"}]},{"@type":"WebSite","@id":"https:\/\/www.notibras.com\/site\/#website","url":"https:\/\/www.notibras.com\/site\/","name":"Notibras","description":"Not\u00edcias de Bras\u00edlia, do Brasil e do Mundo","publisher":{"@id":"https:\/\/www.notibras.com\/site\/#organization"},"potentialAction":[{"@type":"SearchAction","target":{"@type":"EntryPoint","urlTemplate":"https:\/\/www.notibras.com\/site\/?s={search_term_string}"},"query-input":{"@type":"PropertyValueSpecification","valueRequired":true,"valueName":"search_term_string"}}],"inLanguage":"pt-BR"},{"@type":"Organization","@id":"https:\/\/www.notibras.com\/site\/#organization","name":"Grupo Notibras de Comunica\u00e7\u00e3o","url":"https:\/\/www.notibras.com\/site\/","logo":{"@type":"ImageObject","inLanguage":"pt-BR","@id":"https:\/\/www.notibras.com\/site\/#\/schema\/logo\/image\/","url":"https:\/\/www.notibras.com\/site\/wp-content\/uploads\/2023\/01\/notibras23.png","contentUrl":"https:\/\/www.notibras.com\/site\/wp-content\/uploads\/2023\/01\/notibras23.png","width":350,"height":87,"caption":"Grupo Notibras de Comunica\u00e7\u00e3o"},"image":{"@id":"https:\/\/www.notibras.com\/site\/#\/schema\/logo\/image\/"},"sameAs":["https:\/\/www.facebook.com\/notibras\/","https:\/\/x.com\/Notibras","https:\/\/www.instagram.com\/notibras\/"]},{"@type":"Person","@id":"https:\/\/www.notibras.com\/site\/#\/schema\/person\/36ab0979449956132d3e5b517ea76ac8","name":"Reda\u00e7\u00e3o","image":{"@type":"ImageObject","inLanguage":"pt-BR","@id":"https:\/\/secure.gravatar.com\/avatar\/e0a867bdedb85fd243eadf09663511f96fc81e0720a4a42581f334ad4303aa6b?s=96&d=mm&r=g","url":"https:\/\/secure.gravatar.com\/avatar\/e0a867bdedb85fd243eadf09663511f96fc81e0720a4a42581f334ad4303aa6b?s=96&d=mm&r=g","contentUrl":"https:\/\/secure.gravatar.com\/avatar\/e0a867bdedb85fd243eadf09663511f96fc81e0720a4a42581f334ad4303aa6b?s=96&d=mm&r=g","caption":"Reda\u00e7\u00e3o"}}]}},"amp_enabled":true,"_links":{"self":[{"href":"https:\/\/www.notibras.com\/site\/wp-json\/wp\/v2\/posts\/324589","targetHints":{"allow":["GET"]}}],"collection":[{"href":"https:\/\/www.notibras.com\/site\/wp-json\/wp\/v2\/posts"}],"about":[{"href":"https:\/\/www.notibras.com\/site\/wp-json\/wp\/v2\/types\/post"}],"author":[{"embeddable":true,"href":"https:\/\/www.notibras.com\/site\/wp-json\/wp\/v2\/users\/2"}],"replies":[{"embeddable":true,"href":"https:\/\/www.notibras.com\/site\/wp-json\/wp\/v2\/comments?post=324589"}],"version-history":[{"count":1,"href":"https:\/\/www.notibras.com\/site\/wp-json\/wp\/v2\/posts\/324589\/revisions"}],"predecessor-version":[{"id":324591,"href":"https:\/\/www.notibras.com\/site\/wp-json\/wp\/v2\/posts\/324589\/revisions\/324591"}],"wp:featuredmedia":[{"embeddable":true,"href":"https:\/\/www.notibras.com\/site\/wp-json\/wp\/v2\/media\/324590"}],"wp:attachment":[{"href":"https:\/\/www.notibras.com\/site\/wp-json\/wp\/v2\/media?parent=324589"}],"wp:term":[{"taxonomy":"category","embeddable":true,"href":"https:\/\/www.notibras.com\/site\/wp-json\/wp\/v2\/categories?post=324589"},{"taxonomy":"post_tag","embeddable":true,"href":"https:\/\/www.notibras.com\/site\/wp-json\/wp\/v2\/tags?post=324589"}],"curies":[{"name":"wp","href":"https:\/\/api.w.org\/{rel}","templated":true}]}}