{"id":324617,"date":"2024-03-15T05:24:08","date_gmt":"2024-03-15T08:24:08","guid":{"rendered":"https:\/\/www.notibras.com\/site\/?p=324617"},"modified":"2024-03-15T05:24:08","modified_gmt":"2024-03-15T08:24:08","slug":"marilene-cansada-impoe-espinafre-goela-abaixo","status":"publish","type":"post","link":"https:\/\/www.notibras.com\/site\/marilene-cansada-impoe-espinafre-goela-abaixo\/","title":{"rendered":"Marilene, cansada, imp\u00f5e espinafre goela abaixo"},"content":{"rendered":"<p>Se tem uma coisa que deixa Marilene estressada \u00e9 ter que ir para a cozinha, o que acontece justamente nas quartas\u2013feiras, quando a empregada est\u00e1 de folga. Uma correria s\u00f3, ainda mais porque ela precisa correr de casa para o trabalho, do trabalho para casa e, ap\u00f3s lavar a lou\u00e7a, correr de volta para o trabalho. Se ao menos n\u00e3o tivesse que pegar condu\u00e7\u00e3o. Que nada! Pega e, pasmem, paga caro.<\/p>\n<p>\u2013 M\u00e3e!<\/p>\n<p>\u2013 O que \u00e9?<\/p>\n<p>\u2013 T\u00f4 com fome!<\/p>\n<p>\u2013 D\u00e1 pra esperar um pouco? O jantar sai daqui a 20 minutos.<\/p>\n<p>\u2013 T\u00f4 com fome, m\u00e3e!<\/p>\n<p>\u2013 Meu filho, ser\u00e1 que voc\u00ea n\u00e3o pode esperar s\u00f3 um pouquinho? \u2013 Marilene surge na porta do quarto de Robertinho, que est\u00e1 sentado em frente ao computador tentando vencer mais uma batalha num desses jogos de guerra, que tanto sucesso fazem entre a garotada vidrada na inform\u00e1tica.<\/p>\n<p>\u2013 Me d\u00e1 biscoito, ent\u00e3o!<\/p>\n<p>\u2013 A\u00ed voc\u00ea n\u00e3o janta, meu filho.<\/p>\n<p>\u2013 M\u00e3e, t\u00f4 com fome!<\/p>\n<p>\u2013 Espera um pouquinho s\u00f3, Robertinho.<\/p>\n<p>\u2013 Ah, m\u00e3e, n\u00e3o d\u00e1 pra esperar. Me d\u00e1 biscoito.<\/p>\n<p>\u2013 Mas voc\u00ea vai acabar n\u00e3o jantando depois, meu amor.<\/p>\n<p>\u2013 Eu janto. prometo que janto!<\/p>\n<p>\u2013 Promete mesmo?<\/p>\n<p>\u2013 M\u00e3e, me d\u00e1 logo o biscoito!<\/p>\n<p>Finalmente Marilene se rende \u00e0s vontades do seu \u00fanico filho e lhe traz um pacote de biscoitos recheados de chocolate.<\/p>\n<p>\u2013 Ta\u00ed, \u00f3! S\u00f3 quero ver se voc\u00ea vai jantar depois, hein!<\/p>\n<p>\u2013 &#8230; \u2013 o garoto, de t\u00e3o entretido que est\u00e1, nem percebe, ou finge n\u00e3o perceber, as palavras da m\u00e3e.<\/p>\n<p>\u2013 Robertinho, meu filho, estou falando com voc\u00ea! V\u00ea se quando estou falando, voc\u00ea presta aten\u00e7\u00e3o! Sou sua m\u00e3e, viu!?<\/p>\n<p>\u2013 O que \u00e9 dessa vez, m\u00e3e? N\u00e3o t\u00e1 vendo que t\u00f4 ocupado agora?<\/p>\n<p>\u2013 Nada! Nada! Eu n\u00e3o quero nada! \u2013 Marilene vira\u2013se e sai, mas \u00e9 impedida por outro chamado do filho.<\/p>\n<p>\u2013 M\u00e3e!<\/p>\n<p>\u2013 O que voc\u00ea quer agora?<\/p>\n<p>\u2013 O que tem pro jantar hoje?<\/p>\n<p>\u2013 Arroz, bife e salada de espinafre.<\/p>\n<p>\u2013 Puxa, m\u00e3e, voc\u00ea sabe que n\u00e3o gosto de espinafre!<\/p>\n<p>Marilene voltou \u00e0 cozinha para terminar sua tarefa. Hoje, mais uma quarta\u2013feira, \u00e9 folga de Neide, a empregada.<\/p>\n","protected":false},"excerpt":{"rendered":"<p>Se tem uma coisa que deixa Marilene estressada \u00e9 ter que ir para a cozinha, o que acontece justamente nas quartas\u2013feiras, quando a empregada est\u00e1 de folga. Uma correria s\u00f3, ainda mais porque ela precisa correr de casa para o trabalho, do trabalho para casa e, ap\u00f3s lavar a lou\u00e7a, correr de volta para o [&hellip;]<\/p>\n","protected":false},"author":2,"featured_media":324618,"comment_status":"closed","ping_status":"closed","sticky":false,"template":"","format":"standard","meta":{"_acf_changed":false,"footnotes":""},"categories":[161],"tags":[],"class_list":["post-324617","post","type-post","status-publish","format-standard","has-post-thumbnail","hentry","category-quadradinho-em-foco"],"acf":[],"yoast_head":"<!-- This site is optimized with the Yoast SEO plugin v27.2 - https:\/\/yoast.com\/product\/yoast-seo-wordpress\/ -->\n<title>Marilene, cansada, imp\u00f5e espinafre goela abaixo - Notibras<\/title>\n<meta name=\"robots\" content=\"index, follow, max-snippet:-1, max-image-preview:large, max-video-preview:-1\" \/>\n<link rel=\"canonical\" href=\"https:\/\/www.notibras.com\/site\/marilene-cansada-impoe-espinafre-goela-abaixo\/\" \/>\n<meta property=\"og:locale\" content=\"pt_BR\" \/>\n<meta property=\"og:type\" content=\"article\" \/>\n<meta property=\"og:title\" content=\"Marilene, cansada, imp\u00f5e espinafre goela abaixo - Notibras\" \/>\n<meta property=\"og:description\" content=\"Se tem uma coisa que deixa Marilene estressada \u00e9 ter que ir para a cozinha, o que acontece justamente nas quartas\u2013feiras, quando a empregada est\u00e1 de folga. Uma correria s\u00f3, ainda mais porque ela precisa correr de casa para o trabalho, do trabalho para casa e, ap\u00f3s lavar a lou\u00e7a, correr de volta para o [&hellip;]\" \/>\n<meta property=\"og:url\" content=\"https:\/\/www.notibras.com\/site\/marilene-cansada-impoe-espinafre-goela-abaixo\/\" \/>\n<meta property=\"og:site_name\" content=\"Notibras\" \/>\n<meta property=\"article:publisher\" content=\"https:\/\/www.facebook.com\/notibras\/\" \/>\n<meta property=\"article:published_time\" content=\"2024-03-15T08:24:08+00:00\" \/>\n<meta property=\"og:image\" content=\"https:\/\/www.notibras.com\/site\/wp-content\/uploads\/2024\/03\/354153cb-270f-4c2b-8de0-f74f509a6878.jpeg\" \/>\n\t<meta property=\"og:image:width\" content=\"1024\" \/>\n\t<meta property=\"og:image:height\" content=\"1024\" \/>\n\t<meta property=\"og:image:type\" content=\"image\/jpeg\" \/>\n<meta name=\"author\" content=\"Reda\u00e7\u00e3o\" \/>\n<meta name=\"twitter:card\" content=\"summary_large_image\" \/>\n<meta name=\"twitter:creator\" content=\"@Notibras\" \/>\n<meta name=\"twitter:site\" content=\"@Notibras\" \/>\n<meta name=\"twitter:label1\" content=\"Escrito por\" \/>\n\t<meta name=\"twitter:data1\" content=\"Reda\u00e7\u00e3o\" \/>\n\t<meta name=\"twitter:label2\" content=\"Est. tempo de leitura\" \/>\n\t<meta name=\"twitter:data2\" content=\"3 minutos\" \/>\n<script type=\"application\/ld+json\" class=\"yoast-schema-graph\">{\"@context\":\"https:\/\/schema.org\",\"@graph\":[{\"@type\":\"Article\",\"@id\":\"https:\/\/www.notibras.com\/site\/marilene-cansada-impoe-espinafre-goela-abaixo\/#article\",\"isPartOf\":{\"@id\":\"https:\/\/www.notibras.com\/site\/marilene-cansada-impoe-espinafre-goela-abaixo\/\"},\"author\":{\"name\":\"Reda\u00e7\u00e3o\",\"@id\":\"https:\/\/www.notibras.com\/site\/#\/schema\/person\/36ab0979449956132d3e5b517ea76ac8\"},\"headline\":\"Marilene, cansada, imp\u00f5e espinafre goela abaixo\",\"datePublished\":\"2024-03-15T08:24:08+00:00\",\"mainEntityOfPage\":{\"@id\":\"https:\/\/www.notibras.com\/site\/marilene-cansada-impoe-espinafre-goela-abaixo\/\"},\"wordCount\":361,\"publisher\":{\"@id\":\"https:\/\/www.notibras.com\/site\/#organization\"},\"image\":{\"@id\":\"https:\/\/www.notibras.com\/site\/marilene-cansada-impoe-espinafre-goela-abaixo\/#primaryimage\"},\"thumbnailUrl\":\"https:\/\/www.notibras.com\/site\/wp-content\/uploads\/2024\/03\/354153cb-270f-4c2b-8de0-f74f509a6878.jpeg\",\"articleSection\":[\"Quadradinho em Foco\"],\"inLanguage\":\"pt-BR\"},{\"@type\":\"WebPage\",\"@id\":\"https:\/\/www.notibras.com\/site\/marilene-cansada-impoe-espinafre-goela-abaixo\/\",\"url\":\"https:\/\/www.notibras.com\/site\/marilene-cansada-impoe-espinafre-goela-abaixo\/\",\"name\":\"Marilene, cansada, imp\u00f5e espinafre goela abaixo - Notibras\",\"isPartOf\":{\"@id\":\"https:\/\/www.notibras.com\/site\/#website\"},\"primaryImageOfPage\":{\"@id\":\"https:\/\/www.notibras.com\/site\/marilene-cansada-impoe-espinafre-goela-abaixo\/#primaryimage\"},\"image\":{\"@id\":\"https:\/\/www.notibras.com\/site\/marilene-cansada-impoe-espinafre-goela-abaixo\/#primaryimage\"},\"thumbnailUrl\":\"https:\/\/www.notibras.com\/site\/wp-content\/uploads\/2024\/03\/354153cb-270f-4c2b-8de0-f74f509a6878.jpeg\",\"datePublished\":\"2024-03-15T08:24:08+00:00\",\"breadcrumb\":{\"@id\":\"https:\/\/www.notibras.com\/site\/marilene-cansada-impoe-espinafre-goela-abaixo\/#breadcrumb\"},\"inLanguage\":\"pt-BR\",\"potentialAction\":[{\"@type\":\"ReadAction\",\"target\":[\"https:\/\/www.notibras.com\/site\/marilene-cansada-impoe-espinafre-goela-abaixo\/\"]}]},{\"@type\":\"ImageObject\",\"inLanguage\":\"pt-BR\",\"@id\":\"https:\/\/www.notibras.com\/site\/marilene-cansada-impoe-espinafre-goela-abaixo\/#primaryimage\",\"url\":\"https:\/\/www.notibras.com\/site\/wp-content\/uploads\/2024\/03\/354153cb-270f-4c2b-8de0-f74f509a6878.jpeg\",\"contentUrl\":\"https:\/\/www.notibras.com\/site\/wp-content\/uploads\/2024\/03\/354153cb-270f-4c2b-8de0-f74f509a6878.jpeg\",\"width\":1024,\"height\":1024},{\"@type\":\"BreadcrumbList\",\"@id\":\"https:\/\/www.notibras.com\/site\/marilene-cansada-impoe-espinafre-goela-abaixo\/#breadcrumb\",\"itemListElement\":[{\"@type\":\"ListItem\",\"position\":1,\"name\":\"In\u00edcio\",\"item\":\"https:\/\/www.notibras.com\/site\/\"},{\"@type\":\"ListItem\",\"position\":2,\"name\":\"Marilene, cansada, imp\u00f5e espinafre goela abaixo\"}]},{\"@type\":\"WebSite\",\"@id\":\"https:\/\/www.notibras.com\/site\/#website\",\"url\":\"https:\/\/www.notibras.com\/site\/\",\"name\":\"Notibras\",\"description\":\"Not\u00edcias de Bras\u00edlia, do Brasil e do Mundo\",\"publisher\":{\"@id\":\"https:\/\/www.notibras.com\/site\/#organization\"},\"potentialAction\":[{\"@type\":\"SearchAction\",\"target\":{\"@type\":\"EntryPoint\",\"urlTemplate\":\"https:\/\/www.notibras.com\/site\/?s={search_term_string}\"},\"query-input\":{\"@type\":\"PropertyValueSpecification\",\"valueRequired\":true,\"valueName\":\"search_term_string\"}}],\"inLanguage\":\"pt-BR\"},{\"@type\":\"Organization\",\"@id\":\"https:\/\/www.notibras.com\/site\/#organization\",\"name\":\"Grupo Notibras de Comunica\u00e7\u00e3o\",\"url\":\"https:\/\/www.notibras.com\/site\/\",\"logo\":{\"@type\":\"ImageObject\",\"inLanguage\":\"pt-BR\",\"@id\":\"https:\/\/www.notibras.com\/site\/#\/schema\/logo\/image\/\",\"url\":\"https:\/\/www.notibras.com\/site\/wp-content\/uploads\/2023\/01\/notibras23.png\",\"contentUrl\":\"https:\/\/www.notibras.com\/site\/wp-content\/uploads\/2023\/01\/notibras23.png\",\"width\":350,\"height\":87,\"caption\":\"Grupo Notibras de Comunica\u00e7\u00e3o\"},\"image\":{\"@id\":\"https:\/\/www.notibras.com\/site\/#\/schema\/logo\/image\/\"},\"sameAs\":[\"https:\/\/www.facebook.com\/notibras\/\",\"https:\/\/x.com\/Notibras\",\"https:\/\/www.instagram.com\/notibras\/\"]},{\"@type\":\"Person\",\"@id\":\"https:\/\/www.notibras.com\/site\/#\/schema\/person\/36ab0979449956132d3e5b517ea76ac8\",\"name\":\"Reda\u00e7\u00e3o\",\"image\":{\"@type\":\"ImageObject\",\"inLanguage\":\"pt-BR\",\"@id\":\"https:\/\/secure.gravatar.com\/avatar\/e0a867bdedb85fd243eadf09663511f96fc81e0720a4a42581f334ad4303aa6b?s=96&d=mm&r=g\",\"url\":\"https:\/\/secure.gravatar.com\/avatar\/e0a867bdedb85fd243eadf09663511f96fc81e0720a4a42581f334ad4303aa6b?s=96&d=mm&r=g\",\"contentUrl\":\"https:\/\/secure.gravatar.com\/avatar\/e0a867bdedb85fd243eadf09663511f96fc81e0720a4a42581f334ad4303aa6b?s=96&d=mm&r=g\",\"caption\":\"Reda\u00e7\u00e3o\"}}]}<\/script>\n<!-- \/ Yoast SEO plugin. -->","yoast_head_json":{"title":"Marilene, cansada, imp\u00f5e espinafre goela abaixo - Notibras","robots":{"index":"index","follow":"follow","max-snippet":"max-snippet:-1","max-image-preview":"max-image-preview:large","max-video-preview":"max-video-preview:-1"},"canonical":"https:\/\/www.notibras.com\/site\/marilene-cansada-impoe-espinafre-goela-abaixo\/","og_locale":"pt_BR","og_type":"article","og_title":"Marilene, cansada, imp\u00f5e espinafre goela abaixo - Notibras","og_description":"Se tem uma coisa que deixa Marilene estressada \u00e9 ter que ir para a cozinha, o que acontece justamente nas quartas\u2013feiras, quando a empregada est\u00e1 de folga. Uma correria s\u00f3, ainda mais porque ela precisa correr de casa para o trabalho, do trabalho para casa e, ap\u00f3s lavar a lou\u00e7a, correr de volta para o [&hellip;]","og_url":"https:\/\/www.notibras.com\/site\/marilene-cansada-impoe-espinafre-goela-abaixo\/","og_site_name":"Notibras","article_publisher":"https:\/\/www.facebook.com\/notibras\/","article_published_time":"2024-03-15T08:24:08+00:00","og_image":[{"width":1024,"height":1024,"url":"https:\/\/www.notibras.com\/site\/wp-content\/uploads\/2024\/03\/354153cb-270f-4c2b-8de0-f74f509a6878.jpeg","type":"image\/jpeg"}],"author":"Reda\u00e7\u00e3o","twitter_card":"summary_large_image","twitter_creator":"@Notibras","twitter_site":"@Notibras","twitter_misc":{"Escrito por":"Reda\u00e7\u00e3o","Est. tempo de leitura":"3 minutos"},"schema":{"@context":"https:\/\/schema.org","@graph":[{"@type":"Article","@id":"https:\/\/www.notibras.com\/site\/marilene-cansada-impoe-espinafre-goela-abaixo\/#article","isPartOf":{"@id":"https:\/\/www.notibras.com\/site\/marilene-cansada-impoe-espinafre-goela-abaixo\/"},"author":{"name":"Reda\u00e7\u00e3o","@id":"https:\/\/www.notibras.com\/site\/#\/schema\/person\/36ab0979449956132d3e5b517ea76ac8"},"headline":"Marilene, cansada, imp\u00f5e espinafre goela abaixo","datePublished":"2024-03-15T08:24:08+00:00","mainEntityOfPage":{"@id":"https:\/\/www.notibras.com\/site\/marilene-cansada-impoe-espinafre-goela-abaixo\/"},"wordCount":361,"publisher":{"@id":"https:\/\/www.notibras.com\/site\/#organization"},"image":{"@id":"https:\/\/www.notibras.com\/site\/marilene-cansada-impoe-espinafre-goela-abaixo\/#primaryimage"},"thumbnailUrl":"https:\/\/www.notibras.com\/site\/wp-content\/uploads\/2024\/03\/354153cb-270f-4c2b-8de0-f74f509a6878.jpeg","articleSection":["Quadradinho em Foco"],"inLanguage":"pt-BR"},{"@type":"WebPage","@id":"https:\/\/www.notibras.com\/site\/marilene-cansada-impoe-espinafre-goela-abaixo\/","url":"https:\/\/www.notibras.com\/site\/marilene-cansada-impoe-espinafre-goela-abaixo\/","name":"Marilene, cansada, imp\u00f5e espinafre goela abaixo - Notibras","isPartOf":{"@id":"https:\/\/www.notibras.com\/site\/#website"},"primaryImageOfPage":{"@id":"https:\/\/www.notibras.com\/site\/marilene-cansada-impoe-espinafre-goela-abaixo\/#primaryimage"},"image":{"@id":"https:\/\/www.notibras.com\/site\/marilene-cansada-impoe-espinafre-goela-abaixo\/#primaryimage"},"thumbnailUrl":"https:\/\/www.notibras.com\/site\/wp-content\/uploads\/2024\/03\/354153cb-270f-4c2b-8de0-f74f509a6878.jpeg","datePublished":"2024-03-15T08:24:08+00:00","breadcrumb":{"@id":"https:\/\/www.notibras.com\/site\/marilene-cansada-impoe-espinafre-goela-abaixo\/#breadcrumb"},"inLanguage":"pt-BR","potentialAction":[{"@type":"ReadAction","target":["https:\/\/www.notibras.com\/site\/marilene-cansada-impoe-espinafre-goela-abaixo\/"]}]},{"@type":"ImageObject","inLanguage":"pt-BR","@id":"https:\/\/www.notibras.com\/site\/marilene-cansada-impoe-espinafre-goela-abaixo\/#primaryimage","url":"https:\/\/www.notibras.com\/site\/wp-content\/uploads\/2024\/03\/354153cb-270f-4c2b-8de0-f74f509a6878.jpeg","contentUrl":"https:\/\/www.notibras.com\/site\/wp-content\/uploads\/2024\/03\/354153cb-270f-4c2b-8de0-f74f509a6878.jpeg","width":1024,"height":1024},{"@type":"BreadcrumbList","@id":"https:\/\/www.notibras.com\/site\/marilene-cansada-impoe-espinafre-goela-abaixo\/#breadcrumb","itemListElement":[{"@type":"ListItem","position":1,"name":"In\u00edcio","item":"https:\/\/www.notibras.com\/site\/"},{"@type":"ListItem","position":2,"name":"Marilene, cansada, imp\u00f5e espinafre goela abaixo"}]},{"@type":"WebSite","@id":"https:\/\/www.notibras.com\/site\/#website","url":"https:\/\/www.notibras.com\/site\/","name":"Notibras","description":"Not\u00edcias de Bras\u00edlia, do Brasil e do Mundo","publisher":{"@id":"https:\/\/www.notibras.com\/site\/#organization"},"potentialAction":[{"@type":"SearchAction","target":{"@type":"EntryPoint","urlTemplate":"https:\/\/www.notibras.com\/site\/?s={search_term_string}"},"query-input":{"@type":"PropertyValueSpecification","valueRequired":true,"valueName":"search_term_string"}}],"inLanguage":"pt-BR"},{"@type":"Organization","@id":"https:\/\/www.notibras.com\/site\/#organization","name":"Grupo Notibras de Comunica\u00e7\u00e3o","url":"https:\/\/www.notibras.com\/site\/","logo":{"@type":"ImageObject","inLanguage":"pt-BR","@id":"https:\/\/www.notibras.com\/site\/#\/schema\/logo\/image\/","url":"https:\/\/www.notibras.com\/site\/wp-content\/uploads\/2023\/01\/notibras23.png","contentUrl":"https:\/\/www.notibras.com\/site\/wp-content\/uploads\/2023\/01\/notibras23.png","width":350,"height":87,"caption":"Grupo Notibras de Comunica\u00e7\u00e3o"},"image":{"@id":"https:\/\/www.notibras.com\/site\/#\/schema\/logo\/image\/"},"sameAs":["https:\/\/www.facebook.com\/notibras\/","https:\/\/x.com\/Notibras","https:\/\/www.instagram.com\/notibras\/"]},{"@type":"Person","@id":"https:\/\/www.notibras.com\/site\/#\/schema\/person\/36ab0979449956132d3e5b517ea76ac8","name":"Reda\u00e7\u00e3o","image":{"@type":"ImageObject","inLanguage":"pt-BR","@id":"https:\/\/secure.gravatar.com\/avatar\/e0a867bdedb85fd243eadf09663511f96fc81e0720a4a42581f334ad4303aa6b?s=96&d=mm&r=g","url":"https:\/\/secure.gravatar.com\/avatar\/e0a867bdedb85fd243eadf09663511f96fc81e0720a4a42581f334ad4303aa6b?s=96&d=mm&r=g","contentUrl":"https:\/\/secure.gravatar.com\/avatar\/e0a867bdedb85fd243eadf09663511f96fc81e0720a4a42581f334ad4303aa6b?s=96&d=mm&r=g","caption":"Reda\u00e7\u00e3o"}}]}},"amp_enabled":true,"_links":{"self":[{"href":"https:\/\/www.notibras.com\/site\/wp-json\/wp\/v2\/posts\/324617","targetHints":{"allow":["GET"]}}],"collection":[{"href":"https:\/\/www.notibras.com\/site\/wp-json\/wp\/v2\/posts"}],"about":[{"href":"https:\/\/www.notibras.com\/site\/wp-json\/wp\/v2\/types\/post"}],"author":[{"embeddable":true,"href":"https:\/\/www.notibras.com\/site\/wp-json\/wp\/v2\/users\/2"}],"replies":[{"embeddable":true,"href":"https:\/\/www.notibras.com\/site\/wp-json\/wp\/v2\/comments?post=324617"}],"version-history":[{"count":1,"href":"https:\/\/www.notibras.com\/site\/wp-json\/wp\/v2\/posts\/324617\/revisions"}],"predecessor-version":[{"id":324619,"href":"https:\/\/www.notibras.com\/site\/wp-json\/wp\/v2\/posts\/324617\/revisions\/324619"}],"wp:featuredmedia":[{"embeddable":true,"href":"https:\/\/www.notibras.com\/site\/wp-json\/wp\/v2\/media\/324618"}],"wp:attachment":[{"href":"https:\/\/www.notibras.com\/site\/wp-json\/wp\/v2\/media?parent=324617"}],"wp:term":[{"taxonomy":"category","embeddable":true,"href":"https:\/\/www.notibras.com\/site\/wp-json\/wp\/v2\/categories?post=324617"},{"taxonomy":"post_tag","embeddable":true,"href":"https:\/\/www.notibras.com\/site\/wp-json\/wp\/v2\/tags?post=324617"}],"curies":[{"name":"wp","href":"https:\/\/api.w.org\/{rel}","templated":true}]}}