{"id":324623,"date":"2024-03-15T00:00:57","date_gmt":"2024-03-15T03:00:57","guid":{"rendered":"https:\/\/www.notibras.com\/site\/?p=324623"},"modified":"2024-03-15T05:52:21","modified_gmt":"2024-03-15T08:52:21","slug":"tenha-cuidado-com-o-que-come-muito-sodio-faz-mal","status":"publish","type":"post","link":"https:\/\/www.notibras.com\/site\/tenha-cuidado-com-o-que-come-muito-sodio-faz-mal\/","title":{"rendered":"Tenha cuidado com o que come&#8230; muito s\u00f3dio faz mal"},"content":{"rendered":"<p>Relat\u00f3rio divulgado pela Ag\u00eancia Nacional de Vigil\u00e2ncia Sanit\u00e1ria (Anvisa) aponta que 28% dos produtos industrializados monitorados por autoridades brasileiras em 2020 e 2021 n\u00e3o atingiram as metas estabelecidas para redu\u00e7\u00e3o de s\u00f3dio. De acordo com a Anvisa, as categorias classificadas como cr\u00edticas s\u00e3o biscoito salgado, bolos prontos sem recheio, hamb\u00fargueres, misturas para bolo aerado, mortadela conservada em refrigera\u00e7\u00e3o, p\u00e3es de forma, queijo e requeij\u00e3o.<\/p>\n<p>O relat\u00f3rio cita, entretanto, \u201calentador progresso\u201d observado em algumas categorias, como o caso de biscoitos doces tipo maria e maisena, indicando \u201cuma tend\u00eancia positiva\u201d. \u201cAo ponderarmos sobre a oscila\u00e7\u00e3o nas amostras de batatas fritas e palhas industrializadas e a conformidade consistente dos cereais matinais, torna-se evidente que diferentes categorias demandam abordagens espec\u00edficas\u201d, pontuou a Anvisa.<\/p>\n<p>J\u00e1 a an\u00e1lise das categorias caldos em p\u00f3 e em cubo, temperos em pasta, temperos para arroz e demais temperos, segundo o relat\u00f3rio, aponta dificuldades e avan\u00e7os no monitoramento do teor de s\u00f3dio em alimentos industrializados, com algumas categorias mantendo a conformidade e outras exigindo esfor\u00e7os adicionais.<\/p>\n<p>\u201cNo cen\u00e1rio mais amplo, identificamos tanto progressos quanto desafios persistentes na redu\u00e7\u00e3o do teor de s\u00f3dio em alimentos industrializados. A an\u00e1lise abrangente do panorama brasileiro revela que o pa\u00eds enfrenta obst\u00e1culos significativos para atingir as metas regionais estabelecidas na diminui\u00e7\u00e3o do consumo de s\u00f3dio, apresentando a menor ades\u00e3o em compara\u00e7\u00e3o com outros pa\u00edses da Am\u00e9rica Latina e do Caribe.\u201d<\/p>\n<p>\u201cIsso sublinha a urg\u00eancia de reavaliar e aprimorar as estrat\u00e9gias atualmente em vigor. A colabora\u00e7\u00e3o cont\u00ednua entre \u00f3rg\u00e3os reguladores, a ind\u00fastria aliment\u00edcia e a sociedade civil permanece fundamental para atingir as metas preestabelecidas e incentivar h\u00e1bitos alimentares mais saud\u00e1veis\u201d, destacou a ag\u00eancia.<\/p>\n<p>O monitoramento se pautou na determina\u00e7\u00e3o do teor de s\u00f3dio de amostras de produtos industrializados coletados em estabelecimentos comerciais e agrupadas conforme categorias pactuadas em acordos estabelecidos entre o Minist\u00e9rio da Sa\u00fade e o setor regulado.<\/p>\n<p>A coleta e an\u00e1lise das amostras ocorreram de janeiro de 2020 a dezembro de 2021. Nesse processo, um fiscal da vigil\u00e2ncia sanit\u00e1ria estadual foi respons\u00e1vel pela coleta em locais estrat\u00e9gicos, como mercados e estabelecimentos de venda de alimentos industrializados, seguindo um plano amostral nacional.<\/p>\n<p>As amostras foram enviadas aos laborat\u00f3rios centrais de Sa\u00fade P\u00fablica (Lacen) e ao Instituto Nacional de Controle de Qualidade em Sa\u00fade (INCQS), onde foram realizadas an\u00e1lises de s\u00f3dio conforme metodologias oficiais, al\u00e9m da verifica\u00e7\u00e3o da rotulagem.<\/p>\n<p><strong>A\u00e7\u00facar<\/strong><br \/>\nA Anvisa divulgou ainda uma an\u00e1lise detalhada do monitoramento do teor de a\u00e7\u00facares em alimentos industrializados no ano de 2021. Entre as 11 categorias avaliadas, constatou-se que 81,8% exibiram um teor m\u00e9dio de a\u00e7\u00facares dentro dos limites definidos. As duas categorias que n\u00e3o atingiram as metas estabelecidas foram biscoitos doces sem recheio e biscoitos tipo wafers.<\/p>\n<p>De acordo com o relat\u00f3rio, categorias como refrigerantes, n\u00e9ctares e refrescos est\u00e3o em conformidade com os padr\u00f5es estabelecidos, sugerindo uma tend\u00eancia positiva no setor. Al\u00e9m disso, as categorias biscoitos maria e maisena e biscoitos recheados apresentaram 100% de conformidade com os limites estabelecidos para o teor de a\u00e7\u00facares, destacando \u201cuma ader\u00eancia satisfat\u00f3ria por parte dos fabricantes\u201d.<\/p>\n<p>\u201cNo entanto, \u00e9 crucial destacar que o segmento de biscoitos da ind\u00fastria aliment\u00edcia ainda carece de melhorias significativas, uma vez que biscoitos sem recheio e do tipo wafer excederam os limites estabelecidos para teor de a\u00e7\u00facares, indicando um menor n\u00edvel de ades\u00e3o \u00e0s diretrizes regulat\u00f3rias em compara\u00e7\u00e3o com outras categorias analisadas.\u201d<\/p>\n<p>\u201c\u00c9 fundamental refor\u00e7ar a import\u00e2ncia de pol\u00edticas p\u00fablicas eficazes voltadas para a redu\u00e7\u00e3o do consumo de a\u00e7\u00facares e a promo\u00e7\u00e3o de uma alimenta\u00e7\u00e3o saud\u00e1vel. A implementa\u00e7\u00e3o de estrat\u00e9gias educativas e de conscientiza\u00e7\u00e3o, aliada \u00e0 regulamenta\u00e7\u00e3o e fiscaliza\u00e7\u00e3o, desempenha um papel crucial na prote\u00e7\u00e3o da sa\u00fade da popula\u00e7\u00e3o e na preven\u00e7\u00e3o de doen\u00e7as cr\u00f4nicas n\u00e3o transmiss\u00edveis\u201d, concluiu a Anvisa.<\/p>\n<p>O monitoramento baseou-se na quantifica\u00e7\u00e3o dos n\u00edveis de a\u00e7\u00facares presentes em amostras de alimentos coletados em estabelecimentos comerciais e categorizados conforme acordo volunt\u00e1rio estabelecido entre o Minist\u00e9rio da Sa\u00fade e o setor regulado. Os resultados das an\u00e1lises foram documentados no Sistema de Gerenciamento de Amostras Laboratoriais.<\/p>\n<p>A condu\u00e7\u00e3o desse processo foi realizada de forma colaborativa pela Anvisa e vigil\u00e2ncias sanit\u00e1rias estaduais, municipais e do Distrito Federal. No per\u00edodo compreendido entre janeiro e dezembro de 2021, foram conduzidas atividades de coleta e an\u00e1lise de amostras alimentares em conformidade com um plano amostral nacional preestabelecido. As amostras obtidas foram posteriormente encaminhadas aos laborat\u00f3rios oficiais de sa\u00fade p\u00fablica.<\/p>\n","protected":false},"excerpt":{"rendered":"<p>Relat\u00f3rio divulgado pela Ag\u00eancia Nacional de Vigil\u00e2ncia Sanit\u00e1ria (Anvisa) aponta que 28% dos produtos industrializados monitorados por autoridades brasileiras em 2020 e 2021 n\u00e3o atingiram as metas estabelecidas para redu\u00e7\u00e3o de s\u00f3dio. De acordo com a Anvisa, as categorias classificadas como cr\u00edticas s\u00e3o biscoito salgado, bolos prontos sem recheio, hamb\u00fargueres, misturas para bolo aerado, mortadela [&hellip;]<\/p>\n","protected":false},"author":2,"featured_media":324624,"comment_status":"closed","ping_status":"closed","sticky":false,"template":"","format":"standard","meta":{"_acf_changed":false,"footnotes":""},"categories":[161],"tags":[],"class_list":["post-324623","post","type-post","status-publish","format-standard","has-post-thumbnail","hentry","category-quadradinho-em-foco"],"acf":[],"yoast_head":"<!-- This site is optimized with the Yoast SEO plugin v27.2 - https:\/\/yoast.com\/product\/yoast-seo-wordpress\/ -->\n<title>Tenha cuidado com o que come... muito s\u00f3dio faz mal - Notibras<\/title>\n<meta name=\"robots\" content=\"index, follow, max-snippet:-1, max-image-preview:large, max-video-preview:-1\" \/>\n<link rel=\"canonical\" href=\"https:\/\/www.notibras.com\/site\/tenha-cuidado-com-o-que-come-muito-sodio-faz-mal\/\" \/>\n<meta property=\"og:locale\" content=\"pt_BR\" \/>\n<meta property=\"og:type\" content=\"article\" \/>\n<meta property=\"og:title\" content=\"Tenha cuidado com o que come... muito s\u00f3dio faz mal - Notibras\" \/>\n<meta property=\"og:description\" content=\"Relat\u00f3rio divulgado pela Ag\u00eancia Nacional de Vigil\u00e2ncia Sanit\u00e1ria (Anvisa) aponta que 28% dos produtos industrializados monitorados por autoridades brasileiras em 2020 e 2021 n\u00e3o atingiram as metas estabelecidas para redu\u00e7\u00e3o de s\u00f3dio. De acordo com a Anvisa, as categorias classificadas como cr\u00edticas s\u00e3o biscoito salgado, bolos prontos sem recheio, hamb\u00fargueres, misturas para bolo aerado, mortadela [&hellip;]\" \/>\n<meta property=\"og:url\" content=\"https:\/\/www.notibras.com\/site\/tenha-cuidado-com-o-que-come-muito-sodio-faz-mal\/\" \/>\n<meta property=\"og:site_name\" content=\"Notibras\" \/>\n<meta property=\"article:publisher\" content=\"https:\/\/www.facebook.com\/notibras\/\" \/>\n<meta property=\"article:published_time\" content=\"2024-03-15T03:00:57+00:00\" \/>\n<meta property=\"article:modified_time\" content=\"2024-03-15T08:52:21+00:00\" \/>\n<meta property=\"og:image\" content=\"https:\/\/www.notibras.com\/site\/wp-content\/uploads\/2024\/03\/comida.sodio_.webp\" \/>\n\t<meta property=\"og:image:width\" content=\"1170\" \/>\n\t<meta property=\"og:image:height\" content=\"700\" \/>\n\t<meta property=\"og:image:type\" content=\"image\/webp\" \/>\n<meta name=\"author\" content=\"Reda\u00e7\u00e3o\" \/>\n<meta name=\"twitter:card\" content=\"summary_large_image\" \/>\n<meta name=\"twitter:creator\" content=\"@Notibras\" \/>\n<meta name=\"twitter:site\" content=\"@Notibras\" \/>\n<meta name=\"twitter:label1\" content=\"Escrito por\" \/>\n\t<meta name=\"twitter:data1\" content=\"Reda\u00e7\u00e3o\" \/>\n\t<meta name=\"twitter:label2\" content=\"Est. tempo de leitura\" \/>\n\t<meta name=\"twitter:data2\" content=\"5 minutos\" \/>\n<script type=\"application\/ld+json\" class=\"yoast-schema-graph\">{\"@context\":\"https:\/\/schema.org\",\"@graph\":[{\"@type\":\"Article\",\"@id\":\"https:\/\/www.notibras.com\/site\/tenha-cuidado-com-o-que-come-muito-sodio-faz-mal\/#article\",\"isPartOf\":{\"@id\":\"https:\/\/www.notibras.com\/site\/tenha-cuidado-com-o-que-come-muito-sodio-faz-mal\/\"},\"author\":{\"name\":\"Reda\u00e7\u00e3o\",\"@id\":\"https:\/\/www.notibras.com\/site\/#\/schema\/person\/36ab0979449956132d3e5b517ea76ac8\"},\"headline\":\"Tenha cuidado com o que come&#8230; muito s\u00f3dio faz mal\",\"datePublished\":\"2024-03-15T03:00:57+00:00\",\"dateModified\":\"2024-03-15T08:52:21+00:00\",\"mainEntityOfPage\":{\"@id\":\"https:\/\/www.notibras.com\/site\/tenha-cuidado-com-o-que-come-muito-sodio-faz-mal\/\"},\"wordCount\":828,\"publisher\":{\"@id\":\"https:\/\/www.notibras.com\/site\/#organization\"},\"image\":{\"@id\":\"https:\/\/www.notibras.com\/site\/tenha-cuidado-com-o-que-come-muito-sodio-faz-mal\/#primaryimage\"},\"thumbnailUrl\":\"https:\/\/www.notibras.com\/site\/wp-content\/uploads\/2024\/03\/comida.sodio_.webp\",\"articleSection\":[\"Quadradinho em Foco\"],\"inLanguage\":\"pt-BR\"},{\"@type\":\"WebPage\",\"@id\":\"https:\/\/www.notibras.com\/site\/tenha-cuidado-com-o-que-come-muito-sodio-faz-mal\/\",\"url\":\"https:\/\/www.notibras.com\/site\/tenha-cuidado-com-o-que-come-muito-sodio-faz-mal\/\",\"name\":\"Tenha cuidado com o que come... muito s\u00f3dio faz mal - Notibras\",\"isPartOf\":{\"@id\":\"https:\/\/www.notibras.com\/site\/#website\"},\"primaryImageOfPage\":{\"@id\":\"https:\/\/www.notibras.com\/site\/tenha-cuidado-com-o-que-come-muito-sodio-faz-mal\/#primaryimage\"},\"image\":{\"@id\":\"https:\/\/www.notibras.com\/site\/tenha-cuidado-com-o-que-come-muito-sodio-faz-mal\/#primaryimage\"},\"thumbnailUrl\":\"https:\/\/www.notibras.com\/site\/wp-content\/uploads\/2024\/03\/comida.sodio_.webp\",\"datePublished\":\"2024-03-15T03:00:57+00:00\",\"dateModified\":\"2024-03-15T08:52:21+00:00\",\"breadcrumb\":{\"@id\":\"https:\/\/www.notibras.com\/site\/tenha-cuidado-com-o-que-come-muito-sodio-faz-mal\/#breadcrumb\"},\"inLanguage\":\"pt-BR\",\"potentialAction\":[{\"@type\":\"ReadAction\",\"target\":[\"https:\/\/www.notibras.com\/site\/tenha-cuidado-com-o-que-come-muito-sodio-faz-mal\/\"]}]},{\"@type\":\"ImageObject\",\"inLanguage\":\"pt-BR\",\"@id\":\"https:\/\/www.notibras.com\/site\/tenha-cuidado-com-o-que-come-muito-sodio-faz-mal\/#primaryimage\",\"url\":\"https:\/\/www.notibras.com\/site\/wp-content\/uploads\/2024\/03\/comida.sodio_.webp\",\"contentUrl\":\"https:\/\/www.notibras.com\/site\/wp-content\/uploads\/2024\/03\/comida.sodio_.webp\",\"width\":1170,\"height\":700},{\"@type\":\"BreadcrumbList\",\"@id\":\"https:\/\/www.notibras.com\/site\/tenha-cuidado-com-o-que-come-muito-sodio-faz-mal\/#breadcrumb\",\"itemListElement\":[{\"@type\":\"ListItem\",\"position\":1,\"name\":\"In\u00edcio\",\"item\":\"https:\/\/www.notibras.com\/site\/\"},{\"@type\":\"ListItem\",\"position\":2,\"name\":\"Tenha cuidado com o que come&#8230; muito s\u00f3dio faz mal\"}]},{\"@type\":\"WebSite\",\"@id\":\"https:\/\/www.notibras.com\/site\/#website\",\"url\":\"https:\/\/www.notibras.com\/site\/\",\"name\":\"Notibras\",\"description\":\"Not\u00edcias de Bras\u00edlia, do Brasil e do Mundo\",\"publisher\":{\"@id\":\"https:\/\/www.notibras.com\/site\/#organization\"},\"potentialAction\":[{\"@type\":\"SearchAction\",\"target\":{\"@type\":\"EntryPoint\",\"urlTemplate\":\"https:\/\/www.notibras.com\/site\/?s={search_term_string}\"},\"query-input\":{\"@type\":\"PropertyValueSpecification\",\"valueRequired\":true,\"valueName\":\"search_term_string\"}}],\"inLanguage\":\"pt-BR\"},{\"@type\":\"Organization\",\"@id\":\"https:\/\/www.notibras.com\/site\/#organization\",\"name\":\"Grupo Notibras de Comunica\u00e7\u00e3o\",\"url\":\"https:\/\/www.notibras.com\/site\/\",\"logo\":{\"@type\":\"ImageObject\",\"inLanguage\":\"pt-BR\",\"@id\":\"https:\/\/www.notibras.com\/site\/#\/schema\/logo\/image\/\",\"url\":\"https:\/\/www.notibras.com\/site\/wp-content\/uploads\/2023\/01\/notibras23.png\",\"contentUrl\":\"https:\/\/www.notibras.com\/site\/wp-content\/uploads\/2023\/01\/notibras23.png\",\"width\":350,\"height\":87,\"caption\":\"Grupo Notibras de Comunica\u00e7\u00e3o\"},\"image\":{\"@id\":\"https:\/\/www.notibras.com\/site\/#\/schema\/logo\/image\/\"},\"sameAs\":[\"https:\/\/www.facebook.com\/notibras\/\",\"https:\/\/x.com\/Notibras\",\"https:\/\/www.instagram.com\/notibras\/\"]},{\"@type\":\"Person\",\"@id\":\"https:\/\/www.notibras.com\/site\/#\/schema\/person\/36ab0979449956132d3e5b517ea76ac8\",\"name\":\"Reda\u00e7\u00e3o\",\"image\":{\"@type\":\"ImageObject\",\"inLanguage\":\"pt-BR\",\"@id\":\"https:\/\/secure.gravatar.com\/avatar\/e0a867bdedb85fd243eadf09663511f96fc81e0720a4a42581f334ad4303aa6b?s=96&d=mm&r=g\",\"url\":\"https:\/\/secure.gravatar.com\/avatar\/e0a867bdedb85fd243eadf09663511f96fc81e0720a4a42581f334ad4303aa6b?s=96&d=mm&r=g\",\"contentUrl\":\"https:\/\/secure.gravatar.com\/avatar\/e0a867bdedb85fd243eadf09663511f96fc81e0720a4a42581f334ad4303aa6b?s=96&d=mm&r=g\",\"caption\":\"Reda\u00e7\u00e3o\"}}]}<\/script>\n<!-- \/ Yoast SEO plugin. -->","yoast_head_json":{"title":"Tenha cuidado com o que come... muito s\u00f3dio faz mal - Notibras","robots":{"index":"index","follow":"follow","max-snippet":"max-snippet:-1","max-image-preview":"max-image-preview:large","max-video-preview":"max-video-preview:-1"},"canonical":"https:\/\/www.notibras.com\/site\/tenha-cuidado-com-o-que-come-muito-sodio-faz-mal\/","og_locale":"pt_BR","og_type":"article","og_title":"Tenha cuidado com o que come... muito s\u00f3dio faz mal - Notibras","og_description":"Relat\u00f3rio divulgado pela Ag\u00eancia Nacional de Vigil\u00e2ncia Sanit\u00e1ria (Anvisa) aponta que 28% dos produtos industrializados monitorados por autoridades brasileiras em 2020 e 2021 n\u00e3o atingiram as metas estabelecidas para redu\u00e7\u00e3o de s\u00f3dio. De acordo com a Anvisa, as categorias classificadas como cr\u00edticas s\u00e3o biscoito salgado, bolos prontos sem recheio, hamb\u00fargueres, misturas para bolo aerado, mortadela [&hellip;]","og_url":"https:\/\/www.notibras.com\/site\/tenha-cuidado-com-o-que-come-muito-sodio-faz-mal\/","og_site_name":"Notibras","article_publisher":"https:\/\/www.facebook.com\/notibras\/","article_published_time":"2024-03-15T03:00:57+00:00","article_modified_time":"2024-03-15T08:52:21+00:00","og_image":[{"width":1170,"height":700,"url":"https:\/\/www.notibras.com\/site\/wp-content\/uploads\/2024\/03\/comida.sodio_.webp","type":"image\/webp"}],"author":"Reda\u00e7\u00e3o","twitter_card":"summary_large_image","twitter_creator":"@Notibras","twitter_site":"@Notibras","twitter_misc":{"Escrito por":"Reda\u00e7\u00e3o","Est. tempo de leitura":"5 minutos"},"schema":{"@context":"https:\/\/schema.org","@graph":[{"@type":"Article","@id":"https:\/\/www.notibras.com\/site\/tenha-cuidado-com-o-que-come-muito-sodio-faz-mal\/#article","isPartOf":{"@id":"https:\/\/www.notibras.com\/site\/tenha-cuidado-com-o-que-come-muito-sodio-faz-mal\/"},"author":{"name":"Reda\u00e7\u00e3o","@id":"https:\/\/www.notibras.com\/site\/#\/schema\/person\/36ab0979449956132d3e5b517ea76ac8"},"headline":"Tenha cuidado com o que come&#8230; muito s\u00f3dio faz mal","datePublished":"2024-03-15T03:00:57+00:00","dateModified":"2024-03-15T08:52:21+00:00","mainEntityOfPage":{"@id":"https:\/\/www.notibras.com\/site\/tenha-cuidado-com-o-que-come-muito-sodio-faz-mal\/"},"wordCount":828,"publisher":{"@id":"https:\/\/www.notibras.com\/site\/#organization"},"image":{"@id":"https:\/\/www.notibras.com\/site\/tenha-cuidado-com-o-que-come-muito-sodio-faz-mal\/#primaryimage"},"thumbnailUrl":"https:\/\/www.notibras.com\/site\/wp-content\/uploads\/2024\/03\/comida.sodio_.webp","articleSection":["Quadradinho em Foco"],"inLanguage":"pt-BR"},{"@type":"WebPage","@id":"https:\/\/www.notibras.com\/site\/tenha-cuidado-com-o-que-come-muito-sodio-faz-mal\/","url":"https:\/\/www.notibras.com\/site\/tenha-cuidado-com-o-que-come-muito-sodio-faz-mal\/","name":"Tenha cuidado com o que come... muito s\u00f3dio faz mal - Notibras","isPartOf":{"@id":"https:\/\/www.notibras.com\/site\/#website"},"primaryImageOfPage":{"@id":"https:\/\/www.notibras.com\/site\/tenha-cuidado-com-o-que-come-muito-sodio-faz-mal\/#primaryimage"},"image":{"@id":"https:\/\/www.notibras.com\/site\/tenha-cuidado-com-o-que-come-muito-sodio-faz-mal\/#primaryimage"},"thumbnailUrl":"https:\/\/www.notibras.com\/site\/wp-content\/uploads\/2024\/03\/comida.sodio_.webp","datePublished":"2024-03-15T03:00:57+00:00","dateModified":"2024-03-15T08:52:21+00:00","breadcrumb":{"@id":"https:\/\/www.notibras.com\/site\/tenha-cuidado-com-o-que-come-muito-sodio-faz-mal\/#breadcrumb"},"inLanguage":"pt-BR","potentialAction":[{"@type":"ReadAction","target":["https:\/\/www.notibras.com\/site\/tenha-cuidado-com-o-que-come-muito-sodio-faz-mal\/"]}]},{"@type":"ImageObject","inLanguage":"pt-BR","@id":"https:\/\/www.notibras.com\/site\/tenha-cuidado-com-o-que-come-muito-sodio-faz-mal\/#primaryimage","url":"https:\/\/www.notibras.com\/site\/wp-content\/uploads\/2024\/03\/comida.sodio_.webp","contentUrl":"https:\/\/www.notibras.com\/site\/wp-content\/uploads\/2024\/03\/comida.sodio_.webp","width":1170,"height":700},{"@type":"BreadcrumbList","@id":"https:\/\/www.notibras.com\/site\/tenha-cuidado-com-o-que-come-muito-sodio-faz-mal\/#breadcrumb","itemListElement":[{"@type":"ListItem","position":1,"name":"In\u00edcio","item":"https:\/\/www.notibras.com\/site\/"},{"@type":"ListItem","position":2,"name":"Tenha cuidado com o que come&#8230; muito s\u00f3dio faz mal"}]},{"@type":"WebSite","@id":"https:\/\/www.notibras.com\/site\/#website","url":"https:\/\/www.notibras.com\/site\/","name":"Notibras","description":"Not\u00edcias de Bras\u00edlia, do Brasil e do Mundo","publisher":{"@id":"https:\/\/www.notibras.com\/site\/#organization"},"potentialAction":[{"@type":"SearchAction","target":{"@type":"EntryPoint","urlTemplate":"https:\/\/www.notibras.com\/site\/?s={search_term_string}"},"query-input":{"@type":"PropertyValueSpecification","valueRequired":true,"valueName":"search_term_string"}}],"inLanguage":"pt-BR"},{"@type":"Organization","@id":"https:\/\/www.notibras.com\/site\/#organization","name":"Grupo Notibras de Comunica\u00e7\u00e3o","url":"https:\/\/www.notibras.com\/site\/","logo":{"@type":"ImageObject","inLanguage":"pt-BR","@id":"https:\/\/www.notibras.com\/site\/#\/schema\/logo\/image\/","url":"https:\/\/www.notibras.com\/site\/wp-content\/uploads\/2023\/01\/notibras23.png","contentUrl":"https:\/\/www.notibras.com\/site\/wp-content\/uploads\/2023\/01\/notibras23.png","width":350,"height":87,"caption":"Grupo Notibras de Comunica\u00e7\u00e3o"},"image":{"@id":"https:\/\/www.notibras.com\/site\/#\/schema\/logo\/image\/"},"sameAs":["https:\/\/www.facebook.com\/notibras\/","https:\/\/x.com\/Notibras","https:\/\/www.instagram.com\/notibras\/"]},{"@type":"Person","@id":"https:\/\/www.notibras.com\/site\/#\/schema\/person\/36ab0979449956132d3e5b517ea76ac8","name":"Reda\u00e7\u00e3o","image":{"@type":"ImageObject","inLanguage":"pt-BR","@id":"https:\/\/secure.gravatar.com\/avatar\/e0a867bdedb85fd243eadf09663511f96fc81e0720a4a42581f334ad4303aa6b?s=96&d=mm&r=g","url":"https:\/\/secure.gravatar.com\/avatar\/e0a867bdedb85fd243eadf09663511f96fc81e0720a4a42581f334ad4303aa6b?s=96&d=mm&r=g","contentUrl":"https:\/\/secure.gravatar.com\/avatar\/e0a867bdedb85fd243eadf09663511f96fc81e0720a4a42581f334ad4303aa6b?s=96&d=mm&r=g","caption":"Reda\u00e7\u00e3o"}}]}},"amp_enabled":true,"_links":{"self":[{"href":"https:\/\/www.notibras.com\/site\/wp-json\/wp\/v2\/posts\/324623","targetHints":{"allow":["GET"]}}],"collection":[{"href":"https:\/\/www.notibras.com\/site\/wp-json\/wp\/v2\/posts"}],"about":[{"href":"https:\/\/www.notibras.com\/site\/wp-json\/wp\/v2\/types\/post"}],"author":[{"embeddable":true,"href":"https:\/\/www.notibras.com\/site\/wp-json\/wp\/v2\/users\/2"}],"replies":[{"embeddable":true,"href":"https:\/\/www.notibras.com\/site\/wp-json\/wp\/v2\/comments?post=324623"}],"version-history":[{"count":1,"href":"https:\/\/www.notibras.com\/site\/wp-json\/wp\/v2\/posts\/324623\/revisions"}],"predecessor-version":[{"id":324625,"href":"https:\/\/www.notibras.com\/site\/wp-json\/wp\/v2\/posts\/324623\/revisions\/324625"}],"wp:featuredmedia":[{"embeddable":true,"href":"https:\/\/www.notibras.com\/site\/wp-json\/wp\/v2\/media\/324624"}],"wp:attachment":[{"href":"https:\/\/www.notibras.com\/site\/wp-json\/wp\/v2\/media?parent=324623"}],"wp:term":[{"taxonomy":"category","embeddable":true,"href":"https:\/\/www.notibras.com\/site\/wp-json\/wp\/v2\/categories?post=324623"},{"taxonomy":"post_tag","embeddable":true,"href":"https:\/\/www.notibras.com\/site\/wp-json\/wp\/v2\/tags?post=324623"}],"curies":[{"name":"wp","href":"https:\/\/api.w.org\/{rel}","templated":true}]}}