{"id":324626,"date":"2024-03-15T00:00:16","date_gmt":"2024-03-15T03:00:16","guid":{"rendered":"https:\/\/www.notibras.com\/site\/?p=324626"},"modified":"2024-03-15T06:07:36","modified_gmt":"2024-03-15T09:07:36","slug":"buriti-tenta-reduzir-e-acolher-populacao-em-situacao-de-rua","status":"publish","type":"post","link":"https:\/\/www.notibras.com\/site\/buriti-tenta-reduzir-e-acolher-populacao-em-situacao-de-rua\/","title":{"rendered":"Buriti tenta reduzir e acolher popula\u00e7\u00e3o em situa\u00e7\u00e3o de rua"},"content":{"rendered":"<p>O Governo do Distrito Federal tem intensificado as a\u00e7\u00f5es voltadas \u00e0 redu\u00e7\u00e3o da popula\u00e7\u00e3o de rua e ao acolhimento desse p\u00fablico. Nesta quinta-feira (14), foram divulgadas iniciativas em andamento e outras em fase de projeto, como a constru\u00e7\u00e3o de um espa\u00e7o para pernoite e de um novo hospital veterin\u00e1rio.<\/p>\n<p>Um plano de a\u00e7\u00f5es est\u00e1 em fase final de elabora\u00e7\u00e3o e o GDF aguarda apenas as sugest\u00f5es do Minist\u00e9rio P\u00fablico do Distrito Federal e dos Territ\u00f3rios (MPDFT) para ser divulgado at\u00e9 o fim deste m\u00eas. O projeto \u00e9 alinhado com o do governo federal e foi analisado pelo ministro do Supremo Tribunal Federal (STF), Alexandre de Moraes.<\/p>\n<p>Embora o GDF venha empreendendo diversas a\u00e7\u00f5es para a popula\u00e7\u00e3o em situa\u00e7\u00e3o de rua, intensificadas desde a pandemia de covid-19, fez-se necess\u00e1rio a constru\u00e7\u00e3o de um plano com a\u00e7\u00f5es exequ\u00edveis e respaldadas por lei. O STF proibiu a remo\u00e7\u00e3o for\u00e7ada de pessoas em situa\u00e7\u00e3o de rua e determinou aos estados, ao Distrito Federal e a munic\u00edpios a ado\u00e7\u00e3o de medidas para implementa\u00e7\u00e3o da Pol\u00edtica Nacional para a Popula\u00e7\u00e3o em Situa\u00e7\u00e3o de Rua, institu\u00edda pelo governo federal, a partir da Argui\u00e7\u00e3o de Descumprimento de Preceito Fundamental (ADPF) n\u00ba 976\/2022.<\/p>\n<p>\u201cElaboramos um plano espec\u00edfico para o DF, fomos pioneiros na elabora\u00e7\u00e3o desse plano e passamos a procurar os atores para execu\u00e7\u00e3o dele. O MPDFT fez sugest\u00f5es, que foram acatadas, e a ideia foi que a gente levasse a todos os atores que costumam participar dessas a\u00e7\u00f5es, como a Defensoria P\u00fablica e o STF. Estamos buscando algo que seja exequ\u00edvel, aceito por todos os atores envolvidos e que permitisse uma a\u00e7\u00e3o harm\u00f4nica dentro do poss\u00edvel no referente \u00e0 popula\u00e7\u00e3o em situa\u00e7\u00e3o de rua\u201d, detalhou o secret\u00e1rio-chefe da Casa Civil, Gustavo Rocha.<\/p>\n<p>Nesta sexta-feira (15) o GDF far\u00e1 uma a\u00e7\u00e3o de zeladoria urbana junto a 24 pessoas que est\u00e3o instaladas em 19 barracas pr\u00f3ximo ao Centro Pop Bras\u00edlia (903 Sul). Elas ser\u00e3o encaminhadas para atendimento da Secretaria de Desenvolvimento Social (Sedes), e a Secretaria de Prote\u00e7\u00e3o da Ordem Urban\u00edstica (DF Legal) far\u00e1 o transporte dos pertences ao local regular indicado pelo ocupante ou, em \u00faltimo caso, levar\u00e1 os objetos pessoais ao dep\u00f3sito da pasta para retirada em at\u00e9 60 dias, sem qualquer cobran\u00e7a.<\/p>\n<p>Segundo levantamento do Instituto de Pesquisa e Estat\u00edstica do Distrito Federal (IPEDF), a capital conta com 2.938 pessoas em situa\u00e7\u00e3o de rua. \u00c9 focado neste p\u00fablico que o governo vai adotar uma s\u00e9rie de medidas a curto, m\u00e9dio e longo prazos, em diferentes eixos. Um trabalho complexo e que exige a participa\u00e7\u00e3o de diferentes setores do governo e respaldo do Minist\u00e9rio P\u00fablico e outros entes.<\/p>\n<p>Para se ter uma ideia da complexidade do tema, a DF Legal registrou 74 pontos de ocupa\u00e7\u00f5es espalhados pela capital, seja de espa\u00e7os para mendic\u00e2ncia, acampamentos sazonais ou concentra\u00e7\u00e3o de catadores de materiais recicl\u00e1veis. Pouco a pouco, o governo vai atuar junto \u00e0s pessoas que est\u00e3o em cada um desses locais, e em todas as a\u00e7\u00f5es haver\u00e1 comunica\u00e7\u00e3o pr\u00e9via.<\/p>\n<p>\u201cA DF Legal, agora por meio de protocolo de a\u00e7\u00f5es integradas com \u00f3rg\u00e3os de seguran\u00e7a e de controle, vai deflagrar a\u00e7\u00f5es de zeladoria em pontos desses tr\u00eas modelos citados, ou seja, nos acampamentos sazonais de mendic\u00e2ncia, pessoas que moram nesses locais e tamb\u00e9m juntos aos catadores de recicl\u00e1veis\u201d, detalhou o titular da DF Legal, Cristiano Mangueira.<\/p>\n<p><strong>Espa\u00e7o para pernoite<\/strong><br \/>\nUm dos projetos do plano \u00e9 a abertura de duas mil vagas para pernoite da popula\u00e7\u00e3o em situa\u00e7\u00e3o de rua. O edital desse processo \u00e9 elaborado pela Sedes e aguarda aval da Procuradoria-Geral do DF (PGDF) para ser lan\u00e7ado. A inten\u00e7\u00e3o da pasta \u00e9 criar um espa\u00e7o de acolhimento com refei\u00e7\u00f5es. A modelagem est\u00e1 em fase final para que uma organiza\u00e7\u00e3o da sociedade civil (OSC) possa cuidar deste espa\u00e7o.<\/p>\n<p>\u201cN\u00f3s temos casas de passagem, e uma experi\u00eancia positiva que tivemos durante a pandemia de covid-19 foram os espa\u00e7os de pernoite, um no Plano Piloto e outro em Ceil\u00e2ndia, onde tivemos uma boa recep\u00e7\u00e3o. O pernoite \u00e9 algo mais livre para as pessoas n\u00e3o dormirem na rua e terem dignidade\u201d, detalha a secret\u00e1ria de Desenvolvimento Social, Ana Paula Marra.<\/p>\n<p><strong>Hospital veterin\u00e1rio<\/strong><br \/>\nO governo tamb\u00e9m tem planos para acolher os animais de estima\u00e7\u00e3o das pessoas em situa\u00e7\u00e3o de rua em um hospital veterin\u00e1rio. Segundo Gustavo Rocha, o espa\u00e7o \u00e9 essencial para acolher de forma integral as pessoas que est\u00e3o nas ruas. \u201cReconhecemos que essas pessoas, muitas vezes, t\u00eam nos animais as \u00fanicas companhias. Estamos planejando um hospital veterin\u00e1rio, e o governador Ibaneis Rocha autorizou a constru\u00e7\u00e3o desse hospital para que n\u00f3s possamos possa acolher os animais e tenhamos tamb\u00e9m o abrigo para acolher essas pessoas. \u00c9 um desafio muito grande\u201d, afirmou Gustavo Rocha.<\/p>\n","protected":false},"excerpt":{"rendered":"<p>O Governo do Distrito Federal tem intensificado as a\u00e7\u00f5es voltadas \u00e0 redu\u00e7\u00e3o da popula\u00e7\u00e3o de rua e ao acolhimento desse p\u00fablico. Nesta quinta-feira (14), foram divulgadas iniciativas em andamento e outras em fase de projeto, como a constru\u00e7\u00e3o de um espa\u00e7o para pernoite e de um novo hospital veterin\u00e1rio. Um plano de a\u00e7\u00f5es est\u00e1 em [&hellip;]<\/p>\n","protected":false},"author":2,"featured_media":324627,"comment_status":"closed","ping_status":"closed","sticky":false,"template":"","format":"standard","meta":{"_acf_changed":false,"footnotes":""},"categories":[161],"tags":[],"class_list":["post-324626","post","type-post","status-publish","format-standard","has-post-thumbnail","hentry","category-quadradinho-em-foco"],"acf":[],"yoast_head":"<!-- This site is optimized with the Yoast SEO plugin v27.2 - https:\/\/yoast.com\/product\/yoast-seo-wordpress\/ -->\n<title>Buriti tenta reduzir e acolher popula\u00e7\u00e3o em situa\u00e7\u00e3o de rua - Notibras<\/title>\n<meta name=\"robots\" content=\"index, follow, max-snippet:-1, max-image-preview:large, max-video-preview:-1\" \/>\n<link rel=\"canonical\" href=\"https:\/\/www.notibras.com\/site\/buriti-tenta-reduzir-e-acolher-populacao-em-situacao-de-rua\/\" \/>\n<meta property=\"og:locale\" content=\"pt_BR\" \/>\n<meta property=\"og:type\" content=\"article\" \/>\n<meta property=\"og:title\" content=\"Buriti tenta reduzir e acolher popula\u00e7\u00e3o em situa\u00e7\u00e3o de rua - Notibras\" \/>\n<meta property=\"og:description\" content=\"O Governo do Distrito Federal tem intensificado as a\u00e7\u00f5es voltadas \u00e0 redu\u00e7\u00e3o da popula\u00e7\u00e3o de rua e ao acolhimento desse p\u00fablico. Nesta quinta-feira (14), foram divulgadas iniciativas em andamento e outras em fase de projeto, como a constru\u00e7\u00e3o de um espa\u00e7o para pernoite e de um novo hospital veterin\u00e1rio. Um plano de a\u00e7\u00f5es est\u00e1 em [&hellip;]\" \/>\n<meta property=\"og:url\" content=\"https:\/\/www.notibras.com\/site\/buriti-tenta-reduzir-e-acolher-populacao-em-situacao-de-rua\/\" \/>\n<meta property=\"og:site_name\" content=\"Notibras\" \/>\n<meta property=\"article:publisher\" content=\"https:\/\/www.facebook.com\/notibras\/\" \/>\n<meta property=\"article:published_time\" content=\"2024-03-15T03:00:16+00:00\" \/>\n<meta property=\"article:modified_time\" content=\"2024-03-15T09:07:36+00:00\" \/>\n<meta property=\"og:image\" content=\"https:\/\/www.notibras.com\/site\/wp-content\/uploads\/2024\/03\/53587759730_b19ac65b6a_c.jpg\" \/>\n\t<meta property=\"og:image:width\" content=\"799\" \/>\n\t<meta property=\"og:image:height\" content=\"533\" \/>\n\t<meta property=\"og:image:type\" content=\"image\/jpeg\" \/>\n<meta name=\"author\" content=\"Reda\u00e7\u00e3o\" \/>\n<meta name=\"twitter:card\" content=\"summary_large_image\" \/>\n<meta name=\"twitter:creator\" content=\"@Notibras\" \/>\n<meta name=\"twitter:site\" content=\"@Notibras\" \/>\n<meta name=\"twitter:label1\" content=\"Escrito por\" \/>\n\t<meta name=\"twitter:data1\" content=\"Reda\u00e7\u00e3o\" \/>\n\t<meta name=\"twitter:label2\" content=\"Est. tempo de leitura\" \/>\n\t<meta name=\"twitter:data2\" content=\"5 minutos\" \/>\n<script type=\"application\/ld+json\" class=\"yoast-schema-graph\">{\"@context\":\"https:\/\/schema.org\",\"@graph\":[{\"@type\":\"Article\",\"@id\":\"https:\/\/www.notibras.com\/site\/buriti-tenta-reduzir-e-acolher-populacao-em-situacao-de-rua\/#article\",\"isPartOf\":{\"@id\":\"https:\/\/www.notibras.com\/site\/buriti-tenta-reduzir-e-acolher-populacao-em-situacao-de-rua\/\"},\"author\":{\"name\":\"Reda\u00e7\u00e3o\",\"@id\":\"https:\/\/www.notibras.com\/site\/#\/schema\/person\/36ab0979449956132d3e5b517ea76ac8\"},\"headline\":\"Buriti tenta reduzir e acolher popula\u00e7\u00e3o em situa\u00e7\u00e3o de rua\",\"datePublished\":\"2024-03-15T03:00:16+00:00\",\"dateModified\":\"2024-03-15T09:07:36+00:00\",\"mainEntityOfPage\":{\"@id\":\"https:\/\/www.notibras.com\/site\/buriti-tenta-reduzir-e-acolher-populacao-em-situacao-de-rua\/\"},\"wordCount\":869,\"publisher\":{\"@id\":\"https:\/\/www.notibras.com\/site\/#organization\"},\"image\":{\"@id\":\"https:\/\/www.notibras.com\/site\/buriti-tenta-reduzir-e-acolher-populacao-em-situacao-de-rua\/#primaryimage\"},\"thumbnailUrl\":\"https:\/\/www.notibras.com\/site\/wp-content\/uploads\/2024\/03\/53587759730_b19ac65b6a_c.jpg\",\"articleSection\":[\"Quadradinho em Foco\"],\"inLanguage\":\"pt-BR\"},{\"@type\":\"WebPage\",\"@id\":\"https:\/\/www.notibras.com\/site\/buriti-tenta-reduzir-e-acolher-populacao-em-situacao-de-rua\/\",\"url\":\"https:\/\/www.notibras.com\/site\/buriti-tenta-reduzir-e-acolher-populacao-em-situacao-de-rua\/\",\"name\":\"Buriti tenta reduzir e acolher popula\u00e7\u00e3o em situa\u00e7\u00e3o de rua - Notibras\",\"isPartOf\":{\"@id\":\"https:\/\/www.notibras.com\/site\/#website\"},\"primaryImageOfPage\":{\"@id\":\"https:\/\/www.notibras.com\/site\/buriti-tenta-reduzir-e-acolher-populacao-em-situacao-de-rua\/#primaryimage\"},\"image\":{\"@id\":\"https:\/\/www.notibras.com\/site\/buriti-tenta-reduzir-e-acolher-populacao-em-situacao-de-rua\/#primaryimage\"},\"thumbnailUrl\":\"https:\/\/www.notibras.com\/site\/wp-content\/uploads\/2024\/03\/53587759730_b19ac65b6a_c.jpg\",\"datePublished\":\"2024-03-15T03:00:16+00:00\",\"dateModified\":\"2024-03-15T09:07:36+00:00\",\"breadcrumb\":{\"@id\":\"https:\/\/www.notibras.com\/site\/buriti-tenta-reduzir-e-acolher-populacao-em-situacao-de-rua\/#breadcrumb\"},\"inLanguage\":\"pt-BR\",\"potentialAction\":[{\"@type\":\"ReadAction\",\"target\":[\"https:\/\/www.notibras.com\/site\/buriti-tenta-reduzir-e-acolher-populacao-em-situacao-de-rua\/\"]}]},{\"@type\":\"ImageObject\",\"inLanguage\":\"pt-BR\",\"@id\":\"https:\/\/www.notibras.com\/site\/buriti-tenta-reduzir-e-acolher-populacao-em-situacao-de-rua\/#primaryimage\",\"url\":\"https:\/\/www.notibras.com\/site\/wp-content\/uploads\/2024\/03\/53587759730_b19ac65b6a_c.jpg\",\"contentUrl\":\"https:\/\/www.notibras.com\/site\/wp-content\/uploads\/2024\/03\/53587759730_b19ac65b6a_c.jpg\",\"width\":799,\"height\":533},{\"@type\":\"BreadcrumbList\",\"@id\":\"https:\/\/www.notibras.com\/site\/buriti-tenta-reduzir-e-acolher-populacao-em-situacao-de-rua\/#breadcrumb\",\"itemListElement\":[{\"@type\":\"ListItem\",\"position\":1,\"name\":\"In\u00edcio\",\"item\":\"https:\/\/www.notibras.com\/site\/\"},{\"@type\":\"ListItem\",\"position\":2,\"name\":\"Buriti tenta reduzir e acolher popula\u00e7\u00e3o em situa\u00e7\u00e3o de rua\"}]},{\"@type\":\"WebSite\",\"@id\":\"https:\/\/www.notibras.com\/site\/#website\",\"url\":\"https:\/\/www.notibras.com\/site\/\",\"name\":\"Notibras\",\"description\":\"Not\u00edcias de Bras\u00edlia, do Brasil e do Mundo\",\"publisher\":{\"@id\":\"https:\/\/www.notibras.com\/site\/#organization\"},\"potentialAction\":[{\"@type\":\"SearchAction\",\"target\":{\"@type\":\"EntryPoint\",\"urlTemplate\":\"https:\/\/www.notibras.com\/site\/?s={search_term_string}\"},\"query-input\":{\"@type\":\"PropertyValueSpecification\",\"valueRequired\":true,\"valueName\":\"search_term_string\"}}],\"inLanguage\":\"pt-BR\"},{\"@type\":\"Organization\",\"@id\":\"https:\/\/www.notibras.com\/site\/#organization\",\"name\":\"Grupo Notibras de Comunica\u00e7\u00e3o\",\"url\":\"https:\/\/www.notibras.com\/site\/\",\"logo\":{\"@type\":\"ImageObject\",\"inLanguage\":\"pt-BR\",\"@id\":\"https:\/\/www.notibras.com\/site\/#\/schema\/logo\/image\/\",\"url\":\"https:\/\/www.notibras.com\/site\/wp-content\/uploads\/2023\/01\/notibras23.png\",\"contentUrl\":\"https:\/\/www.notibras.com\/site\/wp-content\/uploads\/2023\/01\/notibras23.png\",\"width\":350,\"height\":87,\"caption\":\"Grupo Notibras de Comunica\u00e7\u00e3o\"},\"image\":{\"@id\":\"https:\/\/www.notibras.com\/site\/#\/schema\/logo\/image\/\"},\"sameAs\":[\"https:\/\/www.facebook.com\/notibras\/\",\"https:\/\/x.com\/Notibras\",\"https:\/\/www.instagram.com\/notibras\/\"]},{\"@type\":\"Person\",\"@id\":\"https:\/\/www.notibras.com\/site\/#\/schema\/person\/36ab0979449956132d3e5b517ea76ac8\",\"name\":\"Reda\u00e7\u00e3o\",\"image\":{\"@type\":\"ImageObject\",\"inLanguage\":\"pt-BR\",\"@id\":\"https:\/\/secure.gravatar.com\/avatar\/e0a867bdedb85fd243eadf09663511f96fc81e0720a4a42581f334ad4303aa6b?s=96&d=mm&r=g\",\"url\":\"https:\/\/secure.gravatar.com\/avatar\/e0a867bdedb85fd243eadf09663511f96fc81e0720a4a42581f334ad4303aa6b?s=96&d=mm&r=g\",\"contentUrl\":\"https:\/\/secure.gravatar.com\/avatar\/e0a867bdedb85fd243eadf09663511f96fc81e0720a4a42581f334ad4303aa6b?s=96&d=mm&r=g\",\"caption\":\"Reda\u00e7\u00e3o\"}}]}<\/script>\n<!-- \/ Yoast SEO plugin. -->","yoast_head_json":{"title":"Buriti tenta reduzir e acolher popula\u00e7\u00e3o em situa\u00e7\u00e3o de rua - Notibras","robots":{"index":"index","follow":"follow","max-snippet":"max-snippet:-1","max-image-preview":"max-image-preview:large","max-video-preview":"max-video-preview:-1"},"canonical":"https:\/\/www.notibras.com\/site\/buriti-tenta-reduzir-e-acolher-populacao-em-situacao-de-rua\/","og_locale":"pt_BR","og_type":"article","og_title":"Buriti tenta reduzir e acolher popula\u00e7\u00e3o em situa\u00e7\u00e3o de rua - Notibras","og_description":"O Governo do Distrito Federal tem intensificado as a\u00e7\u00f5es voltadas \u00e0 redu\u00e7\u00e3o da popula\u00e7\u00e3o de rua e ao acolhimento desse p\u00fablico. Nesta quinta-feira (14), foram divulgadas iniciativas em andamento e outras em fase de projeto, como a constru\u00e7\u00e3o de um espa\u00e7o para pernoite e de um novo hospital veterin\u00e1rio. Um plano de a\u00e7\u00f5es est\u00e1 em [&hellip;]","og_url":"https:\/\/www.notibras.com\/site\/buriti-tenta-reduzir-e-acolher-populacao-em-situacao-de-rua\/","og_site_name":"Notibras","article_publisher":"https:\/\/www.facebook.com\/notibras\/","article_published_time":"2024-03-15T03:00:16+00:00","article_modified_time":"2024-03-15T09:07:36+00:00","og_image":[{"width":799,"height":533,"url":"https:\/\/www.notibras.com\/site\/wp-content\/uploads\/2024\/03\/53587759730_b19ac65b6a_c.jpg","type":"image\/jpeg"}],"author":"Reda\u00e7\u00e3o","twitter_card":"summary_large_image","twitter_creator":"@Notibras","twitter_site":"@Notibras","twitter_misc":{"Escrito por":"Reda\u00e7\u00e3o","Est. tempo de leitura":"5 minutos"},"schema":{"@context":"https:\/\/schema.org","@graph":[{"@type":"Article","@id":"https:\/\/www.notibras.com\/site\/buriti-tenta-reduzir-e-acolher-populacao-em-situacao-de-rua\/#article","isPartOf":{"@id":"https:\/\/www.notibras.com\/site\/buriti-tenta-reduzir-e-acolher-populacao-em-situacao-de-rua\/"},"author":{"name":"Reda\u00e7\u00e3o","@id":"https:\/\/www.notibras.com\/site\/#\/schema\/person\/36ab0979449956132d3e5b517ea76ac8"},"headline":"Buriti tenta reduzir e acolher popula\u00e7\u00e3o em situa\u00e7\u00e3o de rua","datePublished":"2024-03-15T03:00:16+00:00","dateModified":"2024-03-15T09:07:36+00:00","mainEntityOfPage":{"@id":"https:\/\/www.notibras.com\/site\/buriti-tenta-reduzir-e-acolher-populacao-em-situacao-de-rua\/"},"wordCount":869,"publisher":{"@id":"https:\/\/www.notibras.com\/site\/#organization"},"image":{"@id":"https:\/\/www.notibras.com\/site\/buriti-tenta-reduzir-e-acolher-populacao-em-situacao-de-rua\/#primaryimage"},"thumbnailUrl":"https:\/\/www.notibras.com\/site\/wp-content\/uploads\/2024\/03\/53587759730_b19ac65b6a_c.jpg","articleSection":["Quadradinho em Foco"],"inLanguage":"pt-BR"},{"@type":"WebPage","@id":"https:\/\/www.notibras.com\/site\/buriti-tenta-reduzir-e-acolher-populacao-em-situacao-de-rua\/","url":"https:\/\/www.notibras.com\/site\/buriti-tenta-reduzir-e-acolher-populacao-em-situacao-de-rua\/","name":"Buriti tenta reduzir e acolher popula\u00e7\u00e3o em situa\u00e7\u00e3o de rua - Notibras","isPartOf":{"@id":"https:\/\/www.notibras.com\/site\/#website"},"primaryImageOfPage":{"@id":"https:\/\/www.notibras.com\/site\/buriti-tenta-reduzir-e-acolher-populacao-em-situacao-de-rua\/#primaryimage"},"image":{"@id":"https:\/\/www.notibras.com\/site\/buriti-tenta-reduzir-e-acolher-populacao-em-situacao-de-rua\/#primaryimage"},"thumbnailUrl":"https:\/\/www.notibras.com\/site\/wp-content\/uploads\/2024\/03\/53587759730_b19ac65b6a_c.jpg","datePublished":"2024-03-15T03:00:16+00:00","dateModified":"2024-03-15T09:07:36+00:00","breadcrumb":{"@id":"https:\/\/www.notibras.com\/site\/buriti-tenta-reduzir-e-acolher-populacao-em-situacao-de-rua\/#breadcrumb"},"inLanguage":"pt-BR","potentialAction":[{"@type":"ReadAction","target":["https:\/\/www.notibras.com\/site\/buriti-tenta-reduzir-e-acolher-populacao-em-situacao-de-rua\/"]}]},{"@type":"ImageObject","inLanguage":"pt-BR","@id":"https:\/\/www.notibras.com\/site\/buriti-tenta-reduzir-e-acolher-populacao-em-situacao-de-rua\/#primaryimage","url":"https:\/\/www.notibras.com\/site\/wp-content\/uploads\/2024\/03\/53587759730_b19ac65b6a_c.jpg","contentUrl":"https:\/\/www.notibras.com\/site\/wp-content\/uploads\/2024\/03\/53587759730_b19ac65b6a_c.jpg","width":799,"height":533},{"@type":"BreadcrumbList","@id":"https:\/\/www.notibras.com\/site\/buriti-tenta-reduzir-e-acolher-populacao-em-situacao-de-rua\/#breadcrumb","itemListElement":[{"@type":"ListItem","position":1,"name":"In\u00edcio","item":"https:\/\/www.notibras.com\/site\/"},{"@type":"ListItem","position":2,"name":"Buriti tenta reduzir e acolher popula\u00e7\u00e3o em situa\u00e7\u00e3o de rua"}]},{"@type":"WebSite","@id":"https:\/\/www.notibras.com\/site\/#website","url":"https:\/\/www.notibras.com\/site\/","name":"Notibras","description":"Not\u00edcias de Bras\u00edlia, do Brasil e do Mundo","publisher":{"@id":"https:\/\/www.notibras.com\/site\/#organization"},"potentialAction":[{"@type":"SearchAction","target":{"@type":"EntryPoint","urlTemplate":"https:\/\/www.notibras.com\/site\/?s={search_term_string}"},"query-input":{"@type":"PropertyValueSpecification","valueRequired":true,"valueName":"search_term_string"}}],"inLanguage":"pt-BR"},{"@type":"Organization","@id":"https:\/\/www.notibras.com\/site\/#organization","name":"Grupo Notibras de Comunica\u00e7\u00e3o","url":"https:\/\/www.notibras.com\/site\/","logo":{"@type":"ImageObject","inLanguage":"pt-BR","@id":"https:\/\/www.notibras.com\/site\/#\/schema\/logo\/image\/","url":"https:\/\/www.notibras.com\/site\/wp-content\/uploads\/2023\/01\/notibras23.png","contentUrl":"https:\/\/www.notibras.com\/site\/wp-content\/uploads\/2023\/01\/notibras23.png","width":350,"height":87,"caption":"Grupo Notibras de Comunica\u00e7\u00e3o"},"image":{"@id":"https:\/\/www.notibras.com\/site\/#\/schema\/logo\/image\/"},"sameAs":["https:\/\/www.facebook.com\/notibras\/","https:\/\/x.com\/Notibras","https:\/\/www.instagram.com\/notibras\/"]},{"@type":"Person","@id":"https:\/\/www.notibras.com\/site\/#\/schema\/person\/36ab0979449956132d3e5b517ea76ac8","name":"Reda\u00e7\u00e3o","image":{"@type":"ImageObject","inLanguage":"pt-BR","@id":"https:\/\/secure.gravatar.com\/avatar\/e0a867bdedb85fd243eadf09663511f96fc81e0720a4a42581f334ad4303aa6b?s=96&d=mm&r=g","url":"https:\/\/secure.gravatar.com\/avatar\/e0a867bdedb85fd243eadf09663511f96fc81e0720a4a42581f334ad4303aa6b?s=96&d=mm&r=g","contentUrl":"https:\/\/secure.gravatar.com\/avatar\/e0a867bdedb85fd243eadf09663511f96fc81e0720a4a42581f334ad4303aa6b?s=96&d=mm&r=g","caption":"Reda\u00e7\u00e3o"}}]}},"amp_enabled":true,"_links":{"self":[{"href":"https:\/\/www.notibras.com\/site\/wp-json\/wp\/v2\/posts\/324626","targetHints":{"allow":["GET"]}}],"collection":[{"href":"https:\/\/www.notibras.com\/site\/wp-json\/wp\/v2\/posts"}],"about":[{"href":"https:\/\/www.notibras.com\/site\/wp-json\/wp\/v2\/types\/post"}],"author":[{"embeddable":true,"href":"https:\/\/www.notibras.com\/site\/wp-json\/wp\/v2\/users\/2"}],"replies":[{"embeddable":true,"href":"https:\/\/www.notibras.com\/site\/wp-json\/wp\/v2\/comments?post=324626"}],"version-history":[{"count":1,"href":"https:\/\/www.notibras.com\/site\/wp-json\/wp\/v2\/posts\/324626\/revisions"}],"predecessor-version":[{"id":324628,"href":"https:\/\/www.notibras.com\/site\/wp-json\/wp\/v2\/posts\/324626\/revisions\/324628"}],"wp:featuredmedia":[{"embeddable":true,"href":"https:\/\/www.notibras.com\/site\/wp-json\/wp\/v2\/media\/324627"}],"wp:attachment":[{"href":"https:\/\/www.notibras.com\/site\/wp-json\/wp\/v2\/media?parent=324626"}],"wp:term":[{"taxonomy":"category","embeddable":true,"href":"https:\/\/www.notibras.com\/site\/wp-json\/wp\/v2\/categories?post=324626"},{"taxonomy":"post_tag","embeddable":true,"href":"https:\/\/www.notibras.com\/site\/wp-json\/wp\/v2\/tags?post=324626"}],"curies":[{"name":"wp","href":"https:\/\/api.w.org\/{rel}","templated":true}]}}