{"id":324629,"date":"2024-03-15T00:00:10","date_gmt":"2024-03-15T03:00:10","guid":{"rendered":"https:\/\/www.notibras.com\/site\/?p=324629"},"modified":"2024-03-15T06:22:28","modified_gmt":"2024-03-15T09:22:28","slug":"terceira-idade-aprende-a-navegar-com-seguranca-na-internet","status":"publish","type":"post","link":"https:\/\/www.notibras.com\/site\/terceira-idade-aprende-a-navegar-com-seguranca-na-internet\/","title":{"rendered":"Terceira idade aprende a navegar com seguran\u00e7a na internet"},"content":{"rendered":"<p>Em meio a evolu\u00e7\u00e3o tecnol\u00f3gica e o perigo de golpes cibern\u00e9ticos, a parcela da popula\u00e7\u00e3o que n\u00e3o \u00e9 familiarizada no meio digital acaba ficando mais vulner\u00e1vel. Pensando nessas pessoas, o Governo do Distrito Federal (GDF), por meio da Secretaria de Justi\u00e7a e Cidadania (Sejus), trouxe o projeto Melhor Idade Conectada, no intuito de promover a inclus\u00e3o digital para a terceira idade com cursos gratuitos de usabilidade da internet.<\/p>\n<p>Elaborado junto ao Instituto Inside Brasil, a iniciativa conta com um investimento de aproximadamente R$ 500 mil do GDF. Os cursos s\u00e3o itinerantes, com aulas ministradas em pontos de refer\u00eancia da cidade, como os Centros de Refer\u00eancia de Assist\u00eancia Social (CRAS) ou os Centros de Conviv\u00eancia (CECONs). A a\u00e7\u00e3o j\u00e1 passou por Samambaia e atualmente est\u00e1 na Ceil\u00e2ndia.<\/p>\n<p>\u201cO p\u00fablico-alvo s\u00e3o as pessoas a partir de 60 anos, pois os golpes virtuais t\u00eam explorado a vulnerabilidade dessa popula\u00e7\u00e3o quanto \u00e0s atividades fraudulentas e aus\u00eancia de familiaridade com certas tecnologias. A informa\u00e7\u00e3o adequada e a den\u00fancia s\u00e3o importantes para o enfrentamento dos crimes virtuais e prote\u00e7\u00e3o da popula\u00e7\u00e3o idosa\u201d, declarou a secret\u00e1ria de Justi\u00e7a e Cidadania do DF, Marcela Passamani.<\/p>\n<p>O curso teve in\u00edcio no dia 12 de mar\u00e7o e j\u00e1 atendeu mais de 200 idosos de forma presencial e cerca de 600 por meio do WhatsApp. Entre os materiais disponibilizados est\u00e3o informa\u00e7\u00f5es sobre como se prevenir e evitar golpes banc\u00e1rios.<\/p>\n<p>Com os netos facilitando a conex\u00e3o digital, a aposentada Maria de F\u00e1tima Pinto Batista, 70, diz que adora \u201ccuriar\u201d na internet. \u201cSou muito esperta, mas quem n\u00e3o tem medo de cair nesses golpes? Inclusive, passou h\u00e1 pouco um caso de duas senhoras que ca\u00edram em um golpe de R$ 7 mil, um desespero. Por isso, o curso vai ajudar, espero que possamos sair daqui habilitados. A esperan\u00e7a \u00e9 evoluir e passar para o pr\u00f3ximo. Eu acho importante, porque a internet \u00e9 um meio de comunica\u00e7\u00e3o mais r\u00e1pido\u201d, observou.<\/p>\n<p><strong>Inscri\u00e7\u00f5es e cronograma<\/strong><br \/>\nCom dura\u00e7\u00e3o de tr\u00eas horas por dia, as aulas s\u00e3o adaptadas e buscam uma linguagem de f\u00e1cil entendimento, em um formato de bate-papo onde os idosos possam compartilhar suas experi\u00eancias e serem orientados. Os alunos que n\u00e3o puderem comparecer poder\u00e3o receber as aulas pelo Whatsapp, por meio de v\u00eddeos institucionais curtos e din\u00e2micos. As inscri\u00e7\u00f5es de ambas as modalidades est\u00e3o dispon\u00edveis no site do projeto.<\/p>\n<p>\u201cMuitos idosos \u00e0s vezes s\u00e3o sozinhos, por isso buscam a internet. Ent\u00e3o \u00e9 muito importante, at\u00e9 mesmo a confraterniza\u00e7\u00e3o aqui, porque \u00e0s vezes eles trazem coisas que eles n\u00e3o perguntariam normalmente para os familiares porque t\u00eam vergonha ou at\u00e9 medo da impaci\u00eancia. Aqui, eles podem desenvolver essa \u00e1rea\u201d, refor\u00e7ou a coordenadora do projeto, Idamis Alc\u00e2ntara.<\/p>\n<p>O aposentado Salom\u00e3o Pinheiro dos Santos, 70, foi um dos participantes das aulas ministradas nesta quinta-feira (14), na Ceil\u00e2ndia Norte. Por n\u00e3o ter nenhuma familiaridade com o meio digital, ele diz ter medo de clicar em qualquer coisa. Com o curso, ele espera ficar um pouco mais tranquilo em navegar na internet. \u201cMinha netinha at\u00e9 me ensina, mas aqui \u00e9 bom para a gente aprender sobre esses novos golpes que est\u00e3o aparecendo\u201d, declarou.<\/p>\n<p>Segundo o instrutor do curso, Jean Carlos de Souza Guimar\u00e3es, grande parte dos golpes est\u00e3o direcionados \u00e0 popula\u00e7\u00e3o com mais de 60 anos para extrair benef\u00edcios do INSS. \u201cVamos alertar e passar alguns v\u00eddeos explicativos de como bloquear algu\u00e9m nas redes sociais, como navegar com seguran\u00e7a ou at\u00e9 o que fazer se cair num golpe-pix\u201d, detalhou.<\/p>\n<p>O presidente do instituto Inside Brasil, Robielisson Lima de Medeiros, acentua que o retorno tem sido interessante e os idosos t\u00eam relatado melhoras no aprendizado em rela\u00e7\u00e3o a situa\u00e7\u00f5es que eles n\u00e3o tinham conhecimento. \u201cVeio para agregar e eles est\u00e3o dispostos a compartilhar com os amigos as informa\u00e7\u00f5es obtidas aqui no projeto\u201d, afirmou.<\/p>\n<p><strong>Confira a programa\u00e7\u00e3o<\/strong><br \/>\n\u2192 20\/3: Santa Maria Sul, Entrequadras 209\/309, \u00c1rea Especial B. Das 9h \u00e0s 12h e das 14h \u00e0s 17h<br \/>\n\u2192 21\/3: Brazl\u00e2ndia, \u00c1rea Especial 01 Norte, lotes M\/N. Das 9h \u00e0s 12h e das 14h \u00e0s 17h<br \/>\n\u2192 22\/3: Recanto das Emas, Avenida Ponte Alta, quadra 604, \u00c1rea Especial. Das 8h \u00e0s 9h e das 17h \u00e0s 18h<br \/>\n\u2192 26\/3: Recanto das Emas, Avenida Ponte Alta, quadra 604, \u00c1rea Especial. Das 8h \u00e0s 9h e das 15h30 \u00e0s 16h30<br \/>\n\u2192 27\/3: Gama Leste, Centro de Conviv\u00eancia (CECON), E\/Q 8\/10, \u00c1rea Especial. Hor\u00e1rio a definir<br \/>\n\u2192 28\/3: Riacho Fundo, Centro de Conviv\u00eancia (CECON), QS 12 a\/E lote F. Das 9h \u00e0s 12h<\/p>\n","protected":false},"excerpt":{"rendered":"<p>Em meio a evolu\u00e7\u00e3o tecnol\u00f3gica e o perigo de golpes cibern\u00e9ticos, a parcela da popula\u00e7\u00e3o que n\u00e3o \u00e9 familiarizada no meio digital acaba ficando mais vulner\u00e1vel. Pensando nessas pessoas, o Governo do Distrito Federal (GDF), por meio da Secretaria de Justi\u00e7a e Cidadania (Sejus), trouxe o projeto Melhor Idade Conectada, no intuito de promover a [&hellip;]<\/p>\n","protected":false},"author":2,"featured_media":324630,"comment_status":"closed","ping_status":"closed","sticky":false,"template":"","format":"standard","meta":{"_acf_changed":false,"footnotes":""},"categories":[161],"tags":[],"class_list":["post-324629","post","type-post","status-publish","format-standard","has-post-thumbnail","hentry","category-quadradinho-em-foco"],"acf":[],"yoast_head":"<!-- This site is optimized with the Yoast SEO plugin v27.5 - https:\/\/yoast.com\/product\/yoast-seo-wordpress\/ -->\n<title>Terceira idade aprende a navegar com seguran\u00e7a na internet - Notibras<\/title>\n<meta name=\"robots\" content=\"index, follow, max-snippet:-1, max-image-preview:large, max-video-preview:-1\" \/>\n<link rel=\"canonical\" href=\"https:\/\/www.notibras.com\/site\/terceira-idade-aprende-a-navegar-com-seguranca-na-internet\/\" \/>\n<meta property=\"og:locale\" content=\"pt_BR\" \/>\n<meta property=\"og:type\" content=\"article\" \/>\n<meta property=\"og:title\" content=\"Terceira idade aprende a navegar com seguran\u00e7a na internet - Notibras\" \/>\n<meta property=\"og:description\" content=\"Em meio a evolu\u00e7\u00e3o tecnol\u00f3gica e o perigo de golpes cibern\u00e9ticos, a parcela da popula\u00e7\u00e3o que n\u00e3o \u00e9 familiarizada no meio digital acaba ficando mais vulner\u00e1vel. Pensando nessas pessoas, o Governo do Distrito Federal (GDF), por meio da Secretaria de Justi\u00e7a e Cidadania (Sejus), trouxe o projeto Melhor Idade Conectada, no intuito de promover a [&hellip;]\" \/>\n<meta property=\"og:url\" content=\"https:\/\/www.notibras.com\/site\/terceira-idade-aprende-a-navegar-com-seguranca-na-internet\/\" \/>\n<meta property=\"og:site_name\" content=\"Notibras\" \/>\n<meta property=\"article:publisher\" content=\"https:\/\/www.facebook.com\/notibras\/\" \/>\n<meta property=\"article:published_time\" content=\"2024-03-15T03:00:10+00:00\" \/>\n<meta property=\"article:modified_time\" content=\"2024-03-15T09:22:28+00:00\" \/>\n<meta property=\"og:image\" content=\"https:\/\/www.notibras.com\/site\/wp-content\/uploads\/2024\/03\/WhatsApp-Image-2024-03-14-at-19.54.48-1536x1023-1.jpeg\" \/>\n\t<meta property=\"og:image:width\" content=\"1536\" \/>\n\t<meta property=\"og:image:height\" content=\"1023\" \/>\n\t<meta property=\"og:image:type\" content=\"image\/jpeg\" \/>\n<meta name=\"author\" content=\"Reda\u00e7\u00e3o\" \/>\n<meta name=\"twitter:card\" content=\"summary_large_image\" \/>\n<meta name=\"twitter:creator\" content=\"@Notibras\" \/>\n<meta name=\"twitter:site\" content=\"@Notibras\" \/>\n<meta name=\"twitter:label1\" content=\"Escrito por\" \/>\n\t<meta name=\"twitter:data1\" content=\"Reda\u00e7\u00e3o\" \/>\n\t<meta name=\"twitter:label2\" content=\"Est. tempo de leitura\" \/>\n\t<meta name=\"twitter:data2\" content=\"5 minutos\" \/>\n<script type=\"application\/ld+json\" class=\"yoast-schema-graph\">{\"@context\":\"https:\\\/\\\/schema.org\",\"@graph\":[{\"@type\":\"Article\",\"@id\":\"https:\\\/\\\/www.notibras.com\\\/site\\\/terceira-idade-aprende-a-navegar-com-seguranca-na-internet\\\/#article\",\"isPartOf\":{\"@id\":\"https:\\\/\\\/www.notibras.com\\\/site\\\/terceira-idade-aprende-a-navegar-com-seguranca-na-internet\\\/\"},\"author\":{\"name\":\"Reda\u00e7\u00e3o\",\"@id\":\"https:\\\/\\\/www.notibras.com\\\/site\\\/#\\\/schema\\\/person\\\/36ab0979449956132d3e5b517ea76ac8\"},\"headline\":\"Terceira idade aprende a navegar com seguran\u00e7a na internet\",\"datePublished\":\"2024-03-15T03:00:10+00:00\",\"dateModified\":\"2024-03-15T09:22:28+00:00\",\"mainEntityOfPage\":{\"@id\":\"https:\\\/\\\/www.notibras.com\\\/site\\\/terceira-idade-aprende-a-navegar-com-seguranca-na-internet\\\/\"},\"wordCount\":797,\"publisher\":{\"@id\":\"https:\\\/\\\/www.notibras.com\\\/site\\\/#organization\"},\"image\":{\"@id\":\"https:\\\/\\\/www.notibras.com\\\/site\\\/terceira-idade-aprende-a-navegar-com-seguranca-na-internet\\\/#primaryimage\"},\"thumbnailUrl\":\"https:\\\/\\\/www.notibras.com\\\/site\\\/wp-content\\\/uploads\\\/2024\\\/03\\\/WhatsApp-Image-2024-03-14-at-19.54.48-1536x1023-1.jpeg\",\"articleSection\":[\"Quadradinho em Foco\"],\"inLanguage\":\"pt-BR\"},{\"@type\":\"WebPage\",\"@id\":\"https:\\\/\\\/www.notibras.com\\\/site\\\/terceira-idade-aprende-a-navegar-com-seguranca-na-internet\\\/\",\"url\":\"https:\\\/\\\/www.notibras.com\\\/site\\\/terceira-idade-aprende-a-navegar-com-seguranca-na-internet\\\/\",\"name\":\"Terceira idade aprende a navegar com seguran\u00e7a na internet - Notibras\",\"isPartOf\":{\"@id\":\"https:\\\/\\\/www.notibras.com\\\/site\\\/#website\"},\"primaryImageOfPage\":{\"@id\":\"https:\\\/\\\/www.notibras.com\\\/site\\\/terceira-idade-aprende-a-navegar-com-seguranca-na-internet\\\/#primaryimage\"},\"image\":{\"@id\":\"https:\\\/\\\/www.notibras.com\\\/site\\\/terceira-idade-aprende-a-navegar-com-seguranca-na-internet\\\/#primaryimage\"},\"thumbnailUrl\":\"https:\\\/\\\/www.notibras.com\\\/site\\\/wp-content\\\/uploads\\\/2024\\\/03\\\/WhatsApp-Image-2024-03-14-at-19.54.48-1536x1023-1.jpeg\",\"datePublished\":\"2024-03-15T03:00:10+00:00\",\"dateModified\":\"2024-03-15T09:22:28+00:00\",\"breadcrumb\":{\"@id\":\"https:\\\/\\\/www.notibras.com\\\/site\\\/terceira-idade-aprende-a-navegar-com-seguranca-na-internet\\\/#breadcrumb\"},\"inLanguage\":\"pt-BR\",\"potentialAction\":[{\"@type\":\"ReadAction\",\"target\":[\"https:\\\/\\\/www.notibras.com\\\/site\\\/terceira-idade-aprende-a-navegar-com-seguranca-na-internet\\\/\"]}]},{\"@type\":\"ImageObject\",\"inLanguage\":\"pt-BR\",\"@id\":\"https:\\\/\\\/www.notibras.com\\\/site\\\/terceira-idade-aprende-a-navegar-com-seguranca-na-internet\\\/#primaryimage\",\"url\":\"https:\\\/\\\/www.notibras.com\\\/site\\\/wp-content\\\/uploads\\\/2024\\\/03\\\/WhatsApp-Image-2024-03-14-at-19.54.48-1536x1023-1.jpeg\",\"contentUrl\":\"https:\\\/\\\/www.notibras.com\\\/site\\\/wp-content\\\/uploads\\\/2024\\\/03\\\/WhatsApp-Image-2024-03-14-at-19.54.48-1536x1023-1.jpeg\",\"width\":1536,\"height\":1023},{\"@type\":\"BreadcrumbList\",\"@id\":\"https:\\\/\\\/www.notibras.com\\\/site\\\/terceira-idade-aprende-a-navegar-com-seguranca-na-internet\\\/#breadcrumb\",\"itemListElement\":[{\"@type\":\"ListItem\",\"position\":1,\"name\":\"In\u00edcio\",\"item\":\"https:\\\/\\\/www.notibras.com\\\/site\\\/\"},{\"@type\":\"ListItem\",\"position\":2,\"name\":\"Terceira idade aprende a navegar com seguran\u00e7a na internet\"}]},{\"@type\":\"WebSite\",\"@id\":\"https:\\\/\\\/www.notibras.com\\\/site\\\/#website\",\"url\":\"https:\\\/\\\/www.notibras.com\\\/site\\\/\",\"name\":\"Notibras\",\"description\":\"Not\u00edcias de Bras\u00edlia, do Brasil e do Mundo\",\"publisher\":{\"@id\":\"https:\\\/\\\/www.notibras.com\\\/site\\\/#organization\"},\"potentialAction\":[{\"@type\":\"SearchAction\",\"target\":{\"@type\":\"EntryPoint\",\"urlTemplate\":\"https:\\\/\\\/www.notibras.com\\\/site\\\/?s={search_term_string}\"},\"query-input\":{\"@type\":\"PropertyValueSpecification\",\"valueRequired\":true,\"valueName\":\"search_term_string\"}}],\"inLanguage\":\"pt-BR\"},{\"@type\":\"Organization\",\"@id\":\"https:\\\/\\\/www.notibras.com\\\/site\\\/#organization\",\"name\":\"Grupo Notibras de Comunica\u00e7\u00e3o\",\"url\":\"https:\\\/\\\/www.notibras.com\\\/site\\\/\",\"logo\":{\"@type\":\"ImageObject\",\"inLanguage\":\"pt-BR\",\"@id\":\"https:\\\/\\\/www.notibras.com\\\/site\\\/#\\\/schema\\\/logo\\\/image\\\/\",\"url\":\"https:\\\/\\\/www.notibras.com\\\/site\\\/wp-content\\\/uploads\\\/2023\\\/01\\\/notibras23.png\",\"contentUrl\":\"https:\\\/\\\/www.notibras.com\\\/site\\\/wp-content\\\/uploads\\\/2023\\\/01\\\/notibras23.png\",\"width\":350,\"height\":87,\"caption\":\"Grupo Notibras de Comunica\u00e7\u00e3o\"},\"image\":{\"@id\":\"https:\\\/\\\/www.notibras.com\\\/site\\\/#\\\/schema\\\/logo\\\/image\\\/\"},\"sameAs\":[\"https:\\\/\\\/www.facebook.com\\\/notibras\\\/\",\"https:\\\/\\\/x.com\\\/Notibras\",\"https:\\\/\\\/www.instagram.com\\\/notibras\\\/\"]},{\"@type\":\"Person\",\"@id\":\"https:\\\/\\\/www.notibras.com\\\/site\\\/#\\\/schema\\\/person\\\/36ab0979449956132d3e5b517ea76ac8\",\"name\":\"Reda\u00e7\u00e3o\",\"image\":{\"@type\":\"ImageObject\",\"inLanguage\":\"pt-BR\",\"@id\":\"https:\\\/\\\/secure.gravatar.com\\\/avatar\\\/e0a867bdedb85fd243eadf09663511f96fc81e0720a4a42581f334ad4303aa6b?s=96&d=mm&r=g\",\"url\":\"https:\\\/\\\/secure.gravatar.com\\\/avatar\\\/e0a867bdedb85fd243eadf09663511f96fc81e0720a4a42581f334ad4303aa6b?s=96&d=mm&r=g\",\"contentUrl\":\"https:\\\/\\\/secure.gravatar.com\\\/avatar\\\/e0a867bdedb85fd243eadf09663511f96fc81e0720a4a42581f334ad4303aa6b?s=96&d=mm&r=g\",\"caption\":\"Reda\u00e7\u00e3o\"}}]}<\/script>\n<!-- \/ Yoast SEO plugin. -->","yoast_head_json":{"title":"Terceira idade aprende a navegar com seguran\u00e7a na internet - Notibras","robots":{"index":"index","follow":"follow","max-snippet":"max-snippet:-1","max-image-preview":"max-image-preview:large","max-video-preview":"max-video-preview:-1"},"canonical":"https:\/\/www.notibras.com\/site\/terceira-idade-aprende-a-navegar-com-seguranca-na-internet\/","og_locale":"pt_BR","og_type":"article","og_title":"Terceira idade aprende a navegar com seguran\u00e7a na internet - Notibras","og_description":"Em meio a evolu\u00e7\u00e3o tecnol\u00f3gica e o perigo de golpes cibern\u00e9ticos, a parcela da popula\u00e7\u00e3o que n\u00e3o \u00e9 familiarizada no meio digital acaba ficando mais vulner\u00e1vel. Pensando nessas pessoas, o Governo do Distrito Federal (GDF), por meio da Secretaria de Justi\u00e7a e Cidadania (Sejus), trouxe o projeto Melhor Idade Conectada, no intuito de promover a [&hellip;]","og_url":"https:\/\/www.notibras.com\/site\/terceira-idade-aprende-a-navegar-com-seguranca-na-internet\/","og_site_name":"Notibras","article_publisher":"https:\/\/www.facebook.com\/notibras\/","article_published_time":"2024-03-15T03:00:10+00:00","article_modified_time":"2024-03-15T09:22:28+00:00","og_image":[{"width":1536,"height":1023,"url":"https:\/\/www.notibras.com\/site\/wp-content\/uploads\/2024\/03\/WhatsApp-Image-2024-03-14-at-19.54.48-1536x1023-1.jpeg","type":"image\/jpeg"}],"author":"Reda\u00e7\u00e3o","twitter_card":"summary_large_image","twitter_creator":"@Notibras","twitter_site":"@Notibras","twitter_misc":{"Escrito por":"Reda\u00e7\u00e3o","Est. tempo de leitura":"5 minutos"},"schema":{"@context":"https:\/\/schema.org","@graph":[{"@type":"Article","@id":"https:\/\/www.notibras.com\/site\/terceira-idade-aprende-a-navegar-com-seguranca-na-internet\/#article","isPartOf":{"@id":"https:\/\/www.notibras.com\/site\/terceira-idade-aprende-a-navegar-com-seguranca-na-internet\/"},"author":{"name":"Reda\u00e7\u00e3o","@id":"https:\/\/www.notibras.com\/site\/#\/schema\/person\/36ab0979449956132d3e5b517ea76ac8"},"headline":"Terceira idade aprende a navegar com seguran\u00e7a na internet","datePublished":"2024-03-15T03:00:10+00:00","dateModified":"2024-03-15T09:22:28+00:00","mainEntityOfPage":{"@id":"https:\/\/www.notibras.com\/site\/terceira-idade-aprende-a-navegar-com-seguranca-na-internet\/"},"wordCount":797,"publisher":{"@id":"https:\/\/www.notibras.com\/site\/#organization"},"image":{"@id":"https:\/\/www.notibras.com\/site\/terceira-idade-aprende-a-navegar-com-seguranca-na-internet\/#primaryimage"},"thumbnailUrl":"https:\/\/www.notibras.com\/site\/wp-content\/uploads\/2024\/03\/WhatsApp-Image-2024-03-14-at-19.54.48-1536x1023-1.jpeg","articleSection":["Quadradinho em Foco"],"inLanguage":"pt-BR"},{"@type":"WebPage","@id":"https:\/\/www.notibras.com\/site\/terceira-idade-aprende-a-navegar-com-seguranca-na-internet\/","url":"https:\/\/www.notibras.com\/site\/terceira-idade-aprende-a-navegar-com-seguranca-na-internet\/","name":"Terceira idade aprende a navegar com seguran\u00e7a na internet - Notibras","isPartOf":{"@id":"https:\/\/www.notibras.com\/site\/#website"},"primaryImageOfPage":{"@id":"https:\/\/www.notibras.com\/site\/terceira-idade-aprende-a-navegar-com-seguranca-na-internet\/#primaryimage"},"image":{"@id":"https:\/\/www.notibras.com\/site\/terceira-idade-aprende-a-navegar-com-seguranca-na-internet\/#primaryimage"},"thumbnailUrl":"https:\/\/www.notibras.com\/site\/wp-content\/uploads\/2024\/03\/WhatsApp-Image-2024-03-14-at-19.54.48-1536x1023-1.jpeg","datePublished":"2024-03-15T03:00:10+00:00","dateModified":"2024-03-15T09:22:28+00:00","breadcrumb":{"@id":"https:\/\/www.notibras.com\/site\/terceira-idade-aprende-a-navegar-com-seguranca-na-internet\/#breadcrumb"},"inLanguage":"pt-BR","potentialAction":[{"@type":"ReadAction","target":["https:\/\/www.notibras.com\/site\/terceira-idade-aprende-a-navegar-com-seguranca-na-internet\/"]}]},{"@type":"ImageObject","inLanguage":"pt-BR","@id":"https:\/\/www.notibras.com\/site\/terceira-idade-aprende-a-navegar-com-seguranca-na-internet\/#primaryimage","url":"https:\/\/www.notibras.com\/site\/wp-content\/uploads\/2024\/03\/WhatsApp-Image-2024-03-14-at-19.54.48-1536x1023-1.jpeg","contentUrl":"https:\/\/www.notibras.com\/site\/wp-content\/uploads\/2024\/03\/WhatsApp-Image-2024-03-14-at-19.54.48-1536x1023-1.jpeg","width":1536,"height":1023},{"@type":"BreadcrumbList","@id":"https:\/\/www.notibras.com\/site\/terceira-idade-aprende-a-navegar-com-seguranca-na-internet\/#breadcrumb","itemListElement":[{"@type":"ListItem","position":1,"name":"In\u00edcio","item":"https:\/\/www.notibras.com\/site\/"},{"@type":"ListItem","position":2,"name":"Terceira idade aprende a navegar com seguran\u00e7a na internet"}]},{"@type":"WebSite","@id":"https:\/\/www.notibras.com\/site\/#website","url":"https:\/\/www.notibras.com\/site\/","name":"Notibras","description":"Not\u00edcias de Bras\u00edlia, do Brasil e do Mundo","publisher":{"@id":"https:\/\/www.notibras.com\/site\/#organization"},"potentialAction":[{"@type":"SearchAction","target":{"@type":"EntryPoint","urlTemplate":"https:\/\/www.notibras.com\/site\/?s={search_term_string}"},"query-input":{"@type":"PropertyValueSpecification","valueRequired":true,"valueName":"search_term_string"}}],"inLanguage":"pt-BR"},{"@type":"Organization","@id":"https:\/\/www.notibras.com\/site\/#organization","name":"Grupo Notibras de Comunica\u00e7\u00e3o","url":"https:\/\/www.notibras.com\/site\/","logo":{"@type":"ImageObject","inLanguage":"pt-BR","@id":"https:\/\/www.notibras.com\/site\/#\/schema\/logo\/image\/","url":"https:\/\/www.notibras.com\/site\/wp-content\/uploads\/2023\/01\/notibras23.png","contentUrl":"https:\/\/www.notibras.com\/site\/wp-content\/uploads\/2023\/01\/notibras23.png","width":350,"height":87,"caption":"Grupo Notibras de Comunica\u00e7\u00e3o"},"image":{"@id":"https:\/\/www.notibras.com\/site\/#\/schema\/logo\/image\/"},"sameAs":["https:\/\/www.facebook.com\/notibras\/","https:\/\/x.com\/Notibras","https:\/\/www.instagram.com\/notibras\/"]},{"@type":"Person","@id":"https:\/\/www.notibras.com\/site\/#\/schema\/person\/36ab0979449956132d3e5b517ea76ac8","name":"Reda\u00e7\u00e3o","image":{"@type":"ImageObject","inLanguage":"pt-BR","@id":"https:\/\/secure.gravatar.com\/avatar\/e0a867bdedb85fd243eadf09663511f96fc81e0720a4a42581f334ad4303aa6b?s=96&d=mm&r=g","url":"https:\/\/secure.gravatar.com\/avatar\/e0a867bdedb85fd243eadf09663511f96fc81e0720a4a42581f334ad4303aa6b?s=96&d=mm&r=g","contentUrl":"https:\/\/secure.gravatar.com\/avatar\/e0a867bdedb85fd243eadf09663511f96fc81e0720a4a42581f334ad4303aa6b?s=96&d=mm&r=g","caption":"Reda\u00e7\u00e3o"}}]}},"amp_enabled":true,"_links":{"self":[{"href":"https:\/\/www.notibras.com\/site\/wp-json\/wp\/v2\/posts\/324629","targetHints":{"allow":["GET"]}}],"collection":[{"href":"https:\/\/www.notibras.com\/site\/wp-json\/wp\/v2\/posts"}],"about":[{"href":"https:\/\/www.notibras.com\/site\/wp-json\/wp\/v2\/types\/post"}],"author":[{"embeddable":true,"href":"https:\/\/www.notibras.com\/site\/wp-json\/wp\/v2\/users\/2"}],"replies":[{"embeddable":true,"href":"https:\/\/www.notibras.com\/site\/wp-json\/wp\/v2\/comments?post=324629"}],"version-history":[{"count":1,"href":"https:\/\/www.notibras.com\/site\/wp-json\/wp\/v2\/posts\/324629\/revisions"}],"predecessor-version":[{"id":324631,"href":"https:\/\/www.notibras.com\/site\/wp-json\/wp\/v2\/posts\/324629\/revisions\/324631"}],"wp:featuredmedia":[{"embeddable":true,"href":"https:\/\/www.notibras.com\/site\/wp-json\/wp\/v2\/media\/324630"}],"wp:attachment":[{"href":"https:\/\/www.notibras.com\/site\/wp-json\/wp\/v2\/media?parent=324629"}],"wp:term":[{"taxonomy":"category","embeddable":true,"href":"https:\/\/www.notibras.com\/site\/wp-json\/wp\/v2\/categories?post=324629"},{"taxonomy":"post_tag","embeddable":true,"href":"https:\/\/www.notibras.com\/site\/wp-json\/wp\/v2\/tags?post=324629"}],"curies":[{"name":"wp","href":"https:\/\/api.w.org\/{rel}","templated":true}]}}